{"id":119406,"date":"2023-10-04T07:22:13","date_gmt":"2023-10-04T07:22:13","guid":{"rendered":"https:\/\/www.nettali.com\/?p=119406"},"modified":"2023-10-04T07:22:13","modified_gmt":"2023-10-04T07:22:13","slug":"en-coulisses-mais-ne-sera-pas-spectateur","status":"publish","type":"post","link":"https:\/\/www.nettali.com\/2023\/10\/04\/en-coulisses-mais-ne-sera-pas-spectateur\/","title":{"rendered":"EN COULISSES - ... Mais ne sera pas spectateur"},"content":{"rendered":"<div class=\"page\" title=\"Page 3\">\n<div class=\"section\">\n<div class=\"layoutArea\">\n<div class=\"column\">\n<p><strong>NETTALI.COM -<\/strong> Restons sur la note du pr\u00e9sident du mouvement \"Agir\". C'est pour dire que m\u00eame s'il renonce \u00e0 sa candidature, Thierno Bocoum\u00a0 ne compte pas e\u0302tre spectateur des joutes e\u0301lectorales qui arrivent a\u0300 grands pas.<\/p>\n<p>\"<em>Face aux divers de\u0301fis qui attendent notre prochain pre\u0301sident de la Re\u0301publique, nous mettrons un accent particulier sur son choix en nous impliquant totalement et loyalement comme nous l\u2019avons toujours fait de fac\u0327on assume\u0301e. Nous prions pour que le peuple se\u0301ne\u0301galais soit amplement inspire\u0301 pour un choix judicieux afin de permettre a\u0300 notre pays de profiter de ses ressources et que ses fils et ses filles, en de\u0301tresse, puisse enfin trouver le chemin de la croissance, du de\u0301veloppement, de la se\u0301curite\u0301 et de l\u2019e\u0301panouissement<\/em>\", poursuit Thierno Bocoum.<\/p>\n<p>D\u2019ailleurs, il promet de s\u2019engager pour que la jeunesse soit au c\u0153ur des pre\u0301occupations des gouvernants, pour que l\u2019industrialisation, l\u2019agriculture et le tourisme soient des moteurs de de\u0301veloppement du pays et que les diverses ressources puissent trouver une chai\u0302ne des valeurs ade\u0301quates pour mieux accroi\u0302tre leur utilite\u0301 pour les populations.<\/p>\n<p>Il compte se battre, e\u0301galement pour une souverainete\u0301 a\u0300 tout point de vue ainsi qu\u2019une capacite\u0301 d\u2019autode\u0301termination tenant compte des re\u0301alite\u0301s socioculturelles et reli- gieuses et enfin pour une meilleure administration de la justice, le re\u0301tablissement d\u2019un E\u0301tat de droit, une meilleure protection des ressources et un combat since\u0300re contre la corruption.<\/p>\n<\/div>\n<\/div>\n<\/div>\n<\/div>\n<div class='share-to-whatsapp-wrapper'><div class='share-on-whsp'>PARTAGER SUR : <\/div><a data-text='EN COULISSES - ... Mais ne sera pas spectateur' data-link='https:\/\/www.nettali.com\/2023\/10\/04\/en-coulisses-mais-ne-sera-pas-spectateur\/' class='whatsapp-button whatsapp-share'>WhatsApp<\/a><div class='clear '><\/div><\/div>","protected":false},"excerpt":{"rendered":"<p>NETTALI.COM - Restons sur la note du pr\u00e9sident du mouvement \"Agir\". C'est pour dire que m\u00eame s'il renonce \u00e0 sa candidature, Thierno Bocoum\u00a0 ne compte pas e\u0302tre spectateur des joutes e\u0301lectorales qui arrivent a\u0300 grands pas. \"Face aux divers de\u0301fis qui attendent notre prochain pre\u0301sident de la Re\u0301publique, nous mettrons un accent particulier sur son [&hellip;]<\/p>\n","protected":false},"author":2,"featured_media":119408,"comment_status":"open","ping_status":"open","sticky":false,"template":"","format":"standard","meta":{"_et_pb_use_builder":"","_et_pb_old_content":""},"categories":[34945],"tags":[],"yoast_head":"<!-- This site is optimized with the Yoast SEO Premium plugin v17.8 (Yoast SEO v17.8) - https:\/\/yoast.com\/wordpress\/plugins\/seo\/ -->\n<title>EN COULISSES - ... Mais ne sera pas spectateur | Nettali.com<\/title>\n<meta name=\"robots\" content=\"index, follow, max-snippet:-1, max-image-preview:large, max-video-preview:-1\" \/>\n<link rel=\"canonical\" href=\"https:\/\/www.nettali.com\/2023\/10\/04\/en-coulisses-mais-ne-sera-pas-spectateur\/\" \/>\n<meta property=\"og:locale\" content=\"fr_FR\" \/>\n<meta property=\"og:type\" content=\"article\" \/>\n<meta property=\"og:title\" content=\"EN COULISSES - ... Mais ne sera pas spectateur\" \/>\n<meta property=\"og:description\" content=\"NETTALI.COM - Restons sur la note du pr\u00e9sident du mouvement &quot;Agir&quot;. C&#039;est pour dire que m\u00eame s&#039;il renonce \u00e0 sa candidature, Thierno Bocoum\u00a0 ne compte pas e\u0302tre spectateur des joutes e\u0301lectorales qui arrivent a\u0300 grands pas. &quot;Face aux divers de\u0301fis qui attendent notre prochain pre\u0301sident de la Re\u0301publique, nous mettrons un accent particulier sur son [&hellip;]\" \/>\n<meta property=\"og:url\" content=\"https:\/\/www.nettali.com\/2023\/10\/04\/en-coulisses-mais-ne-sera-pas-spectateur\/\" \/>\n<meta property=\"og:site_name\" content=\"Nettali.com\" \/>\n<meta property=\"article:publisher\" content=\"https:\/\/www.facebook.com\/nettalicom\" \/>\n<meta property=\"article:published_time\" content=\"2023-10-04T07:22:13+00:00\" \/>\n<meta property=\"og:image\" content=\"https:\/\/www.nettali.com\/wp-content\/uploads\/2023\/10\/thierno-bocoum.jpg\" \/>\n\t<meta property=\"og:image:width\" content=\"650\" \/>\n\t<meta property=\"og:image:height\" content=\"391\" \/>\n<meta name=\"twitter:card\" content=\"summary_large_image\" \/>\n<meta name=\"twitter:label1\" content=\"\u00c9crit par\" \/>\n\t<meta name=\"twitter:data1\" content=\"CK\" \/>\n\t<meta name=\"twitter:label2\" content=\"Dur\u00e9e de lecture estim\u00e9e\" \/>\n\t<meta name=\"twitter:data2\" content=\"1 minute\" \/>\n<script type=\"application\/ld+json\" class=\"yoast-schema-graph\">{\"@context\":\"https:\/\/schema.org\",\"@graph\":[{\"@type\":\"WebSite\",\"@id\":\"https:\/\/www.nettali.com\/#website\",\"url\":\"https:\/\/www.nettali.com\/\",\"name\":\"Nettali.com\",\"description\":\"Le rendez-vous critique du Net\",\"potentialAction\":[{\"@type\":\"SearchAction\",\"target\":{\"@type\":\"EntryPoint\",\"urlTemplate\":\"https:\/\/www.nettali.com\/?s={search_term_string}\"},\"query-input\":\"required name=search_term_string\"}],\"inLanguage\":\"fr-FR\"},{\"@type\":\"ImageObject\",\"@id\":\"https:\/\/www.nettali.com\/2023\/10\/04\/en-coulisses-mais-ne-sera-pas-spectateur\/#primaryimage\",\"inLanguage\":\"fr-FR\",\"url\":\"https:\/\/www.nettali.com\/wp-content\/uploads\/2023\/10\/thierno-bocoum.jpg\",\"contentUrl\":\"https:\/\/www.nettali.com\/wp-content\/uploads\/2023\/10\/thierno-bocoum.jpg\",\"width\":650,\"height\":391},{\"@type\":\"WebPage\",\"@id\":\"https:\/\/www.nettali.com\/2023\/10\/04\/en-coulisses-mais-ne-sera-pas-spectateur\/#webpage\",\"url\":\"https:\/\/www.nettali.com\/2023\/10\/04\/en-coulisses-mais-ne-sera-pas-spectateur\/\",\"name\":\"EN COULISSES - ... Mais ne sera pas spectateur | Nettali.com\",\"isPartOf\":{\"@id\":\"https:\/\/www.nettali.com\/#website\"},\"primaryImageOfPage\":{\"@id\":\"https:\/\/www.nettali.com\/2023\/10\/04\/en-coulisses-mais-ne-sera-pas-spectateur\/#primaryimage\"},\"datePublished\":\"2023-10-04T07:22:13+00:00\",\"dateModified\":\"2023-10-04T07:22:13+00:00\",\"author\":{\"@id\":\"https:\/\/www.nettali.com\/#\/schema\/person\/d8ac7b7e27ddad43f1c0d2ef090d7f71\"},\"breadcrumb\":{\"@id\":\"https:\/\/www.nettali.com\/2023\/10\/04\/en-coulisses-mais-ne-sera-pas-spectateur\/#breadcrumb\"},\"inLanguage\":\"fr-FR\",\"potentialAction\":[{\"@type\":\"ReadAction\",\"target\":[\"https:\/\/www.nettali.com\/2023\/10\/04\/en-coulisses-mais-ne-sera-pas-spectateur\/\"]}]},{\"@type\":\"BreadcrumbList\",\"@id\":\"https:\/\/www.nettali.com\/2023\/10\/04\/en-coulisses-mais-ne-sera-pas-spectateur\/#breadcrumb\",\"itemListElement\":[{\"@type\":\"ListItem\",\"position\":1,\"name\":\"Accueil\",\"item\":\"https:\/\/www.nettali.com\/\"},{\"@type\":\"ListItem\",\"position\":2,\"name\":\"EN COULISSES - ... Mais ne sera pas spectateur\"}]},{\"@type\":\"Person\",\"@id\":\"https:\/\/www.nettali.com\/#\/schema\/person\/d8ac7b7e27ddad43f1c0d2ef090d7f71\",\"name\":\"CK\",\"image\":{\"@type\":\"ImageObject\",\"@id\":\"https:\/\/www.nettali.com\/#personlogo\",\"inLanguage\":\"fr-FR\",\"url\":\"https:\/\/secure.gravatar.com\/avatar\/1d8d5118b9327d94da7cd4ce7f17fec2?s=96&d=mm&r=g\",\"contentUrl\":\"https:\/\/secure.gravatar.com\/avatar\/1d8d5118b9327d94da7cd4ce7f17fec2?s=96&d=mm&r=g\",\"caption\":\"CK\"},\"sameAs\":[\"https:\/\/www.nettali.com\"]}]}<\/script>\n<!-- \/ Yoast SEO Premium plugin. -->","yoast_head_json":{"title":"EN COULISSES - ... Mais ne sera pas spectateur | Nettali.com","robots":{"index":"index","follow":"follow","max-snippet":"max-snippet:-1","max-image-preview":"max-image-preview:large","max-video-preview":"max-video-preview:-1"},"canonical":"https:\/\/www.nettali.com\/2023\/10\/04\/en-coulisses-mais-ne-sera-pas-spectateur\/","og_locale":"fr_FR","og_type":"article","og_title":"EN COULISSES - ... Mais ne sera pas spectateur","og_description":"NETTALI.COM - Restons sur la note du pr\u00e9sident du mouvement \"Agir\". C'est pour dire que m\u00eame s'il renonce \u00e0 sa candidature, Thierno Bocoum\u00a0 ne compte pas e\u0302tre spectateur des joutes e\u0301lectorales qui arrivent a\u0300 grands pas. \"Face aux divers de\u0301fis qui attendent notre prochain pre\u0301sident de la Re\u0301publique, nous mettrons un accent particulier sur son [&hellip;]","og_url":"https:\/\/www.nettali.com\/2023\/10\/04\/en-coulisses-mais-ne-sera-pas-spectateur\/","og_site_name":"Nettali.com","article_publisher":"https:\/\/www.facebook.com\/nettalicom","article_published_time":"2023-10-04T07:22:13+00:00","og_image":[{"width":650,"height":391,"url":"https:\/\/www.nettali.com\/wp-content\/uploads\/2023\/10\/thierno-bocoum.jpg","type":"image\/jpeg"}],"twitter_card":"summary_large_image","twitter_misc":{"\u00c9crit par":"CK","Dur\u00e9e de lecture estim\u00e9e":"1 minute"},"schema":{"@context":"https:\/\/schema.org","@graph":[{"@type":"WebSite","@id":"https:\/\/www.nettali.com\/#website","url":"https:\/\/www.nettali.com\/","name":"Nettali.com","description":"Le rendez-vous critique du Net","potentialAction":[{"@type":"SearchAction","target":{"@type":"EntryPoint","urlTemplate":"https:\/\/www.nettali.com\/?s={search_term_string}"},"query-input":"required name=search_term_string"}],"inLanguage":"fr-FR"},{"@type":"ImageObject","@id":"https:\/\/www.nettali.com\/2023\/10\/04\/en-coulisses-mais-ne-sera-pas-spectateur\/#primaryimage","inLanguage":"fr-FR","url":"https:\/\/www.nettali.com\/wp-content\/uploads\/2023\/10\/thierno-bocoum.jpg","contentUrl":"https:\/\/www.nettali.com\/wp-content\/uploads\/2023\/10\/thierno-bocoum.jpg","width":650,"height":391},{"@type":"WebPage","@id":"https:\/\/www.nettali.com\/2023\/10\/04\/en-coulisses-mais-ne-sera-pas-spectateur\/#webpage","url":"https:\/\/www.nettali.com\/2023\/10\/04\/en-coulisses-mais-ne-sera-pas-spectateur\/","name":"EN COULISSES - ... Mais ne sera pas spectateur | Nettali.com","isPartOf":{"@id":"https:\/\/www.nettali.com\/#website"},"primaryImageOfPage":{"@id":"https:\/\/www.nettali.com\/2023\/10\/04\/en-coulisses-mais-ne-sera-pas-spectateur\/#primaryimage"},"datePublished":"2023-10-04T07:22:13+00:00","dateModified":"2023-10-04T07:22:13+00:00","author":{"@id":"https:\/\/www.nettali.com\/#\/schema\/person\/d8ac7b7e27ddad43f1c0d2ef090d7f71"},"breadcrumb":{"@id":"https:\/\/www.nettali.com\/2023\/10\/04\/en-coulisses-mais-ne-sera-pas-spectateur\/#breadcrumb"},"inLanguage":"fr-FR","potentialAction":[{"@type":"ReadAction","target":["https:\/\/www.nettali.com\/2023\/10\/04\/en-coulisses-mais-ne-sera-pas-spectateur\/"]}]},{"@type":"BreadcrumbList","@id":"https:\/\/www.nettali.com\/2023\/10\/04\/en-coulisses-mais-ne-sera-pas-spectateur\/#breadcrumb","itemListElement":[{"@type":"ListItem","position":1,"name":"Accueil","item":"https:\/\/www.nettali.com\/"},{"@type":"ListItem","position":2,"name":"EN COULISSES - ... Mais ne sera pas spectateur"}]},{"@type":"Person","@id":"https:\/\/www.nettali.com\/#\/schema\/person\/d8ac7b7e27ddad43f1c0d2ef090d7f71","name":"CK","image":{"@type":"ImageObject","@id":"https:\/\/www.nettali.com\/#personlogo","inLanguage":"fr-FR","url":"https:\/\/secure.gravatar.com\/avatar\/1d8d5118b9327d94da7cd4ce7f17fec2?s=96&d=mm&r=g","contentUrl":"https:\/\/secure.gravatar.com\/avatar\/1d8d5118b9327d94da7cd4ce7f17fec2?s=96&d=mm&r=g","caption":"CK"},"sameAs":["https:\/\/www.nettali.com"]}]}},"_links":{"self":[{"href":"https:\/\/www.nettali.com\/rest\/wp\/v2\/posts\/119406"}],"collection":[{"href":"https:\/\/www.nettali.com\/rest\/wp\/v2\/posts"}],"about":[{"href":"https:\/\/www.nettali.com\/rest\/wp\/v2\/types\/post"}],"author":[{"embeddable":true,"href":"https:\/\/www.nettali.com\/rest\/wp\/v2\/users\/2"}],"replies":[{"embeddable":true,"href":"https:\/\/www.nettali.com\/rest\/wp\/v2\/comments?post=119406"}],"version-history":[{"count":2,"href":"https:\/\/www.nettali.com\/rest\/wp\/v2\/posts\/119406\/revisions"}],"predecessor-version":[{"id":119409,"href":"https:\/\/www.nettali.com\/rest\/wp\/v2\/posts\/119406\/revisions\/119409"}],"wp:featuredmedia":[{"embeddable":true,"href":"https:\/\/www.nettali.com\/rest\/wp\/v2\/media\/119408"}],"wp:attachment":[{"href":"https:\/\/www.nettali.com\/rest\/wp\/v2\/media?parent=119406"}],"wp:term":[{"taxonomy":"category","embeddable":true,"href":"https:\/\/www.nettali.com\/rest\/wp\/v2\/categories?post=119406"},{"taxonomy":"post_tag","embeddable":true,"href":"https:\/\/www.nettali.com\/rest\/wp\/v2\/tags?post=119406"}],"curies":[{"name":"wp","href":"https:\/\/api.w.org\/{rel}","templated":true}]}}