{"id":119402,"date":"2023-10-04T07:23:07","date_gmt":"2023-10-04T07:23:07","guid":{"rendered":"https:\/\/www.nettali.com\/?p=119402"},"modified":"2023-10-04T07:23:07","modified_gmt":"2023-10-04T07:23:07","slug":"en-coulisses-thierno-bocoum-renonce","status":"publish","type":"post","link":"https:\/\/www.nettali.com\/2023\/10\/04\/en-coulisses-thierno-bocoum-renonce\/","title":{"rendered":"EN COULISSES - Thierno Bocoum renonce..."},"content":{"rendered":"<div class=\"page\" title=\"Page 3\">\n<div class=\"section\">\n<div class=\"layoutArea\">\n<div class=\"column\">\n<p><strong>NETTALI.COM -<\/strong> Faisait partie des hommes politiques attendus sur la liste des candidats de\u0301clare\u0301s a\u0300 la pre\u0301sidentielle, l'ancien d\u00e9put\u00e9 ne sera finalement pas de la partie. Thierno Bocoum a informe\u0301 le public de cette de\u0301cision.<\/p>\n<p>\"<em>En plus des valeurs, d\u2019un programme de socie\u0301te\u0301 solide et d\u2019une e\u0301quipe compe\u0301tente, nous avons aussi travaille\u0301 a\u0300 regrouper les ressources ne\u0301cessaires a\u0300 une participation s\u00e9rieuse a\u0300 une e\u0301lection pre\u0301sidentielle. Ces ressources ont fait de\u0301faut. Celles existantes ne seront pas a\u0300 la hauteur de l\u2019ambition de\u0301cline\u0301e. Nous avons, par conse\u0301quent, de\u0301cide\u0301 de ne pas e\u0302tre les auteurs d\u2019une quelconque parodie politique en mimant une candidature. C\u2019est pourquoi nous avons pris la de\u0301cision responsable de ne pas e\u0302tre candidat a\u0300 l\u2019e\u0301lection pre\u0301sidentielle de 2024<\/em>\", e\u0301crit Thierno Bocoum dans la note parvenue a\u0300 Nettali.com.<\/p>\n<p>Avant de poursuivre : \"<em>les valeurs fondamentales que nous avons nourries avec de\u0301termination et prote\u0301ge\u0301es jalousement nous empe\u0302chent de nous engager dans des strate\u0301gies de positionnement motive\u0301es uniquement par la simple que\u0302te de sine\u0301cures\"<\/em>.<\/p>\n<p>L\u2019ancien parlementaire de la douzie\u0300me le\u0301gislature dit avoir pourtant e\u0301tabli un programme qui pro\u0302ne l\u2019e\u0301mergence. \"<em>Nous avons conc\u0327u pendant des anne\u0301es un programme de socie\u0301te\u0301 constamment mis a\u0300 jour. Le PACT (Programme Alternatif pour un Changement Transformationnel) a e\u0301te\u0301 mis en place depuis 2018 et fait du changement de paradigme dans la conduite des affaires une condition sine qua non pour de\u0301finitivement tourner la page du ne\u0301potisme et de la mal gouvernance qui gangre\u0300ne notre pays. Chaque fois qu'un e\u0301ve\u0301nement a touche\u0301 notre pays, nous avons toujours servi un discours honne\u0302te en gardant a\u0300 l'esprit les pre\u0301occupations majeures de notre peuple. Nous savons dans quelle situation se trouve le Se\u0301ne\u0301gal et nous nous e\u0301tions engage\u0301s a\u0300 frayer la voie de son e\u0301mergence<\/em>\", re\u0301ve\u0300le le leader d\u2019AGIR.<\/p>\n<\/div>\n<\/div>\n<\/div>\n<\/div>\n<div class='share-to-whatsapp-wrapper'><div class='share-on-whsp'>PARTAGER SUR : <\/div><a data-text='EN COULISSES - Thierno Bocoum renonce...' data-link='https:\/\/www.nettali.com\/2023\/10\/04\/en-coulisses-thierno-bocoum-renonce\/' class='whatsapp-button whatsapp-share'>WhatsApp<\/a><div class='clear '><\/div><\/div>","protected":false},"excerpt":{"rendered":"<p>NETTALI.COM - Faisait partie des hommes politiques attendus sur la liste des candidats de\u0301clare\u0301s a\u0300 la pre\u0301sidentielle, l'ancien d\u00e9put\u00e9 ne sera finalement pas de la partie. Thierno Bocoum a informe\u0301 le public de cette de\u0301cision. \"En plus des valeurs, d\u2019un programme de socie\u0301te\u0301 solide et d\u2019une e\u0301quipe compe\u0301tente, nous avons aussi travaille\u0301 a\u0300 regrouper les [&hellip;]<\/p>\n","protected":false},"author":2,"featured_media":119408,"comment_status":"open","ping_status":"open","sticky":false,"template":"","format":"standard","meta":{"_et_pb_use_builder":"","_et_pb_old_content":""},"categories":[34945],"tags":[],"yoast_head":"<!-- This site is optimized with the Yoast SEO Premium plugin v17.8 (Yoast SEO v17.8) - https:\/\/yoast.com\/wordpress\/plugins\/seo\/ -->\n<title>EN COULISSES - Thierno Bocoum renonce... | Nettali.com<\/title>\n<meta name=\"robots\" content=\"index, follow, max-snippet:-1, max-image-preview:large, max-video-preview:-1\" \/>\n<link rel=\"canonical\" href=\"https:\/\/www.nettali.com\/2023\/10\/04\/en-coulisses-thierno-bocoum-renonce\/\" \/>\n<meta property=\"og:locale\" content=\"fr_FR\" \/>\n<meta property=\"og:type\" content=\"article\" \/>\n<meta property=\"og:title\" content=\"EN COULISSES - Thierno Bocoum renonce...\" \/>\n<meta property=\"og:description\" content=\"NETTALI.COM - Faisait partie des hommes politiques attendus sur la liste des candidats de\u0301clare\u0301s a\u0300 la pre\u0301sidentielle, l&#039;ancien d\u00e9put\u00e9 ne sera finalement pas de la partie. Thierno Bocoum a informe\u0301 le public de cette de\u0301cision. &quot;En plus des valeurs, d\u2019un programme de socie\u0301te\u0301 solide et d\u2019une e\u0301quipe compe\u0301tente, nous avons aussi travaille\u0301 a\u0300 regrouper les [&hellip;]\" \/>\n<meta property=\"og:url\" content=\"https:\/\/www.nettali.com\/2023\/10\/04\/en-coulisses-thierno-bocoum-renonce\/\" \/>\n<meta property=\"og:site_name\" content=\"Nettali.com\" \/>\n<meta property=\"article:publisher\" content=\"https:\/\/www.facebook.com\/nettalicom\" \/>\n<meta property=\"article:published_time\" content=\"2023-10-04T07:23:07+00:00\" \/>\n<meta property=\"og:image\" content=\"https:\/\/www.nettali.com\/wp-content\/uploads\/2023\/10\/thierno-bocoum.jpg\" \/>\n\t<meta property=\"og:image:width\" content=\"650\" \/>\n\t<meta property=\"og:image:height\" content=\"391\" \/>\n<meta name=\"twitter:card\" content=\"summary_large_image\" \/>\n<meta name=\"twitter:label1\" content=\"\u00c9crit par\" \/>\n\t<meta name=\"twitter:data1\" content=\"CK\" \/>\n\t<meta name=\"twitter:label2\" content=\"Dur\u00e9e de lecture estim\u00e9e\" \/>\n\t<meta name=\"twitter:data2\" content=\"2 minutes\" \/>\n<script type=\"application\/ld+json\" class=\"yoast-schema-graph\">{\"@context\":\"https:\/\/schema.org\",\"@graph\":[{\"@type\":\"WebSite\",\"@id\":\"https:\/\/www.nettali.com\/#website\",\"url\":\"https:\/\/www.nettali.com\/\",\"name\":\"Nettali.com\",\"description\":\"Le rendez-vous critique du Net\",\"potentialAction\":[{\"@type\":\"SearchAction\",\"target\":{\"@type\":\"EntryPoint\",\"urlTemplate\":\"https:\/\/www.nettali.com\/?s={search_term_string}\"},\"query-input\":\"required name=search_term_string\"}],\"inLanguage\":\"fr-FR\"},{\"@type\":\"ImageObject\",\"@id\":\"https:\/\/www.nettali.com\/2023\/10\/04\/en-coulisses-thierno-bocoum-renonce\/#primaryimage\",\"inLanguage\":\"fr-FR\",\"url\":\"https:\/\/www.nettali.com\/wp-content\/uploads\/2023\/10\/thierno-bocoum.jpg\",\"contentUrl\":\"https:\/\/www.nettali.com\/wp-content\/uploads\/2023\/10\/thierno-bocoum.jpg\",\"width\":650,\"height\":391},{\"@type\":\"WebPage\",\"@id\":\"https:\/\/www.nettali.com\/2023\/10\/04\/en-coulisses-thierno-bocoum-renonce\/#webpage\",\"url\":\"https:\/\/www.nettali.com\/2023\/10\/04\/en-coulisses-thierno-bocoum-renonce\/\",\"name\":\"EN COULISSES - Thierno Bocoum renonce... | Nettali.com\",\"isPartOf\":{\"@id\":\"https:\/\/www.nettali.com\/#website\"},\"primaryImageOfPage\":{\"@id\":\"https:\/\/www.nettali.com\/2023\/10\/04\/en-coulisses-thierno-bocoum-renonce\/#primaryimage\"},\"datePublished\":\"2023-10-04T07:23:07+00:00\",\"dateModified\":\"2023-10-04T07:23:07+00:00\",\"author\":{\"@id\":\"https:\/\/www.nettali.com\/#\/schema\/person\/d8ac7b7e27ddad43f1c0d2ef090d7f71\"},\"breadcrumb\":{\"@id\":\"https:\/\/www.nettali.com\/2023\/10\/04\/en-coulisses-thierno-bocoum-renonce\/#breadcrumb\"},\"inLanguage\":\"fr-FR\",\"potentialAction\":[{\"@type\":\"ReadAction\",\"target\":[\"https:\/\/www.nettali.com\/2023\/10\/04\/en-coulisses-thierno-bocoum-renonce\/\"]}]},{\"@type\":\"BreadcrumbList\",\"@id\":\"https:\/\/www.nettali.com\/2023\/10\/04\/en-coulisses-thierno-bocoum-renonce\/#breadcrumb\",\"itemListElement\":[{\"@type\":\"ListItem\",\"position\":1,\"name\":\"Accueil\",\"item\":\"https:\/\/www.nettali.com\/\"},{\"@type\":\"ListItem\",\"position\":2,\"name\":\"EN COULISSES - Thierno Bocoum renonce...\"}]},{\"@type\":\"Person\",\"@id\":\"https:\/\/www.nettali.com\/#\/schema\/person\/d8ac7b7e27ddad43f1c0d2ef090d7f71\",\"name\":\"CK\",\"image\":{\"@type\":\"ImageObject\",\"@id\":\"https:\/\/www.nettali.com\/#personlogo\",\"inLanguage\":\"fr-FR\",\"url\":\"https:\/\/secure.gravatar.com\/avatar\/1d8d5118b9327d94da7cd4ce7f17fec2?s=96&d=mm&r=g\",\"contentUrl\":\"https:\/\/secure.gravatar.com\/avatar\/1d8d5118b9327d94da7cd4ce7f17fec2?s=96&d=mm&r=g\",\"caption\":\"CK\"},\"sameAs\":[\"https:\/\/www.nettali.com\"]}]}<\/script>\n<!-- \/ Yoast SEO Premium plugin. -->","yoast_head_json":{"title":"EN COULISSES - Thierno Bocoum renonce... | Nettali.com","robots":{"index":"index","follow":"follow","max-snippet":"max-snippet:-1","max-image-preview":"max-image-preview:large","max-video-preview":"max-video-preview:-1"},"canonical":"https:\/\/www.nettali.com\/2023\/10\/04\/en-coulisses-thierno-bocoum-renonce\/","og_locale":"fr_FR","og_type":"article","og_title":"EN COULISSES - Thierno Bocoum renonce...","og_description":"NETTALI.COM - Faisait partie des hommes politiques attendus sur la liste des candidats de\u0301clare\u0301s a\u0300 la pre\u0301sidentielle, l'ancien d\u00e9put\u00e9 ne sera finalement pas de la partie. Thierno Bocoum a informe\u0301 le public de cette de\u0301cision. \"En plus des valeurs, d\u2019un programme de socie\u0301te\u0301 solide et d\u2019une e\u0301quipe compe\u0301tente, nous avons aussi travaille\u0301 a\u0300 regrouper les [&hellip;]","og_url":"https:\/\/www.nettali.com\/2023\/10\/04\/en-coulisses-thierno-bocoum-renonce\/","og_site_name":"Nettali.com","article_publisher":"https:\/\/www.facebook.com\/nettalicom","article_published_time":"2023-10-04T07:23:07+00:00","og_image":[{"width":650,"height":391,"url":"https:\/\/www.nettali.com\/wp-content\/uploads\/2023\/10\/thierno-bocoum.jpg","type":"image\/jpeg"}],"twitter_card":"summary_large_image","twitter_misc":{"\u00c9crit par":"CK","Dur\u00e9e de lecture estim\u00e9e":"2 minutes"},"schema":{"@context":"https:\/\/schema.org","@graph":[{"@type":"WebSite","@id":"https:\/\/www.nettali.com\/#website","url":"https:\/\/www.nettali.com\/","name":"Nettali.com","description":"Le rendez-vous critique du Net","potentialAction":[{"@type":"SearchAction","target":{"@type":"EntryPoint","urlTemplate":"https:\/\/www.nettali.com\/?s={search_term_string}"},"query-input":"required name=search_term_string"}],"inLanguage":"fr-FR"},{"@type":"ImageObject","@id":"https:\/\/www.nettali.com\/2023\/10\/04\/en-coulisses-thierno-bocoum-renonce\/#primaryimage","inLanguage":"fr-FR","url":"https:\/\/www.nettali.com\/wp-content\/uploads\/2023\/10\/thierno-bocoum.jpg","contentUrl":"https:\/\/www.nettali.com\/wp-content\/uploads\/2023\/10\/thierno-bocoum.jpg","width":650,"height":391},{"@type":"WebPage","@id":"https:\/\/www.nettali.com\/2023\/10\/04\/en-coulisses-thierno-bocoum-renonce\/#webpage","url":"https:\/\/www.nettali.com\/2023\/10\/04\/en-coulisses-thierno-bocoum-renonce\/","name":"EN COULISSES - Thierno Bocoum renonce... | Nettali.com","isPartOf":{"@id":"https:\/\/www.nettali.com\/#website"},"primaryImageOfPage":{"@id":"https:\/\/www.nettali.com\/2023\/10\/04\/en-coulisses-thierno-bocoum-renonce\/#primaryimage"},"datePublished":"2023-10-04T07:23:07+00:00","dateModified":"2023-10-04T07:23:07+00:00","author":{"@id":"https:\/\/www.nettali.com\/#\/schema\/person\/d8ac7b7e27ddad43f1c0d2ef090d7f71"},"breadcrumb":{"@id":"https:\/\/www.nettali.com\/2023\/10\/04\/en-coulisses-thierno-bocoum-renonce\/#breadcrumb"},"inLanguage":"fr-FR","potentialAction":[{"@type":"ReadAction","target":["https:\/\/www.nettali.com\/2023\/10\/04\/en-coulisses-thierno-bocoum-renonce\/"]}]},{"@type":"BreadcrumbList","@id":"https:\/\/www.nettali.com\/2023\/10\/04\/en-coulisses-thierno-bocoum-renonce\/#breadcrumb","itemListElement":[{"@type":"ListItem","position":1,"name":"Accueil","item":"https:\/\/www.nettali.com\/"},{"@type":"ListItem","position":2,"name":"EN COULISSES - Thierno Bocoum renonce..."}]},{"@type":"Person","@id":"https:\/\/www.nettali.com\/#\/schema\/person\/d8ac7b7e27ddad43f1c0d2ef090d7f71","name":"CK","image":{"@type":"ImageObject","@id":"https:\/\/www.nettali.com\/#personlogo","inLanguage":"fr-FR","url":"https:\/\/secure.gravatar.com\/avatar\/1d8d5118b9327d94da7cd4ce7f17fec2?s=96&d=mm&r=g","contentUrl":"https:\/\/secure.gravatar.com\/avatar\/1d8d5118b9327d94da7cd4ce7f17fec2?s=96&d=mm&r=g","caption":"CK"},"sameAs":["https:\/\/www.nettali.com"]}]}},"_links":{"self":[{"href":"https:\/\/www.nettali.com\/rest\/wp\/v2\/posts\/119402"}],"collection":[{"href":"https:\/\/www.nettali.com\/rest\/wp\/v2\/posts"}],"about":[{"href":"https:\/\/www.nettali.com\/rest\/wp\/v2\/types\/post"}],"author":[{"embeddable":true,"href":"https:\/\/www.nettali.com\/rest\/wp\/v2\/users\/2"}],"replies":[{"embeddable":true,"href":"https:\/\/www.nettali.com\/rest\/wp\/v2\/comments?post=119402"}],"version-history":[{"count":3,"href":"https:\/\/www.nettali.com\/rest\/wp\/v2\/posts\/119402\/revisions"}],"predecessor-version":[{"id":119405,"href":"https:\/\/www.nettali.com\/rest\/wp\/v2\/posts\/119402\/revisions\/119405"}],"wp:featuredmedia":[{"embeddable":true,"href":"https:\/\/www.nettali.com\/rest\/wp\/v2\/media\/119408"}],"wp:attachment":[{"href":"https:\/\/www.nettali.com\/rest\/wp\/v2\/media?parent=119402"}],"wp:term":[{"taxonomy":"category","embeddable":true,"href":"https:\/\/www.nettali.com\/rest\/wp\/v2\/categories?post=119402"},{"taxonomy":"post_tag","embeddable":true,"href":"https:\/\/www.nettali.com\/rest\/wp\/v2\/tags?post=119402"}],"curies":[{"name":"wp","href":"https:\/\/api.w.org\/{rel}","templated":true}]}}