{"id":119385,"date":"2023-10-03T22:41:39","date_gmt":"2023-10-03T22:41:39","guid":{"rendered":"https:\/\/www.nettali.com\/?p=119385"},"modified":"2023-10-03T22:41:39","modified_gmt":"2023-10-03T22:41:39","slug":"en-coulisses-la-sonatel-alerte-sa-clientele-sur-la-perturbation-du-reseau","status":"publish","type":"post","link":"https:\/\/www.nettali.com\/2023\/10\/03\/en-coulisses-la-sonatel-alerte-sa-clientele-sur-la-perturbation-du-reseau\/","title":{"rendered":"EN COULISSES - La Sonatel alerte sa client\u00e8le sur la perturbation du r\u00e9seau"},"content":{"rendered":"<p>NETTALI.COM - La Sonatel vient d'informer dans un communiqu\u00e9 de presse parvenu \u00e0 notre r\u00e9daction, qu'un incident en cours pourrait perturber le fonctionnement des services internet du fixe dans certaines zones.<\/p>\n<p>\"<em>Nous nous excusons pour les \u00e9ventuels d\u00e9sagr\u00e9ments. Nous restons mobilis\u00e9s pour r\u00e9tablir les services concern\u00e9s au plus vite. Le service client reste ouvert \u00e0 votre disposition pour toute question. Merci de votre compr\u00e9hension<\/em>\", indique l'op\u00e9rateur de t\u00e9l\u00e9phonie mobile.<\/p>\n<div class='share-to-whatsapp-wrapper'><div class='share-on-whsp'>PARTAGER SUR : <\/div><a data-text='EN COULISSES - La Sonatel alerte sa client\u00e8le sur la perturbation du r\u00e9seau' data-link='https:\/\/www.nettali.com\/2023\/10\/03\/en-coulisses-la-sonatel-alerte-sa-clientele-sur-la-perturbation-du-reseau\/' class='whatsapp-button whatsapp-share'>WhatsApp<\/a><div class='clear '><\/div><\/div>","protected":false},"excerpt":{"rendered":"<p>NETTALI.COM - La Sonatel vient d'informer dans un communiqu\u00e9 de presse parvenu \u00e0 notre r\u00e9daction, qu'un incident en cours pourrait perturber le fonctionnement des services internet du fixe dans certaines zones. \"Nous nous excusons pour les \u00e9ventuels d\u00e9sagr\u00e9ments. Nous restons mobilis\u00e9s pour r\u00e9tablir les services concern\u00e9s au plus vite. Le service client reste ouvert \u00e0 [&hellip;]<\/p>\n","protected":false},"author":5,"featured_media":119386,"comment_status":"open","ping_status":"open","sticky":false,"template":"","format":"standard","meta":{"_et_pb_use_builder":"","_et_pb_old_content":""},"categories":[34945],"tags":[],"yoast_head":"<!-- This site is optimized with the Yoast SEO Premium plugin v17.8 (Yoast SEO v17.8) - https:\/\/yoast.com\/wordpress\/plugins\/seo\/ -->\n<title>EN COULISSES - La Sonatel alerte sa client\u00e8le sur la perturbation du r\u00e9seau | Nettali.com<\/title>\n<meta name=\"robots\" content=\"index, follow, max-snippet:-1, max-image-preview:large, max-video-preview:-1\" \/>\n<link rel=\"canonical\" href=\"https:\/\/www.nettali.com\/2023\/10\/03\/en-coulisses-la-sonatel-alerte-sa-clientele-sur-la-perturbation-du-reseau\/\" \/>\n<meta property=\"og:locale\" content=\"fr_FR\" \/>\n<meta property=\"og:type\" content=\"article\" \/>\n<meta property=\"og:title\" content=\"EN COULISSES - La Sonatel alerte sa client\u00e8le sur la perturbation du r\u00e9seau\" \/>\n<meta property=\"og:description\" content=\"NETTALI.COM - La Sonatel vient d&#039;informer dans un communiqu\u00e9 de presse parvenu \u00e0 notre r\u00e9daction, qu&#039;un incident en cours pourrait perturber le fonctionnement des services internet du fixe dans certaines zones. &quot;Nous nous excusons pour les \u00e9ventuels d\u00e9sagr\u00e9ments. Nous restons mobilis\u00e9s pour r\u00e9tablir les services concern\u00e9s au plus vite. Le service client reste ouvert \u00e0 [&hellip;]\" \/>\n<meta property=\"og:url\" content=\"https:\/\/www.nettali.com\/2023\/10\/03\/en-coulisses-la-sonatel-alerte-sa-clientele-sur-la-perturbation-du-reseau\/\" \/>\n<meta property=\"og:site_name\" content=\"Nettali.com\" \/>\n<meta property=\"article:publisher\" content=\"https:\/\/www.facebook.com\/nettalicom\" \/>\n<meta property=\"article:published_time\" content=\"2023-10-03T22:41:39+00:00\" \/>\n<meta property=\"og:image\" content=\"https:\/\/www.nettali.com\/wp-content\/uploads\/2023\/10\/Sie\u0301ge-Groupe-Sonatel-_-Orange-Se\u0301ne\u0301gal-1.jpg\" \/>\n\t<meta property=\"og:image:width\" content=\"2048\" \/>\n\t<meta property=\"og:image:height\" content=\"1310\" \/>\n<meta name=\"twitter:card\" content=\"summary_large_image\" \/>\n<meta name=\"twitter:label1\" content=\"\u00c9crit par\" \/>\n\t<meta name=\"twitter:data1\" content=\"Ibrahima\" \/>\n\t<meta name=\"twitter:label2\" content=\"Dur\u00e9e de lecture estim\u00e9e\" \/>\n\t<meta name=\"twitter:data2\" content=\"1 minute\" \/>\n<script type=\"application\/ld+json\" class=\"yoast-schema-graph\">{\"@context\":\"https:\/\/schema.org\",\"@graph\":[{\"@type\":\"WebSite\",\"@id\":\"https:\/\/www.nettali.com\/#website\",\"url\":\"https:\/\/www.nettali.com\/\",\"name\":\"Nettali.com\",\"description\":\"Le rendez-vous critique du Net\",\"potentialAction\":[{\"@type\":\"SearchAction\",\"target\":{\"@type\":\"EntryPoint\",\"urlTemplate\":\"https:\/\/www.nettali.com\/?s={search_term_string}\"},\"query-input\":\"required name=search_term_string\"}],\"inLanguage\":\"fr-FR\"},{\"@type\":\"ImageObject\",\"@id\":\"https:\/\/www.nettali.com\/2023\/10\/03\/en-coulisses-la-sonatel-alerte-sa-clientele-sur-la-perturbation-du-reseau\/#primaryimage\",\"inLanguage\":\"fr-FR\",\"url\":\"https:\/\/www.nettali.com\/wp-content\/uploads\/2023\/10\/Sie\\u0301ge-Groupe-Sonatel-_-Orange-Se\\u0301ne\\u0301gal-1.jpg\",\"contentUrl\":\"https:\/\/www.nettali.com\/wp-content\/uploads\/2023\/10\/Sie\\u0301ge-Groupe-Sonatel-_-Orange-Se\\u0301ne\\u0301gal-1.jpg\",\"width\":2048,\"height\":1310},{\"@type\":\"WebPage\",\"@id\":\"https:\/\/www.nettali.com\/2023\/10\/03\/en-coulisses-la-sonatel-alerte-sa-clientele-sur-la-perturbation-du-reseau\/#webpage\",\"url\":\"https:\/\/www.nettali.com\/2023\/10\/03\/en-coulisses-la-sonatel-alerte-sa-clientele-sur-la-perturbation-du-reseau\/\",\"name\":\"EN COULISSES - La Sonatel alerte sa client\\u00e8le sur la perturbation du r\\u00e9seau | Nettali.com\",\"isPartOf\":{\"@id\":\"https:\/\/www.nettali.com\/#website\"},\"primaryImageOfPage\":{\"@id\":\"https:\/\/www.nettali.com\/2023\/10\/03\/en-coulisses-la-sonatel-alerte-sa-clientele-sur-la-perturbation-du-reseau\/#primaryimage\"},\"datePublished\":\"2023-10-03T22:41:39+00:00\",\"dateModified\":\"2023-10-03T22:41:39+00:00\",\"author\":{\"@id\":\"https:\/\/www.nettali.com\/#\/schema\/person\/bb147657c2986240405a608162b9bb23\"},\"breadcrumb\":{\"@id\":\"https:\/\/www.nettali.com\/2023\/10\/03\/en-coulisses-la-sonatel-alerte-sa-clientele-sur-la-perturbation-du-reseau\/#breadcrumb\"},\"inLanguage\":\"fr-FR\",\"potentialAction\":[{\"@type\":\"ReadAction\",\"target\":[\"https:\/\/www.nettali.com\/2023\/10\/03\/en-coulisses-la-sonatel-alerte-sa-clientele-sur-la-perturbation-du-reseau\/\"]}]},{\"@type\":\"BreadcrumbList\",\"@id\":\"https:\/\/www.nettali.com\/2023\/10\/03\/en-coulisses-la-sonatel-alerte-sa-clientele-sur-la-perturbation-du-reseau\/#breadcrumb\",\"itemListElement\":[{\"@type\":\"ListItem\",\"position\":1,\"name\":\"Accueil\",\"item\":\"https:\/\/www.nettali.com\/\"},{\"@type\":\"ListItem\",\"position\":2,\"name\":\"EN COULISSES - La Sonatel alerte sa client\\u00e8le sur la perturbation du r\\u00e9seau\"}]},{\"@type\":\"Person\",\"@id\":\"https:\/\/www.nettali.com\/#\/schema\/person\/bb147657c2986240405a608162b9bb23\",\"name\":\"Ibrahima\",\"image\":{\"@type\":\"ImageObject\",\"@id\":\"https:\/\/www.nettali.com\/#personlogo\",\"inLanguage\":\"fr-FR\",\"url\":\"https:\/\/secure.gravatar.com\/avatar\/26a8a81f09f0dd7624c9d5c36c9ba3a2?s=96&d=mm&r=g\",\"contentUrl\":\"https:\/\/secure.gravatar.com\/avatar\/26a8a81f09f0dd7624c9d5c36c9ba3a2?s=96&d=mm&r=g\",\"caption\":\"Ibrahima\"},\"sameAs\":[\"https:\/\/www.nettali.com\"]}]}<\/script>\n<!-- \/ Yoast SEO Premium plugin. -->","yoast_head_json":{"title":"EN COULISSES - La Sonatel alerte sa client\u00e8le sur la perturbation du r\u00e9seau | Nettali.com","robots":{"index":"index","follow":"follow","max-snippet":"max-snippet:-1","max-image-preview":"max-image-preview:large","max-video-preview":"max-video-preview:-1"},"canonical":"https:\/\/www.nettali.com\/2023\/10\/03\/en-coulisses-la-sonatel-alerte-sa-clientele-sur-la-perturbation-du-reseau\/","og_locale":"fr_FR","og_type":"article","og_title":"EN COULISSES - La Sonatel alerte sa client\u00e8le sur la perturbation du r\u00e9seau","og_description":"NETTALI.COM - La Sonatel vient d'informer dans un communiqu\u00e9 de presse parvenu \u00e0 notre r\u00e9daction, qu'un incident en cours pourrait perturber le fonctionnement des services internet du fixe dans certaines zones. \"Nous nous excusons pour les \u00e9ventuels d\u00e9sagr\u00e9ments. Nous restons mobilis\u00e9s pour r\u00e9tablir les services concern\u00e9s au plus vite. Le service client reste ouvert \u00e0 [&hellip;]","og_url":"https:\/\/www.nettali.com\/2023\/10\/03\/en-coulisses-la-sonatel-alerte-sa-clientele-sur-la-perturbation-du-reseau\/","og_site_name":"Nettali.com","article_publisher":"https:\/\/www.facebook.com\/nettalicom","article_published_time":"2023-10-03T22:41:39+00:00","og_image":[{"width":2048,"height":1310,"url":"https:\/\/www.nettali.com\/wp-content\/uploads\/2023\/10\/Sie\u0301ge-Groupe-Sonatel-_-Orange-Se\u0301ne\u0301gal-1.jpg","type":"image\/jpeg"}],"twitter_card":"summary_large_image","twitter_misc":{"\u00c9crit par":"Ibrahima","Dur\u00e9e de lecture estim\u00e9e":"1 minute"},"schema":{"@context":"https:\/\/schema.org","@graph":[{"@type":"WebSite","@id":"https:\/\/www.nettali.com\/#website","url":"https:\/\/www.nettali.com\/","name":"Nettali.com","description":"Le rendez-vous critique du Net","potentialAction":[{"@type":"SearchAction","target":{"@type":"EntryPoint","urlTemplate":"https:\/\/www.nettali.com\/?s={search_term_string}"},"query-input":"required name=search_term_string"}],"inLanguage":"fr-FR"},{"@type":"ImageObject","@id":"https:\/\/www.nettali.com\/2023\/10\/03\/en-coulisses-la-sonatel-alerte-sa-clientele-sur-la-perturbation-du-reseau\/#primaryimage","inLanguage":"fr-FR","url":"https:\/\/www.nettali.com\/wp-content\/uploads\/2023\/10\/Sie\u0301ge-Groupe-Sonatel-_-Orange-Se\u0301ne\u0301gal-1.jpg","contentUrl":"https:\/\/www.nettali.com\/wp-content\/uploads\/2023\/10\/Sie\u0301ge-Groupe-Sonatel-_-Orange-Se\u0301ne\u0301gal-1.jpg","width":2048,"height":1310},{"@type":"WebPage","@id":"https:\/\/www.nettali.com\/2023\/10\/03\/en-coulisses-la-sonatel-alerte-sa-clientele-sur-la-perturbation-du-reseau\/#webpage","url":"https:\/\/www.nettali.com\/2023\/10\/03\/en-coulisses-la-sonatel-alerte-sa-clientele-sur-la-perturbation-du-reseau\/","name":"EN COULISSES - La Sonatel alerte sa client\u00e8le sur la perturbation du r\u00e9seau | Nettali.com","isPartOf":{"@id":"https:\/\/www.nettali.com\/#website"},"primaryImageOfPage":{"@id":"https:\/\/www.nettali.com\/2023\/10\/03\/en-coulisses-la-sonatel-alerte-sa-clientele-sur-la-perturbation-du-reseau\/#primaryimage"},"datePublished":"2023-10-03T22:41:39+00:00","dateModified":"2023-10-03T22:41:39+00:00","author":{"@id":"https:\/\/www.nettali.com\/#\/schema\/person\/bb147657c2986240405a608162b9bb23"},"breadcrumb":{"@id":"https:\/\/www.nettali.com\/2023\/10\/03\/en-coulisses-la-sonatel-alerte-sa-clientele-sur-la-perturbation-du-reseau\/#breadcrumb"},"inLanguage":"fr-FR","potentialAction":[{"@type":"ReadAction","target":["https:\/\/www.nettali.com\/2023\/10\/03\/en-coulisses-la-sonatel-alerte-sa-clientele-sur-la-perturbation-du-reseau\/"]}]},{"@type":"BreadcrumbList","@id":"https:\/\/www.nettali.com\/2023\/10\/03\/en-coulisses-la-sonatel-alerte-sa-clientele-sur-la-perturbation-du-reseau\/#breadcrumb","itemListElement":[{"@type":"ListItem","position":1,"name":"Accueil","item":"https:\/\/www.nettali.com\/"},{"@type":"ListItem","position":2,"name":"EN COULISSES - La Sonatel alerte sa client\u00e8le sur la perturbation du r\u00e9seau"}]},{"@type":"Person","@id":"https:\/\/www.nettali.com\/#\/schema\/person\/bb147657c2986240405a608162b9bb23","name":"Ibrahima","image":{"@type":"ImageObject","@id":"https:\/\/www.nettali.com\/#personlogo","inLanguage":"fr-FR","url":"https:\/\/secure.gravatar.com\/avatar\/26a8a81f09f0dd7624c9d5c36c9ba3a2?s=96&d=mm&r=g","contentUrl":"https:\/\/secure.gravatar.com\/avatar\/26a8a81f09f0dd7624c9d5c36c9ba3a2?s=96&d=mm&r=g","caption":"Ibrahima"},"sameAs":["https:\/\/www.nettali.com"]}]}},"_links":{"self":[{"href":"https:\/\/www.nettali.com\/rest\/wp\/v2\/posts\/119385"}],"collection":[{"href":"https:\/\/www.nettali.com\/rest\/wp\/v2\/posts"}],"about":[{"href":"https:\/\/www.nettali.com\/rest\/wp\/v2\/types\/post"}],"author":[{"embeddable":true,"href":"https:\/\/www.nettali.com\/rest\/wp\/v2\/users\/5"}],"replies":[{"embeddable":true,"href":"https:\/\/www.nettali.com\/rest\/wp\/v2\/comments?post=119385"}],"version-history":[{"count":3,"href":"https:\/\/www.nettali.com\/rest\/wp\/v2\/posts\/119385\/revisions"}],"predecessor-version":[{"id":119390,"href":"https:\/\/www.nettali.com\/rest\/wp\/v2\/posts\/119385\/revisions\/119390"}],"wp:featuredmedia":[{"embeddable":true,"href":"https:\/\/www.nettali.com\/rest\/wp\/v2\/media\/119386"}],"wp:attachment":[{"href":"https:\/\/www.nettali.com\/rest\/wp\/v2\/media?parent=119385"}],"wp:term":[{"taxonomy":"category","embeddable":true,"href":"https:\/\/www.nettali.com\/rest\/wp\/v2\/categories?post=119385"},{"taxonomy":"post_tag","embeddable":true,"href":"https:\/\/www.nettali.com\/rest\/wp\/v2\/tags?post=119385"}],"curies":[{"name":"wp","href":"https:\/\/api.w.org\/{rel}","templated":true}]}}