{"id":119366,"date":"2023-10-03T14:56:02","date_gmt":"2023-10-03T14:56:02","guid":{"rendered":"https:\/\/www.nettali.com\/?p=119366"},"modified":"2023-10-03T20:02:26","modified_gmt":"2023-10-03T20:02:26","slug":"conference-des-leaders-de-bby-echanges-de-civilites-entre-amadou-ba-et-abdoulaye-daouda-diallo","status":"publish","type":"post","link":"https:\/\/www.nettali.com\/2023\/10\/03\/conference-des-leaders-de-bby-echanges-de-civilites-entre-amadou-ba-et-abdoulaye-daouda-diallo\/","title":{"rendered":"CONFERENCE DES LEADERS DE BBY \u2013 Echanges de civilit\u00e9s entre Amadou Ba et Abdoulaye Daouda Diallo"},"content":{"rendered":"<p><strong>NETTALI.COM - C\u2019est un vent d\u2019espoir et de confiance qui a souffl\u00e9 hier au Palais lors de la rencontre entre le Pr\u00e9sident Macky Sall et les membres de la Conf\u00e9rence des leaders de Benno bokk yaakar. Des \u00e9changes de civilit\u00e9s ont permis de tracer la voie pour la conservation d\u00e9mocratique du pouvoir \u00e0 l\u2019issue de la Pr\u00e9sidentielle de 2024 par la majorit\u00e9. \u00a0Amadou Ba et Abdoulaye Daouda Diallo ont sembl\u00e9 avoir fum\u00e9 le calumet de la paix.<\/strong><\/p>\n<p>D\u00e8s l\u2019entame de la rencontre, le Macky Sall s\u2019est lanc\u00e9 dans une s\u00e9ance d\u2019explication pour mettre tout le monde \u00e0 l\u2019aise et d\u00e9gonfler la col\u00e8re de certains alli\u00e9s n\u00e9e de leur \u00abexclusion\u00bb de la liste des d\u00e9l\u00e9gu\u00e9s r\u00e9gionaux charg\u00e9s de collecter les parrainages pour le candidat de la majorit\u00e9. Les premiers signes de d\u00e9sapprobation ont \u00e9t\u00e9 \u00e9mis par le Parti socialiste (Ps) et l\u2019Alliance des forces de progr\u00e8s (Afp).<\/p>\n<p>A peine la s\u00e9ance a-t-elle \u00e9t\u00e9 ouverte que le Pr\u00e9sident Macky Sall entame son propos par des explications sur le choix port\u00e9 sur Abdoulaye Diagne du Mouvement \u00e9l\u00e8ves et \u00e9tudiants r\u00e9publicains (Meer) comme d\u00e9l\u00e9gu\u00e9 national au parrainage. Il motive sa d\u00e9cision, d\u2019une part, par l\u2019importance qu\u2019il a accord\u00e9 \u00e0 la jeunesse et \u00e0 la conscience du r\u00f4le que les jeunes doivent jouer dans ce combat. D\u2019autre part, Macky Sall r\u00e9v\u00e8le vouloir \u00e9viter des querelles de leadership. Il ressort dans ses explications que s\u2019il mettait un haut responsable \u00e0 la t\u00eate de la d\u00e9l\u00e9gation nationale, les autres pourraient le voir comme un chef et cela pourrait saper la coh\u00e9sion et cr\u00e9er des probl\u00e8mes.<\/p>\n<p>Sur le m\u00eame sujet, l\u2019on rapporte que le Pr\u00e9sident Sall a reconnu que l\u2019\u00e9laboration de la liste des d\u00e9l\u00e9gu\u00e9s qui fait grincer des dents, a \u00e9t\u00e9 faite dans la pr\u00e9cipitation. Mais, il a promis de faire des corrections. Mieux, le chef de file de la majorit\u00e9 a m\u00eame demand\u00e9 \u00e0 ce qu\u2019on lui fasse des propositions allant dans le sens de r\u00e9tablir l\u2019\u00e9quilibre. Au nom de la n\u00e9cessit\u00e9 de maintenir l\u2019unit\u00e9 du groupe. Une unit\u00e9 qui est le seul d\u00e9fi que la coalition Benno bokk yaakaar (Bby) doit relever pour le triomphe de son candidat, Amadou B\u00e2. A ce titre, Macky Sall n\u2019a pas de doute sur le succ\u00e8s du candidat. \u00abLa victoire est \u00e0 port\u00e9e de main\u00bb, rassure-t-il. Un optimisme qu\u2019il fonde sur l\u2019analyse qu\u2019il a faite\u00a0: <em>\u00abA part deux \u00e0 trois qui nous ont quitt\u00e9s, nous ferons face aux m\u00eames adversaires que nous avons toujours battu.\u00bb<\/em> Au chapitre de la pr\u00e9paration de la Pr\u00e9sidentielle du 25 f\u00e9vrier 2024, le Pr\u00e9sident Sall annonce la mise en place tr\u00e8s prochaine du directoire de campagne pour le candidat de la coalition. <em>\u00abBien avant, un s\u00e9minaire sera organis\u00e9 avec tous les leaders pour des \u00e9changes plus profonds o\u00f9 tout le monde prendra la parole\u00bb<\/em>, projette-t-il. Aussi, il envisage de recevoir les maires et les d\u00e9put\u00e9s de la coalition pour la remise de leurs parrainages.<\/p>\n<p><strong>Amadou Ba \u00e0 Abdoulaye Daouda Diallo\u00a0: \u00ab\u00a0Je ne ferai rien sans toi, je ne ferai rien contre toi\u00a0\u00bb<\/strong><\/p>\n<p>A la suite du Pr\u00e9sident, c\u2019est le candidat Amadou B\u00e2 qui a eu l\u2019honneur de s\u2019adresser \u00e0 ses alli\u00e9s. Il a commenc\u00e9 par la lecture de la Charte d\u2019engagement \u00e9thique et politique qui le lie \u00e0 la coalition Bby. Comme dans une c\u00e9r\u00e9monie de prestation de serment, le Premier ministre a donn\u00e9 beaucoup de solennit\u00e9 \u00e0 la s\u00e9ance. (Voir les points de la Charte par ailleurs). L\u2019engagement pris et valid\u00e9 par une acclamation, le chef du gouvernement s\u2019est permis une longue parenth\u00e8se pour parler avec son \u00abfr\u00e8re\u00bb Abdoulaye Daouda Diallo. <em>\u00abAblaye, tu es un fr\u00e8re. Je sais que je ne suis pas plus m\u00e9ritant que toi, mais par chance j\u2019ai \u00e9t\u00e9 d\u00e9sign\u00e9 candidat. Sois rassur\u00e9 mon fr\u00e8re. Je ne ferai rien sans toi, je ne ferai rien contre toi\u00bb<\/em>. Amadou B\u00e2 a promis au Pr\u00e9sident du Conseil \u00e9conomique, social et environnemental (Cese) des visites fr\u00e9quentes aussi bien au bureau que chez lui pour partager des repas et \u00e9changer sur toutes les questions d\u2019ordre politique. <em>\u00abOn va former une \u00e9quipe pour travailler ensemble et gagner\u00bb<\/em>, s\u2019est engag\u00e9 Amadou B\u00e2, prenant \u00e0 t\u00e9moin l\u2019assembl\u00e9e. L\u2019occasion a \u00e9t\u00e9 tr\u00e8s belle pour le Pr\u00e9sident Macky Sall de donner la parole \u00e0 Abdoulaye Daouda Diallo pour sortir ce qu\u2019il a dans le c\u0153ur. Cette fois-ci, le maire de Bok\u00e9 Dialloub\u00e9 commence par appeler le Premier ministre par son nom. Et le tutoiement a sa valeur affective. <em>\u00abAmadou, tu es un fr\u00e8re. On se conna\u00eet depuis 1993 et on a partag\u00e9 la m\u00eame administration\u00bb. <\/em>Le Premier ministre sourit et acquiesce. Abdoulaye Daouda embraie <em>: \u00abTu as mon soutien. Je ne m\u00e9nagerai aucun effort pour une victoire au premier tour.\u00bb<\/em><\/p>\n<p>&nbsp;<\/p>\n<div class='share-to-whatsapp-wrapper'><div class='share-on-whsp'>PARTAGER SUR : <\/div><a data-text='CONFERENCE DES LEADERS DE BBY \u2013 Echanges de civilit\u00e9s entre Amadou Ba et Abdoulaye Daouda Diallo' data-link='https:\/\/www.nettali.com\/2023\/10\/03\/conference-des-leaders-de-bby-echanges-de-civilites-entre-amadou-ba-et-abdoulaye-daouda-diallo\/' class='whatsapp-button whatsapp-share'>WhatsApp<\/a><div class='clear '><\/div><\/div>","protected":false},"excerpt":{"rendered":"<p>NETTALI.COM - C\u2019est un vent d\u2019espoir et de confiance qui a souffl\u00e9 hier au Palais lors de la rencontre entre le Pr\u00e9sident Macky Sall et les membres de la Conf\u00e9rence des leaders de Benno bokk yaakar. Des \u00e9changes de civilit\u00e9s ont permis de tracer la voie pour la conservation d\u00e9mocratique du pouvoir \u00e0 l\u2019issue de [&hellip;]<\/p>\n","protected":false},"author":4,"featured_media":119367,"comment_status":"open","ping_status":"open","sticky":false,"template":"","format":"standard","meta":{"_et_pb_use_builder":"","_et_pb_old_content":""},"categories":[2],"tags":[],"yoast_head":"<!-- This site is optimized with the Yoast SEO Premium plugin v17.8 (Yoast SEO v17.8) - https:\/\/yoast.com\/wordpress\/plugins\/seo\/ -->\n<title>CONFERENCE DES LEADERS DE BBY \u2013 Echanges de civilit\u00e9s entre Amadou Ba et Abdoulaye Daouda Diallo | Nettali.com<\/title>\n<meta name=\"robots\" content=\"index, follow, max-snippet:-1, max-image-preview:large, max-video-preview:-1\" \/>\n<link rel=\"canonical\" href=\"https:\/\/www.nettali.com\/2023\/10\/03\/conference-des-leaders-de-bby-echanges-de-civilites-entre-amadou-ba-et-abdoulaye-daouda-diallo\/\" \/>\n<meta property=\"og:locale\" content=\"fr_FR\" \/>\n<meta property=\"og:type\" content=\"article\" \/>\n<meta property=\"og:title\" content=\"CONFERENCE DES LEADERS DE BBY \u2013 Echanges de civilit\u00e9s entre Amadou Ba et Abdoulaye Daouda Diallo\" \/>\n<meta property=\"og:description\" content=\"NETTALI.COM - C\u2019est un vent d\u2019espoir et de confiance qui a souffl\u00e9 hier au Palais lors de la rencontre entre le Pr\u00e9sident Macky Sall et les membres de la Conf\u00e9rence des leaders de Benno bokk yaakar. Des \u00e9changes de civilit\u00e9s ont permis de tracer la voie pour la conservation d\u00e9mocratique du pouvoir \u00e0 l\u2019issue de [&hellip;]\" \/>\n<meta property=\"og:url\" content=\"https:\/\/www.nettali.com\/2023\/10\/03\/conference-des-leaders-de-bby-echanges-de-civilites-entre-amadou-ba-et-abdoulaye-daouda-diallo\/\" \/>\n<meta property=\"og:site_name\" content=\"Nettali.com\" \/>\n<meta property=\"article:publisher\" content=\"https:\/\/www.facebook.com\/nettalicom\" \/>\n<meta property=\"article:published_time\" content=\"2023-10-03T14:56:02+00:00\" \/>\n<meta property=\"article:modified_time\" content=\"2023-10-03T20:02:26+00:00\" \/>\n<meta property=\"og:image\" content=\"https:\/\/www.nettali.com\/wp-content\/uploads\/2023\/10\/amadouba_abdoulayedaoudadiallo.jpeg\" \/>\n\t<meta property=\"og:image:width\" content=\"693\" \/>\n\t<meta property=\"og:image:height\" content=\"420\" \/>\n<meta name=\"twitter:card\" content=\"summary_large_image\" \/>\n<meta name=\"twitter:label1\" content=\"\u00c9crit par\" \/>\n\t<meta name=\"twitter:data1\" content=\"Daouda\" \/>\n\t<meta name=\"twitter:label2\" content=\"Dur\u00e9e de lecture estim\u00e9e\" \/>\n\t<meta name=\"twitter:data2\" content=\"4 minutes\" \/>\n<script type=\"application\/ld+json\" class=\"yoast-schema-graph\">{\"@context\":\"https:\/\/schema.org\",\"@graph\":[{\"@type\":\"WebSite\",\"@id\":\"https:\/\/www.nettali.com\/#website\",\"url\":\"https:\/\/www.nettali.com\/\",\"name\":\"Nettali.com\",\"description\":\"Le rendez-vous critique du Net\",\"potentialAction\":[{\"@type\":\"SearchAction\",\"target\":{\"@type\":\"EntryPoint\",\"urlTemplate\":\"https:\/\/www.nettali.com\/?s={search_term_string}\"},\"query-input\":\"required name=search_term_string\"}],\"inLanguage\":\"fr-FR\"},{\"@type\":\"ImageObject\",\"@id\":\"https:\/\/www.nettali.com\/2023\/10\/03\/conference-des-leaders-de-bby-echanges-de-civilites-entre-amadou-ba-et-abdoulaye-daouda-diallo\/#primaryimage\",\"inLanguage\":\"fr-FR\",\"url\":\"https:\/\/www.nettali.com\/wp-content\/uploads\/2023\/10\/amadouba_abdoulayedaoudadiallo.jpeg\",\"contentUrl\":\"https:\/\/www.nettali.com\/wp-content\/uploads\/2023\/10\/amadouba_abdoulayedaoudadiallo.jpeg\",\"width\":693,\"height\":420},{\"@type\":\"WebPage\",\"@id\":\"https:\/\/www.nettali.com\/2023\/10\/03\/conference-des-leaders-de-bby-echanges-de-civilites-entre-amadou-ba-et-abdoulaye-daouda-diallo\/#webpage\",\"url\":\"https:\/\/www.nettali.com\/2023\/10\/03\/conference-des-leaders-de-bby-echanges-de-civilites-entre-amadou-ba-et-abdoulaye-daouda-diallo\/\",\"name\":\"CONFERENCE DES LEADERS DE BBY \\u2013 Echanges de civilit\\u00e9s entre Amadou Ba et Abdoulaye Daouda Diallo | Nettali.com\",\"isPartOf\":{\"@id\":\"https:\/\/www.nettali.com\/#website\"},\"primaryImageOfPage\":{\"@id\":\"https:\/\/www.nettali.com\/2023\/10\/03\/conference-des-leaders-de-bby-echanges-de-civilites-entre-amadou-ba-et-abdoulaye-daouda-diallo\/#primaryimage\"},\"datePublished\":\"2023-10-03T14:56:02+00:00\",\"dateModified\":\"2023-10-03T20:02:26+00:00\",\"author\":{\"@id\":\"https:\/\/www.nettali.com\/#\/schema\/person\/3317e0bb3aa1da309fbf7b2780901bf4\"},\"breadcrumb\":{\"@id\":\"https:\/\/www.nettali.com\/2023\/10\/03\/conference-des-leaders-de-bby-echanges-de-civilites-entre-amadou-ba-et-abdoulaye-daouda-diallo\/#breadcrumb\"},\"inLanguage\":\"fr-FR\",\"potentialAction\":[{\"@type\":\"ReadAction\",\"target\":[\"https:\/\/www.nettali.com\/2023\/10\/03\/conference-des-leaders-de-bby-echanges-de-civilites-entre-amadou-ba-et-abdoulaye-daouda-diallo\/\"]}]},{\"@type\":\"BreadcrumbList\",\"@id\":\"https:\/\/www.nettali.com\/2023\/10\/03\/conference-des-leaders-de-bby-echanges-de-civilites-entre-amadou-ba-et-abdoulaye-daouda-diallo\/#breadcrumb\",\"itemListElement\":[{\"@type\":\"ListItem\",\"position\":1,\"name\":\"Accueil\",\"item\":\"https:\/\/www.nettali.com\/\"},{\"@type\":\"ListItem\",\"position\":2,\"name\":\"CONFERENCE DES LEADERS DE BBY \\u2013 Echanges de civilit\\u00e9s entre Amadou Ba et Abdoulaye Daouda Diallo\"}]},{\"@type\":\"Person\",\"@id\":\"https:\/\/www.nettali.com\/#\/schema\/person\/3317e0bb3aa1da309fbf7b2780901bf4\",\"name\":\"Daouda\",\"image\":{\"@type\":\"ImageObject\",\"@id\":\"https:\/\/www.nettali.com\/#personlogo\",\"inLanguage\":\"fr-FR\",\"url\":\"https:\/\/secure.gravatar.com\/avatar\/8d143b5a49345098ddcfee1c49c2f47c?s=96&d=mm&r=g\",\"contentUrl\":\"https:\/\/secure.gravatar.com\/avatar\/8d143b5a49345098ddcfee1c49c2f47c?s=96&d=mm&r=g\",\"caption\":\"Daouda\"},\"sameAs\":[\"https:\/\/www.nettali.com\"]}]}<\/script>\n<!-- \/ Yoast SEO Premium plugin. -->","yoast_head_json":{"title":"CONFERENCE DES LEADERS DE BBY \u2013 Echanges de civilit\u00e9s entre Amadou Ba et Abdoulaye Daouda Diallo | Nettali.com","robots":{"index":"index","follow":"follow","max-snippet":"max-snippet:-1","max-image-preview":"max-image-preview:large","max-video-preview":"max-video-preview:-1"},"canonical":"https:\/\/www.nettali.com\/2023\/10\/03\/conference-des-leaders-de-bby-echanges-de-civilites-entre-amadou-ba-et-abdoulaye-daouda-diallo\/","og_locale":"fr_FR","og_type":"article","og_title":"CONFERENCE DES LEADERS DE BBY \u2013 Echanges de civilit\u00e9s entre Amadou Ba et Abdoulaye Daouda Diallo","og_description":"NETTALI.COM - C\u2019est un vent d\u2019espoir et de confiance qui a souffl\u00e9 hier au Palais lors de la rencontre entre le Pr\u00e9sident Macky Sall et les membres de la Conf\u00e9rence des leaders de Benno bokk yaakar. Des \u00e9changes de civilit\u00e9s ont permis de tracer la voie pour la conservation d\u00e9mocratique du pouvoir \u00e0 l\u2019issue de [&hellip;]","og_url":"https:\/\/www.nettali.com\/2023\/10\/03\/conference-des-leaders-de-bby-echanges-de-civilites-entre-amadou-ba-et-abdoulaye-daouda-diallo\/","og_site_name":"Nettali.com","article_publisher":"https:\/\/www.facebook.com\/nettalicom","article_published_time":"2023-10-03T14:56:02+00:00","article_modified_time":"2023-10-03T20:02:26+00:00","og_image":[{"width":693,"height":420,"url":"https:\/\/www.nettali.com\/wp-content\/uploads\/2023\/10\/amadouba_abdoulayedaoudadiallo.jpeg","type":"image\/jpeg"}],"twitter_card":"summary_large_image","twitter_misc":{"\u00c9crit par":"Daouda","Dur\u00e9e de lecture estim\u00e9e":"4 minutes"},"schema":{"@context":"https:\/\/schema.org","@graph":[{"@type":"WebSite","@id":"https:\/\/www.nettali.com\/#website","url":"https:\/\/www.nettali.com\/","name":"Nettali.com","description":"Le rendez-vous critique du Net","potentialAction":[{"@type":"SearchAction","target":{"@type":"EntryPoint","urlTemplate":"https:\/\/www.nettali.com\/?s={search_term_string}"},"query-input":"required name=search_term_string"}],"inLanguage":"fr-FR"},{"@type":"ImageObject","@id":"https:\/\/www.nettali.com\/2023\/10\/03\/conference-des-leaders-de-bby-echanges-de-civilites-entre-amadou-ba-et-abdoulaye-daouda-diallo\/#primaryimage","inLanguage":"fr-FR","url":"https:\/\/www.nettali.com\/wp-content\/uploads\/2023\/10\/amadouba_abdoulayedaoudadiallo.jpeg","contentUrl":"https:\/\/www.nettali.com\/wp-content\/uploads\/2023\/10\/amadouba_abdoulayedaoudadiallo.jpeg","width":693,"height":420},{"@type":"WebPage","@id":"https:\/\/www.nettali.com\/2023\/10\/03\/conference-des-leaders-de-bby-echanges-de-civilites-entre-amadou-ba-et-abdoulaye-daouda-diallo\/#webpage","url":"https:\/\/www.nettali.com\/2023\/10\/03\/conference-des-leaders-de-bby-echanges-de-civilites-entre-amadou-ba-et-abdoulaye-daouda-diallo\/","name":"CONFERENCE DES LEADERS DE BBY \u2013 Echanges de civilit\u00e9s entre Amadou Ba et Abdoulaye Daouda Diallo | Nettali.com","isPartOf":{"@id":"https:\/\/www.nettali.com\/#website"},"primaryImageOfPage":{"@id":"https:\/\/www.nettali.com\/2023\/10\/03\/conference-des-leaders-de-bby-echanges-de-civilites-entre-amadou-ba-et-abdoulaye-daouda-diallo\/#primaryimage"},"datePublished":"2023-10-03T14:56:02+00:00","dateModified":"2023-10-03T20:02:26+00:00","author":{"@id":"https:\/\/www.nettali.com\/#\/schema\/person\/3317e0bb3aa1da309fbf7b2780901bf4"},"breadcrumb":{"@id":"https:\/\/www.nettali.com\/2023\/10\/03\/conference-des-leaders-de-bby-echanges-de-civilites-entre-amadou-ba-et-abdoulaye-daouda-diallo\/#breadcrumb"},"inLanguage":"fr-FR","potentialAction":[{"@type":"ReadAction","target":["https:\/\/www.nettali.com\/2023\/10\/03\/conference-des-leaders-de-bby-echanges-de-civilites-entre-amadou-ba-et-abdoulaye-daouda-diallo\/"]}]},{"@type":"BreadcrumbList","@id":"https:\/\/www.nettali.com\/2023\/10\/03\/conference-des-leaders-de-bby-echanges-de-civilites-entre-amadou-ba-et-abdoulaye-daouda-diallo\/#breadcrumb","itemListElement":[{"@type":"ListItem","position":1,"name":"Accueil","item":"https:\/\/www.nettali.com\/"},{"@type":"ListItem","position":2,"name":"CONFERENCE DES LEADERS DE BBY \u2013 Echanges de civilit\u00e9s entre Amadou Ba et Abdoulaye Daouda Diallo"}]},{"@type":"Person","@id":"https:\/\/www.nettali.com\/#\/schema\/person\/3317e0bb3aa1da309fbf7b2780901bf4","name":"Daouda","image":{"@type":"ImageObject","@id":"https:\/\/www.nettali.com\/#personlogo","inLanguage":"fr-FR","url":"https:\/\/secure.gravatar.com\/avatar\/8d143b5a49345098ddcfee1c49c2f47c?s=96&d=mm&r=g","contentUrl":"https:\/\/secure.gravatar.com\/avatar\/8d143b5a49345098ddcfee1c49c2f47c?s=96&d=mm&r=g","caption":"Daouda"},"sameAs":["https:\/\/www.nettali.com"]}]}},"_links":{"self":[{"href":"https:\/\/www.nettali.com\/rest\/wp\/v2\/posts\/119366"}],"collection":[{"href":"https:\/\/www.nettali.com\/rest\/wp\/v2\/posts"}],"about":[{"href":"https:\/\/www.nettali.com\/rest\/wp\/v2\/types\/post"}],"author":[{"embeddable":true,"href":"https:\/\/www.nettali.com\/rest\/wp\/v2\/users\/4"}],"replies":[{"embeddable":true,"href":"https:\/\/www.nettali.com\/rest\/wp\/v2\/comments?post=119366"}],"version-history":[{"count":2,"href":"https:\/\/www.nettali.com\/rest\/wp\/v2\/posts\/119366\/revisions"}],"predecessor-version":[{"id":119377,"href":"https:\/\/www.nettali.com\/rest\/wp\/v2\/posts\/119366\/revisions\/119377"}],"wp:featuredmedia":[{"embeddable":true,"href":"https:\/\/www.nettali.com\/rest\/wp\/v2\/media\/119367"}],"wp:attachment":[{"href":"https:\/\/www.nettali.com\/rest\/wp\/v2\/media?parent=119366"}],"wp:term":[{"taxonomy":"category","embeddable":true,"href":"https:\/\/www.nettali.com\/rest\/wp\/v2\/categories?post=119366"},{"taxonomy":"post_tag","embeddable":true,"href":"https:\/\/www.nettali.com\/rest\/wp\/v2\/tags?post=119366"}],"curies":[{"name":"wp","href":"https:\/\/api.w.org\/{rel}","templated":true}]}}