{"id":119358,"date":"2023-10-03T09:33:51","date_gmt":"2023-10-03T09:33:51","guid":{"rendered":"https:\/\/www.nettali.com\/?p=119358"},"modified":"2023-10-03T17:49:45","modified_gmt":"2023-10-03T17:49:45","slug":"mali-larmee-effectue-des-frappes-aeriennes-dans-la-region-de-kidal","status":"publish","type":"post","link":"https:\/\/www.nettali.com\/2023\/10\/03\/mali-larmee-effectue-des-frappes-aeriennes-dans-la-region-de-kidal\/","title":{"rendered":"MALI - L'arm\u00e9e effectue des frappes a\u00e9riennes dans la r\u00e9gion de Kidal"},"content":{"rendered":"<p><strong>NETTALI.COM - Un convoi de l'arm\u00e9e malienne s'est mis en mouvement lundi \u00e0 Gao en direction de la r\u00e9gion strat\u00e9gique de Kidal dans le nord, bastion de la r\u00e9bellion touareg, ont indiqu\u00e9 deux responsables s\u00e9curitaires.<\/strong><\/p>\n<p>Selon une source militaire malienne, l\u2019objectif de cette intervention \u00e9tait de neutraliser des groupes terroristes voulant mener des actions contre une position de\u00a0l\u2019arm\u00e9e nationale.<\/p>\n<p>Sur le terrain, les affrontements et les attaques se multiplient, rendant le conflit d\u00e9sormais de plus en plus ouvert\u00a0au nord, \u00e0 l\u2019ouest et au centre du pays.<\/p>\n<div id=\"adzone-outstream\" class=\"advertising advertising--no-label js-adzone advertising--outstream advertising--called advertising--rendered advertising--empty-slot\" data-google-query-id=\"COv7lY3J2YEDFSFFHQkdRN8LmQ\">\n<div id=\"google_ads_iframe_\/6458\/africanews-new\/programs\/news_4__container__\">Dans un communiqu\u00e9 rendu public samedi, les ex-rebelles\u00a0\u00e0 pr\u00e9sent r\u00e9unis au sein du Cadre Strat\u00e9gique Permanent ont affirm\u00e9 dans un bilan r\u00e9actualis\u00e9 avoir fait des dizaines de morts dans les rangs de la coalition de\u00a0l'arm\u00e9e malienne et des paramilitaires du groupe Wagner\u00a0lors de la derni\u00e8re attaque du camp de l\u2019arm\u00e9e dans la localit\u00e9 de Dioura au centre.<\/div>\n<\/div>\n<p>Les troupes venues du nord dans leur bilan parlent \u00e9galement de\u00a0v\u00e9hicules et d'armements saisis.<\/p>\n<p>C\u00f4t\u00e9 minist\u00e8re malien de la D\u00e9fense, le bilan est tout autre.<\/p>\n<p>Sans donner de chiffres pr\u00e9cis, un communiqu\u00e9 indique que\u00a0l\u2019ennemi a \u00e9t\u00e9 mis hors d\u2019\u00e9tat de nuire.<\/p>\n<div class='share-to-whatsapp-wrapper'><div class='share-on-whsp'>PARTAGER SUR : <\/div><a data-text='MALI - L'arm\u00e9e effectue des frappes a\u00e9riennes dans la r\u00e9gion de Kidal' data-link='https:\/\/www.nettali.com\/2023\/10\/03\/mali-larmee-effectue-des-frappes-aeriennes-dans-la-region-de-kidal\/' class='whatsapp-button whatsapp-share'>WhatsApp<\/a><div class='clear '><\/div><\/div>","protected":false},"excerpt":{"rendered":"<p>NETTALI.COM - Un convoi de l'arm\u00e9e malienne s'est mis en mouvement lundi \u00e0 Gao en direction de la r\u00e9gion strat\u00e9gique de Kidal dans le nord, bastion de la r\u00e9bellion touareg, ont indiqu\u00e9 deux responsables s\u00e9curitaires. Selon une source militaire malienne, l\u2019objectif de cette intervention \u00e9tait de neutraliser des groupes terroristes voulant mener des actions contre [&hellip;]<\/p>\n","protected":false},"author":4,"featured_media":90247,"comment_status":"open","ping_status":"open","sticky":false,"template":"","format":"standard","meta":{"_et_pb_use_builder":"","_et_pb_old_content":""},"categories":[8],"tags":[],"yoast_head":"<!-- This site is optimized with the Yoast SEO Premium plugin v17.8 (Yoast SEO v17.8) - https:\/\/yoast.com\/wordpress\/plugins\/seo\/ -->\n<title>MALI - L&#039;arm\u00e9e effectue des frappes a\u00e9riennes dans la r\u00e9gion de Kidal | Nettali.com<\/title>\n<meta name=\"robots\" content=\"index, follow, max-snippet:-1, max-image-preview:large, max-video-preview:-1\" \/>\n<link rel=\"canonical\" href=\"https:\/\/www.nettali.com\/2023\/10\/03\/mali-larmee-effectue-des-frappes-aeriennes-dans-la-region-de-kidal\/\" \/>\n<meta property=\"og:locale\" content=\"fr_FR\" \/>\n<meta property=\"og:type\" content=\"article\" \/>\n<meta property=\"og:title\" content=\"MALI - L&#039;arm\u00e9e effectue des frappes a\u00e9riennes dans la r\u00e9gion de Kidal\" \/>\n<meta property=\"og:description\" content=\"NETTALI.COM - Un convoi de l&#039;arm\u00e9e malienne s&#039;est mis en mouvement lundi \u00e0 Gao en direction de la r\u00e9gion strat\u00e9gique de Kidal dans le nord, bastion de la r\u00e9bellion touareg, ont indiqu\u00e9 deux responsables s\u00e9curitaires. Selon une source militaire malienne, l\u2019objectif de cette intervention \u00e9tait de neutraliser des groupes terroristes voulant mener des actions contre [&hellip;]\" \/>\n<meta property=\"og:url\" content=\"https:\/\/www.nettali.com\/2023\/10\/03\/mali-larmee-effectue-des-frappes-aeriennes-dans-la-region-de-kidal\/\" \/>\n<meta property=\"og:site_name\" content=\"Nettali.com\" \/>\n<meta property=\"article:publisher\" content=\"https:\/\/www.facebook.com\/nettalicom\" \/>\n<meta property=\"article:published_time\" content=\"2023-10-03T09:33:51+00:00\" \/>\n<meta property=\"article:modified_time\" content=\"2023-10-03T17:49:45+00:00\" \/>\n<meta property=\"og:image\" content=\"https:\/\/www.nettali.com\/wp-content\/uploads\/2022\/07\/attaque-mali.png\" \/>\n\t<meta property=\"og:image:width\" content=\"977\" \/>\n\t<meta property=\"og:image:height\" content=\"548\" \/>\n<meta name=\"twitter:card\" content=\"summary_large_image\" \/>\n<meta name=\"twitter:label1\" content=\"\u00c9crit par\" \/>\n\t<meta name=\"twitter:data1\" content=\"Daouda\" \/>\n\t<meta name=\"twitter:label2\" content=\"Dur\u00e9e de lecture estim\u00e9e\" \/>\n\t<meta name=\"twitter:data2\" content=\"1 minute\" \/>\n<script type=\"application\/ld+json\" class=\"yoast-schema-graph\">{\"@context\":\"https:\/\/schema.org\",\"@graph\":[{\"@type\":\"WebSite\",\"@id\":\"https:\/\/www.nettali.com\/#website\",\"url\":\"https:\/\/www.nettali.com\/\",\"name\":\"Nettali.com\",\"description\":\"Le rendez-vous critique du Net\",\"potentialAction\":[{\"@type\":\"SearchAction\",\"target\":{\"@type\":\"EntryPoint\",\"urlTemplate\":\"https:\/\/www.nettali.com\/?s={search_term_string}\"},\"query-input\":\"required name=search_term_string\"}],\"inLanguage\":\"fr-FR\"},{\"@type\":\"ImageObject\",\"@id\":\"https:\/\/www.nettali.com\/2023\/10\/03\/mali-larmee-effectue-des-frappes-aeriennes-dans-la-region-de-kidal\/#primaryimage\",\"inLanguage\":\"fr-FR\",\"url\":\"https:\/\/www.nettali.com\/wp-content\/uploads\/2022\/07\/attaque-mali.png\",\"contentUrl\":\"https:\/\/www.nettali.com\/wp-content\/uploads\/2022\/07\/attaque-mali.png\",\"width\":977,\"height\":548},{\"@type\":\"WebPage\",\"@id\":\"https:\/\/www.nettali.com\/2023\/10\/03\/mali-larmee-effectue-des-frappes-aeriennes-dans-la-region-de-kidal\/#webpage\",\"url\":\"https:\/\/www.nettali.com\/2023\/10\/03\/mali-larmee-effectue-des-frappes-aeriennes-dans-la-region-de-kidal\/\",\"name\":\"MALI - L'arm\\u00e9e effectue des frappes a\\u00e9riennes dans la r\\u00e9gion de Kidal | Nettali.com\",\"isPartOf\":{\"@id\":\"https:\/\/www.nettali.com\/#website\"},\"primaryImageOfPage\":{\"@id\":\"https:\/\/www.nettali.com\/2023\/10\/03\/mali-larmee-effectue-des-frappes-aeriennes-dans-la-region-de-kidal\/#primaryimage\"},\"datePublished\":\"2023-10-03T09:33:51+00:00\",\"dateModified\":\"2023-10-03T17:49:45+00:00\",\"author\":{\"@id\":\"https:\/\/www.nettali.com\/#\/schema\/person\/3317e0bb3aa1da309fbf7b2780901bf4\"},\"breadcrumb\":{\"@id\":\"https:\/\/www.nettali.com\/2023\/10\/03\/mali-larmee-effectue-des-frappes-aeriennes-dans-la-region-de-kidal\/#breadcrumb\"},\"inLanguage\":\"fr-FR\",\"potentialAction\":[{\"@type\":\"ReadAction\",\"target\":[\"https:\/\/www.nettali.com\/2023\/10\/03\/mali-larmee-effectue-des-frappes-aeriennes-dans-la-region-de-kidal\/\"]}]},{\"@type\":\"BreadcrumbList\",\"@id\":\"https:\/\/www.nettali.com\/2023\/10\/03\/mali-larmee-effectue-des-frappes-aeriennes-dans-la-region-de-kidal\/#breadcrumb\",\"itemListElement\":[{\"@type\":\"ListItem\",\"position\":1,\"name\":\"Accueil\",\"item\":\"https:\/\/www.nettali.com\/\"},{\"@type\":\"ListItem\",\"position\":2,\"name\":\"MALI - L'arm\\u00e9e effectue des frappes a\\u00e9riennes dans la r\\u00e9gion de Kidal\"}]},{\"@type\":\"Person\",\"@id\":\"https:\/\/www.nettali.com\/#\/schema\/person\/3317e0bb3aa1da309fbf7b2780901bf4\",\"name\":\"Daouda\",\"image\":{\"@type\":\"ImageObject\",\"@id\":\"https:\/\/www.nettali.com\/#personlogo\",\"inLanguage\":\"fr-FR\",\"url\":\"https:\/\/secure.gravatar.com\/avatar\/8d143b5a49345098ddcfee1c49c2f47c?s=96&d=mm&r=g\",\"contentUrl\":\"https:\/\/secure.gravatar.com\/avatar\/8d143b5a49345098ddcfee1c49c2f47c?s=96&d=mm&r=g\",\"caption\":\"Daouda\"},\"sameAs\":[\"https:\/\/www.nettali.com\"]}]}<\/script>\n<!-- \/ Yoast SEO Premium plugin. -->","yoast_head_json":{"title":"MALI - L'arm\u00e9e effectue des frappes a\u00e9riennes dans la r\u00e9gion de Kidal | Nettali.com","robots":{"index":"index","follow":"follow","max-snippet":"max-snippet:-1","max-image-preview":"max-image-preview:large","max-video-preview":"max-video-preview:-1"},"canonical":"https:\/\/www.nettali.com\/2023\/10\/03\/mali-larmee-effectue-des-frappes-aeriennes-dans-la-region-de-kidal\/","og_locale":"fr_FR","og_type":"article","og_title":"MALI - L'arm\u00e9e effectue des frappes a\u00e9riennes dans la r\u00e9gion de Kidal","og_description":"NETTALI.COM - Un convoi de l'arm\u00e9e malienne s'est mis en mouvement lundi \u00e0 Gao en direction de la r\u00e9gion strat\u00e9gique de Kidal dans le nord, bastion de la r\u00e9bellion touareg, ont indiqu\u00e9 deux responsables s\u00e9curitaires. Selon une source militaire malienne, l\u2019objectif de cette intervention \u00e9tait de neutraliser des groupes terroristes voulant mener des actions contre [&hellip;]","og_url":"https:\/\/www.nettali.com\/2023\/10\/03\/mali-larmee-effectue-des-frappes-aeriennes-dans-la-region-de-kidal\/","og_site_name":"Nettali.com","article_publisher":"https:\/\/www.facebook.com\/nettalicom","article_published_time":"2023-10-03T09:33:51+00:00","article_modified_time":"2023-10-03T17:49:45+00:00","og_image":[{"width":977,"height":548,"url":"https:\/\/www.nettali.com\/wp-content\/uploads\/2022\/07\/attaque-mali.png","type":"image\/png"}],"twitter_card":"summary_large_image","twitter_misc":{"\u00c9crit par":"Daouda","Dur\u00e9e de lecture estim\u00e9e":"1 minute"},"schema":{"@context":"https:\/\/schema.org","@graph":[{"@type":"WebSite","@id":"https:\/\/www.nettali.com\/#website","url":"https:\/\/www.nettali.com\/","name":"Nettali.com","description":"Le rendez-vous critique du Net","potentialAction":[{"@type":"SearchAction","target":{"@type":"EntryPoint","urlTemplate":"https:\/\/www.nettali.com\/?s={search_term_string}"},"query-input":"required name=search_term_string"}],"inLanguage":"fr-FR"},{"@type":"ImageObject","@id":"https:\/\/www.nettali.com\/2023\/10\/03\/mali-larmee-effectue-des-frappes-aeriennes-dans-la-region-de-kidal\/#primaryimage","inLanguage":"fr-FR","url":"https:\/\/www.nettali.com\/wp-content\/uploads\/2022\/07\/attaque-mali.png","contentUrl":"https:\/\/www.nettali.com\/wp-content\/uploads\/2022\/07\/attaque-mali.png","width":977,"height":548},{"@type":"WebPage","@id":"https:\/\/www.nettali.com\/2023\/10\/03\/mali-larmee-effectue-des-frappes-aeriennes-dans-la-region-de-kidal\/#webpage","url":"https:\/\/www.nettali.com\/2023\/10\/03\/mali-larmee-effectue-des-frappes-aeriennes-dans-la-region-de-kidal\/","name":"MALI - L'arm\u00e9e effectue des frappes a\u00e9riennes dans la r\u00e9gion de Kidal | Nettali.com","isPartOf":{"@id":"https:\/\/www.nettali.com\/#website"},"primaryImageOfPage":{"@id":"https:\/\/www.nettali.com\/2023\/10\/03\/mali-larmee-effectue-des-frappes-aeriennes-dans-la-region-de-kidal\/#primaryimage"},"datePublished":"2023-10-03T09:33:51+00:00","dateModified":"2023-10-03T17:49:45+00:00","author":{"@id":"https:\/\/www.nettali.com\/#\/schema\/person\/3317e0bb3aa1da309fbf7b2780901bf4"},"breadcrumb":{"@id":"https:\/\/www.nettali.com\/2023\/10\/03\/mali-larmee-effectue-des-frappes-aeriennes-dans-la-region-de-kidal\/#breadcrumb"},"inLanguage":"fr-FR","potentialAction":[{"@type":"ReadAction","target":["https:\/\/www.nettali.com\/2023\/10\/03\/mali-larmee-effectue-des-frappes-aeriennes-dans-la-region-de-kidal\/"]}]},{"@type":"BreadcrumbList","@id":"https:\/\/www.nettali.com\/2023\/10\/03\/mali-larmee-effectue-des-frappes-aeriennes-dans-la-region-de-kidal\/#breadcrumb","itemListElement":[{"@type":"ListItem","position":1,"name":"Accueil","item":"https:\/\/www.nettali.com\/"},{"@type":"ListItem","position":2,"name":"MALI - L'arm\u00e9e effectue des frappes a\u00e9riennes dans la r\u00e9gion de Kidal"}]},{"@type":"Person","@id":"https:\/\/www.nettali.com\/#\/schema\/person\/3317e0bb3aa1da309fbf7b2780901bf4","name":"Daouda","image":{"@type":"ImageObject","@id":"https:\/\/www.nettali.com\/#personlogo","inLanguage":"fr-FR","url":"https:\/\/secure.gravatar.com\/avatar\/8d143b5a49345098ddcfee1c49c2f47c?s=96&d=mm&r=g","contentUrl":"https:\/\/secure.gravatar.com\/avatar\/8d143b5a49345098ddcfee1c49c2f47c?s=96&d=mm&r=g","caption":"Daouda"},"sameAs":["https:\/\/www.nettali.com"]}]}},"_links":{"self":[{"href":"https:\/\/www.nettali.com\/rest\/wp\/v2\/posts\/119358"}],"collection":[{"href":"https:\/\/www.nettali.com\/rest\/wp\/v2\/posts"}],"about":[{"href":"https:\/\/www.nettali.com\/rest\/wp\/v2\/types\/post"}],"author":[{"embeddable":true,"href":"https:\/\/www.nettali.com\/rest\/wp\/v2\/users\/4"}],"replies":[{"embeddable":true,"href":"https:\/\/www.nettali.com\/rest\/wp\/v2\/comments?post=119358"}],"version-history":[{"count":2,"href":"https:\/\/www.nettali.com\/rest\/wp\/v2\/posts\/119358\/revisions"}],"predecessor-version":[{"id":119375,"href":"https:\/\/www.nettali.com\/rest\/wp\/v2\/posts\/119358\/revisions\/119375"}],"wp:featuredmedia":[{"embeddable":true,"href":"https:\/\/www.nettali.com\/rest\/wp\/v2\/media\/90247"}],"wp:attachment":[{"href":"https:\/\/www.nettali.com\/rest\/wp\/v2\/media?parent=119358"}],"wp:term":[{"taxonomy":"category","embeddable":true,"href":"https:\/\/www.nettali.com\/rest\/wp\/v2\/categories?post=119358"},{"taxonomy":"post_tag","embeddable":true,"href":"https:\/\/www.nettali.com\/rest\/wp\/v2\/tags?post=119358"}],"curies":[{"name":"wp","href":"https:\/\/api.w.org\/{rel}","templated":true}]}}