{"id":119355,"date":"2023-10-03T09:29:42","date_gmt":"2023-10-03T09:29:42","guid":{"rendered":"https:\/\/www.nettali.com\/?p=119355"},"modified":"2023-10-03T09:29:42","modified_gmt":"2023-10-03T09:29:42","slug":"niger-vingt-neuf-soldats-tues-dans-une-attaque-djihadiste","status":"publish","type":"post","link":"https:\/\/www.nettali.com\/2023\/10\/03\/niger-vingt-neuf-soldats-tues-dans-une-attaque-djihadiste\/","title":{"rendered":"NIGER - Vingt-neuf soldats tu\u00e9s dans une attaque djihadiste"},"content":{"rendered":"<p class=\"article__paragraph \"><strong>NETTALI.COM - Un deuil national de trois jours a \u00e9t\u00e9 d\u00e9cr\u00e9t\u00e9 au Niger apr\u00e8s la mort de vingt-neuf soldats dans une attaque djihadiste. L\u2019assaut, <em>\u00ab\u00a0combinant l\u2019utilisation d\u2019engins explosifs improvis\u00e9s et de v\u00e9hicules kamikazes par plus d\u2019une centaine de terroristes\u00a0\u00bb,<\/em> a vis\u00e9 un d\u00e9tachement des forces de s\u00e9curit\u00e9 \u00e0 Tabatol, pr\u00e8s de la fronti\u00e8re avec le Mali, d\u00e9crit un communiqu\u00e9 du minist\u00e8re de la d\u00e9fense, publi\u00e9 dans la nuit du lundi 2\u00a0octobre au mardi 3\u00a0octobre.<\/strong><\/p>\n<p class=\"article__paragraph \"><em>\u00ab\u00a0Le bilan provisoire de cette attaque est le suivant\u00a0: c\u00f4t\u00e9 ami, vingt-neuf soldats sont tomb\u00e9s en h\u00e9ros, deux ont \u00e9t\u00e9 gravement bless\u00e9s\u00a0\u00bb<\/em>, poursuit le texte qui pr\u00e9cise que <em>\u00ab\u00a0plusieurs dizaines de terroristes\u00a0\u00bb<\/em> ont \u00e9t\u00e9 tu\u00e9s.<\/p>\n<p class=\"article__paragraph \">Le Niger continue de faire face \u00e0 des violences djihadistes r\u00e9currentes. Il s\u2019agit du plus lourd bilan depuis l\u2019arriv\u00e9e au pouvoir de la junte, qui avait notamment justifi\u00e9 son coup d\u2019Etat du 26\u00a0juillet par la d\u00e9gradation de la situation s\u00e9curitaire. A la mi-ao\u00fbt, dix-sept soldats avaient \u00e9t\u00e9 tu\u00e9s dans une attaque pr\u00e8s de la fronti\u00e8re avec le Burkina Faso.<\/p>\n<h2 class=\"article__sub-title\">Les militaires restent ma\u00eetres du calendrier<\/h2>\n<p class=\"article__paragraph \">Cette attaque intervient au moment o\u00f9 le r\u00e9gime militaire au pouvoir a accept\u00e9 d\u2019examiner une offre de m\u00e9diation de l\u2019Alg\u00e9rie pour une \u00ab\u00a0solution politique\u00a0\u00bb \u00e0 la crise que traverse le pays. Mais le gouvernement de Niamey a rappel\u00e9 qu\u2019il entendait rester ma\u00eetre du calendrier politique, affirmant que la dur\u00e9e de la transition vers un r\u00e9gime civil serait fix\u00e9e par un <em>\u00ab\u00a0forum national inclusif\u00a0\u00bb<\/em> au Niger, et non par un quelconque m\u00e9diateur.<\/p>\n<p class=\"article__paragraph \">Si l\u2019Alg\u00e9rie, influent voisin, n\u2019a pas mentionn\u00e9 de dur\u00e9e de transition dans son communiqu\u00e9 de lundi, elle avait propos\u00e9 \u00e0 la fin d\u2019ao\u00fbt une dur\u00e9e de six mois sous la tutelle d\u2019une <em>\u00ab\u00a0autorit\u00e9 civile dirig\u00e9e par une personnalit\u00e9 consensuelle et accept\u00e9e par tous les bords de la classe politique\u00a0\u00bb<\/em>.<\/p>\n<p class=\"article__paragraph \">Le 19\u00a0ao\u00fbt, le nouvel homme fort du Niger, le g\u00e9n\u00e9ral Abdourahamane Tiani, avait affirm\u00e9 vouloir une transition de trois ans au maximum. Et samedi soir, dans une interview \u00e0 la t\u00e9l\u00e9vision nationale, il a assur\u00e9 que le r\u00e9gime n\u2019avait <em>\u00ab\u00a0pas le droit de passer cinq ans au\u00a0pouvoir\u00a0\u00bb<\/em>.<\/p>\n<h2 class=\"article__sub-title\">Plainte de Mohamed Bazoum<\/h2>\n<p class=\"article__paragraph \">Depuis qu\u2019il a \u00e9t\u00e9 renvers\u00e9 par les militaires en juillet, le pr\u00e9sident \u00e9lu Mohamed Bazoum est s\u00e9questr\u00e9 dans sa r\u00e9sidence avec sa femme et son fils. Lundi, ses avocats ont annonc\u00e9 le d\u00e9p\u00f4t d\u2019une plainte \u00e0 Niamey contre les auteurs du coup.<\/p>\n<p class=\"article__paragraph \">Cette plainte, avec constitution de partie civile, consult\u00e9e lundi par l\u2019Agence France-Presse (AFP), vise le g\u00e9n\u00e9ral Tiani et <em>\u00ab\u00a0tous autres\u00a0\u00bb<\/em>, pour <em>\u00ab\u00a0attentat et complot contre l\u2019autorit\u00e9 de l\u2019Etat, crimes et d\u00e9lits commis par les fonctionnaires et arrestations et s\u00e9questrations arbitraires\u00a0\u00bb<\/em>. La plainte, au nom de M. Bazoum, de son \u00e9pouse et de deux de leurs enfants, devrait \u00eatre d\u00e9pos\u00e9e <em>\u00ab\u00a0dans les prochains jours\u00a0\u00bb<\/em>, aupr\u00e8s du doyen des juges d\u2019instruction du tribunal de grande instance de Niamey, selon l\u2019un des avocats interrog\u00e9s par l\u2019AFP, Dominique Inchausp\u00e9.<\/p>\n<p class=\"article__paragraph \">Mohamed\u00a0Bazoum a \u00e9galement saisi le groupe de travail sur la d\u00e9tention arbitraire du Conseil des droits de l\u2019homme ainsi que le Comit\u00e9 des droits de l\u2019homme, deux organismes des Nations unies, ont pr\u00e9cis\u00e9 ces avocats. Le 18\u00a0septembre, il avait saisi la Cour de justice de la Communaut\u00e9 \u00e9conomique des Etats d\u2019Afrique de l\u2019Ouest (Cedeao), d\u00e9non\u00e7ant notamment son <em>\u00ab\u00a0arrestation arbitraire\u00a0\u00bb<\/em>.<\/p>\n<p class=\"article__paragraph \">A la mi-ao\u00fbt, les auteurs du putsch avaient de leur c\u00f4t\u00e9 annonc\u00e9 leur intention de poursuivre Mohamed Bazoum pour <em>\u00ab\u00a0haute trahison\u00a0\u00bb<\/em> et <em>\u00ab\u00a0atteinte \u00e0 la s\u00fbret\u00e9\u00a0\u00bb<\/em> du pays.<\/p>\n<section class=\"author\">\n<p class=\"author__detail\"><strong><span class=\"author__name\">Le Monde avec AFP<\/span><\/strong><\/p>\n<\/section>\n<section class=\"article__reactions\">\n<section id=\"js-paywall-comments\" class=\"paywall__comments\">\n<header class=\"paywall__comments-header\"><\/header>\n<\/section>\n<p class=\"comments__active comments__tooltip\">\n<\/section>\n<div class='share-to-whatsapp-wrapper'><div class='share-on-whsp'>PARTAGER SUR : <\/div><a data-text='NIGER - Vingt-neuf soldats tu\u00e9s dans une attaque djihadiste' data-link='https:\/\/www.nettali.com\/2023\/10\/03\/niger-vingt-neuf-soldats-tues-dans-une-attaque-djihadiste\/' class='whatsapp-button whatsapp-share'>WhatsApp<\/a><div class='clear '><\/div><\/div>","protected":false},"excerpt":{"rendered":"<p>NETTALI.COM - Un deuil national de trois jours a \u00e9t\u00e9 d\u00e9cr\u00e9t\u00e9 au Niger apr\u00e8s la mort de vingt-neuf soldats dans une attaque djihadiste. L\u2019assaut, \u00ab\u00a0combinant l\u2019utilisation d\u2019engins explosifs improvis\u00e9s et de v\u00e9hicules kamikazes par plus d\u2019une centaine de terroristes\u00a0\u00bb, a vis\u00e9 un d\u00e9tachement des forces de s\u00e9curit\u00e9 \u00e0 Tabatol, pr\u00e8s de la fronti\u00e8re avec le [&hellip;]<\/p>\n","protected":false},"author":4,"featured_media":119356,"comment_status":"open","ping_status":"open","sticky":false,"template":"","format":"standard","meta":{"_et_pb_use_builder":"","_et_pb_old_content":""},"categories":[8],"tags":[],"yoast_head":"<!-- This site is optimized with the Yoast SEO Premium plugin v17.8 (Yoast SEO v17.8) - https:\/\/yoast.com\/wordpress\/plugins\/seo\/ -->\n<title>NIGER - Vingt-neuf soldats tu\u00e9s dans une attaque djihadiste | Nettali.com<\/title>\n<meta name=\"robots\" content=\"index, follow, max-snippet:-1, max-image-preview:large, max-video-preview:-1\" \/>\n<link rel=\"canonical\" href=\"https:\/\/www.nettali.com\/2023\/10\/03\/niger-vingt-neuf-soldats-tues-dans-une-attaque-djihadiste\/\" \/>\n<meta property=\"og:locale\" content=\"fr_FR\" \/>\n<meta property=\"og:type\" content=\"article\" \/>\n<meta property=\"og:title\" content=\"NIGER - Vingt-neuf soldats tu\u00e9s dans une attaque djihadiste\" \/>\n<meta property=\"og:description\" content=\"NETTALI.COM - Un deuil national de trois jours a \u00e9t\u00e9 d\u00e9cr\u00e9t\u00e9 au Niger apr\u00e8s la mort de vingt-neuf soldats dans une attaque djihadiste. L\u2019assaut, \u00ab\u00a0combinant l\u2019utilisation d\u2019engins explosifs improvis\u00e9s et de v\u00e9hicules kamikazes par plus d\u2019une centaine de terroristes\u00a0\u00bb, a vis\u00e9 un d\u00e9tachement des forces de s\u00e9curit\u00e9 \u00e0 Tabatol, pr\u00e8s de la fronti\u00e8re avec le [&hellip;]\" \/>\n<meta property=\"og:url\" content=\"https:\/\/www.nettali.com\/2023\/10\/03\/niger-vingt-neuf-soldats-tues-dans-une-attaque-djihadiste\/\" \/>\n<meta property=\"og:site_name\" content=\"Nettali.com\" \/>\n<meta property=\"article:publisher\" content=\"https:\/\/www.facebook.com\/nettalicom\" \/>\n<meta property=\"article:published_time\" content=\"2023-10-03T09:29:42+00:00\" \/>\n<meta property=\"og:image\" content=\"https:\/\/www.nettali.com\/wp-content\/uploads\/2023\/10\/Capture-de\u0301cran-2023-10-03-a\u0300-09.29.05.png\" \/>\n\t<meta property=\"og:image:width\" content=\"974\" \/>\n\t<meta property=\"og:image:height\" content=\"502\" \/>\n<meta name=\"twitter:card\" content=\"summary_large_image\" \/>\n<meta name=\"twitter:label1\" content=\"\u00c9crit par\" \/>\n\t<meta name=\"twitter:data1\" content=\"Daouda\" \/>\n\t<meta name=\"twitter:label2\" content=\"Dur\u00e9e de lecture estim\u00e9e\" \/>\n\t<meta name=\"twitter:data2\" content=\"3 minutes\" \/>\n<script type=\"application\/ld+json\" class=\"yoast-schema-graph\">{\"@context\":\"https:\/\/schema.org\",\"@graph\":[{\"@type\":\"WebSite\",\"@id\":\"https:\/\/www.nettali.com\/#website\",\"url\":\"https:\/\/www.nettali.com\/\",\"name\":\"Nettali.com\",\"description\":\"Le rendez-vous critique du Net\",\"potentialAction\":[{\"@type\":\"SearchAction\",\"target\":{\"@type\":\"EntryPoint\",\"urlTemplate\":\"https:\/\/www.nettali.com\/?s={search_term_string}\"},\"query-input\":\"required name=search_term_string\"}],\"inLanguage\":\"fr-FR\"},{\"@type\":\"ImageObject\",\"@id\":\"https:\/\/www.nettali.com\/2023\/10\/03\/niger-vingt-neuf-soldats-tues-dans-une-attaque-djihadiste\/#primaryimage\",\"inLanguage\":\"fr-FR\",\"url\":\"https:\/\/www.nettali.com\/wp-content\/uploads\/2023\/10\/Capture-de\\u0301cran-2023-10-03-a\\u0300-09.29.05.png\",\"contentUrl\":\"https:\/\/www.nettali.com\/wp-content\/uploads\/2023\/10\/Capture-de\\u0301cran-2023-10-03-a\\u0300-09.29.05.png\",\"width\":974,\"height\":502},{\"@type\":\"WebPage\",\"@id\":\"https:\/\/www.nettali.com\/2023\/10\/03\/niger-vingt-neuf-soldats-tues-dans-une-attaque-djihadiste\/#webpage\",\"url\":\"https:\/\/www.nettali.com\/2023\/10\/03\/niger-vingt-neuf-soldats-tues-dans-une-attaque-djihadiste\/\",\"name\":\"NIGER - Vingt-neuf soldats tu\\u00e9s dans une attaque djihadiste | Nettali.com\",\"isPartOf\":{\"@id\":\"https:\/\/www.nettali.com\/#website\"},\"primaryImageOfPage\":{\"@id\":\"https:\/\/www.nettali.com\/2023\/10\/03\/niger-vingt-neuf-soldats-tues-dans-une-attaque-djihadiste\/#primaryimage\"},\"datePublished\":\"2023-10-03T09:29:42+00:00\",\"dateModified\":\"2023-10-03T09:29:42+00:00\",\"author\":{\"@id\":\"https:\/\/www.nettali.com\/#\/schema\/person\/3317e0bb3aa1da309fbf7b2780901bf4\"},\"breadcrumb\":{\"@id\":\"https:\/\/www.nettali.com\/2023\/10\/03\/niger-vingt-neuf-soldats-tues-dans-une-attaque-djihadiste\/#breadcrumb\"},\"inLanguage\":\"fr-FR\",\"potentialAction\":[{\"@type\":\"ReadAction\",\"target\":[\"https:\/\/www.nettali.com\/2023\/10\/03\/niger-vingt-neuf-soldats-tues-dans-une-attaque-djihadiste\/\"]}]},{\"@type\":\"BreadcrumbList\",\"@id\":\"https:\/\/www.nettali.com\/2023\/10\/03\/niger-vingt-neuf-soldats-tues-dans-une-attaque-djihadiste\/#breadcrumb\",\"itemListElement\":[{\"@type\":\"ListItem\",\"position\":1,\"name\":\"Accueil\",\"item\":\"https:\/\/www.nettali.com\/\"},{\"@type\":\"ListItem\",\"position\":2,\"name\":\"NIGER - Vingt-neuf soldats tu\\u00e9s dans une attaque djihadiste\"}]},{\"@type\":\"Person\",\"@id\":\"https:\/\/www.nettali.com\/#\/schema\/person\/3317e0bb3aa1da309fbf7b2780901bf4\",\"name\":\"Daouda\",\"image\":{\"@type\":\"ImageObject\",\"@id\":\"https:\/\/www.nettali.com\/#personlogo\",\"inLanguage\":\"fr-FR\",\"url\":\"https:\/\/secure.gravatar.com\/avatar\/8d143b5a49345098ddcfee1c49c2f47c?s=96&d=mm&r=g\",\"contentUrl\":\"https:\/\/secure.gravatar.com\/avatar\/8d143b5a49345098ddcfee1c49c2f47c?s=96&d=mm&r=g\",\"caption\":\"Daouda\"},\"sameAs\":[\"https:\/\/www.nettali.com\"]}]}<\/script>\n<!-- \/ Yoast SEO Premium plugin. -->","yoast_head_json":{"title":"NIGER - Vingt-neuf soldats tu\u00e9s dans une attaque djihadiste | Nettali.com","robots":{"index":"index","follow":"follow","max-snippet":"max-snippet:-1","max-image-preview":"max-image-preview:large","max-video-preview":"max-video-preview:-1"},"canonical":"https:\/\/www.nettali.com\/2023\/10\/03\/niger-vingt-neuf-soldats-tues-dans-une-attaque-djihadiste\/","og_locale":"fr_FR","og_type":"article","og_title":"NIGER - Vingt-neuf soldats tu\u00e9s dans une attaque djihadiste","og_description":"NETTALI.COM - Un deuil national de trois jours a \u00e9t\u00e9 d\u00e9cr\u00e9t\u00e9 au Niger apr\u00e8s la mort de vingt-neuf soldats dans une attaque djihadiste. L\u2019assaut, \u00ab\u00a0combinant l\u2019utilisation d\u2019engins explosifs improvis\u00e9s et de v\u00e9hicules kamikazes par plus d\u2019une centaine de terroristes\u00a0\u00bb, a vis\u00e9 un d\u00e9tachement des forces de s\u00e9curit\u00e9 \u00e0 Tabatol, pr\u00e8s de la fronti\u00e8re avec le [&hellip;]","og_url":"https:\/\/www.nettali.com\/2023\/10\/03\/niger-vingt-neuf-soldats-tues-dans-une-attaque-djihadiste\/","og_site_name":"Nettali.com","article_publisher":"https:\/\/www.facebook.com\/nettalicom","article_published_time":"2023-10-03T09:29:42+00:00","og_image":[{"width":974,"height":502,"url":"https:\/\/www.nettali.com\/wp-content\/uploads\/2023\/10\/Capture-de\u0301cran-2023-10-03-a\u0300-09.29.05.png","type":"image\/png"}],"twitter_card":"summary_large_image","twitter_misc":{"\u00c9crit par":"Daouda","Dur\u00e9e de lecture estim\u00e9e":"3 minutes"},"schema":{"@context":"https:\/\/schema.org","@graph":[{"@type":"WebSite","@id":"https:\/\/www.nettali.com\/#website","url":"https:\/\/www.nettali.com\/","name":"Nettali.com","description":"Le rendez-vous critique du Net","potentialAction":[{"@type":"SearchAction","target":{"@type":"EntryPoint","urlTemplate":"https:\/\/www.nettali.com\/?s={search_term_string}"},"query-input":"required name=search_term_string"}],"inLanguage":"fr-FR"},{"@type":"ImageObject","@id":"https:\/\/www.nettali.com\/2023\/10\/03\/niger-vingt-neuf-soldats-tues-dans-une-attaque-djihadiste\/#primaryimage","inLanguage":"fr-FR","url":"https:\/\/www.nettali.com\/wp-content\/uploads\/2023\/10\/Capture-de\u0301cran-2023-10-03-a\u0300-09.29.05.png","contentUrl":"https:\/\/www.nettali.com\/wp-content\/uploads\/2023\/10\/Capture-de\u0301cran-2023-10-03-a\u0300-09.29.05.png","width":974,"height":502},{"@type":"WebPage","@id":"https:\/\/www.nettali.com\/2023\/10\/03\/niger-vingt-neuf-soldats-tues-dans-une-attaque-djihadiste\/#webpage","url":"https:\/\/www.nettali.com\/2023\/10\/03\/niger-vingt-neuf-soldats-tues-dans-une-attaque-djihadiste\/","name":"NIGER - Vingt-neuf soldats tu\u00e9s dans une attaque djihadiste | Nettali.com","isPartOf":{"@id":"https:\/\/www.nettali.com\/#website"},"primaryImageOfPage":{"@id":"https:\/\/www.nettali.com\/2023\/10\/03\/niger-vingt-neuf-soldats-tues-dans-une-attaque-djihadiste\/#primaryimage"},"datePublished":"2023-10-03T09:29:42+00:00","dateModified":"2023-10-03T09:29:42+00:00","author":{"@id":"https:\/\/www.nettali.com\/#\/schema\/person\/3317e0bb3aa1da309fbf7b2780901bf4"},"breadcrumb":{"@id":"https:\/\/www.nettali.com\/2023\/10\/03\/niger-vingt-neuf-soldats-tues-dans-une-attaque-djihadiste\/#breadcrumb"},"inLanguage":"fr-FR","potentialAction":[{"@type":"ReadAction","target":["https:\/\/www.nettali.com\/2023\/10\/03\/niger-vingt-neuf-soldats-tues-dans-une-attaque-djihadiste\/"]}]},{"@type":"BreadcrumbList","@id":"https:\/\/www.nettali.com\/2023\/10\/03\/niger-vingt-neuf-soldats-tues-dans-une-attaque-djihadiste\/#breadcrumb","itemListElement":[{"@type":"ListItem","position":1,"name":"Accueil","item":"https:\/\/www.nettali.com\/"},{"@type":"ListItem","position":2,"name":"NIGER - Vingt-neuf soldats tu\u00e9s dans une attaque djihadiste"}]},{"@type":"Person","@id":"https:\/\/www.nettali.com\/#\/schema\/person\/3317e0bb3aa1da309fbf7b2780901bf4","name":"Daouda","image":{"@type":"ImageObject","@id":"https:\/\/www.nettali.com\/#personlogo","inLanguage":"fr-FR","url":"https:\/\/secure.gravatar.com\/avatar\/8d143b5a49345098ddcfee1c49c2f47c?s=96&d=mm&r=g","contentUrl":"https:\/\/secure.gravatar.com\/avatar\/8d143b5a49345098ddcfee1c49c2f47c?s=96&d=mm&r=g","caption":"Daouda"},"sameAs":["https:\/\/www.nettali.com"]}]}},"_links":{"self":[{"href":"https:\/\/www.nettali.com\/rest\/wp\/v2\/posts\/119355"}],"collection":[{"href":"https:\/\/www.nettali.com\/rest\/wp\/v2\/posts"}],"about":[{"href":"https:\/\/www.nettali.com\/rest\/wp\/v2\/types\/post"}],"author":[{"embeddable":true,"href":"https:\/\/www.nettali.com\/rest\/wp\/v2\/users\/4"}],"replies":[{"embeddable":true,"href":"https:\/\/www.nettali.com\/rest\/wp\/v2\/comments?post=119355"}],"version-history":[{"count":1,"href":"https:\/\/www.nettali.com\/rest\/wp\/v2\/posts\/119355\/revisions"}],"predecessor-version":[{"id":119357,"href":"https:\/\/www.nettali.com\/rest\/wp\/v2\/posts\/119355\/revisions\/119357"}],"wp:featuredmedia":[{"embeddable":true,"href":"https:\/\/www.nettali.com\/rest\/wp\/v2\/media\/119356"}],"wp:attachment":[{"href":"https:\/\/www.nettali.com\/rest\/wp\/v2\/media?parent=119355"}],"wp:term":[{"taxonomy":"category","embeddable":true,"href":"https:\/\/www.nettali.com\/rest\/wp\/v2\/categories?post=119355"},{"taxonomy":"post_tag","embeddable":true,"href":"https:\/\/www.nettali.com\/rest\/wp\/v2\/tags?post=119355"}],"curies":[{"name":"wp","href":"https:\/\/api.w.org\/{rel}","templated":true}]}}