{"id":119009,"date":"2023-09-27T11:18:48","date_gmt":"2023-09-27T11:18:48","guid":{"rendered":"https:\/\/www.nettali.com\/?p=119009"},"modified":"2023-09-27T11:18:48","modified_gmt":"2023-09-27T11:18:48","slug":"burkina-faso-une-nouvelle-tentative-de-coup-detat","status":"publish","type":"post","link":"https:\/\/www.nettali.com\/2023\/09\/27\/burkina-faso-une-nouvelle-tentative-de-coup-detat\/","title":{"rendered":"BURKINA FASO - Une nouvelle tentative de coup d'\u00c9tat?"},"content":{"rendered":"<p><strong>NETTALI.COM - Une nouvelle tentative de coup d\u2019\u00c9tat au Burkina Faso ? Des rumeurs diffus\u00e9es, en d\u00e9but de soir\u00e9e, sur les r\u00e9seaux sociaux faisaient \u00e9tat d\u2019une suppos\u00e9e tentative de coup d\u2019\u00c9tat contre le pr\u00e9sident de la transition Ibrahima Traor\u00e9, ont secou\u00e9 le pays, selon les informations de Burkina24.<\/strong><\/p>\n<p>Ce mardi, tard dans la soir\u00e9e, des milliers de jeunes Burkinab\u00e9 ont pris d\u2019assaut la Place de la nation. Ce, pour t\u00e9moigner leur soutien aux putschistes dirig\u00e9s par le Capitaine Ibrahim Traor\u00e9. Certains d\u2019entre eux sont m\u00eame all\u00e9s jusqu\u2019\u00e0 avertir \"<em>la personne, qui osera toucher \u00e0 un des cheveux<\/em>\" de l\u2019homme fort du Burkina Faso.<\/p>\n<p>Mieux, vers les coups de\u00a0 23 heures, des manifestants continuaient de regagner le centre-ville. Certains ont m\u00eame pris la direction du quartier Patte-d\u2019oie pour \"<em>v\u00e9rifier quelque chose<\/em>\" , laissant une grande majorit\u00e9 toujours \u00e0 la Place de la Nation, scandant \"<em>Capitaine\u2026 Traor\u00e9<\/em>\", ajoute Burkina24.<\/p>\n<p>Faut-il rappeler qu\u2019aucune source officielle n\u2019a confirm\u00e9 cette rumeur. Ces derniers jours, des rumeurs de coup de force se sont multipli\u00e9es au Burkina Faso. D\u00e9but septembre, trois militaires des sous-officiers ont \u00e9t\u00e9 inculp\u00e9s et plac\u00e9s en d\u00e9tention pr\u00e9ventive pour\u00a0\"<em>complot militaire, violation de consignes, complot contre la s\u00fbret\u00e9 de l\u2019Etat, association de malfaiteurs et mise en danger de la vie d\u2019autrui<\/em>\", selon le parquet militaire. Ils ont tous reconnu \"<em>sans ambages les faits<\/em>\"\u00a0, avait ajout\u00e9 ce tribunal.<\/p>\n<p>Faut-il \u00e9galement rappeler que le 30 septembre 2022, le Burkina Faso a subi son deuxi\u00e8me coup d\u2019\u00c9tat de l\u2019ann\u00e9e. Le capitaine Ibrahim Traor\u00e9, le chef de 34 ans d\u2019une unit\u00e9 d\u2019artillerie de l\u2019arm\u00e9e du Burkina Faso avait renvers\u00e9 le chef de l\u2019ancienne junte, le lieutenant-colonel Paul-Henri Sandaogo Damiba. Ce dernier avait lui-m\u00eame conduit un putsch en janvier 2022 pour disait-il r\u00e9soudre la crise s\u00e9curitaire \u00e0 laquelle le pays fait face.<\/p>\n<div class='share-to-whatsapp-wrapper'><div class='share-on-whsp'>PARTAGER SUR : <\/div><a data-text='BURKINA FASO - Une nouvelle tentative de coup d'\u00c9tat?' data-link='https:\/\/www.nettali.com\/2023\/09\/27\/burkina-faso-une-nouvelle-tentative-de-coup-detat\/' class='whatsapp-button whatsapp-share'>WhatsApp<\/a><div class='clear '><\/div><\/div>","protected":false},"excerpt":{"rendered":"<p>NETTALI.COM - Une nouvelle tentative de coup d\u2019\u00c9tat au Burkina Faso ? Des rumeurs diffus\u00e9es, en d\u00e9but de soir\u00e9e, sur les r\u00e9seaux sociaux faisaient \u00e9tat d\u2019une suppos\u00e9e tentative de coup d\u2019\u00c9tat contre le pr\u00e9sident de la transition Ibrahima Traor\u00e9, ont secou\u00e9 le pays, selon les informations de Burkina24. Ce mardi, tard dans la soir\u00e9e, des [&hellip;]<\/p>\n","protected":false},"author":5,"featured_media":119010,"comment_status":"open","ping_status":"open","sticky":false,"template":"","format":"standard","meta":{"_et_pb_use_builder":"","_et_pb_old_content":""},"categories":[8],"tags":[],"yoast_head":"<!-- This site is optimized with the Yoast SEO Premium plugin v17.8 (Yoast SEO v17.8) - https:\/\/yoast.com\/wordpress\/plugins\/seo\/ -->\n<title>BURKINA FASO - Une nouvelle tentative de coup d&#039;\u00c9tat? | Nettali.com<\/title>\n<meta name=\"robots\" content=\"index, follow, max-snippet:-1, max-image-preview:large, max-video-preview:-1\" \/>\n<link rel=\"canonical\" href=\"https:\/\/www.nettali.com\/2023\/09\/27\/burkina-faso-une-nouvelle-tentative-de-coup-detat\/\" \/>\n<meta property=\"og:locale\" content=\"fr_FR\" \/>\n<meta property=\"og:type\" content=\"article\" \/>\n<meta property=\"og:title\" content=\"BURKINA FASO - Une nouvelle tentative de coup d&#039;\u00c9tat?\" \/>\n<meta property=\"og:description\" content=\"NETTALI.COM - Une nouvelle tentative de coup d\u2019\u00c9tat au Burkina Faso ? Des rumeurs diffus\u00e9es, en d\u00e9but de soir\u00e9e, sur les r\u00e9seaux sociaux faisaient \u00e9tat d\u2019une suppos\u00e9e tentative de coup d\u2019\u00c9tat contre le pr\u00e9sident de la transition Ibrahima Traor\u00e9, ont secou\u00e9 le pays, selon les informations de Burkina24. Ce mardi, tard dans la soir\u00e9e, des [&hellip;]\" \/>\n<meta property=\"og:url\" content=\"https:\/\/www.nettali.com\/2023\/09\/27\/burkina-faso-une-nouvelle-tentative-de-coup-detat\/\" \/>\n<meta property=\"og:site_name\" content=\"Nettali.com\" \/>\n<meta property=\"article:publisher\" content=\"https:\/\/www.facebook.com\/nettalicom\" \/>\n<meta property=\"article:published_time\" content=\"2023-09-27T11:18:48+00:00\" \/>\n<meta property=\"og:image\" content=\"https:\/\/www.nettali.com\/wp-content\/uploads\/2023\/09\/Sans-titre-24-1024x683-1.jpg\" \/>\n\t<meta property=\"og:image:width\" content=\"1024\" \/>\n\t<meta property=\"og:image:height\" content=\"683\" \/>\n<meta name=\"twitter:card\" content=\"summary_large_image\" \/>\n<meta name=\"twitter:label1\" content=\"\u00c9crit par\" \/>\n\t<meta name=\"twitter:data1\" content=\"Ibrahima\" \/>\n\t<meta name=\"twitter:label2\" content=\"Dur\u00e9e de lecture estim\u00e9e\" \/>\n\t<meta name=\"twitter:data2\" content=\"2 minutes\" \/>\n<script type=\"application\/ld+json\" class=\"yoast-schema-graph\">{\"@context\":\"https:\/\/schema.org\",\"@graph\":[{\"@type\":\"WebSite\",\"@id\":\"https:\/\/www.nettali.com\/#website\",\"url\":\"https:\/\/www.nettali.com\/\",\"name\":\"Nettali.com\",\"description\":\"Le rendez-vous critique du Net\",\"potentialAction\":[{\"@type\":\"SearchAction\",\"target\":{\"@type\":\"EntryPoint\",\"urlTemplate\":\"https:\/\/www.nettali.com\/?s={search_term_string}\"},\"query-input\":\"required name=search_term_string\"}],\"inLanguage\":\"fr-FR\"},{\"@type\":\"ImageObject\",\"@id\":\"https:\/\/www.nettali.com\/2023\/09\/27\/burkina-faso-une-nouvelle-tentative-de-coup-detat\/#primaryimage\",\"inLanguage\":\"fr-FR\",\"url\":\"https:\/\/www.nettali.com\/wp-content\/uploads\/2023\/09\/Sans-titre-24-1024x683-1.jpg\",\"contentUrl\":\"https:\/\/www.nettali.com\/wp-content\/uploads\/2023\/09\/Sans-titre-24-1024x683-1.jpg\",\"width\":1024,\"height\":683},{\"@type\":\"WebPage\",\"@id\":\"https:\/\/www.nettali.com\/2023\/09\/27\/burkina-faso-une-nouvelle-tentative-de-coup-detat\/#webpage\",\"url\":\"https:\/\/www.nettali.com\/2023\/09\/27\/burkina-faso-une-nouvelle-tentative-de-coup-detat\/\",\"name\":\"BURKINA FASO - Une nouvelle tentative de coup d'\\u00c9tat? | Nettali.com\",\"isPartOf\":{\"@id\":\"https:\/\/www.nettali.com\/#website\"},\"primaryImageOfPage\":{\"@id\":\"https:\/\/www.nettali.com\/2023\/09\/27\/burkina-faso-une-nouvelle-tentative-de-coup-detat\/#primaryimage\"},\"datePublished\":\"2023-09-27T11:18:48+00:00\",\"dateModified\":\"2023-09-27T11:18:48+00:00\",\"author\":{\"@id\":\"https:\/\/www.nettali.com\/#\/schema\/person\/bb147657c2986240405a608162b9bb23\"},\"breadcrumb\":{\"@id\":\"https:\/\/www.nettali.com\/2023\/09\/27\/burkina-faso-une-nouvelle-tentative-de-coup-detat\/#breadcrumb\"},\"inLanguage\":\"fr-FR\",\"potentialAction\":[{\"@type\":\"ReadAction\",\"target\":[\"https:\/\/www.nettali.com\/2023\/09\/27\/burkina-faso-une-nouvelle-tentative-de-coup-detat\/\"]}]},{\"@type\":\"BreadcrumbList\",\"@id\":\"https:\/\/www.nettali.com\/2023\/09\/27\/burkina-faso-une-nouvelle-tentative-de-coup-detat\/#breadcrumb\",\"itemListElement\":[{\"@type\":\"ListItem\",\"position\":1,\"name\":\"Accueil\",\"item\":\"https:\/\/www.nettali.com\/\"},{\"@type\":\"ListItem\",\"position\":2,\"name\":\"BURKINA FASO - Une nouvelle tentative de coup d'\\u00c9tat?\"}]},{\"@type\":\"Person\",\"@id\":\"https:\/\/www.nettali.com\/#\/schema\/person\/bb147657c2986240405a608162b9bb23\",\"name\":\"Ibrahima\",\"image\":{\"@type\":\"ImageObject\",\"@id\":\"https:\/\/www.nettali.com\/#personlogo\",\"inLanguage\":\"fr-FR\",\"url\":\"https:\/\/secure.gravatar.com\/avatar\/26a8a81f09f0dd7624c9d5c36c9ba3a2?s=96&d=mm&r=g\",\"contentUrl\":\"https:\/\/secure.gravatar.com\/avatar\/26a8a81f09f0dd7624c9d5c36c9ba3a2?s=96&d=mm&r=g\",\"caption\":\"Ibrahima\"},\"sameAs\":[\"https:\/\/www.nettali.com\"]}]}<\/script>\n<!-- \/ Yoast SEO Premium plugin. -->","yoast_head_json":{"title":"BURKINA FASO - Une nouvelle tentative de coup d'\u00c9tat? | Nettali.com","robots":{"index":"index","follow":"follow","max-snippet":"max-snippet:-1","max-image-preview":"max-image-preview:large","max-video-preview":"max-video-preview:-1"},"canonical":"https:\/\/www.nettali.com\/2023\/09\/27\/burkina-faso-une-nouvelle-tentative-de-coup-detat\/","og_locale":"fr_FR","og_type":"article","og_title":"BURKINA FASO - Une nouvelle tentative de coup d'\u00c9tat?","og_description":"NETTALI.COM - Une nouvelle tentative de coup d\u2019\u00c9tat au Burkina Faso ? Des rumeurs diffus\u00e9es, en d\u00e9but de soir\u00e9e, sur les r\u00e9seaux sociaux faisaient \u00e9tat d\u2019une suppos\u00e9e tentative de coup d\u2019\u00c9tat contre le pr\u00e9sident de la transition Ibrahima Traor\u00e9, ont secou\u00e9 le pays, selon les informations de Burkina24. Ce mardi, tard dans la soir\u00e9e, des [&hellip;]","og_url":"https:\/\/www.nettali.com\/2023\/09\/27\/burkina-faso-une-nouvelle-tentative-de-coup-detat\/","og_site_name":"Nettali.com","article_publisher":"https:\/\/www.facebook.com\/nettalicom","article_published_time":"2023-09-27T11:18:48+00:00","og_image":[{"width":1024,"height":683,"url":"https:\/\/www.nettali.com\/wp-content\/uploads\/2023\/09\/Sans-titre-24-1024x683-1.jpg","type":"image\/jpeg"}],"twitter_card":"summary_large_image","twitter_misc":{"\u00c9crit par":"Ibrahima","Dur\u00e9e de lecture estim\u00e9e":"2 minutes"},"schema":{"@context":"https:\/\/schema.org","@graph":[{"@type":"WebSite","@id":"https:\/\/www.nettali.com\/#website","url":"https:\/\/www.nettali.com\/","name":"Nettali.com","description":"Le rendez-vous critique du Net","potentialAction":[{"@type":"SearchAction","target":{"@type":"EntryPoint","urlTemplate":"https:\/\/www.nettali.com\/?s={search_term_string}"},"query-input":"required name=search_term_string"}],"inLanguage":"fr-FR"},{"@type":"ImageObject","@id":"https:\/\/www.nettali.com\/2023\/09\/27\/burkina-faso-une-nouvelle-tentative-de-coup-detat\/#primaryimage","inLanguage":"fr-FR","url":"https:\/\/www.nettali.com\/wp-content\/uploads\/2023\/09\/Sans-titre-24-1024x683-1.jpg","contentUrl":"https:\/\/www.nettali.com\/wp-content\/uploads\/2023\/09\/Sans-titre-24-1024x683-1.jpg","width":1024,"height":683},{"@type":"WebPage","@id":"https:\/\/www.nettali.com\/2023\/09\/27\/burkina-faso-une-nouvelle-tentative-de-coup-detat\/#webpage","url":"https:\/\/www.nettali.com\/2023\/09\/27\/burkina-faso-une-nouvelle-tentative-de-coup-detat\/","name":"BURKINA FASO - Une nouvelle tentative de coup d'\u00c9tat? | Nettali.com","isPartOf":{"@id":"https:\/\/www.nettali.com\/#website"},"primaryImageOfPage":{"@id":"https:\/\/www.nettali.com\/2023\/09\/27\/burkina-faso-une-nouvelle-tentative-de-coup-detat\/#primaryimage"},"datePublished":"2023-09-27T11:18:48+00:00","dateModified":"2023-09-27T11:18:48+00:00","author":{"@id":"https:\/\/www.nettali.com\/#\/schema\/person\/bb147657c2986240405a608162b9bb23"},"breadcrumb":{"@id":"https:\/\/www.nettali.com\/2023\/09\/27\/burkina-faso-une-nouvelle-tentative-de-coup-detat\/#breadcrumb"},"inLanguage":"fr-FR","potentialAction":[{"@type":"ReadAction","target":["https:\/\/www.nettali.com\/2023\/09\/27\/burkina-faso-une-nouvelle-tentative-de-coup-detat\/"]}]},{"@type":"BreadcrumbList","@id":"https:\/\/www.nettali.com\/2023\/09\/27\/burkina-faso-une-nouvelle-tentative-de-coup-detat\/#breadcrumb","itemListElement":[{"@type":"ListItem","position":1,"name":"Accueil","item":"https:\/\/www.nettali.com\/"},{"@type":"ListItem","position":2,"name":"BURKINA FASO - Une nouvelle tentative de coup d'\u00c9tat?"}]},{"@type":"Person","@id":"https:\/\/www.nettali.com\/#\/schema\/person\/bb147657c2986240405a608162b9bb23","name":"Ibrahima","image":{"@type":"ImageObject","@id":"https:\/\/www.nettali.com\/#personlogo","inLanguage":"fr-FR","url":"https:\/\/secure.gravatar.com\/avatar\/26a8a81f09f0dd7624c9d5c36c9ba3a2?s=96&d=mm&r=g","contentUrl":"https:\/\/secure.gravatar.com\/avatar\/26a8a81f09f0dd7624c9d5c36c9ba3a2?s=96&d=mm&r=g","caption":"Ibrahima"},"sameAs":["https:\/\/www.nettali.com"]}]}},"_links":{"self":[{"href":"https:\/\/www.nettali.com\/rest\/wp\/v2\/posts\/119009"}],"collection":[{"href":"https:\/\/www.nettali.com\/rest\/wp\/v2\/posts"}],"about":[{"href":"https:\/\/www.nettali.com\/rest\/wp\/v2\/types\/post"}],"author":[{"embeddable":true,"href":"https:\/\/www.nettali.com\/rest\/wp\/v2\/users\/5"}],"replies":[{"embeddable":true,"href":"https:\/\/www.nettali.com\/rest\/wp\/v2\/comments?post=119009"}],"version-history":[{"count":1,"href":"https:\/\/www.nettali.com\/rest\/wp\/v2\/posts\/119009\/revisions"}],"predecessor-version":[{"id":119011,"href":"https:\/\/www.nettali.com\/rest\/wp\/v2\/posts\/119009\/revisions\/119011"}],"wp:featuredmedia":[{"embeddable":true,"href":"https:\/\/www.nettali.com\/rest\/wp\/v2\/media\/119010"}],"wp:attachment":[{"href":"https:\/\/www.nettali.com\/rest\/wp\/v2\/media?parent=119009"}],"wp:term":[{"taxonomy":"category","embeddable":true,"href":"https:\/\/www.nettali.com\/rest\/wp\/v2\/categories?post=119009"},{"taxonomy":"post_tag","embeddable":true,"href":"https:\/\/www.nettali.com\/rest\/wp\/v2\/tags?post=119009"}],"curies":[{"name":"wp","href":"https:\/\/api.w.org\/{rel}","templated":true}]}}