{"id":118931,"date":"2023-09-26T09:22:39","date_gmt":"2023-09-26T09:22:39","guid":{"rendered":"https:\/\/www.nettali.com\/?p=118931"},"modified":"2023-09-26T09:22:39","modified_gmt":"2023-09-26T09:22:39","slug":"en-coulisses-macky-sall-fait-ses-adieux-a-tiavouane","status":"publish","type":"post","link":"https:\/\/www.nettali.com\/2023\/09\/26\/en-coulisses-macky-sall-fait-ses-adieux-a-tiavouane\/","title":{"rendered":"EN COULISSES - Macky Sall fait ses adieux \u00e0 Tiavouane"},"content":{"rendered":"<div class=\"page\" title=\"Page 5\">\n<div class=\"layoutArea\">\n<div class=\"column\">\n<p><strong>NETTALI.COM -<\/strong> A Tivaouane, la dernie\u0300re visite officielle de Macky Sall, en tant que chef d\u2019Etat, ce lundi 25 septembre 2023, a e\u0301te\u0301 empreinte de solennite\u0301 et d\u2019e\u0301motions. Macky Sall, accompagne\u0301 du Premier ministre Amadou Ba\u0302 et de membres du gouvernement, dont le ministre de l\u2019Inte\u0301rieur Fe\u0301lix Antoine Diome, le pre\u0301sident du Conseil e\u0301conomique, social et environnemental (Cese) Abdoulaye Daouda Diallo, de l\u2019ancien ministre de la Sante\u0301 Abdoulaye Diouf Sarr, s\u2019est entretenu lundi 25 septembre, avec les dignitaires de la famille d\u2019El Hadj Malick Sy<\/p>\n<div class=\"page\" title=\"Page 3\">\n<div class=\"section\">\n<div class=\"layoutArea\">\n<div class=\"column\">\n<p>\u00a0Au Khalife ge\u0301ne\u0301ral des Tidjanes, Serigne Babacar Sy Mansour, d\u2019abord, puis a\u0300 toute la cite\u0301 religieuse, dans une salle archi comble de l\u2019Esplanade des Mosque\u0301es, le Pre\u0301sident Macky Sall a fait ses adieux.<\/p>\n<\/div>\n<\/div>\n<\/div>\n<\/div>\n<div class=\"column\">\n<p>\"<em>En 2012, lorsque je venais ici, on m\u2019accusait d\u2019avoir dit des choses contre les guides religieux, vous e\u0301tiez la seule personnalite\u0301 religieuse a\u0300 avoir de\u0301clare\u0301 publiquement que les guides religieux sont des citoyens. Depuis ce jour, on n\u2019a plus reparle\u0301 de c\u0327a<\/em>\", a rappele\u0301 le pre\u0301sident de la Re\u0301publique. Selon Macky Sall, entre lui et Serigne Babacar Sy Mansour, \"c<em>e n\u2019est pas seulement une relation entre un Khalife et un pre\u0301sident de la Re\u0301publique. Quand on est un Khalife, on le reste pour toute la vie alors que chaque pre\u0301sident de la Re\u0301publique va entendre to\u0302t ou tard ancien Pre\u0301sident. Nous rendons gra\u0302ce au Tout-Puissant d\u2019e\u0302tre la\u0300 aujourd\u2019hui et d\u2019avoir accompli notre mission<\/em>\".<\/p>\n<\/div>\n<p>Sur un autre registre, celui de la stabilit\u00e9 du pays, Macky a \u00e9mis son souhait. \"<em>Je veux la stabilite\u0301 et la paix dans le pays. Je veux que vous souteniez l\u2019e\u0301quipe que j\u2019ai choisie. J\u2019aurais pu dire que j\u2019ai le droit de me pre\u0301senter a\u0300 nouveau et que je vais briguer un autre mandat et il y aurait eu des proble\u0300mes. Mais le jeu n\u2019en valait pas la chandelle, du moins pour moi<\/em>\", a fait savoir Macky Sall avant d'encha\u00eener : \"<em>J\u2019ai fait de mon mieux pour aider au de\u0301veloppement de Tivaouane. Ceux qui viendront apre\u0300s moi continueront le travail de\u0301ja\u0300 entame\u0301<\/em>\".<\/p>\n<div class=\"page\" title=\"Page 3\">\n<div class=\"section\">\n<div class=\"layoutArea\">\n<div class=\"column\"><\/div>\n<\/div>\n<\/div>\n<\/div>\n<div class=\"page\" title=\"Page 5\">\n<div class=\"layoutArea\">\n<div class=\"column\">\n<p>Dans l\u2019Esplanade des mosque\u0301es, l\u2019ho\u0302te de marque de Tivaouane a eu droit a\u0300 une standing ovation des e\u0301le\u0301ments du Coskas qui ont tenu, eux aussi, a\u0300 lui te\u0301moigner leur satisfaction pour l\u2019\u0153uvre im- mense accomplie a\u0300 Tivaouane et dans tout le pays. Les autorit\u00e9s religieuses ont de\u0301livre\u0301 un satisfecit total a\u0300 l\u2019endroit du pre\u0301sident de la Re\u0301publique a\u0300 qui elles ont dit un \"<em>grand merci<\/em>\" pour l\u2019ensemble de ses re\u0301alisations dans la ville.<\/p>\n<p>Serigne Moustapha Sy Al Amin a fait comprendre au pre\u0301sident sortant que \"<em>c\u2019est sous votre magiste\u0300re que Tivaouane a obtenu des infrastructures qu\u2019elle n\u2019avait jamais eues auparavant<\/em>\". Aussi le guide religieux a magnifie\u0301 le choix de Macky Sall de respecter sa parole en se limitant a\u0300 deux mandats. Une posture qui, dit-il, \"<em>montre a\u0300 suffisance les valeurs qu\u2019incarne l\u2019homme d\u2019Etat qu\u2019il est<\/em>\".<\/p>\n<p>Quant au maire de Tivaouane, Demba Diop Sy, de concert avec la famille de Mame Maodo, il a offert a\u0300 Macky Sall un terrain de 3500 m2 afin qu\u2019il y e\u0301rige une re\u0301sidence secondaire et devienne citoyen de la ville.<\/p>\n<\/div>\n<\/div>\n<\/div>\n<\/div>\n<\/div>\n<\/div>\n<div class='share-to-whatsapp-wrapper'><div class='share-on-whsp'>PARTAGER SUR : <\/div><a data-text='EN COULISSES - Macky Sall fait ses adieux \u00e0 Tiavouane' data-link='https:\/\/www.nettali.com\/2023\/09\/26\/en-coulisses-macky-sall-fait-ses-adieux-a-tiavouane\/' class='whatsapp-button whatsapp-share'>WhatsApp<\/a><div class='clear '><\/div><\/div>","protected":false},"excerpt":{"rendered":"<p>NETTALI.COM - A Tivaouane, la dernie\u0300re visite officielle de Macky Sall, en tant que chef d\u2019Etat, ce lundi 25 septembre 2023, a e\u0301te\u0301 empreinte de solennite\u0301 et d\u2019e\u0301motions. Macky Sall, accompagne\u0301 du Premier ministre Amadou Ba\u0302 et de membres du gouvernement, dont le ministre de l\u2019Inte\u0301rieur Fe\u0301lix Antoine Diome, le pre\u0301sident du Conseil e\u0301conomique, social [&hellip;]<\/p>\n","protected":false},"author":2,"featured_media":118948,"comment_status":"open","ping_status":"open","sticky":false,"template":"","format":"standard","meta":{"_et_pb_use_builder":"","_et_pb_old_content":""},"categories":[34945],"tags":[],"yoast_head":"<!-- This site is optimized with the Yoast SEO Premium plugin v17.8 (Yoast SEO v17.8) - https:\/\/yoast.com\/wordpress\/plugins\/seo\/ -->\n<title>EN COULISSES - Macky Sall fait ses adieux \u00e0 Tiavouane | Nettali.com<\/title>\n<meta name=\"robots\" content=\"index, follow, max-snippet:-1, max-image-preview:large, max-video-preview:-1\" \/>\n<link rel=\"canonical\" href=\"https:\/\/www.nettali.com\/2023\/09\/26\/en-coulisses-macky-sall-fait-ses-adieux-a-tiavouane\/\" \/>\n<meta property=\"og:locale\" content=\"fr_FR\" \/>\n<meta property=\"og:type\" content=\"article\" \/>\n<meta property=\"og:title\" content=\"EN COULISSES - Macky Sall fait ses adieux \u00e0 Tiavouane\" \/>\n<meta property=\"og:description\" content=\"NETTALI.COM - A Tivaouane, la dernie\u0300re visite officielle de Macky Sall, en tant que chef d\u2019Etat, ce lundi 25 septembre 2023, a e\u0301te\u0301 empreinte de solennite\u0301 et d\u2019e\u0301motions. Macky Sall, accompagne\u0301 du Premier ministre Amadou Ba\u0302 et de membres du gouvernement, dont le ministre de l\u2019Inte\u0301rieur Fe\u0301lix Antoine Diome, le pre\u0301sident du Conseil e\u0301conomique, social [&hellip;]\" \/>\n<meta property=\"og:url\" content=\"https:\/\/www.nettali.com\/2023\/09\/26\/en-coulisses-macky-sall-fait-ses-adieux-a-tiavouane\/\" \/>\n<meta property=\"og:site_name\" content=\"Nettali.com\" \/>\n<meta property=\"article:publisher\" content=\"https:\/\/www.facebook.com\/nettalicom\" \/>\n<meta property=\"article:published_time\" content=\"2023-09-26T09:22:39+00:00\" \/>\n<meta property=\"og:image\" content=\"https:\/\/www.nettali.com\/wp-content\/uploads\/2023\/09\/75448309-52952592.jpg\" \/>\n\t<meta property=\"og:image:width\" content=\"720\" \/>\n\t<meta property=\"og:image:height\" content=\"462\" \/>\n<meta name=\"twitter:card\" content=\"summary_large_image\" \/>\n<meta name=\"twitter:label1\" content=\"\u00c9crit par\" \/>\n\t<meta name=\"twitter:data1\" content=\"CK\" \/>\n\t<meta name=\"twitter:label2\" content=\"Dur\u00e9e de lecture estim\u00e9e\" \/>\n\t<meta name=\"twitter:data2\" content=\"3 minutes\" \/>\n<script type=\"application\/ld+json\" class=\"yoast-schema-graph\">{\"@context\":\"https:\/\/schema.org\",\"@graph\":[{\"@type\":\"WebSite\",\"@id\":\"https:\/\/www.nettali.com\/#website\",\"url\":\"https:\/\/www.nettali.com\/\",\"name\":\"Nettali.com\",\"description\":\"Le rendez-vous critique du Net\",\"potentialAction\":[{\"@type\":\"SearchAction\",\"target\":{\"@type\":\"EntryPoint\",\"urlTemplate\":\"https:\/\/www.nettali.com\/?s={search_term_string}\"},\"query-input\":\"required name=search_term_string\"}],\"inLanguage\":\"fr-FR\"},{\"@type\":\"ImageObject\",\"@id\":\"https:\/\/www.nettali.com\/2023\/09\/26\/en-coulisses-macky-sall-fait-ses-adieux-a-tiavouane\/#primaryimage\",\"inLanguage\":\"fr-FR\",\"url\":\"https:\/\/www.nettali.com\/wp-content\/uploads\/2023\/09\/75448309-52952592.jpg\",\"contentUrl\":\"https:\/\/www.nettali.com\/wp-content\/uploads\/2023\/09\/75448309-52952592.jpg\",\"width\":720,\"height\":462},{\"@type\":\"WebPage\",\"@id\":\"https:\/\/www.nettali.com\/2023\/09\/26\/en-coulisses-macky-sall-fait-ses-adieux-a-tiavouane\/#webpage\",\"url\":\"https:\/\/www.nettali.com\/2023\/09\/26\/en-coulisses-macky-sall-fait-ses-adieux-a-tiavouane\/\",\"name\":\"EN COULISSES - Macky Sall fait ses adieux \\u00e0 Tiavouane | Nettali.com\",\"isPartOf\":{\"@id\":\"https:\/\/www.nettali.com\/#website\"},\"primaryImageOfPage\":{\"@id\":\"https:\/\/www.nettali.com\/2023\/09\/26\/en-coulisses-macky-sall-fait-ses-adieux-a-tiavouane\/#primaryimage\"},\"datePublished\":\"2023-09-26T09:22:39+00:00\",\"dateModified\":\"2023-09-26T09:22:39+00:00\",\"author\":{\"@id\":\"https:\/\/www.nettali.com\/#\/schema\/person\/d8ac7b7e27ddad43f1c0d2ef090d7f71\"},\"breadcrumb\":{\"@id\":\"https:\/\/www.nettali.com\/2023\/09\/26\/en-coulisses-macky-sall-fait-ses-adieux-a-tiavouane\/#breadcrumb\"},\"inLanguage\":\"fr-FR\",\"potentialAction\":[{\"@type\":\"ReadAction\",\"target\":[\"https:\/\/www.nettali.com\/2023\/09\/26\/en-coulisses-macky-sall-fait-ses-adieux-a-tiavouane\/\"]}]},{\"@type\":\"BreadcrumbList\",\"@id\":\"https:\/\/www.nettali.com\/2023\/09\/26\/en-coulisses-macky-sall-fait-ses-adieux-a-tiavouane\/#breadcrumb\",\"itemListElement\":[{\"@type\":\"ListItem\",\"position\":1,\"name\":\"Accueil\",\"item\":\"https:\/\/www.nettali.com\/\"},{\"@type\":\"ListItem\",\"position\":2,\"name\":\"EN COULISSES - Macky Sall fait ses adieux \\u00e0 Tiavouane\"}]},{\"@type\":\"Person\",\"@id\":\"https:\/\/www.nettali.com\/#\/schema\/person\/d8ac7b7e27ddad43f1c0d2ef090d7f71\",\"name\":\"CK\",\"image\":{\"@type\":\"ImageObject\",\"@id\":\"https:\/\/www.nettali.com\/#personlogo\",\"inLanguage\":\"fr-FR\",\"url\":\"https:\/\/secure.gravatar.com\/avatar\/1d8d5118b9327d94da7cd4ce7f17fec2?s=96&d=mm&r=g\",\"contentUrl\":\"https:\/\/secure.gravatar.com\/avatar\/1d8d5118b9327d94da7cd4ce7f17fec2?s=96&d=mm&r=g\",\"caption\":\"CK\"},\"sameAs\":[\"https:\/\/www.nettali.com\"]}]}<\/script>\n<!-- \/ Yoast SEO Premium plugin. -->","yoast_head_json":{"title":"EN COULISSES - Macky Sall fait ses adieux \u00e0 Tiavouane | Nettali.com","robots":{"index":"index","follow":"follow","max-snippet":"max-snippet:-1","max-image-preview":"max-image-preview:large","max-video-preview":"max-video-preview:-1"},"canonical":"https:\/\/www.nettali.com\/2023\/09\/26\/en-coulisses-macky-sall-fait-ses-adieux-a-tiavouane\/","og_locale":"fr_FR","og_type":"article","og_title":"EN COULISSES - Macky Sall fait ses adieux \u00e0 Tiavouane","og_description":"NETTALI.COM - A Tivaouane, la dernie\u0300re visite officielle de Macky Sall, en tant que chef d\u2019Etat, ce lundi 25 septembre 2023, a e\u0301te\u0301 empreinte de solennite\u0301 et d\u2019e\u0301motions. Macky Sall, accompagne\u0301 du Premier ministre Amadou Ba\u0302 et de membres du gouvernement, dont le ministre de l\u2019Inte\u0301rieur Fe\u0301lix Antoine Diome, le pre\u0301sident du Conseil e\u0301conomique, social [&hellip;]","og_url":"https:\/\/www.nettali.com\/2023\/09\/26\/en-coulisses-macky-sall-fait-ses-adieux-a-tiavouane\/","og_site_name":"Nettali.com","article_publisher":"https:\/\/www.facebook.com\/nettalicom","article_published_time":"2023-09-26T09:22:39+00:00","og_image":[{"width":720,"height":462,"url":"https:\/\/www.nettali.com\/wp-content\/uploads\/2023\/09\/75448309-52952592.jpg","type":"image\/jpeg"}],"twitter_card":"summary_large_image","twitter_misc":{"\u00c9crit par":"CK","Dur\u00e9e de lecture estim\u00e9e":"3 minutes"},"schema":{"@context":"https:\/\/schema.org","@graph":[{"@type":"WebSite","@id":"https:\/\/www.nettali.com\/#website","url":"https:\/\/www.nettali.com\/","name":"Nettali.com","description":"Le rendez-vous critique du Net","potentialAction":[{"@type":"SearchAction","target":{"@type":"EntryPoint","urlTemplate":"https:\/\/www.nettali.com\/?s={search_term_string}"},"query-input":"required name=search_term_string"}],"inLanguage":"fr-FR"},{"@type":"ImageObject","@id":"https:\/\/www.nettali.com\/2023\/09\/26\/en-coulisses-macky-sall-fait-ses-adieux-a-tiavouane\/#primaryimage","inLanguage":"fr-FR","url":"https:\/\/www.nettali.com\/wp-content\/uploads\/2023\/09\/75448309-52952592.jpg","contentUrl":"https:\/\/www.nettali.com\/wp-content\/uploads\/2023\/09\/75448309-52952592.jpg","width":720,"height":462},{"@type":"WebPage","@id":"https:\/\/www.nettali.com\/2023\/09\/26\/en-coulisses-macky-sall-fait-ses-adieux-a-tiavouane\/#webpage","url":"https:\/\/www.nettali.com\/2023\/09\/26\/en-coulisses-macky-sall-fait-ses-adieux-a-tiavouane\/","name":"EN COULISSES - Macky Sall fait ses adieux \u00e0 Tiavouane | Nettali.com","isPartOf":{"@id":"https:\/\/www.nettali.com\/#website"},"primaryImageOfPage":{"@id":"https:\/\/www.nettali.com\/2023\/09\/26\/en-coulisses-macky-sall-fait-ses-adieux-a-tiavouane\/#primaryimage"},"datePublished":"2023-09-26T09:22:39+00:00","dateModified":"2023-09-26T09:22:39+00:00","author":{"@id":"https:\/\/www.nettali.com\/#\/schema\/person\/d8ac7b7e27ddad43f1c0d2ef090d7f71"},"breadcrumb":{"@id":"https:\/\/www.nettali.com\/2023\/09\/26\/en-coulisses-macky-sall-fait-ses-adieux-a-tiavouane\/#breadcrumb"},"inLanguage":"fr-FR","potentialAction":[{"@type":"ReadAction","target":["https:\/\/www.nettali.com\/2023\/09\/26\/en-coulisses-macky-sall-fait-ses-adieux-a-tiavouane\/"]}]},{"@type":"BreadcrumbList","@id":"https:\/\/www.nettali.com\/2023\/09\/26\/en-coulisses-macky-sall-fait-ses-adieux-a-tiavouane\/#breadcrumb","itemListElement":[{"@type":"ListItem","position":1,"name":"Accueil","item":"https:\/\/www.nettali.com\/"},{"@type":"ListItem","position":2,"name":"EN COULISSES - Macky Sall fait ses adieux \u00e0 Tiavouane"}]},{"@type":"Person","@id":"https:\/\/www.nettali.com\/#\/schema\/person\/d8ac7b7e27ddad43f1c0d2ef090d7f71","name":"CK","image":{"@type":"ImageObject","@id":"https:\/\/www.nettali.com\/#personlogo","inLanguage":"fr-FR","url":"https:\/\/secure.gravatar.com\/avatar\/1d8d5118b9327d94da7cd4ce7f17fec2?s=96&d=mm&r=g","contentUrl":"https:\/\/secure.gravatar.com\/avatar\/1d8d5118b9327d94da7cd4ce7f17fec2?s=96&d=mm&r=g","caption":"CK"},"sameAs":["https:\/\/www.nettali.com"]}]}},"_links":{"self":[{"href":"https:\/\/www.nettali.com\/rest\/wp\/v2\/posts\/118931"}],"collection":[{"href":"https:\/\/www.nettali.com\/rest\/wp\/v2\/posts"}],"about":[{"href":"https:\/\/www.nettali.com\/rest\/wp\/v2\/types\/post"}],"author":[{"embeddable":true,"href":"https:\/\/www.nettali.com\/rest\/wp\/v2\/users\/2"}],"replies":[{"embeddable":true,"href":"https:\/\/www.nettali.com\/rest\/wp\/v2\/comments?post=118931"}],"version-history":[{"count":5,"href":"https:\/\/www.nettali.com\/rest\/wp\/v2\/posts\/118931\/revisions"}],"predecessor-version":[{"id":118941,"href":"https:\/\/www.nettali.com\/rest\/wp\/v2\/posts\/118931\/revisions\/118941"}],"wp:featuredmedia":[{"embeddable":true,"href":"https:\/\/www.nettali.com\/rest\/wp\/v2\/media\/118948"}],"wp:attachment":[{"href":"https:\/\/www.nettali.com\/rest\/wp\/v2\/media?parent=118931"}],"wp:term":[{"taxonomy":"category","embeddable":true,"href":"https:\/\/www.nettali.com\/rest\/wp\/v2\/categories?post=118931"},{"taxonomy":"post_tag","embeddable":true,"href":"https:\/\/www.nettali.com\/rest\/wp\/v2\/tags?post=118931"}],"curies":[{"name":"wp","href":"https:\/\/api.w.org\/{rel}","templated":true}]}}