{"id":118829,"date":"2023-09-24T12:50:05","date_gmt":"2023-09-24T12:50:05","guid":{"rendered":"https:\/\/www.nettali.com\/?p=118829"},"modified":"2023-09-25T18:02:48","modified_gmt":"2023-09-25T18:02:48","slug":"macky-sall-quiconque-declare-sa-candidature-etant-membre-de-lapr-ou-de-la-coalition-sest-auto-exclu","status":"publish","type":"post","link":"https:\/\/www.nettali.com\/2023\/09\/24\/macky-sall-quiconque-declare-sa-candidature-etant-membre-de-lapr-ou-de-la-coalition-sest-auto-exclu\/","title":{"rendered":"MACKY SALL\u00a0 : \"Quiconque d\u00e9clare sa candidature, \u00e9tant membre de l\u2019Apr ou de la coalition, s\u2019est auto-exclu\""},"content":{"rendered":"<p><strong>NETTALI.COM - Depuis la d\u00e9signation du Premier ministre Amadou Ba comme candidat de la coalition Benno Bok Yakaar (Bby), des candidatures dissidentes sont not\u00e9es. Au point de donner l\u2019impression d\u2019avoir enclench\u00e9 la \u00abmachine \u00e0 perdre\u00bb. Le Pr\u00e9sident Macky Sall qui veut remettre de l\u2019ordre dans la coalition affirme que tous les dissidents se sont auto-exclus.<\/strong><\/p>\n<p>Comme si une candidature en appelle une autre, les dissidences au sein de la majorit\u00e9 commencent \u00e0 prendre des proportions inqui\u00e9tantes. Mahammed Boun Abdallah Dione, Mame Boye Diao, Serigne Gueye Diop, Aly Ngouille qui a d\u00e9missionn\u00e9, apr\u00e8s le choix de Amadou B\u00e2 et ne s\u2019est toujours pas prononc\u00e9. De quoi agacer le Pr\u00e9sident Macky Sall. Lorsqu\u2019il en parle, son courroux se voit \u00e0 mille lieues. Avec un ton sec, histoire de hausser la voix face aux dissidents. Moyen de pression ou simple d\u00e9clinaison de l\u2019accord conclu entre les diff\u00e9rents partis de la majorit\u00e9, la man\u0153uvre a suscit\u00e9 au mieux l\u2019ire du chef de la coalition, au pire de vives menaces. Surtout qu\u2019il a re\u00e7u carte blanche des grandes composantes de Benno Bokk Yakaar (Bby). Quelques heures apr\u00e8s son entretien avec des m\u00e9dias fran\u00e7ais \u00e0 New York o\u00f9 il a confort\u00e9 le choix de Amadou Ba comme candidat unique de la mouvance pr\u00e9sidentielle, le Pr\u00e9sident Sall a voulu remettre les pendules \u00e0 l\u2019heure. Face \u00e0 ses militants bas\u00e9s \u00e0 New York, il s\u2019est voulu on ne peut plus clair. Une pr\u00e9cision aux allures de menace \u00e0 peine voil\u00e9e. <em>\u00abLa coalition Benno Bokk Yakaar n\u2019a qu\u2019un seul et unique candidat, c\u2019est Amadou Ba. Quiconque d\u00e9clare sa candidature alors qu\u2019il appartient au parti ou \u00e0 la m\u00eame coalition ne fait plus partie de notre organisation politique car, ne s\u2019\u00e9tant pas conform\u00e9 au choix ent\u00e9rin\u00e9\u00bb<\/em>, affirme le Pr\u00e9sident.<\/p>\n<p>Dans son speech, Macky Sall laisse entendre qu\u2019il ne comprend pas qu\u2019on lui donne carte blanche et que certains se r\u00e9tractent apr\u00e8s le choix port\u00e9 sur Amadou Ba. <em>\u00abTout le monde \u00e9tait d\u2019accord que Benno n\u2019aura qu\u2019un seul candidat et que chacun respectera le choix. Par cons\u00e9quent, quiconque d\u00e9clare sa candidature, \u00e9tant membre de l\u2019Apr ou de la coalition, s\u2019est auto-exclu. Que chacun assume, parce qu\u2019on ne peut cheminer jusqu\u2019ici et que chacun choisisse de faire ce que bon lui semble.\u00bb<\/em> Face \u00e0 ses militants, il revient sur les crit\u00e8res qui l\u2019ont pouss\u00e9 \u00e0 choisir Amadou Ba. <em>\u00abQuand nous avons regard\u00e9 les crit\u00e8res de chacun des potentiels candidats, nous nous sommes accord\u00e9s que Amadou Ba a le meilleur profil. Cela ne veut pas dire que les autres n\u2019ont pas de comp\u00e9tences ou de qualit\u00e9s \u00e0 gouverner\u2026Mais aujourd\u2019hui, si Amadou Ba gagne, c\u2019est moi, Pr\u00e9sident Macky Sall et la coalition toute enti\u00e8re qui gagnons\u00bb, lance encore le pr\u00e9sident de la R\u00e9publique, Macky Sall invitant les uns et les autres \u00e0 faire preuve de d\u00e9passement et \u00e0 \u00e9viter les querelles inutiles qui ne feront que retarder la coalition. Le plus important, ajoutera le chef de l\u2019Etat, \u00abc\u2019est cette victoire qu\u2019il faut aller chercher dans l\u2019unit\u00e9. Il faut taire toutes les querelles, oublier toutes les difficult\u00e9s v\u00e9cues au nom du S\u00e9n\u00e9gal. Si nous ne le faisons pas, nous le regretterons am\u00e8rement parce que le pays ira vers d\u2019autres mains. Que Dieu nous en pr\u00e9serve.\u00bb<\/em><\/p>\n<p><strong>\u00abJ\u2019ai r\u00e9alis\u00e9 tout ce que j\u2019avais promis et bien au-del\u00e0\u00bb<\/strong><\/p>\n<p>A ceux qui sont convaincus que Macky Sall a parrain\u00e9 certains candidats dissidents de Bby. Il r\u00e9torque\u00a0: <em>\u00abA vous, militants, quiconque vient ici pour vous faire croire qu\u2019il y a une autre strat\u00e9gie que celle que je vous ai dite, raconte sa vie. Nous avons choisi un seul candidat, c\u2019est Amadou Ba et nous allons le soutenir. Et d\u2019ailleurs, \u00e0 mon retour \u00e0 Dakar, je ressemblerai les leaders de la coalition et le candidat qui va signer une charte en prenant l\u2019engagement de poursuivre le Plan S\u00e9n\u00e9gal \u00e9mergent et de rester fid\u00e8le \u00e0 l\u2019Apr et \u00e0 Bby. Nous avons travaill\u00e9 pendant 12 ans et nous allons tout faire pour consolider cela. Il faut faire revivre les sections et nous allons vous accompagner. Il faut remobiliser les troupes, commencer \u00e0 chercher les parrainages, il faut discuter et ramener les frustr\u00e9s. L\u2019unit\u00e9 est indispensable.\u00bb<\/em> A ses militants, il dira qu\u2019ils ont de quoi \u00eatre fiers et motiv\u00e9s pour la poursuite de leur mission. <em>\u00abLa politique n\u2019est pas chose ais\u00e9e. Y plonger et en sortir indemne vaut toutes les gr\u00e2ces. Vous pouvez \u00eatre fiers, j\u2019ai r\u00e9alis\u00e9 tout ce que j\u2019avais promis et bien au-del\u00e0. Le meilleur est qu\u2019en partant, je donnerai la cl\u00e9 \u00e0 un membre de notre camp. Nous devons y mettre toute notre \u00e9nergie. Le S\u00e9n\u00e9gal le vaut bien pour pr\u00e9server sa stabilit\u00e9. Il y a des gens qui, si leur v\u0153u s\u2019\u00e9tait r\u00e9alis\u00e9, le S\u00e9n\u00e9gal ferait partie de la liste des pays en crise. Ceux qui veulent br\u00fbler ce pays ont lamentablement \u00e9chou\u00e9 et ne r\u00e9ussiront jamais. Ils seront tous neutralis\u00e9s. Nous ferons tout pour pr\u00e9server la paix dans le pays. Comment confier un pays \u00e0 des casseurs, des utilisateurs de cocktail molotov, des insulteurs, c\u2019est causer du tort \u00e0 son pays.\u00bb<\/em><\/p>\n<div class='share-to-whatsapp-wrapper'><div class='share-on-whsp'>PARTAGER SUR : <\/div><a data-text='MACKY SALL\u00a0 : \"Quiconque d\u00e9clare sa candidature, \u00e9tant membre de l\u2019Apr ou de la coalition, s\u2019est auto-exclu\"' data-link='https:\/\/www.nettali.com\/2023\/09\/24\/macky-sall-quiconque-declare-sa-candidature-etant-membre-de-lapr-ou-de-la-coalition-sest-auto-exclu\/' class='whatsapp-button whatsapp-share'>WhatsApp<\/a><div class='clear '><\/div><\/div>","protected":false},"excerpt":{"rendered":"<p>NETTALI.COM - Depuis la d\u00e9signation du Premier ministre Amadou Ba comme candidat de la coalition Benno Bok Yakaar (Bby), des candidatures dissidentes sont not\u00e9es. Au point de donner l\u2019impression d\u2019avoir enclench\u00e9 la \u00abmachine \u00e0 perdre\u00bb. Le Pr\u00e9sident Macky Sall qui veut remettre de l\u2019ordre dans la coalition affirme que tous les dissidents se sont auto-exclus. [&hellip;]<\/p>\n","protected":false},"author":4,"featured_media":38091,"comment_status":"open","ping_status":"open","sticky":false,"template":"","format":"standard","meta":{"_et_pb_use_builder":"","_et_pb_old_content":""},"categories":[2],"tags":[],"yoast_head":"<!-- This site is optimized with the Yoast SEO Premium plugin v17.8 (Yoast SEO v17.8) - https:\/\/yoast.com\/wordpress\/plugins\/seo\/ -->\n<title>MACKY SALL\u00a0 : &quot;Quiconque d\u00e9clare sa candidature, \u00e9tant membre de l\u2019Apr ou de la coalition, s\u2019est auto-exclu&quot; | Nettali.com<\/title>\n<meta name=\"robots\" content=\"index, follow, max-snippet:-1, max-image-preview:large, max-video-preview:-1\" \/>\n<link rel=\"canonical\" href=\"https:\/\/www.nettali.com\/2023\/09\/24\/macky-sall-quiconque-declare-sa-candidature-etant-membre-de-lapr-ou-de-la-coalition-sest-auto-exclu\/\" \/>\n<meta property=\"og:locale\" content=\"fr_FR\" \/>\n<meta property=\"og:type\" content=\"article\" \/>\n<meta property=\"og:title\" content=\"MACKY SALL\u00a0 : &quot;Quiconque d\u00e9clare sa candidature, \u00e9tant membre de l\u2019Apr ou de la coalition, s\u2019est auto-exclu&quot;\" \/>\n<meta property=\"og:description\" content=\"NETTALI.COM - Depuis la d\u00e9signation du Premier ministre Amadou Ba comme candidat de la coalition Benno Bok Yakaar (Bby), des candidatures dissidentes sont not\u00e9es. Au point de donner l\u2019impression d\u2019avoir enclench\u00e9 la \u00abmachine \u00e0 perdre\u00bb. Le Pr\u00e9sident Macky Sall qui veut remettre de l\u2019ordre dans la coalition affirme que tous les dissidents se sont auto-exclus. [&hellip;]\" \/>\n<meta property=\"og:url\" content=\"https:\/\/www.nettali.com\/2023\/09\/24\/macky-sall-quiconque-declare-sa-candidature-etant-membre-de-lapr-ou-de-la-coalition-sest-auto-exclu\/\" \/>\n<meta property=\"og:site_name\" content=\"Nettali.com\" \/>\n<meta property=\"article:publisher\" content=\"https:\/\/www.facebook.com\/nettalicom\" \/>\n<meta property=\"article:published_time\" content=\"2023-09-24T12:50:05+00:00\" \/>\n<meta property=\"article:modified_time\" content=\"2023-09-25T18:02:48+00:00\" \/>\n<meta property=\"og:image\" content=\"https:\/\/www.nettali.com\/wp-content\/uploads\/2020\/06\/macky_sall_loi_dhabilitation.jpg\" \/>\n\t<meta property=\"og:image:width\" content=\"678\" \/>\n\t<meta property=\"og:image:height\" content=\"381\" \/>\n<meta name=\"twitter:card\" content=\"summary_large_image\" \/>\n<meta name=\"twitter:label1\" content=\"\u00c9crit par\" \/>\n\t<meta name=\"twitter:data1\" content=\"Daouda\" \/>\n\t<meta name=\"twitter:label2\" content=\"Dur\u00e9e de lecture estim\u00e9e\" \/>\n\t<meta name=\"twitter:data2\" content=\"5 minutes\" \/>\n<script type=\"application\/ld+json\" class=\"yoast-schema-graph\">{\"@context\":\"https:\/\/schema.org\",\"@graph\":[{\"@type\":\"WebSite\",\"@id\":\"https:\/\/www.nettali.com\/#website\",\"url\":\"https:\/\/www.nettali.com\/\",\"name\":\"Nettali.com\",\"description\":\"Le rendez-vous critique du Net\",\"potentialAction\":[{\"@type\":\"SearchAction\",\"target\":{\"@type\":\"EntryPoint\",\"urlTemplate\":\"https:\/\/www.nettali.com\/?s={search_term_string}\"},\"query-input\":\"required name=search_term_string\"}],\"inLanguage\":\"fr-FR\"},{\"@type\":\"ImageObject\",\"@id\":\"https:\/\/www.nettali.com\/2023\/09\/24\/macky-sall-quiconque-declare-sa-candidature-etant-membre-de-lapr-ou-de-la-coalition-sest-auto-exclu\/#primaryimage\",\"inLanguage\":\"fr-FR\",\"url\":\"https:\/\/www.nettali.com\/wp-content\/uploads\/2020\/06\/macky_sall_loi_dhabilitation.jpg\",\"contentUrl\":\"https:\/\/www.nettali.com\/wp-content\/uploads\/2020\/06\/macky_sall_loi_dhabilitation.jpg\",\"width\":678,\"height\":381},{\"@type\":\"WebPage\",\"@id\":\"https:\/\/www.nettali.com\/2023\/09\/24\/macky-sall-quiconque-declare-sa-candidature-etant-membre-de-lapr-ou-de-la-coalition-sest-auto-exclu\/#webpage\",\"url\":\"https:\/\/www.nettali.com\/2023\/09\/24\/macky-sall-quiconque-declare-sa-candidature-etant-membre-de-lapr-ou-de-la-coalition-sest-auto-exclu\/\",\"name\":\"MACKY SALL\\u00a0 : \\\"Quiconque d\\u00e9clare sa candidature, \\u00e9tant membre de l\\u2019Apr ou de la coalition, s\\u2019est auto-exclu\\\" | Nettali.com\",\"isPartOf\":{\"@id\":\"https:\/\/www.nettali.com\/#website\"},\"primaryImageOfPage\":{\"@id\":\"https:\/\/www.nettali.com\/2023\/09\/24\/macky-sall-quiconque-declare-sa-candidature-etant-membre-de-lapr-ou-de-la-coalition-sest-auto-exclu\/#primaryimage\"},\"datePublished\":\"2023-09-24T12:50:05+00:00\",\"dateModified\":\"2023-09-25T18:02:48+00:00\",\"author\":{\"@id\":\"https:\/\/www.nettali.com\/#\/schema\/person\/3317e0bb3aa1da309fbf7b2780901bf4\"},\"breadcrumb\":{\"@id\":\"https:\/\/www.nettali.com\/2023\/09\/24\/macky-sall-quiconque-declare-sa-candidature-etant-membre-de-lapr-ou-de-la-coalition-sest-auto-exclu\/#breadcrumb\"},\"inLanguage\":\"fr-FR\",\"potentialAction\":[{\"@type\":\"ReadAction\",\"target\":[\"https:\/\/www.nettali.com\/2023\/09\/24\/macky-sall-quiconque-declare-sa-candidature-etant-membre-de-lapr-ou-de-la-coalition-sest-auto-exclu\/\"]}]},{\"@type\":\"BreadcrumbList\",\"@id\":\"https:\/\/www.nettali.com\/2023\/09\/24\/macky-sall-quiconque-declare-sa-candidature-etant-membre-de-lapr-ou-de-la-coalition-sest-auto-exclu\/#breadcrumb\",\"itemListElement\":[{\"@type\":\"ListItem\",\"position\":1,\"name\":\"Accueil\",\"item\":\"https:\/\/www.nettali.com\/\"},{\"@type\":\"ListItem\",\"position\":2,\"name\":\"MACKY SALL\\u00a0 : \\\"Quiconque d\\u00e9clare sa candidature, \\u00e9tant membre de l\\u2019Apr ou de la coalition, s\\u2019est auto-exclu\\\"\"}]},{\"@type\":\"Person\",\"@id\":\"https:\/\/www.nettali.com\/#\/schema\/person\/3317e0bb3aa1da309fbf7b2780901bf4\",\"name\":\"Daouda\",\"image\":{\"@type\":\"ImageObject\",\"@id\":\"https:\/\/www.nettali.com\/#personlogo\",\"inLanguage\":\"fr-FR\",\"url\":\"https:\/\/secure.gravatar.com\/avatar\/8d143b5a49345098ddcfee1c49c2f47c?s=96&d=mm&r=g\",\"contentUrl\":\"https:\/\/secure.gravatar.com\/avatar\/8d143b5a49345098ddcfee1c49c2f47c?s=96&d=mm&r=g\",\"caption\":\"Daouda\"},\"sameAs\":[\"https:\/\/www.nettali.com\"]}]}<\/script>\n<!-- \/ Yoast SEO Premium plugin. -->","yoast_head_json":{"title":"MACKY SALL\u00a0 : \"Quiconque d\u00e9clare sa candidature, \u00e9tant membre de l\u2019Apr ou de la coalition, s\u2019est auto-exclu\" | Nettali.com","robots":{"index":"index","follow":"follow","max-snippet":"max-snippet:-1","max-image-preview":"max-image-preview:large","max-video-preview":"max-video-preview:-1"},"canonical":"https:\/\/www.nettali.com\/2023\/09\/24\/macky-sall-quiconque-declare-sa-candidature-etant-membre-de-lapr-ou-de-la-coalition-sest-auto-exclu\/","og_locale":"fr_FR","og_type":"article","og_title":"MACKY SALL\u00a0 : \"Quiconque d\u00e9clare sa candidature, \u00e9tant membre de l\u2019Apr ou de la coalition, s\u2019est auto-exclu\"","og_description":"NETTALI.COM - Depuis la d\u00e9signation du Premier ministre Amadou Ba comme candidat de la coalition Benno Bok Yakaar (Bby), des candidatures dissidentes sont not\u00e9es. Au point de donner l\u2019impression d\u2019avoir enclench\u00e9 la \u00abmachine \u00e0 perdre\u00bb. Le Pr\u00e9sident Macky Sall qui veut remettre de l\u2019ordre dans la coalition affirme que tous les dissidents se sont auto-exclus. [&hellip;]","og_url":"https:\/\/www.nettali.com\/2023\/09\/24\/macky-sall-quiconque-declare-sa-candidature-etant-membre-de-lapr-ou-de-la-coalition-sest-auto-exclu\/","og_site_name":"Nettali.com","article_publisher":"https:\/\/www.facebook.com\/nettalicom","article_published_time":"2023-09-24T12:50:05+00:00","article_modified_time":"2023-09-25T18:02:48+00:00","og_image":[{"width":678,"height":381,"url":"https:\/\/www.nettali.com\/wp-content\/uploads\/2020\/06\/macky_sall_loi_dhabilitation.jpg","type":"image\/jpeg"}],"twitter_card":"summary_large_image","twitter_misc":{"\u00c9crit par":"Daouda","Dur\u00e9e de lecture estim\u00e9e":"5 minutes"},"schema":{"@context":"https:\/\/schema.org","@graph":[{"@type":"WebSite","@id":"https:\/\/www.nettali.com\/#website","url":"https:\/\/www.nettali.com\/","name":"Nettali.com","description":"Le rendez-vous critique du Net","potentialAction":[{"@type":"SearchAction","target":{"@type":"EntryPoint","urlTemplate":"https:\/\/www.nettali.com\/?s={search_term_string}"},"query-input":"required name=search_term_string"}],"inLanguage":"fr-FR"},{"@type":"ImageObject","@id":"https:\/\/www.nettali.com\/2023\/09\/24\/macky-sall-quiconque-declare-sa-candidature-etant-membre-de-lapr-ou-de-la-coalition-sest-auto-exclu\/#primaryimage","inLanguage":"fr-FR","url":"https:\/\/www.nettali.com\/wp-content\/uploads\/2020\/06\/macky_sall_loi_dhabilitation.jpg","contentUrl":"https:\/\/www.nettali.com\/wp-content\/uploads\/2020\/06\/macky_sall_loi_dhabilitation.jpg","width":678,"height":381},{"@type":"WebPage","@id":"https:\/\/www.nettali.com\/2023\/09\/24\/macky-sall-quiconque-declare-sa-candidature-etant-membre-de-lapr-ou-de-la-coalition-sest-auto-exclu\/#webpage","url":"https:\/\/www.nettali.com\/2023\/09\/24\/macky-sall-quiconque-declare-sa-candidature-etant-membre-de-lapr-ou-de-la-coalition-sest-auto-exclu\/","name":"MACKY SALL\u00a0 : \"Quiconque d\u00e9clare sa candidature, \u00e9tant membre de l\u2019Apr ou de la coalition, s\u2019est auto-exclu\" | Nettali.com","isPartOf":{"@id":"https:\/\/www.nettali.com\/#website"},"primaryImageOfPage":{"@id":"https:\/\/www.nettali.com\/2023\/09\/24\/macky-sall-quiconque-declare-sa-candidature-etant-membre-de-lapr-ou-de-la-coalition-sest-auto-exclu\/#primaryimage"},"datePublished":"2023-09-24T12:50:05+00:00","dateModified":"2023-09-25T18:02:48+00:00","author":{"@id":"https:\/\/www.nettali.com\/#\/schema\/person\/3317e0bb3aa1da309fbf7b2780901bf4"},"breadcrumb":{"@id":"https:\/\/www.nettali.com\/2023\/09\/24\/macky-sall-quiconque-declare-sa-candidature-etant-membre-de-lapr-ou-de-la-coalition-sest-auto-exclu\/#breadcrumb"},"inLanguage":"fr-FR","potentialAction":[{"@type":"ReadAction","target":["https:\/\/www.nettali.com\/2023\/09\/24\/macky-sall-quiconque-declare-sa-candidature-etant-membre-de-lapr-ou-de-la-coalition-sest-auto-exclu\/"]}]},{"@type":"BreadcrumbList","@id":"https:\/\/www.nettali.com\/2023\/09\/24\/macky-sall-quiconque-declare-sa-candidature-etant-membre-de-lapr-ou-de-la-coalition-sest-auto-exclu\/#breadcrumb","itemListElement":[{"@type":"ListItem","position":1,"name":"Accueil","item":"https:\/\/www.nettali.com\/"},{"@type":"ListItem","position":2,"name":"MACKY SALL\u00a0 : \"Quiconque d\u00e9clare sa candidature, \u00e9tant membre de l\u2019Apr ou de la coalition, s\u2019est auto-exclu\""}]},{"@type":"Person","@id":"https:\/\/www.nettali.com\/#\/schema\/person\/3317e0bb3aa1da309fbf7b2780901bf4","name":"Daouda","image":{"@type":"ImageObject","@id":"https:\/\/www.nettali.com\/#personlogo","inLanguage":"fr-FR","url":"https:\/\/secure.gravatar.com\/avatar\/8d143b5a49345098ddcfee1c49c2f47c?s=96&d=mm&r=g","contentUrl":"https:\/\/secure.gravatar.com\/avatar\/8d143b5a49345098ddcfee1c49c2f47c?s=96&d=mm&r=g","caption":"Daouda"},"sameAs":["https:\/\/www.nettali.com"]}]}},"_links":{"self":[{"href":"https:\/\/www.nettali.com\/rest\/wp\/v2\/posts\/118829"}],"collection":[{"href":"https:\/\/www.nettali.com\/rest\/wp\/v2\/posts"}],"about":[{"href":"https:\/\/www.nettali.com\/rest\/wp\/v2\/types\/post"}],"author":[{"embeddable":true,"href":"https:\/\/www.nettali.com\/rest\/wp\/v2\/users\/4"}],"replies":[{"embeddable":true,"href":"https:\/\/www.nettali.com\/rest\/wp\/v2\/comments?post=118829"}],"version-history":[{"count":2,"href":"https:\/\/www.nettali.com\/rest\/wp\/v2\/posts\/118829\/revisions"}],"predecessor-version":[{"id":118844,"href":"https:\/\/www.nettali.com\/rest\/wp\/v2\/posts\/118829\/revisions\/118844"}],"wp:featuredmedia":[{"embeddable":true,"href":"https:\/\/www.nettali.com\/rest\/wp\/v2\/media\/38091"}],"wp:attachment":[{"href":"https:\/\/www.nettali.com\/rest\/wp\/v2\/media?parent=118829"}],"wp:term":[{"taxonomy":"category","embeddable":true,"href":"https:\/\/www.nettali.com\/rest\/wp\/v2\/categories?post=118829"},{"taxonomy":"post_tag","embeddable":true,"href":"https:\/\/www.nettali.com\/rest\/wp\/v2\/tags?post=118829"}],"curies":[{"name":"wp","href":"https:\/\/api.w.org\/{rel}","templated":true}]}}