{"id":118736,"date":"2023-09-22T16:24:56","date_gmt":"2023-09-22T16:24:56","guid":{"rendered":"https:\/\/www.nettali.com\/?p=118736"},"modified":"2023-09-23T14:57:51","modified_gmt":"2023-09-23T14:57:51","slug":"centre-mondial-sur-ladaptation-macky-rejoint-le-conseil-de-surveillance-dune-organisation-onusienne","status":"publish","type":"post","link":"https:\/\/www.nettali.com\/2023\/09\/22\/centre-mondial-sur-ladaptation-macky-rejoint-le-conseil-de-surveillance-dune-organisation-onusienne\/","title":{"rendered":"CENTRE MONDIAL SUR L'ADAPTATION - Macky rejoint le conseil de surveillance d'une organisation onusienne"},"content":{"rendered":"<p><strong>NETTALI.COM - Le pr\u00e9sident du S\u00e9n\u00e9gal, Macky Sall, a d\u00e9cid\u00e9 de rejoindre le Conseil de surveillance du Centre mondial sur l\u2019adaptation (Gca), une organisation internationale travaillant \u00e0 trouver des solutions innovantes pour un avenir r\u00e9silient au climat.<\/strong><\/p>\n<p><em>\u00ab\u00a0Le pr\u00e9sident du S\u00e9n\u00e9gal, Macky Sall, a accept\u00e9 l\u2019invitation du 8\u00e8me Secr\u00e9taire g\u00e9n\u00e9ral des Nations Unies et Pr\u00e9sident du Centre mondial pour l\u2019adaptation (GCA) [Ban Ki-moon] \u00e0 rejoindre le Conseil de surveillance du GCA suite \u00e0 leur r\u00e9union en marge du Sommet africain sur le climat \u00e0 Nairobi, au Kenya\u2019\u2019<\/em>, peut-on lire dans le communiqu\u00e9 publi\u00e9 par l\u2019organisation.<\/p>\n<p><em>\u00ab\u00a0Je suis ravi de rejoindre le conseil d\u2019administration du Centre mondial sur l\u2019adaptation avec Ban Ki-moon et le professeur Patrick Verkooijen\u2019\u2019<\/em>, a r\u00e9agi le chef de l\u2019Etat s\u00e9n\u00e9galais sur le r\u00e9seau social X.<\/p>\n<p>Ban Ki-moon a, pour sa part, salu\u00e9 l\u2019entr\u00e9e du pr\u00e9sident s\u00e9n\u00e9galais au Conseil de surveillance, soulignant que <em>\u00able pr\u00e9sident Macky Sall a compris tr\u00e8s t\u00f4t que l\u2019adaptation au climat \u00e9tait une opportunit\u00e9 pour forger une nouvelle voie de d\u00e9veloppement r\u00e9siliente au climat pour l\u2019Afrique \u2013 une voie plus intelligente, plus efficace, plus efficiente et plus productive\u00a0\u00bb<\/em>.<\/p>\n<p>Face \u00e0 l\u2019urgence climatique, le S\u00e9n\u00e9gal a \u00e9labor\u00e9 un Programme d\u2019acc\u00e9l\u00e9ration de l\u2019adaptation en Afrique (PAAA), qui est une feuille de route d\u00e9crivant les priorit\u00e9s d\u2019investissement en mati\u00e8re d\u2019adaptation, les besoins de financement et les strat\u00e9gies de mobilisation de fonds pour la mise en \u0153uvre des mesures d\u2019adaptation climatique dans le pays.<\/p>\n<p><em>\u00ab\u00a0J\u2019ai h\u00e2te de travailler en \u00e9troite collaboration avec le pr\u00e9sident [Macky Sall] pour acc\u00e9l\u00e9rer des mesures d\u2019adaptation audacieuses afin de renforcer la r\u00e9silience de l\u2019Afrique et de d\u00e9bloquer la croissance et les opportunit\u00e9s \u00e9conomiques<\/em> \u00bb, a d\u00e9clar\u00e9 le professeur Patrick Verkooijen, PDG du Centre mondial sur l\u2019adaptation.<\/p>\n<p>&nbsp;<\/p>\n<div class='share-to-whatsapp-wrapper'><div class='share-on-whsp'>PARTAGER SUR : <\/div><a data-text='CENTRE MONDIAL SUR L'ADAPTATION - Macky rejoint le conseil de surveillance d'une organisation onusienne' data-link='https:\/\/www.nettali.com\/2023\/09\/22\/centre-mondial-sur-ladaptation-macky-rejoint-le-conseil-de-surveillance-dune-organisation-onusienne\/' class='whatsapp-button whatsapp-share'>WhatsApp<\/a><div class='clear '><\/div><\/div>","protected":false},"excerpt":{"rendered":"<p>NETTALI.COM - Le pr\u00e9sident du S\u00e9n\u00e9gal, Macky Sall, a d\u00e9cid\u00e9 de rejoindre le Conseil de surveillance du Centre mondial sur l\u2019adaptation (Gca), une organisation internationale travaillant \u00e0 trouver des solutions innovantes pour un avenir r\u00e9silient au climat. \u00ab\u00a0Le pr\u00e9sident du S\u00e9n\u00e9gal, Macky Sall, a accept\u00e9 l\u2019invitation du 8\u00e8me Secr\u00e9taire g\u00e9n\u00e9ral des Nations Unies et Pr\u00e9sident [&hellip;]<\/p>\n","protected":false},"author":4,"featured_media":118430,"comment_status":"open","ping_status":"open","sticky":false,"template":"","format":"standard","meta":{"_et_pb_use_builder":"","_et_pb_old_content":""},"categories":[2],"tags":[],"yoast_head":"<!-- This site is optimized with the Yoast SEO Premium plugin v17.8 (Yoast SEO v17.8) - https:\/\/yoast.com\/wordpress\/plugins\/seo\/ -->\n<title>CENTRE MONDIAL SUR L&#039;ADAPTATION - Macky rejoint le conseil de surveillance d&#039;une organisation onusienne | Nettali.com<\/title>\n<meta name=\"robots\" content=\"index, follow, max-snippet:-1, max-image-preview:large, max-video-preview:-1\" \/>\n<link rel=\"canonical\" href=\"https:\/\/www.nettali.com\/2023\/09\/22\/centre-mondial-sur-ladaptation-macky-rejoint-le-conseil-de-surveillance-dune-organisation-onusienne\/\" \/>\n<meta property=\"og:locale\" content=\"fr_FR\" \/>\n<meta property=\"og:type\" content=\"article\" \/>\n<meta property=\"og:title\" content=\"CENTRE MONDIAL SUR L&#039;ADAPTATION - Macky rejoint le conseil de surveillance d&#039;une organisation onusienne\" \/>\n<meta property=\"og:description\" content=\"NETTALI.COM - Le pr\u00e9sident du S\u00e9n\u00e9gal, Macky Sall, a d\u00e9cid\u00e9 de rejoindre le Conseil de surveillance du Centre mondial sur l\u2019adaptation (Gca), une organisation internationale travaillant \u00e0 trouver des solutions innovantes pour un avenir r\u00e9silient au climat. \u00ab\u00a0Le pr\u00e9sident du S\u00e9n\u00e9gal, Macky Sall, a accept\u00e9 l\u2019invitation du 8\u00e8me Secr\u00e9taire g\u00e9n\u00e9ral des Nations Unies et Pr\u00e9sident [&hellip;]\" \/>\n<meta property=\"og:url\" content=\"https:\/\/www.nettali.com\/2023\/09\/22\/centre-mondial-sur-ladaptation-macky-rejoint-le-conseil-de-surveillance-dune-organisation-onusienne\/\" \/>\n<meta property=\"og:site_name\" content=\"Nettali.com\" \/>\n<meta property=\"article:publisher\" content=\"https:\/\/www.facebook.com\/nettalicom\" \/>\n<meta property=\"article:published_time\" content=\"2023-09-22T16:24:56+00:00\" \/>\n<meta property=\"article:modified_time\" content=\"2023-09-23T14:57:51+00:00\" \/>\n<meta property=\"og:image\" content=\"https:\/\/www.nettali.com\/wp-content\/uploads\/2023\/09\/Senegal-le-president-Macky-Sall-annonce-qu-il-ne-sera-pas-candidat-a-sa-reelection-en-2024-scaled.jpg\" \/>\n\t<meta property=\"og:image:width\" content=\"2560\" \/>\n\t<meta property=\"og:image:height\" content=\"1280\" \/>\n<meta name=\"twitter:card\" content=\"summary_large_image\" \/>\n<meta name=\"twitter:label1\" content=\"\u00c9crit par\" \/>\n\t<meta name=\"twitter:data1\" content=\"Daouda\" \/>\n\t<meta name=\"twitter:label2\" content=\"Dur\u00e9e de lecture estim\u00e9e\" \/>\n\t<meta name=\"twitter:data2\" content=\"2 minutes\" \/>\n<script type=\"application\/ld+json\" class=\"yoast-schema-graph\">{\"@context\":\"https:\/\/schema.org\",\"@graph\":[{\"@type\":\"WebSite\",\"@id\":\"https:\/\/www.nettali.com\/#website\",\"url\":\"https:\/\/www.nettali.com\/\",\"name\":\"Nettali.com\",\"description\":\"Le rendez-vous critique du Net\",\"potentialAction\":[{\"@type\":\"SearchAction\",\"target\":{\"@type\":\"EntryPoint\",\"urlTemplate\":\"https:\/\/www.nettali.com\/?s={search_term_string}\"},\"query-input\":\"required name=search_term_string\"}],\"inLanguage\":\"fr-FR\"},{\"@type\":\"ImageObject\",\"@id\":\"https:\/\/www.nettali.com\/2023\/09\/22\/centre-mondial-sur-ladaptation-macky-rejoint-le-conseil-de-surveillance-dune-organisation-onusienne\/#primaryimage\",\"inLanguage\":\"fr-FR\",\"url\":\"https:\/\/www.nettali.com\/wp-content\/uploads\/2023\/09\/Senegal-le-president-Macky-Sall-annonce-qu-il-ne-sera-pas-candidat-a-sa-reelection-en-2024-scaled.jpg\",\"contentUrl\":\"https:\/\/www.nettali.com\/wp-content\/uploads\/2023\/09\/Senegal-le-president-Macky-Sall-annonce-qu-il-ne-sera-pas-candidat-a-sa-reelection-en-2024-scaled.jpg\",\"width\":2560,\"height\":1280},{\"@type\":\"WebPage\",\"@id\":\"https:\/\/www.nettali.com\/2023\/09\/22\/centre-mondial-sur-ladaptation-macky-rejoint-le-conseil-de-surveillance-dune-organisation-onusienne\/#webpage\",\"url\":\"https:\/\/www.nettali.com\/2023\/09\/22\/centre-mondial-sur-ladaptation-macky-rejoint-le-conseil-de-surveillance-dune-organisation-onusienne\/\",\"name\":\"CENTRE MONDIAL SUR L'ADAPTATION - Macky rejoint le conseil de surveillance d'une organisation onusienne | Nettali.com\",\"isPartOf\":{\"@id\":\"https:\/\/www.nettali.com\/#website\"},\"primaryImageOfPage\":{\"@id\":\"https:\/\/www.nettali.com\/2023\/09\/22\/centre-mondial-sur-ladaptation-macky-rejoint-le-conseil-de-surveillance-dune-organisation-onusienne\/#primaryimage\"},\"datePublished\":\"2023-09-22T16:24:56+00:00\",\"dateModified\":\"2023-09-23T14:57:51+00:00\",\"author\":{\"@id\":\"https:\/\/www.nettali.com\/#\/schema\/person\/3317e0bb3aa1da309fbf7b2780901bf4\"},\"breadcrumb\":{\"@id\":\"https:\/\/www.nettali.com\/2023\/09\/22\/centre-mondial-sur-ladaptation-macky-rejoint-le-conseil-de-surveillance-dune-organisation-onusienne\/#breadcrumb\"},\"inLanguage\":\"fr-FR\",\"potentialAction\":[{\"@type\":\"ReadAction\",\"target\":[\"https:\/\/www.nettali.com\/2023\/09\/22\/centre-mondial-sur-ladaptation-macky-rejoint-le-conseil-de-surveillance-dune-organisation-onusienne\/\"]}]},{\"@type\":\"BreadcrumbList\",\"@id\":\"https:\/\/www.nettali.com\/2023\/09\/22\/centre-mondial-sur-ladaptation-macky-rejoint-le-conseil-de-surveillance-dune-organisation-onusienne\/#breadcrumb\",\"itemListElement\":[{\"@type\":\"ListItem\",\"position\":1,\"name\":\"Accueil\",\"item\":\"https:\/\/www.nettali.com\/\"},{\"@type\":\"ListItem\",\"position\":2,\"name\":\"CENTRE MONDIAL SUR L'ADAPTATION - Macky rejoint le conseil de surveillance d'une organisation onusienne\"}]},{\"@type\":\"Person\",\"@id\":\"https:\/\/www.nettali.com\/#\/schema\/person\/3317e0bb3aa1da309fbf7b2780901bf4\",\"name\":\"Daouda\",\"image\":{\"@type\":\"ImageObject\",\"@id\":\"https:\/\/www.nettali.com\/#personlogo\",\"inLanguage\":\"fr-FR\",\"url\":\"https:\/\/secure.gravatar.com\/avatar\/8d143b5a49345098ddcfee1c49c2f47c?s=96&d=mm&r=g\",\"contentUrl\":\"https:\/\/secure.gravatar.com\/avatar\/8d143b5a49345098ddcfee1c49c2f47c?s=96&d=mm&r=g\",\"caption\":\"Daouda\"},\"sameAs\":[\"https:\/\/www.nettali.com\"]}]}<\/script>\n<!-- \/ Yoast SEO Premium plugin. -->","yoast_head_json":{"title":"CENTRE MONDIAL SUR L'ADAPTATION - Macky rejoint le conseil de surveillance d'une organisation onusienne | Nettali.com","robots":{"index":"index","follow":"follow","max-snippet":"max-snippet:-1","max-image-preview":"max-image-preview:large","max-video-preview":"max-video-preview:-1"},"canonical":"https:\/\/www.nettali.com\/2023\/09\/22\/centre-mondial-sur-ladaptation-macky-rejoint-le-conseil-de-surveillance-dune-organisation-onusienne\/","og_locale":"fr_FR","og_type":"article","og_title":"CENTRE MONDIAL SUR L'ADAPTATION - Macky rejoint le conseil de surveillance d'une organisation onusienne","og_description":"NETTALI.COM - Le pr\u00e9sident du S\u00e9n\u00e9gal, Macky Sall, a d\u00e9cid\u00e9 de rejoindre le Conseil de surveillance du Centre mondial sur l\u2019adaptation (Gca), une organisation internationale travaillant \u00e0 trouver des solutions innovantes pour un avenir r\u00e9silient au climat. \u00ab\u00a0Le pr\u00e9sident du S\u00e9n\u00e9gal, Macky Sall, a accept\u00e9 l\u2019invitation du 8\u00e8me Secr\u00e9taire g\u00e9n\u00e9ral des Nations Unies et Pr\u00e9sident [&hellip;]","og_url":"https:\/\/www.nettali.com\/2023\/09\/22\/centre-mondial-sur-ladaptation-macky-rejoint-le-conseil-de-surveillance-dune-organisation-onusienne\/","og_site_name":"Nettali.com","article_publisher":"https:\/\/www.facebook.com\/nettalicom","article_published_time":"2023-09-22T16:24:56+00:00","article_modified_time":"2023-09-23T14:57:51+00:00","og_image":[{"width":2560,"height":1280,"url":"https:\/\/www.nettali.com\/wp-content\/uploads\/2023\/09\/Senegal-le-president-Macky-Sall-annonce-qu-il-ne-sera-pas-candidat-a-sa-reelection-en-2024-scaled.jpg","type":"image\/jpeg"}],"twitter_card":"summary_large_image","twitter_misc":{"\u00c9crit par":"Daouda","Dur\u00e9e de lecture estim\u00e9e":"2 minutes"},"schema":{"@context":"https:\/\/schema.org","@graph":[{"@type":"WebSite","@id":"https:\/\/www.nettali.com\/#website","url":"https:\/\/www.nettali.com\/","name":"Nettali.com","description":"Le rendez-vous critique du Net","potentialAction":[{"@type":"SearchAction","target":{"@type":"EntryPoint","urlTemplate":"https:\/\/www.nettali.com\/?s={search_term_string}"},"query-input":"required name=search_term_string"}],"inLanguage":"fr-FR"},{"@type":"ImageObject","@id":"https:\/\/www.nettali.com\/2023\/09\/22\/centre-mondial-sur-ladaptation-macky-rejoint-le-conseil-de-surveillance-dune-organisation-onusienne\/#primaryimage","inLanguage":"fr-FR","url":"https:\/\/www.nettali.com\/wp-content\/uploads\/2023\/09\/Senegal-le-president-Macky-Sall-annonce-qu-il-ne-sera-pas-candidat-a-sa-reelection-en-2024-scaled.jpg","contentUrl":"https:\/\/www.nettali.com\/wp-content\/uploads\/2023\/09\/Senegal-le-president-Macky-Sall-annonce-qu-il-ne-sera-pas-candidat-a-sa-reelection-en-2024-scaled.jpg","width":2560,"height":1280},{"@type":"WebPage","@id":"https:\/\/www.nettali.com\/2023\/09\/22\/centre-mondial-sur-ladaptation-macky-rejoint-le-conseil-de-surveillance-dune-organisation-onusienne\/#webpage","url":"https:\/\/www.nettali.com\/2023\/09\/22\/centre-mondial-sur-ladaptation-macky-rejoint-le-conseil-de-surveillance-dune-organisation-onusienne\/","name":"CENTRE MONDIAL SUR L'ADAPTATION - Macky rejoint le conseil de surveillance d'une organisation onusienne | Nettali.com","isPartOf":{"@id":"https:\/\/www.nettali.com\/#website"},"primaryImageOfPage":{"@id":"https:\/\/www.nettali.com\/2023\/09\/22\/centre-mondial-sur-ladaptation-macky-rejoint-le-conseil-de-surveillance-dune-organisation-onusienne\/#primaryimage"},"datePublished":"2023-09-22T16:24:56+00:00","dateModified":"2023-09-23T14:57:51+00:00","author":{"@id":"https:\/\/www.nettali.com\/#\/schema\/person\/3317e0bb3aa1da309fbf7b2780901bf4"},"breadcrumb":{"@id":"https:\/\/www.nettali.com\/2023\/09\/22\/centre-mondial-sur-ladaptation-macky-rejoint-le-conseil-de-surveillance-dune-organisation-onusienne\/#breadcrumb"},"inLanguage":"fr-FR","potentialAction":[{"@type":"ReadAction","target":["https:\/\/www.nettali.com\/2023\/09\/22\/centre-mondial-sur-ladaptation-macky-rejoint-le-conseil-de-surveillance-dune-organisation-onusienne\/"]}]},{"@type":"BreadcrumbList","@id":"https:\/\/www.nettali.com\/2023\/09\/22\/centre-mondial-sur-ladaptation-macky-rejoint-le-conseil-de-surveillance-dune-organisation-onusienne\/#breadcrumb","itemListElement":[{"@type":"ListItem","position":1,"name":"Accueil","item":"https:\/\/www.nettali.com\/"},{"@type":"ListItem","position":2,"name":"CENTRE MONDIAL SUR L'ADAPTATION - Macky rejoint le conseil de surveillance d'une organisation onusienne"}]},{"@type":"Person","@id":"https:\/\/www.nettali.com\/#\/schema\/person\/3317e0bb3aa1da309fbf7b2780901bf4","name":"Daouda","image":{"@type":"ImageObject","@id":"https:\/\/www.nettali.com\/#personlogo","inLanguage":"fr-FR","url":"https:\/\/secure.gravatar.com\/avatar\/8d143b5a49345098ddcfee1c49c2f47c?s=96&d=mm&r=g","contentUrl":"https:\/\/secure.gravatar.com\/avatar\/8d143b5a49345098ddcfee1c49c2f47c?s=96&d=mm&r=g","caption":"Daouda"},"sameAs":["https:\/\/www.nettali.com"]}]}},"_links":{"self":[{"href":"https:\/\/www.nettali.com\/rest\/wp\/v2\/posts\/118736"}],"collection":[{"href":"https:\/\/www.nettali.com\/rest\/wp\/v2\/posts"}],"about":[{"href":"https:\/\/www.nettali.com\/rest\/wp\/v2\/types\/post"}],"author":[{"embeddable":true,"href":"https:\/\/www.nettali.com\/rest\/wp\/v2\/users\/4"}],"replies":[{"embeddable":true,"href":"https:\/\/www.nettali.com\/rest\/wp\/v2\/comments?post=118736"}],"version-history":[{"count":1,"href":"https:\/\/www.nettali.com\/rest\/wp\/v2\/posts\/118736\/revisions"}],"predecessor-version":[{"id":118737,"href":"https:\/\/www.nettali.com\/rest\/wp\/v2\/posts\/118736\/revisions\/118737"}],"wp:featuredmedia":[{"embeddable":true,"href":"https:\/\/www.nettali.com\/rest\/wp\/v2\/media\/118430"}],"wp:attachment":[{"href":"https:\/\/www.nettali.com\/rest\/wp\/v2\/media?parent=118736"}],"wp:term":[{"taxonomy":"category","embeddable":true,"href":"https:\/\/www.nettali.com\/rest\/wp\/v2\/categories?post=118736"},{"taxonomy":"post_tag","embeddable":true,"href":"https:\/\/www.nettali.com\/rest\/wp\/v2\/tags?post=118736"}],"curies":[{"name":"wp","href":"https:\/\/api.w.org\/{rel}","templated":true}]}}