{"id":118733,"date":"2023-09-22T15:38:58","date_gmt":"2023-09-22T15:38:58","guid":{"rendered":"https:\/\/www.nettali.com\/?p=118733"},"modified":"2023-09-22T15:38:58","modified_gmt":"2023-09-22T15:38:58","slug":"video-a-caractere-sexuel-quatre-joueurs-du-real-madrid-inculpes","status":"publish","type":"post","link":"https:\/\/www.nettali.com\/2023\/09\/22\/video-a-caractere-sexuel-quatre-joueurs-du-real-madrid-inculpes\/","title":{"rendered":"VIDEO A CARACTERE SEXUEL - Quatre joueurs du Real Madrid inculp\u00e9s"},"content":{"rendered":"<div><strong><span style=\"font-size: 16px;\">NETTALI.COM - Quatre jeunes joueurs des \u00e9quipes r\u00e9serves du Real Madrid ont \u00e9t\u00e9 inculp\u00e9s pour la diffusion d'une vid\u00e9o \u00e0 caract\u00e8re sexuel impliquant une mineure, a appris l'AFP vendredi de source judiciaire.<\/span><\/strong><\/div>\n<div><span style=\"font-size: 16px;\">Mi-septembre, la Garde civile avait annonc\u00e9 avoir arr\u00eat\u00e9 trois de ces joueurs, suite au d\u00e9p\u00f4t d'une plainte par la m\u00e8re de la victime \u00e2g\u00e9e de 16 ans, pour leur implication dans la \"diffusion d'une vid\u00e9o \u00e0 contenu sexuel avec une mineure\".<\/span><\/div>\n<div><span style=\"font-size: 16px;\">\u00a0<\/span><\/div>\n<div><span style=\"font-size: 16px;\">Ag\u00e9s de 21 \u00e0 22 ans, ils avaient \u00e9t\u00e9 arr\u00eat\u00e9s au centre d'entra\u00eenement du club madril\u00e8ne.<\/span><\/div>\n<div><span style=\"font-size: 16px;\">\u00a0<\/span><\/div>\n<div><span style=\"font-size: 16px;\">Remis en libert\u00e9 apr\u00e8s leur interrogatoire, ils ont \u00e9t\u00e9 inculp\u00e9s, avec un quatri\u00e8me joueur, dans cette affaire, a indiqu\u00e9 \u00e0 l'AFP la source judiciaire, pr\u00e9cisant que le contenu de leurs portables avait \u00e9t\u00e9 examin\u00e9.<\/span><\/div>\n<div><span style=\"font-size: 16px;\">\u00a0<\/span><\/div>\n<div><span style=\"font-size: 16px;\">L'identit\u00e9 de ces joueurs n'a pas \u00e9t\u00e9 d\u00e9voil\u00e9e par la Garde civile mais le Real Madrid avait indiqu\u00e9, dans un communiqu\u00e9 la semaine derni\u00e8re, qu'un joueur de la Castilla, son \u00e9quipe B, et trois joueurs de son \u00e9quipe C avaient \u00e9t\u00e9 interrog\u00e9s par \"la Garde Civile concernant une plainte pour la diffusion pr\u00e9sum\u00e9e d'une vid\u00e9o priv\u00e9e sur WhatsApp\".<\/span><\/div>\n<div><span style=\"font-size: 16px;\">\u00a0<\/span><\/div>\n<div><span style=\"font-size: 16px;\">Selon les m\u00e9dias locaux, le suspect principal, qui \u00e9volue au Real Madrid C, aurait film\u00e9 une relation sexuelle consentie avec la jeune fille, sans lui demander son accord, et avait ensuite envoy\u00e9 la vid\u00e9o aux autres inculp\u00e9s.<\/span><\/div>\n<div><span style=\"font-size: 16px;\">\u00a0<\/span><\/div>\n<div><span style=\"font-size: 16px;\">Les faits se sont d\u00e9roul\u00e9s dans l'archipel des Canaries mi-juin.<\/span><\/div>\n<div><span style=\"font-size: 16px;\">\u00a0<\/span><\/div>\n<div><span style=\"font-size: 16px;\">Une deuxi\u00e8me victime, majeure, a port\u00e9 plainte, selon la Garde civile, qui n'a pas donn\u00e9 plus de pr\u00e9cisions.<\/span><\/div>\n<div><span style=\"font-size: 16px;\">\u00a0<\/span><\/div>\n<div><span style=\"font-size: 16px;\">L'affaire a \u00e9t\u00e9 r\u00e9v\u00e9l\u00e9e mi-septembre alors que le football espagnol est secou\u00e9 par le scandale du baiser forc\u00e9 donn\u00e9 par l'ex-pr\u00e9sident de la F\u00e9d\u00e9ration, Luis Rubiales, \u00e0 l'internationale espagnole Jenni Hermoso, apr\u00e8s le sacre mondial de la \"Roja\" f\u00e9minine.<\/span><\/div>\n<div class='share-to-whatsapp-wrapper'><div class='share-on-whsp'>PARTAGER SUR : <\/div><a data-text='VIDEO A CARACTERE SEXUEL - Quatre joueurs du Real Madrid inculp\u00e9s' data-link='https:\/\/www.nettali.com\/2023\/09\/22\/video-a-caractere-sexuel-quatre-joueurs-du-real-madrid-inculpes\/' class='whatsapp-button whatsapp-share'>WhatsApp<\/a><div class='clear '><\/div><\/div>","protected":false},"excerpt":{"rendered":"<p>NETTALI.COM - Quatre jeunes joueurs des \u00e9quipes r\u00e9serves du Real Madrid ont \u00e9t\u00e9 inculp\u00e9s pour la diffusion d'une vid\u00e9o \u00e0 caract\u00e8re sexuel impliquant une mineure, a appris l'AFP vendredi de source judiciaire. Mi-septembre, la Garde civile avait annonc\u00e9 avoir arr\u00eat\u00e9 trois de ces joueurs, suite au d\u00e9p\u00f4t d'une plainte par la m\u00e8re de la victime [&hellip;]<\/p>\n","protected":false},"author":4,"featured_media":118734,"comment_status":"open","ping_status":"open","sticky":false,"template":"","format":"standard","meta":{"_et_pb_use_builder":"","_et_pb_old_content":""},"categories":[3],"tags":[],"yoast_head":"<!-- This site is optimized with the Yoast SEO Premium plugin v17.8 (Yoast SEO v17.8) - https:\/\/yoast.com\/wordpress\/plugins\/seo\/ -->\n<title>VIDEO A CARACTERE SEXUEL - Quatre joueurs du Real Madrid inculp\u00e9s | Nettali.com<\/title>\n<meta name=\"robots\" content=\"index, follow, max-snippet:-1, max-image-preview:large, max-video-preview:-1\" \/>\n<link rel=\"canonical\" href=\"https:\/\/www.nettali.com\/2023\/09\/22\/video-a-caractere-sexuel-quatre-joueurs-du-real-madrid-inculpes\/\" \/>\n<meta property=\"og:locale\" content=\"fr_FR\" \/>\n<meta property=\"og:type\" content=\"article\" \/>\n<meta property=\"og:title\" content=\"VIDEO A CARACTERE SEXUEL - Quatre joueurs du Real Madrid inculp\u00e9s\" \/>\n<meta property=\"og:description\" content=\"NETTALI.COM - Quatre jeunes joueurs des \u00e9quipes r\u00e9serves du Real Madrid ont \u00e9t\u00e9 inculp\u00e9s pour la diffusion d&#039;une vid\u00e9o \u00e0 caract\u00e8re sexuel impliquant une mineure, a appris l&#039;AFP vendredi de source judiciaire. Mi-septembre, la Garde civile avait annonc\u00e9 avoir arr\u00eat\u00e9 trois de ces joueurs, suite au d\u00e9p\u00f4t d&#039;une plainte par la m\u00e8re de la victime [&hellip;]\" \/>\n<meta property=\"og:url\" content=\"https:\/\/www.nettali.com\/2023\/09\/22\/video-a-caractere-sexuel-quatre-joueurs-du-real-madrid-inculpes\/\" \/>\n<meta property=\"og:site_name\" content=\"Nettali.com\" \/>\n<meta property=\"article:publisher\" content=\"https:\/\/www.facebook.com\/nettalicom\" \/>\n<meta property=\"article:published_time\" content=\"2023-09-22T15:38:58+00:00\" \/>\n<meta property=\"og:image\" content=\"https:\/\/www.nettali.com\/wp-content\/uploads\/2023\/09\/joueurs-real.jpeg\" \/>\n\t<meta property=\"og:image:width\" content=\"640\" \/>\n\t<meta property=\"og:image:height\" content=\"360\" \/>\n<meta name=\"twitter:card\" content=\"summary_large_image\" \/>\n<meta name=\"twitter:label1\" content=\"\u00c9crit par\" \/>\n\t<meta name=\"twitter:data1\" content=\"Daouda\" \/>\n\t<meta name=\"twitter:label2\" content=\"Dur\u00e9e de lecture estim\u00e9e\" \/>\n\t<meta name=\"twitter:data2\" content=\"2 minutes\" \/>\n<script type=\"application\/ld+json\" class=\"yoast-schema-graph\">{\"@context\":\"https:\/\/schema.org\",\"@graph\":[{\"@type\":\"WebSite\",\"@id\":\"https:\/\/www.nettali.com\/#website\",\"url\":\"https:\/\/www.nettali.com\/\",\"name\":\"Nettali.com\",\"description\":\"Le rendez-vous critique du Net\",\"potentialAction\":[{\"@type\":\"SearchAction\",\"target\":{\"@type\":\"EntryPoint\",\"urlTemplate\":\"https:\/\/www.nettali.com\/?s={search_term_string}\"},\"query-input\":\"required name=search_term_string\"}],\"inLanguage\":\"fr-FR\"},{\"@type\":\"ImageObject\",\"@id\":\"https:\/\/www.nettali.com\/2023\/09\/22\/video-a-caractere-sexuel-quatre-joueurs-du-real-madrid-inculpes\/#primaryimage\",\"inLanguage\":\"fr-FR\",\"url\":\"https:\/\/www.nettali.com\/wp-content\/uploads\/2023\/09\/joueurs-real.jpeg\",\"contentUrl\":\"https:\/\/www.nettali.com\/wp-content\/uploads\/2023\/09\/joueurs-real.jpeg\",\"width\":640,\"height\":360},{\"@type\":\"WebPage\",\"@id\":\"https:\/\/www.nettali.com\/2023\/09\/22\/video-a-caractere-sexuel-quatre-joueurs-du-real-madrid-inculpes\/#webpage\",\"url\":\"https:\/\/www.nettali.com\/2023\/09\/22\/video-a-caractere-sexuel-quatre-joueurs-du-real-madrid-inculpes\/\",\"name\":\"VIDEO A CARACTERE SEXUEL - Quatre joueurs du Real Madrid inculp\\u00e9s | Nettali.com\",\"isPartOf\":{\"@id\":\"https:\/\/www.nettali.com\/#website\"},\"primaryImageOfPage\":{\"@id\":\"https:\/\/www.nettali.com\/2023\/09\/22\/video-a-caractere-sexuel-quatre-joueurs-du-real-madrid-inculpes\/#primaryimage\"},\"datePublished\":\"2023-09-22T15:38:58+00:00\",\"dateModified\":\"2023-09-22T15:38:58+00:00\",\"author\":{\"@id\":\"https:\/\/www.nettali.com\/#\/schema\/person\/3317e0bb3aa1da309fbf7b2780901bf4\"},\"breadcrumb\":{\"@id\":\"https:\/\/www.nettali.com\/2023\/09\/22\/video-a-caractere-sexuel-quatre-joueurs-du-real-madrid-inculpes\/#breadcrumb\"},\"inLanguage\":\"fr-FR\",\"potentialAction\":[{\"@type\":\"ReadAction\",\"target\":[\"https:\/\/www.nettali.com\/2023\/09\/22\/video-a-caractere-sexuel-quatre-joueurs-du-real-madrid-inculpes\/\"]}]},{\"@type\":\"BreadcrumbList\",\"@id\":\"https:\/\/www.nettali.com\/2023\/09\/22\/video-a-caractere-sexuel-quatre-joueurs-du-real-madrid-inculpes\/#breadcrumb\",\"itemListElement\":[{\"@type\":\"ListItem\",\"position\":1,\"name\":\"Accueil\",\"item\":\"https:\/\/www.nettali.com\/\"},{\"@type\":\"ListItem\",\"position\":2,\"name\":\"VIDEO A CARACTERE SEXUEL - Quatre joueurs du Real Madrid inculp\\u00e9s\"}]},{\"@type\":\"Person\",\"@id\":\"https:\/\/www.nettali.com\/#\/schema\/person\/3317e0bb3aa1da309fbf7b2780901bf4\",\"name\":\"Daouda\",\"image\":{\"@type\":\"ImageObject\",\"@id\":\"https:\/\/www.nettali.com\/#personlogo\",\"inLanguage\":\"fr-FR\",\"url\":\"https:\/\/secure.gravatar.com\/avatar\/8d143b5a49345098ddcfee1c49c2f47c?s=96&d=mm&r=g\",\"contentUrl\":\"https:\/\/secure.gravatar.com\/avatar\/8d143b5a49345098ddcfee1c49c2f47c?s=96&d=mm&r=g\",\"caption\":\"Daouda\"},\"sameAs\":[\"https:\/\/www.nettali.com\"]}]}<\/script>\n<!-- \/ Yoast SEO Premium plugin. -->","yoast_head_json":{"title":"VIDEO A CARACTERE SEXUEL - Quatre joueurs du Real Madrid inculp\u00e9s | Nettali.com","robots":{"index":"index","follow":"follow","max-snippet":"max-snippet:-1","max-image-preview":"max-image-preview:large","max-video-preview":"max-video-preview:-1"},"canonical":"https:\/\/www.nettali.com\/2023\/09\/22\/video-a-caractere-sexuel-quatre-joueurs-du-real-madrid-inculpes\/","og_locale":"fr_FR","og_type":"article","og_title":"VIDEO A CARACTERE SEXUEL - Quatre joueurs du Real Madrid inculp\u00e9s","og_description":"NETTALI.COM - Quatre jeunes joueurs des \u00e9quipes r\u00e9serves du Real Madrid ont \u00e9t\u00e9 inculp\u00e9s pour la diffusion d'une vid\u00e9o \u00e0 caract\u00e8re sexuel impliquant une mineure, a appris l'AFP vendredi de source judiciaire. Mi-septembre, la Garde civile avait annonc\u00e9 avoir arr\u00eat\u00e9 trois de ces joueurs, suite au d\u00e9p\u00f4t d'une plainte par la m\u00e8re de la victime [&hellip;]","og_url":"https:\/\/www.nettali.com\/2023\/09\/22\/video-a-caractere-sexuel-quatre-joueurs-du-real-madrid-inculpes\/","og_site_name":"Nettali.com","article_publisher":"https:\/\/www.facebook.com\/nettalicom","article_published_time":"2023-09-22T15:38:58+00:00","og_image":[{"width":640,"height":360,"url":"https:\/\/www.nettali.com\/wp-content\/uploads\/2023\/09\/joueurs-real.jpeg","type":"image\/jpeg"}],"twitter_card":"summary_large_image","twitter_misc":{"\u00c9crit par":"Daouda","Dur\u00e9e de lecture estim\u00e9e":"2 minutes"},"schema":{"@context":"https:\/\/schema.org","@graph":[{"@type":"WebSite","@id":"https:\/\/www.nettali.com\/#website","url":"https:\/\/www.nettali.com\/","name":"Nettali.com","description":"Le rendez-vous critique du Net","potentialAction":[{"@type":"SearchAction","target":{"@type":"EntryPoint","urlTemplate":"https:\/\/www.nettali.com\/?s={search_term_string}"},"query-input":"required name=search_term_string"}],"inLanguage":"fr-FR"},{"@type":"ImageObject","@id":"https:\/\/www.nettali.com\/2023\/09\/22\/video-a-caractere-sexuel-quatre-joueurs-du-real-madrid-inculpes\/#primaryimage","inLanguage":"fr-FR","url":"https:\/\/www.nettali.com\/wp-content\/uploads\/2023\/09\/joueurs-real.jpeg","contentUrl":"https:\/\/www.nettali.com\/wp-content\/uploads\/2023\/09\/joueurs-real.jpeg","width":640,"height":360},{"@type":"WebPage","@id":"https:\/\/www.nettali.com\/2023\/09\/22\/video-a-caractere-sexuel-quatre-joueurs-du-real-madrid-inculpes\/#webpage","url":"https:\/\/www.nettali.com\/2023\/09\/22\/video-a-caractere-sexuel-quatre-joueurs-du-real-madrid-inculpes\/","name":"VIDEO A CARACTERE SEXUEL - Quatre joueurs du Real Madrid inculp\u00e9s | Nettali.com","isPartOf":{"@id":"https:\/\/www.nettali.com\/#website"},"primaryImageOfPage":{"@id":"https:\/\/www.nettali.com\/2023\/09\/22\/video-a-caractere-sexuel-quatre-joueurs-du-real-madrid-inculpes\/#primaryimage"},"datePublished":"2023-09-22T15:38:58+00:00","dateModified":"2023-09-22T15:38:58+00:00","author":{"@id":"https:\/\/www.nettali.com\/#\/schema\/person\/3317e0bb3aa1da309fbf7b2780901bf4"},"breadcrumb":{"@id":"https:\/\/www.nettali.com\/2023\/09\/22\/video-a-caractere-sexuel-quatre-joueurs-du-real-madrid-inculpes\/#breadcrumb"},"inLanguage":"fr-FR","potentialAction":[{"@type":"ReadAction","target":["https:\/\/www.nettali.com\/2023\/09\/22\/video-a-caractere-sexuel-quatre-joueurs-du-real-madrid-inculpes\/"]}]},{"@type":"BreadcrumbList","@id":"https:\/\/www.nettali.com\/2023\/09\/22\/video-a-caractere-sexuel-quatre-joueurs-du-real-madrid-inculpes\/#breadcrumb","itemListElement":[{"@type":"ListItem","position":1,"name":"Accueil","item":"https:\/\/www.nettali.com\/"},{"@type":"ListItem","position":2,"name":"VIDEO A CARACTERE SEXUEL - Quatre joueurs du Real Madrid inculp\u00e9s"}]},{"@type":"Person","@id":"https:\/\/www.nettali.com\/#\/schema\/person\/3317e0bb3aa1da309fbf7b2780901bf4","name":"Daouda","image":{"@type":"ImageObject","@id":"https:\/\/www.nettali.com\/#personlogo","inLanguage":"fr-FR","url":"https:\/\/secure.gravatar.com\/avatar\/8d143b5a49345098ddcfee1c49c2f47c?s=96&d=mm&r=g","contentUrl":"https:\/\/secure.gravatar.com\/avatar\/8d143b5a49345098ddcfee1c49c2f47c?s=96&d=mm&r=g","caption":"Daouda"},"sameAs":["https:\/\/www.nettali.com"]}]}},"_links":{"self":[{"href":"https:\/\/www.nettali.com\/rest\/wp\/v2\/posts\/118733"}],"collection":[{"href":"https:\/\/www.nettali.com\/rest\/wp\/v2\/posts"}],"about":[{"href":"https:\/\/www.nettali.com\/rest\/wp\/v2\/types\/post"}],"author":[{"embeddable":true,"href":"https:\/\/www.nettali.com\/rest\/wp\/v2\/users\/4"}],"replies":[{"embeddable":true,"href":"https:\/\/www.nettali.com\/rest\/wp\/v2\/comments?post=118733"}],"version-history":[{"count":1,"href":"https:\/\/www.nettali.com\/rest\/wp\/v2\/posts\/118733\/revisions"}],"predecessor-version":[{"id":118735,"href":"https:\/\/www.nettali.com\/rest\/wp\/v2\/posts\/118733\/revisions\/118735"}],"wp:featuredmedia":[{"embeddable":true,"href":"https:\/\/www.nettali.com\/rest\/wp\/v2\/media\/118734"}],"wp:attachment":[{"href":"https:\/\/www.nettali.com\/rest\/wp\/v2\/media?parent=118733"}],"wp:term":[{"taxonomy":"category","embeddable":true,"href":"https:\/\/www.nettali.com\/rest\/wp\/v2\/categories?post=118733"},{"taxonomy":"post_tag","embeddable":true,"href":"https:\/\/www.nettali.com\/rest\/wp\/v2\/tags?post=118733"}],"curies":[{"name":"wp","href":"https:\/\/api.w.org\/{rel}","templated":true}]}}