{"id":118727,"date":"2023-09-22T15:19:32","date_gmt":"2023-09-22T15:19:32","guid":{"rendered":"https:\/\/www.nettali.com\/?p=118727"},"modified":"2023-09-23T14:55:17","modified_gmt":"2023-09-23T14:55:17","slug":"en-coulisses-souleymane-ndene-ndiaye-annonce-sa-candidature","status":"publish","type":"post","link":"https:\/\/www.nettali.com\/2023\/09\/22\/en-coulisses-souleymane-ndene-ndiaye-annonce-sa-candidature\/","title":{"rendered":"EN COULISSES - Souleymane Nd\u00e9n\u00e9 Ndiaye annonce sa candidature\u00a0"},"content":{"rendered":"<p><strong>NETTALI.COM-\u00a0Ancien Premier ministre sous le r\u00e9gime de Abdoulaye Wade, Souleymane Ndene Ndiaye veut participer \u00e0 la pr\u00e9sidentielle de 2024<\/strong>.<\/p>\n<p>La d\u00e9claration de candidature du leader de l\u2019Union nationale pour le peuple ( Unp) est pr\u00e9vue demain samedi dans l\u2019apr\u00e8s-midi, annonce la Rfm.<\/p>\n<div class='share-to-whatsapp-wrapper'><div class='share-on-whsp'>PARTAGER SUR : <\/div><a data-text='EN COULISSES - Souleymane Nd\u00e9n\u00e9 Ndiaye annonce sa candidature\u00a0' data-link='https:\/\/www.nettali.com\/2023\/09\/22\/en-coulisses-souleymane-ndene-ndiaye-annonce-sa-candidature\/' class='whatsapp-button whatsapp-share'>WhatsApp<\/a><div class='clear '><\/div><\/div>","protected":false},"excerpt":{"rendered":"<p>NETTALI.COM-\u00a0Ancien Premier ministre sous le r\u00e9gime de Abdoulaye Wade, Souleymane Ndene Ndiaye veut participer \u00e0 la pr\u00e9sidentielle de 2024. La d\u00e9claration de candidature du leader de l\u2019Union nationale pour le peuple ( Unp) est pr\u00e9vue demain samedi dans l\u2019apr\u00e8s-midi, annonce la Rfm. PARTAGER SUR : WhatsApp<\/p>\n","protected":false},"author":6,"featured_media":9184,"comment_status":"open","ping_status":"open","sticky":false,"template":"","format":"standard","meta":{"_et_pb_use_builder":"","_et_pb_old_content":""},"categories":[34945],"tags":[],"yoast_head":"<!-- This site is optimized with the Yoast SEO Premium plugin v17.8 (Yoast SEO v17.8) - https:\/\/yoast.com\/wordpress\/plugins\/seo\/ -->\n<title>EN COULISSES - Souleymane Nd\u00e9n\u00e9 Ndiaye annonce sa candidature\u00a0 | Nettali.com<\/title>\n<meta name=\"robots\" content=\"index, follow, max-snippet:-1, max-image-preview:large, max-video-preview:-1\" \/>\n<link rel=\"canonical\" href=\"https:\/\/www.nettali.com\/2023\/09\/22\/en-coulisses-souleymane-ndene-ndiaye-annonce-sa-candidature\/\" \/>\n<meta property=\"og:locale\" content=\"fr_FR\" \/>\n<meta property=\"og:type\" content=\"article\" \/>\n<meta property=\"og:title\" content=\"EN COULISSES - Souleymane Nd\u00e9n\u00e9 Ndiaye annonce sa candidature\u00a0\" \/>\n<meta property=\"og:description\" content=\"NETTALI.COM-\u00a0Ancien Premier ministre sous le r\u00e9gime de Abdoulaye Wade, Souleymane Ndene Ndiaye veut participer \u00e0 la pr\u00e9sidentielle de 2024. La d\u00e9claration de candidature du leader de l\u2019Union nationale pour le peuple ( Unp) est pr\u00e9vue demain samedi dans l\u2019apr\u00e8s-midi, annonce la Rfm. PARTAGER SUR : WhatsApp\" \/>\n<meta property=\"og:url\" content=\"https:\/\/www.nettali.com\/2023\/09\/22\/en-coulisses-souleymane-ndene-ndiaye-annonce-sa-candidature\/\" \/>\n<meta property=\"og:site_name\" content=\"Nettali.com\" \/>\n<meta property=\"article:publisher\" content=\"https:\/\/www.facebook.com\/nettalicom\" \/>\n<meta property=\"article:published_time\" content=\"2023-09-22T15:19:32+00:00\" \/>\n<meta property=\"article:modified_time\" content=\"2023-09-23T14:55:17+00:00\" \/>\n<meta property=\"og:image\" content=\"https:\/\/www.nettali.com\/wp-content\/uploads\/2019\/05\/souleymane-ndene-ndiaye.jpg\" \/>\n\t<meta property=\"og:image:width\" content=\"600\" \/>\n\t<meta property=\"og:image:height\" content=\"548\" \/>\n<meta name=\"twitter:card\" content=\"summary_large_image\" \/>\n<meta name=\"twitter:label1\" content=\"\u00c9crit par\" \/>\n\t<meta name=\"twitter:data1\" content=\"Fatou\" \/>\n\t<meta name=\"twitter:label2\" content=\"Dur\u00e9e de lecture estim\u00e9e\" \/>\n\t<meta name=\"twitter:data2\" content=\"1 minute\" \/>\n<script type=\"application\/ld+json\" class=\"yoast-schema-graph\">{\"@context\":\"https:\/\/schema.org\",\"@graph\":[{\"@type\":\"WebSite\",\"@id\":\"https:\/\/www.nettali.com\/#website\",\"url\":\"https:\/\/www.nettali.com\/\",\"name\":\"Nettali.com\",\"description\":\"Le rendez-vous critique du Net\",\"potentialAction\":[{\"@type\":\"SearchAction\",\"target\":{\"@type\":\"EntryPoint\",\"urlTemplate\":\"https:\/\/www.nettali.com\/?s={search_term_string}\"},\"query-input\":\"required name=search_term_string\"}],\"inLanguage\":\"fr-FR\"},{\"@type\":\"ImageObject\",\"@id\":\"https:\/\/www.nettali.com\/2023\/09\/22\/en-coulisses-souleymane-ndene-ndiaye-annonce-sa-candidature\/#primaryimage\",\"inLanguage\":\"fr-FR\",\"url\":\"https:\/\/www.nettali.com\/wp-content\/uploads\/2019\/05\/souleymane-ndene-ndiaye.jpg\",\"contentUrl\":\"https:\/\/www.nettali.com\/wp-content\/uploads\/2019\/05\/souleymane-ndene-ndiaye.jpg\",\"width\":600,\"height\":548},{\"@type\":\"WebPage\",\"@id\":\"https:\/\/www.nettali.com\/2023\/09\/22\/en-coulisses-souleymane-ndene-ndiaye-annonce-sa-candidature\/#webpage\",\"url\":\"https:\/\/www.nettali.com\/2023\/09\/22\/en-coulisses-souleymane-ndene-ndiaye-annonce-sa-candidature\/\",\"name\":\"EN COULISSES - Souleymane Nd\\u00e9n\\u00e9 Ndiaye annonce sa candidature\\u00a0 | Nettali.com\",\"isPartOf\":{\"@id\":\"https:\/\/www.nettali.com\/#website\"},\"primaryImageOfPage\":{\"@id\":\"https:\/\/www.nettali.com\/2023\/09\/22\/en-coulisses-souleymane-ndene-ndiaye-annonce-sa-candidature\/#primaryimage\"},\"datePublished\":\"2023-09-22T15:19:32+00:00\",\"dateModified\":\"2023-09-23T14:55:17+00:00\",\"author\":{\"@id\":\"https:\/\/www.nettali.com\/#\/schema\/person\/418274a86bdf87caff7a3ef476bd0bbf\"},\"breadcrumb\":{\"@id\":\"https:\/\/www.nettali.com\/2023\/09\/22\/en-coulisses-souleymane-ndene-ndiaye-annonce-sa-candidature\/#breadcrumb\"},\"inLanguage\":\"fr-FR\",\"potentialAction\":[{\"@type\":\"ReadAction\",\"target\":[\"https:\/\/www.nettali.com\/2023\/09\/22\/en-coulisses-souleymane-ndene-ndiaye-annonce-sa-candidature\/\"]}]},{\"@type\":\"BreadcrumbList\",\"@id\":\"https:\/\/www.nettali.com\/2023\/09\/22\/en-coulisses-souleymane-ndene-ndiaye-annonce-sa-candidature\/#breadcrumb\",\"itemListElement\":[{\"@type\":\"ListItem\",\"position\":1,\"name\":\"Accueil\",\"item\":\"https:\/\/www.nettali.com\/\"},{\"@type\":\"ListItem\",\"position\":2,\"name\":\"EN COULISSES - Souleymane Nd\\u00e9n\\u00e9 Ndiaye annonce sa candidature\\u00a0\"}]},{\"@type\":\"Person\",\"@id\":\"https:\/\/www.nettali.com\/#\/schema\/person\/418274a86bdf87caff7a3ef476bd0bbf\",\"name\":\"Fatou\",\"image\":{\"@type\":\"ImageObject\",\"@id\":\"https:\/\/www.nettali.com\/#personlogo\",\"inLanguage\":\"fr-FR\",\"url\":\"https:\/\/secure.gravatar.com\/avatar\/5a9442a2bee7b4dcf167cab035858e9a?s=96&d=mm&r=g\",\"contentUrl\":\"https:\/\/secure.gravatar.com\/avatar\/5a9442a2bee7b4dcf167cab035858e9a?s=96&d=mm&r=g\",\"caption\":\"Fatou\"},\"sameAs\":[\"https:\/\/www.nettali.com\"]}]}<\/script>\n<!-- \/ Yoast SEO Premium plugin. -->","yoast_head_json":{"title":"EN COULISSES - Souleymane Nd\u00e9n\u00e9 Ndiaye annonce sa candidature\u00a0 | Nettali.com","robots":{"index":"index","follow":"follow","max-snippet":"max-snippet:-1","max-image-preview":"max-image-preview:large","max-video-preview":"max-video-preview:-1"},"canonical":"https:\/\/www.nettali.com\/2023\/09\/22\/en-coulisses-souleymane-ndene-ndiaye-annonce-sa-candidature\/","og_locale":"fr_FR","og_type":"article","og_title":"EN COULISSES - Souleymane Nd\u00e9n\u00e9 Ndiaye annonce sa candidature\u00a0","og_description":"NETTALI.COM-\u00a0Ancien Premier ministre sous le r\u00e9gime de Abdoulaye Wade, Souleymane Ndene Ndiaye veut participer \u00e0 la pr\u00e9sidentielle de 2024. La d\u00e9claration de candidature du leader de l\u2019Union nationale pour le peuple ( Unp) est pr\u00e9vue demain samedi dans l\u2019apr\u00e8s-midi, annonce la Rfm. PARTAGER SUR : WhatsApp","og_url":"https:\/\/www.nettali.com\/2023\/09\/22\/en-coulisses-souleymane-ndene-ndiaye-annonce-sa-candidature\/","og_site_name":"Nettali.com","article_publisher":"https:\/\/www.facebook.com\/nettalicom","article_published_time":"2023-09-22T15:19:32+00:00","article_modified_time":"2023-09-23T14:55:17+00:00","og_image":[{"width":600,"height":548,"url":"https:\/\/www.nettali.com\/wp-content\/uploads\/2019\/05\/souleymane-ndene-ndiaye.jpg","type":"image\/jpeg"}],"twitter_card":"summary_large_image","twitter_misc":{"\u00c9crit par":"Fatou","Dur\u00e9e de lecture estim\u00e9e":"1 minute"},"schema":{"@context":"https:\/\/schema.org","@graph":[{"@type":"WebSite","@id":"https:\/\/www.nettali.com\/#website","url":"https:\/\/www.nettali.com\/","name":"Nettali.com","description":"Le rendez-vous critique du Net","potentialAction":[{"@type":"SearchAction","target":{"@type":"EntryPoint","urlTemplate":"https:\/\/www.nettali.com\/?s={search_term_string}"},"query-input":"required name=search_term_string"}],"inLanguage":"fr-FR"},{"@type":"ImageObject","@id":"https:\/\/www.nettali.com\/2023\/09\/22\/en-coulisses-souleymane-ndene-ndiaye-annonce-sa-candidature\/#primaryimage","inLanguage":"fr-FR","url":"https:\/\/www.nettali.com\/wp-content\/uploads\/2019\/05\/souleymane-ndene-ndiaye.jpg","contentUrl":"https:\/\/www.nettali.com\/wp-content\/uploads\/2019\/05\/souleymane-ndene-ndiaye.jpg","width":600,"height":548},{"@type":"WebPage","@id":"https:\/\/www.nettali.com\/2023\/09\/22\/en-coulisses-souleymane-ndene-ndiaye-annonce-sa-candidature\/#webpage","url":"https:\/\/www.nettali.com\/2023\/09\/22\/en-coulisses-souleymane-ndene-ndiaye-annonce-sa-candidature\/","name":"EN COULISSES - Souleymane Nd\u00e9n\u00e9 Ndiaye annonce sa candidature\u00a0 | Nettali.com","isPartOf":{"@id":"https:\/\/www.nettali.com\/#website"},"primaryImageOfPage":{"@id":"https:\/\/www.nettali.com\/2023\/09\/22\/en-coulisses-souleymane-ndene-ndiaye-annonce-sa-candidature\/#primaryimage"},"datePublished":"2023-09-22T15:19:32+00:00","dateModified":"2023-09-23T14:55:17+00:00","author":{"@id":"https:\/\/www.nettali.com\/#\/schema\/person\/418274a86bdf87caff7a3ef476bd0bbf"},"breadcrumb":{"@id":"https:\/\/www.nettali.com\/2023\/09\/22\/en-coulisses-souleymane-ndene-ndiaye-annonce-sa-candidature\/#breadcrumb"},"inLanguage":"fr-FR","potentialAction":[{"@type":"ReadAction","target":["https:\/\/www.nettali.com\/2023\/09\/22\/en-coulisses-souleymane-ndene-ndiaye-annonce-sa-candidature\/"]}]},{"@type":"BreadcrumbList","@id":"https:\/\/www.nettali.com\/2023\/09\/22\/en-coulisses-souleymane-ndene-ndiaye-annonce-sa-candidature\/#breadcrumb","itemListElement":[{"@type":"ListItem","position":1,"name":"Accueil","item":"https:\/\/www.nettali.com\/"},{"@type":"ListItem","position":2,"name":"EN COULISSES - Souleymane Nd\u00e9n\u00e9 Ndiaye annonce sa candidature\u00a0"}]},{"@type":"Person","@id":"https:\/\/www.nettali.com\/#\/schema\/person\/418274a86bdf87caff7a3ef476bd0bbf","name":"Fatou","image":{"@type":"ImageObject","@id":"https:\/\/www.nettali.com\/#personlogo","inLanguage":"fr-FR","url":"https:\/\/secure.gravatar.com\/avatar\/5a9442a2bee7b4dcf167cab035858e9a?s=96&d=mm&r=g","contentUrl":"https:\/\/secure.gravatar.com\/avatar\/5a9442a2bee7b4dcf167cab035858e9a?s=96&d=mm&r=g","caption":"Fatou"},"sameAs":["https:\/\/www.nettali.com"]}]}},"_links":{"self":[{"href":"https:\/\/www.nettali.com\/rest\/wp\/v2\/posts\/118727"}],"collection":[{"href":"https:\/\/www.nettali.com\/rest\/wp\/v2\/posts"}],"about":[{"href":"https:\/\/www.nettali.com\/rest\/wp\/v2\/types\/post"}],"author":[{"embeddable":true,"href":"https:\/\/www.nettali.com\/rest\/wp\/v2\/users\/6"}],"replies":[{"embeddable":true,"href":"https:\/\/www.nettali.com\/rest\/wp\/v2\/comments?post=118727"}],"version-history":[{"count":2,"href":"https:\/\/www.nettali.com\/rest\/wp\/v2\/posts\/118727\/revisions"}],"predecessor-version":[{"id":118795,"href":"https:\/\/www.nettali.com\/rest\/wp\/v2\/posts\/118727\/revisions\/118795"}],"wp:featuredmedia":[{"embeddable":true,"href":"https:\/\/www.nettali.com\/rest\/wp\/v2\/media\/9184"}],"wp:attachment":[{"href":"https:\/\/www.nettali.com\/rest\/wp\/v2\/media?parent=118727"}],"wp:term":[{"taxonomy":"category","embeddable":true,"href":"https:\/\/www.nettali.com\/rest\/wp\/v2\/categories?post=118727"},{"taxonomy":"post_tag","embeddable":true,"href":"https:\/\/www.nettali.com\/rest\/wp\/v2\/tags?post=118727"}],"curies":[{"name":"wp","href":"https:\/\/api.w.org\/{rel}","templated":true}]}}