{"id":118673,"date":"2023-09-22T08:40:23","date_gmt":"2023-09-22T08:40:23","guid":{"rendered":"https:\/\/www.nettali.com\/?p=118673"},"modified":"2023-09-23T14:56:06","modified_gmt":"2023-09-23T14:56:06","slug":"en-coulisses-macky-sall-vend-amadou-ba-sur-rfi-et-france-24","status":"publish","type":"post","link":"https:\/\/www.nettali.com\/2023\/09\/22\/en-coulisses-macky-sall-vend-amadou-ba-sur-rfi-et-france-24\/","title":{"rendered":"EN COULISSES - Macky Sall \"vend\" Amadou B\u00e2 sur Rfi et France 24"},"content":{"rendered":"<p><strong>NETTALI.COM - <\/strong>Invit\u00e9 de Rfi et France 24, le pr\u00e9sident Macky Sall a \u00e9voqu\u00e9 la candidature d'Amadou B\u00e2. Le pr\u00e9sident de la r\u00e9publique est en en effet convaincu que son Premier ministre sortira vainqueur de la Pr\u00e9sidentielle.<\/p>\n<p>\u00ab <em>Amadou B\u00e2 est le candidat d\u2019une majorit\u00e9. Certes, son poids personnel va jouer, mais il part avec l\u2019atout que les autres n\u2019ont pas. C\u2019est d\u2019avoir une majorit\u00e9 qui le soutient. Il a le soutien du Pr\u00e9sident qui est un acteur politique. Donc, tout cela mis sur la balance, devrait l\u2019aider \u00e0 pouvoir battre ses adversaires<\/em> \u00bb, a d\u00e9clar\u00e9 Macky Sall.<\/p>\n<div class='share-to-whatsapp-wrapper'><div class='share-on-whsp'>PARTAGER SUR : <\/div><a data-text='EN COULISSES - Macky Sall \"vend\" Amadou B\u00e2 sur Rfi et France 24' data-link='https:\/\/www.nettali.com\/2023\/09\/22\/en-coulisses-macky-sall-vend-amadou-ba-sur-rfi-et-france-24\/' class='whatsapp-button whatsapp-share'>WhatsApp<\/a><div class='clear '><\/div><\/div>","protected":false},"excerpt":{"rendered":"<p>NETTALI.COM - Invit\u00e9 de Rfi et France 24, le pr\u00e9sident Macky Sall a \u00e9voqu\u00e9 la candidature d'Amadou B\u00e2. Le pr\u00e9sident de la r\u00e9publique est en en effet convaincu que son Premier ministre sortira vainqueur de la Pr\u00e9sidentielle. \u00ab Amadou B\u00e2 est le candidat d\u2019une majorit\u00e9. Certes, son poids personnel va jouer, mais il part avec [&hellip;]<\/p>\n","protected":false},"author":6,"featured_media":118635,"comment_status":"open","ping_status":"open","sticky":false,"template":"","format":"standard","meta":{"_et_pb_use_builder":"","_et_pb_old_content":""},"categories":[34945],"tags":[],"yoast_head":"<!-- This site is optimized with the Yoast SEO Premium plugin v17.8 (Yoast SEO v17.8) - https:\/\/yoast.com\/wordpress\/plugins\/seo\/ -->\n<title>EN COULISSES - Macky Sall &quot;vend&quot; Amadou B\u00e2 sur Rfi et France 24 | Nettali.com<\/title>\n<meta name=\"robots\" content=\"index, follow, max-snippet:-1, max-image-preview:large, max-video-preview:-1\" \/>\n<link rel=\"canonical\" href=\"https:\/\/www.nettali.com\/2023\/09\/22\/en-coulisses-macky-sall-vend-amadou-ba-sur-rfi-et-france-24\/\" \/>\n<meta property=\"og:locale\" content=\"fr_FR\" \/>\n<meta property=\"og:type\" content=\"article\" \/>\n<meta property=\"og:title\" content=\"EN COULISSES - Macky Sall &quot;vend&quot; Amadou B\u00e2 sur Rfi et France 24\" \/>\n<meta property=\"og:description\" content=\"NETTALI.COM - Invit\u00e9 de Rfi et France 24, le pr\u00e9sident Macky Sall a \u00e9voqu\u00e9 la candidature d&#039;Amadou B\u00e2. Le pr\u00e9sident de la r\u00e9publique est en en effet convaincu que son Premier ministre sortira vainqueur de la Pr\u00e9sidentielle. \u00ab Amadou B\u00e2 est le candidat d\u2019une majorit\u00e9. Certes, son poids personnel va jouer, mais il part avec [&hellip;]\" \/>\n<meta property=\"og:url\" content=\"https:\/\/www.nettali.com\/2023\/09\/22\/en-coulisses-macky-sall-vend-amadou-ba-sur-rfi-et-france-24\/\" \/>\n<meta property=\"og:site_name\" content=\"Nettali.com\" \/>\n<meta property=\"article:publisher\" content=\"https:\/\/www.facebook.com\/nettalicom\" \/>\n<meta property=\"article:published_time\" content=\"2023-09-22T08:40:23+00:00\" \/>\n<meta property=\"article:modified_time\" content=\"2023-09-23T14:56:06+00:00\" \/>\n<meta property=\"og:image\" content=\"https:\/\/www.nettali.com\/wp-content\/uploads\/2023\/09\/Capture-de\u0301cran-2023-09-21-a\u0300-09.51.35.png\" \/>\n\t<meta property=\"og:image:width\" content=\"782\" \/>\n\t<meta property=\"og:image:height\" content=\"470\" \/>\n<meta name=\"twitter:card\" content=\"summary_large_image\" \/>\n<meta name=\"twitter:label1\" content=\"\u00c9crit par\" \/>\n\t<meta name=\"twitter:data1\" content=\"Fatou\" \/>\n\t<meta name=\"twitter:label2\" content=\"Dur\u00e9e de lecture estim\u00e9e\" \/>\n\t<meta name=\"twitter:data2\" content=\"1 minute\" \/>\n<script type=\"application\/ld+json\" class=\"yoast-schema-graph\">{\"@context\":\"https:\/\/schema.org\",\"@graph\":[{\"@type\":\"WebSite\",\"@id\":\"https:\/\/www.nettali.com\/#website\",\"url\":\"https:\/\/www.nettali.com\/\",\"name\":\"Nettali.com\",\"description\":\"Le rendez-vous critique du Net\",\"potentialAction\":[{\"@type\":\"SearchAction\",\"target\":{\"@type\":\"EntryPoint\",\"urlTemplate\":\"https:\/\/www.nettali.com\/?s={search_term_string}\"},\"query-input\":\"required name=search_term_string\"}],\"inLanguage\":\"fr-FR\"},{\"@type\":\"ImageObject\",\"@id\":\"https:\/\/www.nettali.com\/2023\/09\/22\/en-coulisses-macky-sall-vend-amadou-ba-sur-rfi-et-france-24\/#primaryimage\",\"inLanguage\":\"fr-FR\",\"url\":\"https:\/\/www.nettali.com\/wp-content\/uploads\/2023\/09\/Capture-de\\u0301cran-2023-09-21-a\\u0300-09.51.35.png\",\"contentUrl\":\"https:\/\/www.nettali.com\/wp-content\/uploads\/2023\/09\/Capture-de\\u0301cran-2023-09-21-a\\u0300-09.51.35.png\",\"width\":782,\"height\":470},{\"@type\":\"WebPage\",\"@id\":\"https:\/\/www.nettali.com\/2023\/09\/22\/en-coulisses-macky-sall-vend-amadou-ba-sur-rfi-et-france-24\/#webpage\",\"url\":\"https:\/\/www.nettali.com\/2023\/09\/22\/en-coulisses-macky-sall-vend-amadou-ba-sur-rfi-et-france-24\/\",\"name\":\"EN COULISSES - Macky Sall \\\"vend\\\" Amadou B\\u00e2 sur Rfi et France 24 | Nettali.com\",\"isPartOf\":{\"@id\":\"https:\/\/www.nettali.com\/#website\"},\"primaryImageOfPage\":{\"@id\":\"https:\/\/www.nettali.com\/2023\/09\/22\/en-coulisses-macky-sall-vend-amadou-ba-sur-rfi-et-france-24\/#primaryimage\"},\"datePublished\":\"2023-09-22T08:40:23+00:00\",\"dateModified\":\"2023-09-23T14:56:06+00:00\",\"author\":{\"@id\":\"https:\/\/www.nettali.com\/#\/schema\/person\/418274a86bdf87caff7a3ef476bd0bbf\"},\"breadcrumb\":{\"@id\":\"https:\/\/www.nettali.com\/2023\/09\/22\/en-coulisses-macky-sall-vend-amadou-ba-sur-rfi-et-france-24\/#breadcrumb\"},\"inLanguage\":\"fr-FR\",\"potentialAction\":[{\"@type\":\"ReadAction\",\"target\":[\"https:\/\/www.nettali.com\/2023\/09\/22\/en-coulisses-macky-sall-vend-amadou-ba-sur-rfi-et-france-24\/\"]}]},{\"@type\":\"BreadcrumbList\",\"@id\":\"https:\/\/www.nettali.com\/2023\/09\/22\/en-coulisses-macky-sall-vend-amadou-ba-sur-rfi-et-france-24\/#breadcrumb\",\"itemListElement\":[{\"@type\":\"ListItem\",\"position\":1,\"name\":\"Accueil\",\"item\":\"https:\/\/www.nettali.com\/\"},{\"@type\":\"ListItem\",\"position\":2,\"name\":\"EN COULISSES - Macky Sall \\\"vend\\\" Amadou B\\u00e2 sur Rfi et France 24\"}]},{\"@type\":\"Person\",\"@id\":\"https:\/\/www.nettali.com\/#\/schema\/person\/418274a86bdf87caff7a3ef476bd0bbf\",\"name\":\"Fatou\",\"image\":{\"@type\":\"ImageObject\",\"@id\":\"https:\/\/www.nettali.com\/#personlogo\",\"inLanguage\":\"fr-FR\",\"url\":\"https:\/\/secure.gravatar.com\/avatar\/5a9442a2bee7b4dcf167cab035858e9a?s=96&d=mm&r=g\",\"contentUrl\":\"https:\/\/secure.gravatar.com\/avatar\/5a9442a2bee7b4dcf167cab035858e9a?s=96&d=mm&r=g\",\"caption\":\"Fatou\"},\"sameAs\":[\"https:\/\/www.nettali.com\"]}]}<\/script>\n<!-- \/ Yoast SEO Premium plugin. -->","yoast_head_json":{"title":"EN COULISSES - Macky Sall \"vend\" Amadou B\u00e2 sur Rfi et France 24 | Nettali.com","robots":{"index":"index","follow":"follow","max-snippet":"max-snippet:-1","max-image-preview":"max-image-preview:large","max-video-preview":"max-video-preview:-1"},"canonical":"https:\/\/www.nettali.com\/2023\/09\/22\/en-coulisses-macky-sall-vend-amadou-ba-sur-rfi-et-france-24\/","og_locale":"fr_FR","og_type":"article","og_title":"EN COULISSES - Macky Sall \"vend\" Amadou B\u00e2 sur Rfi et France 24","og_description":"NETTALI.COM - Invit\u00e9 de Rfi et France 24, le pr\u00e9sident Macky Sall a \u00e9voqu\u00e9 la candidature d'Amadou B\u00e2. Le pr\u00e9sident de la r\u00e9publique est en en effet convaincu que son Premier ministre sortira vainqueur de la Pr\u00e9sidentielle. \u00ab Amadou B\u00e2 est le candidat d\u2019une majorit\u00e9. Certes, son poids personnel va jouer, mais il part avec [&hellip;]","og_url":"https:\/\/www.nettali.com\/2023\/09\/22\/en-coulisses-macky-sall-vend-amadou-ba-sur-rfi-et-france-24\/","og_site_name":"Nettali.com","article_publisher":"https:\/\/www.facebook.com\/nettalicom","article_published_time":"2023-09-22T08:40:23+00:00","article_modified_time":"2023-09-23T14:56:06+00:00","og_image":[{"width":782,"height":470,"url":"https:\/\/www.nettali.com\/wp-content\/uploads\/2023\/09\/Capture-de\u0301cran-2023-09-21-a\u0300-09.51.35.png","type":"image\/png"}],"twitter_card":"summary_large_image","twitter_misc":{"\u00c9crit par":"Fatou","Dur\u00e9e de lecture estim\u00e9e":"1 minute"},"schema":{"@context":"https:\/\/schema.org","@graph":[{"@type":"WebSite","@id":"https:\/\/www.nettali.com\/#website","url":"https:\/\/www.nettali.com\/","name":"Nettali.com","description":"Le rendez-vous critique du Net","potentialAction":[{"@type":"SearchAction","target":{"@type":"EntryPoint","urlTemplate":"https:\/\/www.nettali.com\/?s={search_term_string}"},"query-input":"required name=search_term_string"}],"inLanguage":"fr-FR"},{"@type":"ImageObject","@id":"https:\/\/www.nettali.com\/2023\/09\/22\/en-coulisses-macky-sall-vend-amadou-ba-sur-rfi-et-france-24\/#primaryimage","inLanguage":"fr-FR","url":"https:\/\/www.nettali.com\/wp-content\/uploads\/2023\/09\/Capture-de\u0301cran-2023-09-21-a\u0300-09.51.35.png","contentUrl":"https:\/\/www.nettali.com\/wp-content\/uploads\/2023\/09\/Capture-de\u0301cran-2023-09-21-a\u0300-09.51.35.png","width":782,"height":470},{"@type":"WebPage","@id":"https:\/\/www.nettali.com\/2023\/09\/22\/en-coulisses-macky-sall-vend-amadou-ba-sur-rfi-et-france-24\/#webpage","url":"https:\/\/www.nettali.com\/2023\/09\/22\/en-coulisses-macky-sall-vend-amadou-ba-sur-rfi-et-france-24\/","name":"EN COULISSES - Macky Sall \"vend\" Amadou B\u00e2 sur Rfi et France 24 | Nettali.com","isPartOf":{"@id":"https:\/\/www.nettali.com\/#website"},"primaryImageOfPage":{"@id":"https:\/\/www.nettali.com\/2023\/09\/22\/en-coulisses-macky-sall-vend-amadou-ba-sur-rfi-et-france-24\/#primaryimage"},"datePublished":"2023-09-22T08:40:23+00:00","dateModified":"2023-09-23T14:56:06+00:00","author":{"@id":"https:\/\/www.nettali.com\/#\/schema\/person\/418274a86bdf87caff7a3ef476bd0bbf"},"breadcrumb":{"@id":"https:\/\/www.nettali.com\/2023\/09\/22\/en-coulisses-macky-sall-vend-amadou-ba-sur-rfi-et-france-24\/#breadcrumb"},"inLanguage":"fr-FR","potentialAction":[{"@type":"ReadAction","target":["https:\/\/www.nettali.com\/2023\/09\/22\/en-coulisses-macky-sall-vend-amadou-ba-sur-rfi-et-france-24\/"]}]},{"@type":"BreadcrumbList","@id":"https:\/\/www.nettali.com\/2023\/09\/22\/en-coulisses-macky-sall-vend-amadou-ba-sur-rfi-et-france-24\/#breadcrumb","itemListElement":[{"@type":"ListItem","position":1,"name":"Accueil","item":"https:\/\/www.nettali.com\/"},{"@type":"ListItem","position":2,"name":"EN COULISSES - Macky Sall \"vend\" Amadou B\u00e2 sur Rfi et France 24"}]},{"@type":"Person","@id":"https:\/\/www.nettali.com\/#\/schema\/person\/418274a86bdf87caff7a3ef476bd0bbf","name":"Fatou","image":{"@type":"ImageObject","@id":"https:\/\/www.nettali.com\/#personlogo","inLanguage":"fr-FR","url":"https:\/\/secure.gravatar.com\/avatar\/5a9442a2bee7b4dcf167cab035858e9a?s=96&d=mm&r=g","contentUrl":"https:\/\/secure.gravatar.com\/avatar\/5a9442a2bee7b4dcf167cab035858e9a?s=96&d=mm&r=g","caption":"Fatou"},"sameAs":["https:\/\/www.nettali.com"]}]}},"_links":{"self":[{"href":"https:\/\/www.nettali.com\/rest\/wp\/v2\/posts\/118673"}],"collection":[{"href":"https:\/\/www.nettali.com\/rest\/wp\/v2\/posts"}],"about":[{"href":"https:\/\/www.nettali.com\/rest\/wp\/v2\/types\/post"}],"author":[{"embeddable":true,"href":"https:\/\/www.nettali.com\/rest\/wp\/v2\/users\/6"}],"replies":[{"embeddable":true,"href":"https:\/\/www.nettali.com\/rest\/wp\/v2\/comments?post=118673"}],"version-history":[{"count":5,"href":"https:\/\/www.nettali.com\/rest\/wp\/v2\/posts\/118673\/revisions"}],"predecessor-version":[{"id":118797,"href":"https:\/\/www.nettali.com\/rest\/wp\/v2\/posts\/118673\/revisions\/118797"}],"wp:featuredmedia":[{"embeddable":true,"href":"https:\/\/www.nettali.com\/rest\/wp\/v2\/media\/118635"}],"wp:attachment":[{"href":"https:\/\/www.nettali.com\/rest\/wp\/v2\/media?parent=118673"}],"wp:term":[{"taxonomy":"category","embeddable":true,"href":"https:\/\/www.nettali.com\/rest\/wp\/v2\/categories?post=118673"},{"taxonomy":"post_tag","embeddable":true,"href":"https:\/\/www.nettali.com\/rest\/wp\/v2\/tags?post=118673"}],"curies":[{"name":"wp","href":"https:\/\/api.w.org\/{rel}","templated":true}]}}