{"id":118518,"date":"2023-09-19T20:29:25","date_gmt":"2023-09-19T20:29:25","guid":{"rendered":"https:\/\/www.nettali.com\/?p=118518"},"modified":"2023-09-20T07:14:33","modified_gmt":"2023-09-20T07:14:33","slug":"allemagne-julian-naglesmann-nouveau-selectionneur","status":"publish","type":"post","link":"https:\/\/www.nettali.com\/2023\/09\/19\/allemagne-julian-naglesmann-nouveau-selectionneur\/","title":{"rendered":"ALLEMAGNE - Julian Naglesmann nouveau s\u00e9lectionneur"},"content":{"rendered":"<p><strong>NETTALI.COM - Sans coach depuis l\u2019\u00e9viction de Hansi Flick, la s\u00e9lection nationale d\u2019Allemagne vient de trouver son nouvel entra\u00eeneur. Il s'agit de Julian Naglesmann.<\/strong><\/p>\n<p>Depuis le 10 septembre 2023, Hansi Flick n\u2019est plus le s\u00e9lectionneur de l\u2019Equipe d\u2019Allemagne. N\u2019arrivant plus convaincre \u00e0 travers les r\u00e9sultats, la F\u00e9d\u00e9ration allemande de football a jug\u00e9 bon de mettre \u00e0 la porte son d\u00e9sormais ex-s\u00e9lectionneur. En effet, au lendemain de la sanglante d\u00e9faite (1-4) conc\u00e9d\u00e9e contre le Japon en amical, l\u2019instance fa\u00eeti\u00e8re du football allemand a annonc\u00e9 le limogeage de l\u2019ancien entra\u00eeneur du Bayern Munich. Ce dernier n\u2019a remport\u00e9 que quatre de ses 17 derniers matchs.<\/p>\n<p>Alors que l\u2019int\u00e9rim \u00e9tait assur\u00e9 par\u00a0Rudi V\u00f6ller, qui a r\u00e9ussi \u00e0 battre l\u2019Equipe de France en amical (2-1), la Mannschaft a d\u00e9j\u00e0 trouv\u00e9 un nouvel homme fort pour son \u00e9quipe. Il s\u2019agit en effet d\u2019un ancien coach du Bayern Munich comme l\u2019a \u00e9t\u00e9 Hansi Flick.<\/p>\n<p><strong>Julian Nagelsmann nouveau s\u00e9lectionneur<\/strong><\/p>\n<p>A en croire les informations de Bild, la F\u00e9d\u00e9ration allemande de football et Julian Nagelsmann se seraient mis d\u2019accord pour travailler jusqu\u2019au Championnat d\u2019Europe 2024, qui se d\u00e9roulera sur le sol allemand. L\u2019ancien coach du Bayern Munich devrait percevoir un salaire mensuel d\u2019environ 400.000 euros.<\/p>\n<p>Selon la m\u00eame source, Nagelsmann a renonc\u00e9 \u00e0 un pactole pour accepter de prendre les commandes de la Mannschaft puisqu\u2019il aurait encore pu recevoir pr\u00e8s de 20 millions d\u2019euros jusqu\u2019en 2026 de la part du Bayern Munich. L\u2019ancien coach de Leipzig va entra\u00eener la Mannschaft jusqu\u2019au prochain Euro 2024 qu\u2019organise l\u2019Allemagne. Apr\u00e8s ce passage, le technicien allemand pourrait commencer \u00e0 chercher une autre corde \u00e0 son arc.<\/p>\n<div class='share-to-whatsapp-wrapper'><div class='share-on-whsp'>PARTAGER SUR : <\/div><a data-text='ALLEMAGNE - Julian Naglesmann nouveau s\u00e9lectionneur' data-link='https:\/\/www.nettali.com\/2023\/09\/19\/allemagne-julian-naglesmann-nouveau-selectionneur\/' class='whatsapp-button whatsapp-share'>WhatsApp<\/a><div class='clear '><\/div><\/div>","protected":false},"excerpt":{"rendered":"<p>NETTALI.COM - Sans coach depuis l\u2019\u00e9viction de Hansi Flick, la s\u00e9lection nationale d\u2019Allemagne vient de trouver son nouvel entra\u00eeneur. Il s'agit de Julian Naglesmann. Depuis le 10 septembre 2023, Hansi Flick n\u2019est plus le s\u00e9lectionneur de l\u2019Equipe d\u2019Allemagne. N\u2019arrivant plus convaincre \u00e0 travers les r\u00e9sultats, la F\u00e9d\u00e9ration allemande de football a jug\u00e9 bon de mettre [&hellip;]<\/p>\n","protected":false},"author":5,"featured_media":118520,"comment_status":"open","ping_status":"open","sticky":false,"template":"","format":"standard","meta":{"_et_pb_use_builder":"","_et_pb_old_content":""},"categories":[6],"tags":[],"yoast_head":"<!-- This site is optimized with the Yoast SEO Premium plugin v17.8 (Yoast SEO v17.8) - https:\/\/yoast.com\/wordpress\/plugins\/seo\/ -->\n<title>ALLEMAGNE - Julian Naglesmann nouveau s\u00e9lectionneur | Nettali.com<\/title>\n<meta name=\"robots\" content=\"index, follow, max-snippet:-1, max-image-preview:large, max-video-preview:-1\" \/>\n<link rel=\"canonical\" href=\"https:\/\/www.nettali.com\/2023\/09\/19\/allemagne-julian-naglesmann-nouveau-selectionneur\/\" \/>\n<meta property=\"og:locale\" content=\"fr_FR\" \/>\n<meta property=\"og:type\" content=\"article\" \/>\n<meta property=\"og:title\" content=\"ALLEMAGNE - Julian Naglesmann nouveau s\u00e9lectionneur\" \/>\n<meta property=\"og:description\" content=\"NETTALI.COM - Sans coach depuis l\u2019\u00e9viction de Hansi Flick, la s\u00e9lection nationale d\u2019Allemagne vient de trouver son nouvel entra\u00eeneur. Il s&#039;agit de Julian Naglesmann. Depuis le 10 septembre 2023, Hansi Flick n\u2019est plus le s\u00e9lectionneur de l\u2019Equipe d\u2019Allemagne. N\u2019arrivant plus convaincre \u00e0 travers les r\u00e9sultats, la F\u00e9d\u00e9ration allemande de football a jug\u00e9 bon de mettre [&hellip;]\" \/>\n<meta property=\"og:url\" content=\"https:\/\/www.nettali.com\/2023\/09\/19\/allemagne-julian-naglesmann-nouveau-selectionneur\/\" \/>\n<meta property=\"og:site_name\" content=\"Nettali.com\" \/>\n<meta property=\"article:publisher\" content=\"https:\/\/www.facebook.com\/nettalicom\" \/>\n<meta property=\"article:published_time\" content=\"2023-09-19T20:29:25+00:00\" \/>\n<meta property=\"article:modified_time\" content=\"2023-09-20T07:14:33+00:00\" \/>\n<meta property=\"og:image\" content=\"https:\/\/www.nettali.com\/wp-content\/uploads\/2023\/09\/1335697510.0.jpg\" \/>\n\t<meta property=\"og:image:width\" content=\"1400\" \/>\n\t<meta property=\"og:image:height\" content=\"933\" \/>\n<meta name=\"twitter:card\" content=\"summary_large_image\" \/>\n<meta name=\"twitter:label1\" content=\"\u00c9crit par\" \/>\n\t<meta name=\"twitter:data1\" content=\"Ibrahima\" \/>\n\t<meta name=\"twitter:label2\" content=\"Dur\u00e9e de lecture estim\u00e9e\" \/>\n\t<meta name=\"twitter:data2\" content=\"2 minutes\" \/>\n<script type=\"application\/ld+json\" class=\"yoast-schema-graph\">{\"@context\":\"https:\/\/schema.org\",\"@graph\":[{\"@type\":\"WebSite\",\"@id\":\"https:\/\/www.nettali.com\/#website\",\"url\":\"https:\/\/www.nettali.com\/\",\"name\":\"Nettali.com\",\"description\":\"Le rendez-vous critique du Net\",\"potentialAction\":[{\"@type\":\"SearchAction\",\"target\":{\"@type\":\"EntryPoint\",\"urlTemplate\":\"https:\/\/www.nettali.com\/?s={search_term_string}\"},\"query-input\":\"required name=search_term_string\"}],\"inLanguage\":\"fr-FR\"},{\"@type\":\"ImageObject\",\"@id\":\"https:\/\/www.nettali.com\/2023\/09\/19\/allemagne-julian-naglesmann-nouveau-selectionneur\/#primaryimage\",\"inLanguage\":\"fr-FR\",\"url\":\"https:\/\/www.nettali.com\/wp-content\/uploads\/2023\/09\/1335697510.0.jpg\",\"contentUrl\":\"https:\/\/www.nettali.com\/wp-content\/uploads\/2023\/09\/1335697510.0.jpg\",\"width\":1400,\"height\":933},{\"@type\":\"WebPage\",\"@id\":\"https:\/\/www.nettali.com\/2023\/09\/19\/allemagne-julian-naglesmann-nouveau-selectionneur\/#webpage\",\"url\":\"https:\/\/www.nettali.com\/2023\/09\/19\/allemagne-julian-naglesmann-nouveau-selectionneur\/\",\"name\":\"ALLEMAGNE - Julian Naglesmann nouveau s\\u00e9lectionneur | Nettali.com\",\"isPartOf\":{\"@id\":\"https:\/\/www.nettali.com\/#website\"},\"primaryImageOfPage\":{\"@id\":\"https:\/\/www.nettali.com\/2023\/09\/19\/allemagne-julian-naglesmann-nouveau-selectionneur\/#primaryimage\"},\"datePublished\":\"2023-09-19T20:29:25+00:00\",\"dateModified\":\"2023-09-20T07:14:33+00:00\",\"author\":{\"@id\":\"https:\/\/www.nettali.com\/#\/schema\/person\/bb147657c2986240405a608162b9bb23\"},\"breadcrumb\":{\"@id\":\"https:\/\/www.nettali.com\/2023\/09\/19\/allemagne-julian-naglesmann-nouveau-selectionneur\/#breadcrumb\"},\"inLanguage\":\"fr-FR\",\"potentialAction\":[{\"@type\":\"ReadAction\",\"target\":[\"https:\/\/www.nettali.com\/2023\/09\/19\/allemagne-julian-naglesmann-nouveau-selectionneur\/\"]}]},{\"@type\":\"BreadcrumbList\",\"@id\":\"https:\/\/www.nettali.com\/2023\/09\/19\/allemagne-julian-naglesmann-nouveau-selectionneur\/#breadcrumb\",\"itemListElement\":[{\"@type\":\"ListItem\",\"position\":1,\"name\":\"Accueil\",\"item\":\"https:\/\/www.nettali.com\/\"},{\"@type\":\"ListItem\",\"position\":2,\"name\":\"ALLEMAGNE - Julian Naglesmann nouveau s\\u00e9lectionneur\"}]},{\"@type\":\"Person\",\"@id\":\"https:\/\/www.nettali.com\/#\/schema\/person\/bb147657c2986240405a608162b9bb23\",\"name\":\"Ibrahima\",\"image\":{\"@type\":\"ImageObject\",\"@id\":\"https:\/\/www.nettali.com\/#personlogo\",\"inLanguage\":\"fr-FR\",\"url\":\"https:\/\/secure.gravatar.com\/avatar\/26a8a81f09f0dd7624c9d5c36c9ba3a2?s=96&d=mm&r=g\",\"contentUrl\":\"https:\/\/secure.gravatar.com\/avatar\/26a8a81f09f0dd7624c9d5c36c9ba3a2?s=96&d=mm&r=g\",\"caption\":\"Ibrahima\"},\"sameAs\":[\"https:\/\/www.nettali.com\"]}]}<\/script>\n<!-- \/ Yoast SEO Premium plugin. -->","yoast_head_json":{"title":"ALLEMAGNE - Julian Naglesmann nouveau s\u00e9lectionneur | Nettali.com","robots":{"index":"index","follow":"follow","max-snippet":"max-snippet:-1","max-image-preview":"max-image-preview:large","max-video-preview":"max-video-preview:-1"},"canonical":"https:\/\/www.nettali.com\/2023\/09\/19\/allemagne-julian-naglesmann-nouveau-selectionneur\/","og_locale":"fr_FR","og_type":"article","og_title":"ALLEMAGNE - Julian Naglesmann nouveau s\u00e9lectionneur","og_description":"NETTALI.COM - Sans coach depuis l\u2019\u00e9viction de Hansi Flick, la s\u00e9lection nationale d\u2019Allemagne vient de trouver son nouvel entra\u00eeneur. Il s'agit de Julian Naglesmann. Depuis le 10 septembre 2023, Hansi Flick n\u2019est plus le s\u00e9lectionneur de l\u2019Equipe d\u2019Allemagne. N\u2019arrivant plus convaincre \u00e0 travers les r\u00e9sultats, la F\u00e9d\u00e9ration allemande de football a jug\u00e9 bon de mettre [&hellip;]","og_url":"https:\/\/www.nettali.com\/2023\/09\/19\/allemagne-julian-naglesmann-nouveau-selectionneur\/","og_site_name":"Nettali.com","article_publisher":"https:\/\/www.facebook.com\/nettalicom","article_published_time":"2023-09-19T20:29:25+00:00","article_modified_time":"2023-09-20T07:14:33+00:00","og_image":[{"width":1400,"height":933,"url":"https:\/\/www.nettali.com\/wp-content\/uploads\/2023\/09\/1335697510.0.jpg","type":"image\/jpeg"}],"twitter_card":"summary_large_image","twitter_misc":{"\u00c9crit par":"Ibrahima","Dur\u00e9e de lecture estim\u00e9e":"2 minutes"},"schema":{"@context":"https:\/\/schema.org","@graph":[{"@type":"WebSite","@id":"https:\/\/www.nettali.com\/#website","url":"https:\/\/www.nettali.com\/","name":"Nettali.com","description":"Le rendez-vous critique du Net","potentialAction":[{"@type":"SearchAction","target":{"@type":"EntryPoint","urlTemplate":"https:\/\/www.nettali.com\/?s={search_term_string}"},"query-input":"required name=search_term_string"}],"inLanguage":"fr-FR"},{"@type":"ImageObject","@id":"https:\/\/www.nettali.com\/2023\/09\/19\/allemagne-julian-naglesmann-nouveau-selectionneur\/#primaryimage","inLanguage":"fr-FR","url":"https:\/\/www.nettali.com\/wp-content\/uploads\/2023\/09\/1335697510.0.jpg","contentUrl":"https:\/\/www.nettali.com\/wp-content\/uploads\/2023\/09\/1335697510.0.jpg","width":1400,"height":933},{"@type":"WebPage","@id":"https:\/\/www.nettali.com\/2023\/09\/19\/allemagne-julian-naglesmann-nouveau-selectionneur\/#webpage","url":"https:\/\/www.nettali.com\/2023\/09\/19\/allemagne-julian-naglesmann-nouveau-selectionneur\/","name":"ALLEMAGNE - Julian Naglesmann nouveau s\u00e9lectionneur | Nettali.com","isPartOf":{"@id":"https:\/\/www.nettali.com\/#website"},"primaryImageOfPage":{"@id":"https:\/\/www.nettali.com\/2023\/09\/19\/allemagne-julian-naglesmann-nouveau-selectionneur\/#primaryimage"},"datePublished":"2023-09-19T20:29:25+00:00","dateModified":"2023-09-20T07:14:33+00:00","author":{"@id":"https:\/\/www.nettali.com\/#\/schema\/person\/bb147657c2986240405a608162b9bb23"},"breadcrumb":{"@id":"https:\/\/www.nettali.com\/2023\/09\/19\/allemagne-julian-naglesmann-nouveau-selectionneur\/#breadcrumb"},"inLanguage":"fr-FR","potentialAction":[{"@type":"ReadAction","target":["https:\/\/www.nettali.com\/2023\/09\/19\/allemagne-julian-naglesmann-nouveau-selectionneur\/"]}]},{"@type":"BreadcrumbList","@id":"https:\/\/www.nettali.com\/2023\/09\/19\/allemagne-julian-naglesmann-nouveau-selectionneur\/#breadcrumb","itemListElement":[{"@type":"ListItem","position":1,"name":"Accueil","item":"https:\/\/www.nettali.com\/"},{"@type":"ListItem","position":2,"name":"ALLEMAGNE - Julian Naglesmann nouveau s\u00e9lectionneur"}]},{"@type":"Person","@id":"https:\/\/www.nettali.com\/#\/schema\/person\/bb147657c2986240405a608162b9bb23","name":"Ibrahima","image":{"@type":"ImageObject","@id":"https:\/\/www.nettali.com\/#personlogo","inLanguage":"fr-FR","url":"https:\/\/secure.gravatar.com\/avatar\/26a8a81f09f0dd7624c9d5c36c9ba3a2?s=96&d=mm&r=g","contentUrl":"https:\/\/secure.gravatar.com\/avatar\/26a8a81f09f0dd7624c9d5c36c9ba3a2?s=96&d=mm&r=g","caption":"Ibrahima"},"sameAs":["https:\/\/www.nettali.com"]}]}},"_links":{"self":[{"href":"https:\/\/www.nettali.com\/rest\/wp\/v2\/posts\/118518"}],"collection":[{"href":"https:\/\/www.nettali.com\/rest\/wp\/v2\/posts"}],"about":[{"href":"https:\/\/www.nettali.com\/rest\/wp\/v2\/types\/post"}],"author":[{"embeddable":true,"href":"https:\/\/www.nettali.com\/rest\/wp\/v2\/users\/5"}],"replies":[{"embeddable":true,"href":"https:\/\/www.nettali.com\/rest\/wp\/v2\/comments?post=118518"}],"version-history":[{"count":3,"href":"https:\/\/www.nettali.com\/rest\/wp\/v2\/posts\/118518\/revisions"}],"predecessor-version":[{"id":118539,"href":"https:\/\/www.nettali.com\/rest\/wp\/v2\/posts\/118518\/revisions\/118539"}],"wp:featuredmedia":[{"embeddable":true,"href":"https:\/\/www.nettali.com\/rest\/wp\/v2\/media\/118520"}],"wp:attachment":[{"href":"https:\/\/www.nettali.com\/rest\/wp\/v2\/media?parent=118518"}],"wp:term":[{"taxonomy":"category","embeddable":true,"href":"https:\/\/www.nettali.com\/rest\/wp\/v2\/categories?post=118518"},{"taxonomy":"post_tag","embeddable":true,"href":"https:\/\/www.nettali.com\/rest\/wp\/v2\/tags?post=118518"}],"curies":[{"name":"wp","href":"https:\/\/api.w.org\/{rel}","templated":true}]}}