{"id":118516,"date":"2023-09-19T20:28:11","date_gmt":"2023-09-19T20:28:11","guid":{"rendered":"https:\/\/www.nettali.com\/?p=118516"},"modified":"2023-09-19T20:28:11","modified_gmt":"2023-09-19T20:28:11","slug":"gamou-de-medina-baye-2023-le-comite-dorganisation-etale-ses-inquietudes","status":"publish","type":"post","link":"https:\/\/www.nettali.com\/2023\/09\/19\/gamou-de-medina-baye-2023-le-comite-dorganisation-etale-ses-inquietudes\/","title":{"rendered":"GAMOU DE MEDINA BAYE 2023 - Le comit\u00e9 d\u2019organisation \u00e9tale ses inqui\u00e9tudes"},"content":{"rendered":"<p><strong>NETTALI.COM - Le pr\u00e9sident du comit\u00e9 d\u2019organisation du Gamou 2023 de M\u00e9dina Baye, Serigne Cheikh Mamoune Ibrahima Niass, a fait part de ses inqui\u00e9tudes lors du comit\u00e9 r\u00e9gional de d\u00e9veloppement pour la c\u00e9l\u00e9bration du Gamou \u00e0 M\u00e9dina Baye. Concernant les pr\u00e9paratifs du Gamou, il invite \u00e0 une prise de responsabilit\u00e9 de la part de tout le monde.<\/strong><\/p>\n<p>\u00ab <em>Le cahier des charges est r\u00e9fl\u00e9chi et ent\u00e9rin\u00e9 par tout le monde. Nous sollicitons une dotation en riz, le renforcement de la lumi\u00e8re, la r\u00e9habilitation de la voirie. Il nous faut un bon assainissement pour lutter contre les inondations pour permettre aux fid\u00e8les de vivre convenablement la nuit de la naissance du Proph\u00e8te Mohamed (PSL). Si chacun remplit sa mission, les cons\u00e9quences des inondations seront moindres<\/em> \u00bb, a-t-il soutenu.<\/p>\n<p>\u00ab <em>La voie de Koussi doit \u00eatre r\u00e9habilit\u00e9e pour faciliter la mobilit\u00e9 des fid\u00e8les<\/em> \u00bb ajoute-t-il.<\/p>\n<div class='share-to-whatsapp-wrapper'><div class='share-on-whsp'>PARTAGER SUR : <\/div><a data-text='GAMOU DE MEDINA BAYE 2023 - Le comit\u00e9 d\u2019organisation \u00e9tale ses inqui\u00e9tudes' data-link='https:\/\/www.nettali.com\/2023\/09\/19\/gamou-de-medina-baye-2023-le-comite-dorganisation-etale-ses-inquietudes\/' class='whatsapp-button whatsapp-share'>WhatsApp<\/a><div class='clear '><\/div><\/div>","protected":false},"excerpt":{"rendered":"<p>NETTALI.COM - Le pr\u00e9sident du comit\u00e9 d\u2019organisation du Gamou 2023 de M\u00e9dina Baye, Serigne Cheikh Mamoune Ibrahima Niass, a fait part de ses inqui\u00e9tudes lors du comit\u00e9 r\u00e9gional de d\u00e9veloppement pour la c\u00e9l\u00e9bration du Gamou \u00e0 M\u00e9dina Baye. Concernant les pr\u00e9paratifs du Gamou, il invite \u00e0 une prise de responsabilit\u00e9 de la part de tout [&hellip;]<\/p>\n","protected":false},"author":6,"featured_media":39764,"comment_status":"open","ping_status":"open","sticky":false,"template":"","format":"standard","meta":{"_et_pb_use_builder":"","_et_pb_old_content":""},"categories":[3],"tags":[],"yoast_head":"<!-- This site is optimized with the Yoast SEO Premium plugin v17.8 (Yoast SEO v17.8) - https:\/\/yoast.com\/wordpress\/plugins\/seo\/ -->\n<title>GAMOU DE MEDINA BAYE 2023 - Le comit\u00e9 d\u2019organisation \u00e9tale ses inqui\u00e9tudes | Nettali.com<\/title>\n<meta name=\"robots\" content=\"index, follow, max-snippet:-1, max-image-preview:large, max-video-preview:-1\" \/>\n<link rel=\"canonical\" href=\"https:\/\/www.nettali.com\/2023\/09\/19\/gamou-de-medina-baye-2023-le-comite-dorganisation-etale-ses-inquietudes\/\" \/>\n<meta property=\"og:locale\" content=\"fr_FR\" \/>\n<meta property=\"og:type\" content=\"article\" \/>\n<meta property=\"og:title\" content=\"GAMOU DE MEDINA BAYE 2023 - Le comit\u00e9 d\u2019organisation \u00e9tale ses inqui\u00e9tudes\" \/>\n<meta property=\"og:description\" content=\"NETTALI.COM - Le pr\u00e9sident du comit\u00e9 d\u2019organisation du Gamou 2023 de M\u00e9dina Baye, Serigne Cheikh Mamoune Ibrahima Niass, a fait part de ses inqui\u00e9tudes lors du comit\u00e9 r\u00e9gional de d\u00e9veloppement pour la c\u00e9l\u00e9bration du Gamou \u00e0 M\u00e9dina Baye. Concernant les pr\u00e9paratifs du Gamou, il invite \u00e0 une prise de responsabilit\u00e9 de la part de tout [&hellip;]\" \/>\n<meta property=\"og:url\" content=\"https:\/\/www.nettali.com\/2023\/09\/19\/gamou-de-medina-baye-2023-le-comite-dorganisation-etale-ses-inquietudes\/\" \/>\n<meta property=\"og:site_name\" content=\"Nettali.com\" \/>\n<meta property=\"article:publisher\" content=\"https:\/\/www.facebook.com\/nettalicom\" \/>\n<meta property=\"article:published_time\" content=\"2023-09-19T20:28:11+00:00\" \/>\n<meta property=\"og:image\" content=\"https:\/\/www.nettali.com\/wp-content\/uploads\/2020\/06\/Medina-Baye.jpg\" \/>\n\t<meta property=\"og:image:width\" content=\"500\" \/>\n\t<meta property=\"og:image:height\" content=\"331\" \/>\n<meta name=\"twitter:card\" content=\"summary_large_image\" \/>\n<meta name=\"twitter:label1\" content=\"\u00c9crit par\" \/>\n\t<meta name=\"twitter:data1\" content=\"Fatou\" \/>\n\t<meta name=\"twitter:label2\" content=\"Dur\u00e9e de lecture estim\u00e9e\" \/>\n\t<meta name=\"twitter:data2\" content=\"1 minute\" \/>\n<script type=\"application\/ld+json\" class=\"yoast-schema-graph\">{\"@context\":\"https:\/\/schema.org\",\"@graph\":[{\"@type\":\"WebSite\",\"@id\":\"https:\/\/www.nettali.com\/#website\",\"url\":\"https:\/\/www.nettali.com\/\",\"name\":\"Nettali.com\",\"description\":\"Le rendez-vous critique du Net\",\"potentialAction\":[{\"@type\":\"SearchAction\",\"target\":{\"@type\":\"EntryPoint\",\"urlTemplate\":\"https:\/\/www.nettali.com\/?s={search_term_string}\"},\"query-input\":\"required name=search_term_string\"}],\"inLanguage\":\"fr-FR\"},{\"@type\":\"ImageObject\",\"@id\":\"https:\/\/www.nettali.com\/2023\/09\/19\/gamou-de-medina-baye-2023-le-comite-dorganisation-etale-ses-inquietudes\/#primaryimage\",\"inLanguage\":\"fr-FR\",\"url\":\"https:\/\/www.nettali.com\/wp-content\/uploads\/2020\/06\/Medina-Baye.jpg\",\"contentUrl\":\"https:\/\/www.nettali.com\/wp-content\/uploads\/2020\/06\/Medina-Baye.jpg\",\"width\":500,\"height\":331},{\"@type\":\"WebPage\",\"@id\":\"https:\/\/www.nettali.com\/2023\/09\/19\/gamou-de-medina-baye-2023-le-comite-dorganisation-etale-ses-inquietudes\/#webpage\",\"url\":\"https:\/\/www.nettali.com\/2023\/09\/19\/gamou-de-medina-baye-2023-le-comite-dorganisation-etale-ses-inquietudes\/\",\"name\":\"GAMOU DE MEDINA BAYE 2023 - Le comit\\u00e9 d\\u2019organisation \\u00e9tale ses inqui\\u00e9tudes | Nettali.com\",\"isPartOf\":{\"@id\":\"https:\/\/www.nettali.com\/#website\"},\"primaryImageOfPage\":{\"@id\":\"https:\/\/www.nettali.com\/2023\/09\/19\/gamou-de-medina-baye-2023-le-comite-dorganisation-etale-ses-inquietudes\/#primaryimage\"},\"datePublished\":\"2023-09-19T20:28:11+00:00\",\"dateModified\":\"2023-09-19T20:28:11+00:00\",\"author\":{\"@id\":\"https:\/\/www.nettali.com\/#\/schema\/person\/418274a86bdf87caff7a3ef476bd0bbf\"},\"breadcrumb\":{\"@id\":\"https:\/\/www.nettali.com\/2023\/09\/19\/gamou-de-medina-baye-2023-le-comite-dorganisation-etale-ses-inquietudes\/#breadcrumb\"},\"inLanguage\":\"fr-FR\",\"potentialAction\":[{\"@type\":\"ReadAction\",\"target\":[\"https:\/\/www.nettali.com\/2023\/09\/19\/gamou-de-medina-baye-2023-le-comite-dorganisation-etale-ses-inquietudes\/\"]}]},{\"@type\":\"BreadcrumbList\",\"@id\":\"https:\/\/www.nettali.com\/2023\/09\/19\/gamou-de-medina-baye-2023-le-comite-dorganisation-etale-ses-inquietudes\/#breadcrumb\",\"itemListElement\":[{\"@type\":\"ListItem\",\"position\":1,\"name\":\"Accueil\",\"item\":\"https:\/\/www.nettali.com\/\"},{\"@type\":\"ListItem\",\"position\":2,\"name\":\"GAMOU DE MEDINA BAYE 2023 - Le comit\\u00e9 d\\u2019organisation \\u00e9tale ses inqui\\u00e9tudes\"}]},{\"@type\":\"Person\",\"@id\":\"https:\/\/www.nettali.com\/#\/schema\/person\/418274a86bdf87caff7a3ef476bd0bbf\",\"name\":\"Fatou\",\"image\":{\"@type\":\"ImageObject\",\"@id\":\"https:\/\/www.nettali.com\/#personlogo\",\"inLanguage\":\"fr-FR\",\"url\":\"https:\/\/secure.gravatar.com\/avatar\/5a9442a2bee7b4dcf167cab035858e9a?s=96&d=mm&r=g\",\"contentUrl\":\"https:\/\/secure.gravatar.com\/avatar\/5a9442a2bee7b4dcf167cab035858e9a?s=96&d=mm&r=g\",\"caption\":\"Fatou\"},\"sameAs\":[\"https:\/\/www.nettali.com\"]}]}<\/script>\n<!-- \/ Yoast SEO Premium plugin. -->","yoast_head_json":{"title":"GAMOU DE MEDINA BAYE 2023 - Le comit\u00e9 d\u2019organisation \u00e9tale ses inqui\u00e9tudes | Nettali.com","robots":{"index":"index","follow":"follow","max-snippet":"max-snippet:-1","max-image-preview":"max-image-preview:large","max-video-preview":"max-video-preview:-1"},"canonical":"https:\/\/www.nettali.com\/2023\/09\/19\/gamou-de-medina-baye-2023-le-comite-dorganisation-etale-ses-inquietudes\/","og_locale":"fr_FR","og_type":"article","og_title":"GAMOU DE MEDINA BAYE 2023 - Le comit\u00e9 d\u2019organisation \u00e9tale ses inqui\u00e9tudes","og_description":"NETTALI.COM - Le pr\u00e9sident du comit\u00e9 d\u2019organisation du Gamou 2023 de M\u00e9dina Baye, Serigne Cheikh Mamoune Ibrahima Niass, a fait part de ses inqui\u00e9tudes lors du comit\u00e9 r\u00e9gional de d\u00e9veloppement pour la c\u00e9l\u00e9bration du Gamou \u00e0 M\u00e9dina Baye. Concernant les pr\u00e9paratifs du Gamou, il invite \u00e0 une prise de responsabilit\u00e9 de la part de tout [&hellip;]","og_url":"https:\/\/www.nettali.com\/2023\/09\/19\/gamou-de-medina-baye-2023-le-comite-dorganisation-etale-ses-inquietudes\/","og_site_name":"Nettali.com","article_publisher":"https:\/\/www.facebook.com\/nettalicom","article_published_time":"2023-09-19T20:28:11+00:00","og_image":[{"width":500,"height":331,"url":"https:\/\/www.nettali.com\/wp-content\/uploads\/2020\/06\/Medina-Baye.jpg","type":"image\/jpeg"}],"twitter_card":"summary_large_image","twitter_misc":{"\u00c9crit par":"Fatou","Dur\u00e9e de lecture estim\u00e9e":"1 minute"},"schema":{"@context":"https:\/\/schema.org","@graph":[{"@type":"WebSite","@id":"https:\/\/www.nettali.com\/#website","url":"https:\/\/www.nettali.com\/","name":"Nettali.com","description":"Le rendez-vous critique du Net","potentialAction":[{"@type":"SearchAction","target":{"@type":"EntryPoint","urlTemplate":"https:\/\/www.nettali.com\/?s={search_term_string}"},"query-input":"required name=search_term_string"}],"inLanguage":"fr-FR"},{"@type":"ImageObject","@id":"https:\/\/www.nettali.com\/2023\/09\/19\/gamou-de-medina-baye-2023-le-comite-dorganisation-etale-ses-inquietudes\/#primaryimage","inLanguage":"fr-FR","url":"https:\/\/www.nettali.com\/wp-content\/uploads\/2020\/06\/Medina-Baye.jpg","contentUrl":"https:\/\/www.nettali.com\/wp-content\/uploads\/2020\/06\/Medina-Baye.jpg","width":500,"height":331},{"@type":"WebPage","@id":"https:\/\/www.nettali.com\/2023\/09\/19\/gamou-de-medina-baye-2023-le-comite-dorganisation-etale-ses-inquietudes\/#webpage","url":"https:\/\/www.nettali.com\/2023\/09\/19\/gamou-de-medina-baye-2023-le-comite-dorganisation-etale-ses-inquietudes\/","name":"GAMOU DE MEDINA BAYE 2023 - Le comit\u00e9 d\u2019organisation \u00e9tale ses inqui\u00e9tudes | Nettali.com","isPartOf":{"@id":"https:\/\/www.nettali.com\/#website"},"primaryImageOfPage":{"@id":"https:\/\/www.nettali.com\/2023\/09\/19\/gamou-de-medina-baye-2023-le-comite-dorganisation-etale-ses-inquietudes\/#primaryimage"},"datePublished":"2023-09-19T20:28:11+00:00","dateModified":"2023-09-19T20:28:11+00:00","author":{"@id":"https:\/\/www.nettali.com\/#\/schema\/person\/418274a86bdf87caff7a3ef476bd0bbf"},"breadcrumb":{"@id":"https:\/\/www.nettali.com\/2023\/09\/19\/gamou-de-medina-baye-2023-le-comite-dorganisation-etale-ses-inquietudes\/#breadcrumb"},"inLanguage":"fr-FR","potentialAction":[{"@type":"ReadAction","target":["https:\/\/www.nettali.com\/2023\/09\/19\/gamou-de-medina-baye-2023-le-comite-dorganisation-etale-ses-inquietudes\/"]}]},{"@type":"BreadcrumbList","@id":"https:\/\/www.nettali.com\/2023\/09\/19\/gamou-de-medina-baye-2023-le-comite-dorganisation-etale-ses-inquietudes\/#breadcrumb","itemListElement":[{"@type":"ListItem","position":1,"name":"Accueil","item":"https:\/\/www.nettali.com\/"},{"@type":"ListItem","position":2,"name":"GAMOU DE MEDINA BAYE 2023 - Le comit\u00e9 d\u2019organisation \u00e9tale ses inqui\u00e9tudes"}]},{"@type":"Person","@id":"https:\/\/www.nettali.com\/#\/schema\/person\/418274a86bdf87caff7a3ef476bd0bbf","name":"Fatou","image":{"@type":"ImageObject","@id":"https:\/\/www.nettali.com\/#personlogo","inLanguage":"fr-FR","url":"https:\/\/secure.gravatar.com\/avatar\/5a9442a2bee7b4dcf167cab035858e9a?s=96&d=mm&r=g","contentUrl":"https:\/\/secure.gravatar.com\/avatar\/5a9442a2bee7b4dcf167cab035858e9a?s=96&d=mm&r=g","caption":"Fatou"},"sameAs":["https:\/\/www.nettali.com"]}]}},"_links":{"self":[{"href":"https:\/\/www.nettali.com\/rest\/wp\/v2\/posts\/118516"}],"collection":[{"href":"https:\/\/www.nettali.com\/rest\/wp\/v2\/posts"}],"about":[{"href":"https:\/\/www.nettali.com\/rest\/wp\/v2\/types\/post"}],"author":[{"embeddable":true,"href":"https:\/\/www.nettali.com\/rest\/wp\/v2\/users\/6"}],"replies":[{"embeddable":true,"href":"https:\/\/www.nettali.com\/rest\/wp\/v2\/comments?post=118516"}],"version-history":[{"count":1,"href":"https:\/\/www.nettali.com\/rest\/wp\/v2\/posts\/118516\/revisions"}],"predecessor-version":[{"id":118517,"href":"https:\/\/www.nettali.com\/rest\/wp\/v2\/posts\/118516\/revisions\/118517"}],"wp:featuredmedia":[{"embeddable":true,"href":"https:\/\/www.nettali.com\/rest\/wp\/v2\/media\/39764"}],"wp:attachment":[{"href":"https:\/\/www.nettali.com\/rest\/wp\/v2\/media?parent=118516"}],"wp:term":[{"taxonomy":"category","embeddable":true,"href":"https:\/\/www.nettali.com\/rest\/wp\/v2\/categories?post=118516"},{"taxonomy":"post_tag","embeddable":true,"href":"https:\/\/www.nettali.com\/rest\/wp\/v2\/tags?post=118516"}],"curies":[{"name":"wp","href":"https:\/\/api.w.org\/{rel}","templated":true}]}}