{"id":118501,"date":"2023-09-19T09:58:26","date_gmt":"2023-09-19T09:58:26","guid":{"rendered":"https:\/\/www.nettali.com\/?p=118501"},"modified":"2023-09-27T13:29:46","modified_gmt":"2023-09-27T13:29:46","slug":"finalement-tout-le-monde-est-candidat-declare-pour-etre-notre-president","status":"publish","type":"post","link":"https:\/\/www.nettali.com\/2023\/09\/19\/finalement-tout-le-monde-est-candidat-declare-pour-etre-notre-president\/","title":{"rendered":"Finalement tout le monde est candidat d\u00e9clar\u00e9 pour \u00eatre notre pr\u00e9sident"},"content":{"rendered":"<p><strong>CONTRIBUTION - En lisant, ce matin, les journaux de la place, je constate, encore, que l\u2019actualit\u00e9 est domin\u00e9e par la prochaine \u00e9lection pr\u00e9sidentielle. Et je tire la conclusion non h\u00e2tive qu\u2019on risquerait d\u2019avoir autant de candidats d\u00e9clar\u00e9s que d\u2019\u00e9lecteurs.<\/strong><\/p>\n<p>Ce serait grave, car, comme dit l\u2019adage, il faut de tout pour faire un monde. Ce que Nelson Mandela avait bien compris en s\u2019exprimant en ces termes, je le cite\u00a0:\u300a<em>j\u2019avais toujours admir\u00e9 les hommes et les femmes qui mettaient leur talent au service de la communaut\u00e9, ces hommes et ces femmes respect\u00e9s et admir\u00e9s pour leurs efforts et leurs sacrifices, m\u00eame s\u2019ils n\u2019avaient pas occup\u00e9 de postes importants au gouvernement ou dans la soci\u00e9t\u00e9 civile.<\/em><em>\u300b<\/em>. Il voulait motiver ainsi son refus d\u2019\u00eatre Pr\u00e9sident de la R\u00e9publique, \u00e0 la fin de l\u2019apartheid, face \u00e0 l\u2019insistance des dirigeants de l\u2019ANC.<\/p>\n<p>Sans d\u00e9tour, Nelson Mandela avait bien raison\u00a0: le talent d\u2019un homme ou d\u2019une femme peut bien \u00eatre d\u2019une utilit\u00e9 soci\u00e9tale certaine sans l\u2019occupation d\u2019un prestigieux poste politique.<\/p>\n<p>C\u2019est pourquoi je fr\u00e9mis, \u00e0 chaque fois, qu\u2019un politique parle de tout et de rien en centrant tout sur sa propre personne. Si l\u2019occasion m\u2019\u00e9tait donn\u00e9e, j\u2019aurais pos\u00e9 \u00e0 ces messies la question suivante\u00a0: le meilleur Pr\u00e9sident de la R\u00e9publique, sans des exploitants agricoles, peut-il assurer, par la magie des mots et des projets, une souverainet\u00e9 alimentaire durable\u00a0?<\/p>\n<p>Cette question contient sa propre r\u00e9ponse qui devrait \u00eatre accept\u00e9e sans recours \u00e0 un raisonnement compliqu\u00e9 qu\u2019on serait seul \u00e0 comprendre. En clair, un talent individuel doit \u00eatre au service du collectif.<\/p>\n<p>Au demeurant, je retiens une assertion forte\u00a0: <em>\" un collaborateur, c\u2019est celui qui sait faire ce que je ne peux faire et qui ne peut pas faire ce que je sais faire\"<\/em>. C\u2019est une belle illustration de ce que doit \u00eatre un syst\u00e8me efficace, efficient, inclusif et r\u00e9silient. J\u2019utilise souvent celle-ci en plaidant pour des recherches interdisciplinaires visant \u00e0 comprendre et \u00e0 expliquer des ph\u00e9nom\u00e8nes complexes qui se complexifient au cours du temps.<\/p>\n<p>Que chacun de nous fasse ce qu\u2019il sait faire et mise sur une mutualisation des talents \u00e0 travers une exploitation raisonn\u00e9e des compl\u00e9mentarit\u00e9s et le respect des diff\u00e9rences.<\/p>\n<p>Le savant Cheik Anta Diop n\u2019a jamais pr\u00eat\u00e9 serment devant le Conseil constitutionnel pour nous diriger mais sa contribution a toujours \u00e9t\u00e9 immense, respect\u00e9e et admir\u00e9e de tous.<\/p>\n<p>Que Dieu nous garde.<\/p>\n<p>&nbsp;<\/p>\n<p>&nbsp;<\/p>\n<p>&nbsp;<\/p>\n<p>&nbsp;<\/p>\n<div class='share-to-whatsapp-wrapper'><div class='share-on-whsp'>PARTAGER SUR : <\/div><a data-text='Finalement tout le monde est candidat d\u00e9clar\u00e9 pour \u00eatre notre pr\u00e9sident' data-link='https:\/\/www.nettali.com\/2023\/09\/19\/finalement-tout-le-monde-est-candidat-declare-pour-etre-notre-president\/' class='whatsapp-button whatsapp-share'>WhatsApp<\/a><div class='clear '><\/div><\/div>","protected":false},"excerpt":{"rendered":"<p>CONTRIBUTION - En lisant, ce matin, les journaux de la place, je constate, encore, que l\u2019actualit\u00e9 est domin\u00e9e par la prochaine \u00e9lection pr\u00e9sidentielle. Et je tire la conclusion non h\u00e2tive qu\u2019on risquerait d\u2019avoir autant de candidats d\u00e9clar\u00e9s que d\u2019\u00e9lecteurs. Ce serait grave, car, comme dit l\u2019adage, il faut de tout pour faire un monde. Ce [&hellip;]<\/p>\n","protected":false},"author":4,"featured_media":118502,"comment_status":"open","ping_status":"open","sticky":false,"template":"","format":"standard","meta":{"_et_pb_use_builder":"","_et_pb_old_content":""},"categories":[34934],"tags":[],"yoast_head":"<!-- This site is optimized with the Yoast SEO Premium plugin v17.8 (Yoast SEO v17.8) - https:\/\/yoast.com\/wordpress\/plugins\/seo\/ -->\n<title>Finalement tout le monde est candidat d\u00e9clar\u00e9 pour \u00eatre notre pr\u00e9sident | Nettali.com<\/title>\n<meta name=\"robots\" content=\"index, follow, max-snippet:-1, max-image-preview:large, max-video-preview:-1\" \/>\n<link rel=\"canonical\" href=\"https:\/\/www.nettali.com\/2023\/09\/19\/finalement-tout-le-monde-est-candidat-declare-pour-etre-notre-president\/\" \/>\n<meta property=\"og:locale\" content=\"fr_FR\" \/>\n<meta property=\"og:type\" content=\"article\" \/>\n<meta property=\"og:title\" content=\"Finalement tout le monde est candidat d\u00e9clar\u00e9 pour \u00eatre notre pr\u00e9sident\" \/>\n<meta property=\"og:description\" content=\"CONTRIBUTION - En lisant, ce matin, les journaux de la place, je constate, encore, que l\u2019actualit\u00e9 est domin\u00e9e par la prochaine \u00e9lection pr\u00e9sidentielle. Et je tire la conclusion non h\u00e2tive qu\u2019on risquerait d\u2019avoir autant de candidats d\u00e9clar\u00e9s que d\u2019\u00e9lecteurs. Ce serait grave, car, comme dit l\u2019adage, il faut de tout pour faire un monde. Ce [&hellip;]\" \/>\n<meta property=\"og:url\" content=\"https:\/\/www.nettali.com\/2023\/09\/19\/finalement-tout-le-monde-est-candidat-declare-pour-etre-notre-president\/\" \/>\n<meta property=\"og:site_name\" content=\"Nettali.com\" \/>\n<meta property=\"article:publisher\" content=\"https:\/\/www.facebook.com\/nettalicom\" \/>\n<meta property=\"article:published_time\" content=\"2023-09-19T09:58:26+00:00\" \/>\n<meta property=\"article:modified_time\" content=\"2023-09-27T13:29:46+00:00\" \/>\n<meta property=\"og:image\" content=\"https:\/\/www.nettali.com\/wp-content\/uploads\/2023\/09\/Papa-Abdoulaye-SECK-Ancien-ministre-de-lAgriculture.jpeg\" \/>\n\t<meta property=\"og:image:width\" content=\"1000\" \/>\n\t<meta property=\"og:image:height\" content=\"500\" \/>\n<meta name=\"twitter:card\" content=\"summary_large_image\" \/>\n<meta name=\"twitter:label1\" content=\"\u00c9crit par\" \/>\n\t<meta name=\"twitter:data1\" content=\"Daouda\" \/>\n\t<meta name=\"twitter:label2\" content=\"Dur\u00e9e de lecture estim\u00e9e\" \/>\n\t<meta name=\"twitter:data2\" content=\"2 minutes\" \/>\n<script type=\"application\/ld+json\" class=\"yoast-schema-graph\">{\"@context\":\"https:\/\/schema.org\",\"@graph\":[{\"@type\":\"WebSite\",\"@id\":\"https:\/\/www.nettali.com\/#website\",\"url\":\"https:\/\/www.nettali.com\/\",\"name\":\"Nettali.com\",\"description\":\"Le rendez-vous critique du Net\",\"potentialAction\":[{\"@type\":\"SearchAction\",\"target\":{\"@type\":\"EntryPoint\",\"urlTemplate\":\"https:\/\/www.nettali.com\/?s={search_term_string}\"},\"query-input\":\"required name=search_term_string\"}],\"inLanguage\":\"fr-FR\"},{\"@type\":\"ImageObject\",\"@id\":\"https:\/\/www.nettali.com\/2023\/09\/19\/finalement-tout-le-monde-est-candidat-declare-pour-etre-notre-president\/#primaryimage\",\"inLanguage\":\"fr-FR\",\"url\":\"https:\/\/www.nettali.com\/wp-content\/uploads\/2023\/09\/Papa-Abdoulaye-SECK-Ancien-ministre-de-lAgriculture.jpeg\",\"contentUrl\":\"https:\/\/www.nettali.com\/wp-content\/uploads\/2023\/09\/Papa-Abdoulaye-SECK-Ancien-ministre-de-lAgriculture.jpeg\",\"width\":1000,\"height\":500},{\"@type\":\"WebPage\",\"@id\":\"https:\/\/www.nettali.com\/2023\/09\/19\/finalement-tout-le-monde-est-candidat-declare-pour-etre-notre-president\/#webpage\",\"url\":\"https:\/\/www.nettali.com\/2023\/09\/19\/finalement-tout-le-monde-est-candidat-declare-pour-etre-notre-president\/\",\"name\":\"Finalement tout le monde est candidat d\\u00e9clar\\u00e9 pour \\u00eatre notre pr\\u00e9sident | Nettali.com\",\"isPartOf\":{\"@id\":\"https:\/\/www.nettali.com\/#website\"},\"primaryImageOfPage\":{\"@id\":\"https:\/\/www.nettali.com\/2023\/09\/19\/finalement-tout-le-monde-est-candidat-declare-pour-etre-notre-president\/#primaryimage\"},\"datePublished\":\"2023-09-19T09:58:26+00:00\",\"dateModified\":\"2023-09-27T13:29:46+00:00\",\"author\":{\"@id\":\"https:\/\/www.nettali.com\/#\/schema\/person\/3317e0bb3aa1da309fbf7b2780901bf4\"},\"breadcrumb\":{\"@id\":\"https:\/\/www.nettali.com\/2023\/09\/19\/finalement-tout-le-monde-est-candidat-declare-pour-etre-notre-president\/#breadcrumb\"},\"inLanguage\":\"fr-FR\",\"potentialAction\":[{\"@type\":\"ReadAction\",\"target\":[\"https:\/\/www.nettali.com\/2023\/09\/19\/finalement-tout-le-monde-est-candidat-declare-pour-etre-notre-president\/\"]}]},{\"@type\":\"BreadcrumbList\",\"@id\":\"https:\/\/www.nettali.com\/2023\/09\/19\/finalement-tout-le-monde-est-candidat-declare-pour-etre-notre-president\/#breadcrumb\",\"itemListElement\":[{\"@type\":\"ListItem\",\"position\":1,\"name\":\"Accueil\",\"item\":\"https:\/\/www.nettali.com\/\"},{\"@type\":\"ListItem\",\"position\":2,\"name\":\"Finalement tout le monde est candidat d\\u00e9clar\\u00e9 pour \\u00eatre notre pr\\u00e9sident\"}]},{\"@type\":\"Person\",\"@id\":\"https:\/\/www.nettali.com\/#\/schema\/person\/3317e0bb3aa1da309fbf7b2780901bf4\",\"name\":\"Daouda\",\"image\":{\"@type\":\"ImageObject\",\"@id\":\"https:\/\/www.nettali.com\/#personlogo\",\"inLanguage\":\"fr-FR\",\"url\":\"https:\/\/secure.gravatar.com\/avatar\/8d143b5a49345098ddcfee1c49c2f47c?s=96&d=mm&r=g\",\"contentUrl\":\"https:\/\/secure.gravatar.com\/avatar\/8d143b5a49345098ddcfee1c49c2f47c?s=96&d=mm&r=g\",\"caption\":\"Daouda\"},\"sameAs\":[\"https:\/\/www.nettali.com\"]}]}<\/script>\n<!-- \/ Yoast SEO Premium plugin. -->","yoast_head_json":{"title":"Finalement tout le monde est candidat d\u00e9clar\u00e9 pour \u00eatre notre pr\u00e9sident | Nettali.com","robots":{"index":"index","follow":"follow","max-snippet":"max-snippet:-1","max-image-preview":"max-image-preview:large","max-video-preview":"max-video-preview:-1"},"canonical":"https:\/\/www.nettali.com\/2023\/09\/19\/finalement-tout-le-monde-est-candidat-declare-pour-etre-notre-president\/","og_locale":"fr_FR","og_type":"article","og_title":"Finalement tout le monde est candidat d\u00e9clar\u00e9 pour \u00eatre notre pr\u00e9sident","og_description":"CONTRIBUTION - En lisant, ce matin, les journaux de la place, je constate, encore, que l\u2019actualit\u00e9 est domin\u00e9e par la prochaine \u00e9lection pr\u00e9sidentielle. Et je tire la conclusion non h\u00e2tive qu\u2019on risquerait d\u2019avoir autant de candidats d\u00e9clar\u00e9s que d\u2019\u00e9lecteurs. Ce serait grave, car, comme dit l\u2019adage, il faut de tout pour faire un monde. Ce [&hellip;]","og_url":"https:\/\/www.nettali.com\/2023\/09\/19\/finalement-tout-le-monde-est-candidat-declare-pour-etre-notre-president\/","og_site_name":"Nettali.com","article_publisher":"https:\/\/www.facebook.com\/nettalicom","article_published_time":"2023-09-19T09:58:26+00:00","article_modified_time":"2023-09-27T13:29:46+00:00","og_image":[{"width":1000,"height":500,"url":"https:\/\/www.nettali.com\/wp-content\/uploads\/2023\/09\/Papa-Abdoulaye-SECK-Ancien-ministre-de-lAgriculture.jpeg","type":"image\/jpeg"}],"twitter_card":"summary_large_image","twitter_misc":{"\u00c9crit par":"Daouda","Dur\u00e9e de lecture estim\u00e9e":"2 minutes"},"schema":{"@context":"https:\/\/schema.org","@graph":[{"@type":"WebSite","@id":"https:\/\/www.nettali.com\/#website","url":"https:\/\/www.nettali.com\/","name":"Nettali.com","description":"Le rendez-vous critique du Net","potentialAction":[{"@type":"SearchAction","target":{"@type":"EntryPoint","urlTemplate":"https:\/\/www.nettali.com\/?s={search_term_string}"},"query-input":"required name=search_term_string"}],"inLanguage":"fr-FR"},{"@type":"ImageObject","@id":"https:\/\/www.nettali.com\/2023\/09\/19\/finalement-tout-le-monde-est-candidat-declare-pour-etre-notre-president\/#primaryimage","inLanguage":"fr-FR","url":"https:\/\/www.nettali.com\/wp-content\/uploads\/2023\/09\/Papa-Abdoulaye-SECK-Ancien-ministre-de-lAgriculture.jpeg","contentUrl":"https:\/\/www.nettali.com\/wp-content\/uploads\/2023\/09\/Papa-Abdoulaye-SECK-Ancien-ministre-de-lAgriculture.jpeg","width":1000,"height":500},{"@type":"WebPage","@id":"https:\/\/www.nettali.com\/2023\/09\/19\/finalement-tout-le-monde-est-candidat-declare-pour-etre-notre-president\/#webpage","url":"https:\/\/www.nettali.com\/2023\/09\/19\/finalement-tout-le-monde-est-candidat-declare-pour-etre-notre-president\/","name":"Finalement tout le monde est candidat d\u00e9clar\u00e9 pour \u00eatre notre pr\u00e9sident | Nettali.com","isPartOf":{"@id":"https:\/\/www.nettali.com\/#website"},"primaryImageOfPage":{"@id":"https:\/\/www.nettali.com\/2023\/09\/19\/finalement-tout-le-monde-est-candidat-declare-pour-etre-notre-president\/#primaryimage"},"datePublished":"2023-09-19T09:58:26+00:00","dateModified":"2023-09-27T13:29:46+00:00","author":{"@id":"https:\/\/www.nettali.com\/#\/schema\/person\/3317e0bb3aa1da309fbf7b2780901bf4"},"breadcrumb":{"@id":"https:\/\/www.nettali.com\/2023\/09\/19\/finalement-tout-le-monde-est-candidat-declare-pour-etre-notre-president\/#breadcrumb"},"inLanguage":"fr-FR","potentialAction":[{"@type":"ReadAction","target":["https:\/\/www.nettali.com\/2023\/09\/19\/finalement-tout-le-monde-est-candidat-declare-pour-etre-notre-president\/"]}]},{"@type":"BreadcrumbList","@id":"https:\/\/www.nettali.com\/2023\/09\/19\/finalement-tout-le-monde-est-candidat-declare-pour-etre-notre-president\/#breadcrumb","itemListElement":[{"@type":"ListItem","position":1,"name":"Accueil","item":"https:\/\/www.nettali.com\/"},{"@type":"ListItem","position":2,"name":"Finalement tout le monde est candidat d\u00e9clar\u00e9 pour \u00eatre notre pr\u00e9sident"}]},{"@type":"Person","@id":"https:\/\/www.nettali.com\/#\/schema\/person\/3317e0bb3aa1da309fbf7b2780901bf4","name":"Daouda","image":{"@type":"ImageObject","@id":"https:\/\/www.nettali.com\/#personlogo","inLanguage":"fr-FR","url":"https:\/\/secure.gravatar.com\/avatar\/8d143b5a49345098ddcfee1c49c2f47c?s=96&d=mm&r=g","contentUrl":"https:\/\/secure.gravatar.com\/avatar\/8d143b5a49345098ddcfee1c49c2f47c?s=96&d=mm&r=g","caption":"Daouda"},"sameAs":["https:\/\/www.nettali.com"]}]}},"_links":{"self":[{"href":"https:\/\/www.nettali.com\/rest\/wp\/v2\/posts\/118501"}],"collection":[{"href":"https:\/\/www.nettali.com\/rest\/wp\/v2\/posts"}],"about":[{"href":"https:\/\/www.nettali.com\/rest\/wp\/v2\/types\/post"}],"author":[{"embeddable":true,"href":"https:\/\/www.nettali.com\/rest\/wp\/v2\/users\/4"}],"replies":[{"embeddable":true,"href":"https:\/\/www.nettali.com\/rest\/wp\/v2\/comments?post=118501"}],"version-history":[{"count":1,"href":"https:\/\/www.nettali.com\/rest\/wp\/v2\/posts\/118501\/revisions"}],"predecessor-version":[{"id":118503,"href":"https:\/\/www.nettali.com\/rest\/wp\/v2\/posts\/118501\/revisions\/118503"}],"wp:featuredmedia":[{"embeddable":true,"href":"https:\/\/www.nettali.com\/rest\/wp\/v2\/media\/118502"}],"wp:attachment":[{"href":"https:\/\/www.nettali.com\/rest\/wp\/v2\/media?parent=118501"}],"wp:term":[{"taxonomy":"category","embeddable":true,"href":"https:\/\/www.nettali.com\/rest\/wp\/v2\/categories?post=118501"},{"taxonomy":"post_tag","embeddable":true,"href":"https:\/\/www.nettali.com\/rest\/wp\/v2\/tags?post=118501"}],"curies":[{"name":"wp","href":"https:\/\/api.w.org\/{rel}","templated":true}]}}