{"id":118409,"date":"2023-09-17T23:30:15","date_gmt":"2023-09-17T23:30:15","guid":{"rendered":"https:\/\/www.nettali.com\/?p=118409"},"modified":"2023-09-18T08:44:11","modified_gmt":"2023-09-18T08:44:11","slug":"en-coulisses-macky-sall-promet-a-tout-le-monde","status":"publish","type":"post","link":"https:\/\/www.nettali.com\/2023\/09\/17\/en-coulisses-macky-sall-promet-a-tout-le-monde\/","title":{"rendered":"EN COULISSES - \"Macky Sall promet \u00e0 tout le monde... \""},"content":{"rendered":"<div dir=\"auto\"><strong>NETTALI.COM -<\/strong> Restons sur l'\u00e9mission \"<em>Toute la v\u00e9rit\u00e9<\/em>\" sur la Sen TV du dimanche 17 septembre. Selon en effet El Hadji Tall, le journaliste invit\u00e9 de Fabrice Ngu\u00e9ma, \"l<em>e candidat naturel de Benno, c\u2019est Mouhamed Boun Abdallah Dione. Vous saviez pourquoi ? Il chemine \u00a0avec le pr\u00e9sident depuis 2004. Il l\u2019a d\u00e9bauch\u00e9 du bureau \u00e9conomique du S\u00e9n\u00e9gal \u00e0 Paris, il a \u00e9t\u00e9 aussi directeur de l\u2019industrie que le le pr\u00e9sident a fait d\u00e9baucher pour en faire son directeur de cabinet. Il est m\u00eame all\u00e9 avec lui \u00e0 l\u2019Assembl\u00e9e nationale. Il a dit voici un S\u00e9n\u00e9galais qui peut continuer les politiques publiques. Apr\u00e8s il est retourn\u00e9 \u00e0 l\u2019Onudi et il n\u2019est revenu que quand Macky Sall est devenu pr\u00e9sident de la r\u00e9publique. Il est tr\u00e8s conciliant et n\u2019a de probl\u00e8mes avec personne. Il n\u2019a ni de probl\u00e8mes avec le parti et ni, avec l\u2019opposition. C\u2019est un homme de consensus<\/em>\"<\/div>\n<div dir=\"auto\"><\/div>\n<div dir=\"auto\">Selon l'ancien conseiller de l'ancien Premier ministre, \"<em>il y a une trahison de Macky Sall. Ce dernier a m\u00eame pr\u00e9fac\u00e9 le livre de Boun Abdallah Dione. Macky promet \u00e0 tout le monde. C'est un champion des promesses. Il sait bien promettre. Il promet \u00e0 tout le monde. Le cas le plus illustratif, est celui de Mimi. Elle \u00e9tait convaincue qu\u2019elle allait \u00eatre pr\u00e9sidente de l\u2019assembl\u00e9e. Et c\u2019est en salle que le pr\u00e9sident lui a demand\u00e9 s\u2019il peut l\u2019appeler pour quelqu\u2019un qu'il appelait tous les jours. Et c\u2019est pour finalement lui dire qu\u2019il a chang\u00e9 de d\u00e9cision<\/em>\".<\/div>\n<div dir=\"auto\"><\/div>\n<div dir=\"auto\"><\/div>\n<div class='share-to-whatsapp-wrapper'><div class='share-on-whsp'>PARTAGER SUR : <\/div><a data-text='EN COULISSES - \"Macky Sall promet \u00e0 tout le monde... \"' data-link='https:\/\/www.nettali.com\/2023\/09\/17\/en-coulisses-macky-sall-promet-a-tout-le-monde\/' class='whatsapp-button whatsapp-share'>WhatsApp<\/a><div class='clear '><\/div><\/div>","protected":false},"excerpt":{"rendered":"<p>NETTALI.COM - Restons sur l'\u00e9mission \"Toute la v\u00e9rit\u00e9\" sur la Sen TV du dimanche 17 septembre. Selon en effet El Hadji Tall, le journaliste invit\u00e9 de Fabrice Ngu\u00e9ma, \"le candidat naturel de Benno, c\u2019est Mouhamed Boun Abdallah Dione. Vous saviez pourquoi ? Il chemine \u00a0avec le pr\u00e9sident depuis 2004. Il l\u2019a d\u00e9bauch\u00e9 du bureau \u00e9conomique [&hellip;]<\/p>\n","protected":false},"author":2,"featured_media":118430,"comment_status":"open","ping_status":"open","sticky":false,"template":"","format":"standard","meta":{"_et_pb_use_builder":"","_et_pb_old_content":""},"categories":[34945],"tags":[],"yoast_head":"<!-- This site is optimized with the Yoast SEO Premium plugin v17.8 (Yoast SEO v17.8) - https:\/\/yoast.com\/wordpress\/plugins\/seo\/ -->\n<title>EN COULISSES - &quot;Macky Sall promet \u00e0 tout le monde... &quot; | Nettali.com<\/title>\n<meta name=\"robots\" content=\"index, follow, max-snippet:-1, max-image-preview:large, max-video-preview:-1\" \/>\n<link rel=\"canonical\" href=\"https:\/\/www.nettali.com\/2023\/09\/17\/en-coulisses-macky-sall-promet-a-tout-le-monde\/\" \/>\n<meta property=\"og:locale\" content=\"fr_FR\" \/>\n<meta property=\"og:type\" content=\"article\" \/>\n<meta property=\"og:title\" content=\"EN COULISSES - &quot;Macky Sall promet \u00e0 tout le monde... &quot;\" \/>\n<meta property=\"og:description\" content=\"NETTALI.COM - Restons sur l&#039;\u00e9mission &quot;Toute la v\u00e9rit\u00e9&quot; sur la Sen TV du dimanche 17 septembre. Selon en effet El Hadji Tall, le journaliste invit\u00e9 de Fabrice Ngu\u00e9ma, &quot;le candidat naturel de Benno, c\u2019est Mouhamed Boun Abdallah Dione. Vous saviez pourquoi ? Il chemine \u00a0avec le pr\u00e9sident depuis 2004. Il l\u2019a d\u00e9bauch\u00e9 du bureau \u00e9conomique [&hellip;]\" \/>\n<meta property=\"og:url\" content=\"https:\/\/www.nettali.com\/2023\/09\/17\/en-coulisses-macky-sall-promet-a-tout-le-monde\/\" \/>\n<meta property=\"og:site_name\" content=\"Nettali.com\" \/>\n<meta property=\"article:publisher\" content=\"https:\/\/www.facebook.com\/nettalicom\" \/>\n<meta property=\"article:published_time\" content=\"2023-09-17T23:30:15+00:00\" \/>\n<meta property=\"article:modified_time\" content=\"2023-09-18T08:44:11+00:00\" \/>\n<meta property=\"og:image\" content=\"https:\/\/www.nettali.com\/wp-content\/uploads\/2023\/09\/Senegal-le-president-Macky-Sall-annonce-qu-il-ne-sera-pas-candidat-a-sa-reelection-en-2024-scaled.jpg\" \/>\n\t<meta property=\"og:image:width\" content=\"2560\" \/>\n\t<meta property=\"og:image:height\" content=\"1280\" \/>\n<meta name=\"twitter:card\" content=\"summary_large_image\" \/>\n<meta name=\"twitter:label1\" content=\"\u00c9crit par\" \/>\n\t<meta name=\"twitter:data1\" content=\"CK\" \/>\n\t<meta name=\"twitter:label2\" content=\"Dur\u00e9e de lecture estim\u00e9e\" \/>\n\t<meta name=\"twitter:data2\" content=\"2 minutes\" \/>\n<script type=\"application\/ld+json\" class=\"yoast-schema-graph\">{\"@context\":\"https:\/\/schema.org\",\"@graph\":[{\"@type\":\"WebSite\",\"@id\":\"https:\/\/www.nettali.com\/#website\",\"url\":\"https:\/\/www.nettali.com\/\",\"name\":\"Nettali.com\",\"description\":\"Le rendez-vous critique du Net\",\"potentialAction\":[{\"@type\":\"SearchAction\",\"target\":{\"@type\":\"EntryPoint\",\"urlTemplate\":\"https:\/\/www.nettali.com\/?s={search_term_string}\"},\"query-input\":\"required name=search_term_string\"}],\"inLanguage\":\"fr-FR\"},{\"@type\":\"ImageObject\",\"@id\":\"https:\/\/www.nettali.com\/2023\/09\/17\/en-coulisses-macky-sall-promet-a-tout-le-monde\/#primaryimage\",\"inLanguage\":\"fr-FR\",\"url\":\"https:\/\/www.nettali.com\/wp-content\/uploads\/2023\/09\/Senegal-le-president-Macky-Sall-annonce-qu-il-ne-sera-pas-candidat-a-sa-reelection-en-2024-scaled.jpg\",\"contentUrl\":\"https:\/\/www.nettali.com\/wp-content\/uploads\/2023\/09\/Senegal-le-president-Macky-Sall-annonce-qu-il-ne-sera-pas-candidat-a-sa-reelection-en-2024-scaled.jpg\",\"width\":2560,\"height\":1280},{\"@type\":\"WebPage\",\"@id\":\"https:\/\/www.nettali.com\/2023\/09\/17\/en-coulisses-macky-sall-promet-a-tout-le-monde\/#webpage\",\"url\":\"https:\/\/www.nettali.com\/2023\/09\/17\/en-coulisses-macky-sall-promet-a-tout-le-monde\/\",\"name\":\"EN COULISSES - \\\"Macky Sall promet \\u00e0 tout le monde... \\\" | Nettali.com\",\"isPartOf\":{\"@id\":\"https:\/\/www.nettali.com\/#website\"},\"primaryImageOfPage\":{\"@id\":\"https:\/\/www.nettali.com\/2023\/09\/17\/en-coulisses-macky-sall-promet-a-tout-le-monde\/#primaryimage\"},\"datePublished\":\"2023-09-17T23:30:15+00:00\",\"dateModified\":\"2023-09-18T08:44:11+00:00\",\"author\":{\"@id\":\"https:\/\/www.nettali.com\/#\/schema\/person\/d8ac7b7e27ddad43f1c0d2ef090d7f71\"},\"breadcrumb\":{\"@id\":\"https:\/\/www.nettali.com\/2023\/09\/17\/en-coulisses-macky-sall-promet-a-tout-le-monde\/#breadcrumb\"},\"inLanguage\":\"fr-FR\",\"potentialAction\":[{\"@type\":\"ReadAction\",\"target\":[\"https:\/\/www.nettali.com\/2023\/09\/17\/en-coulisses-macky-sall-promet-a-tout-le-monde\/\"]}]},{\"@type\":\"BreadcrumbList\",\"@id\":\"https:\/\/www.nettali.com\/2023\/09\/17\/en-coulisses-macky-sall-promet-a-tout-le-monde\/#breadcrumb\",\"itemListElement\":[{\"@type\":\"ListItem\",\"position\":1,\"name\":\"Accueil\",\"item\":\"https:\/\/www.nettali.com\/\"},{\"@type\":\"ListItem\",\"position\":2,\"name\":\"EN COULISSES - \\\"Macky Sall promet \\u00e0 tout le monde... \\\"\"}]},{\"@type\":\"Person\",\"@id\":\"https:\/\/www.nettali.com\/#\/schema\/person\/d8ac7b7e27ddad43f1c0d2ef090d7f71\",\"name\":\"CK\",\"image\":{\"@type\":\"ImageObject\",\"@id\":\"https:\/\/www.nettali.com\/#personlogo\",\"inLanguage\":\"fr-FR\",\"url\":\"https:\/\/secure.gravatar.com\/avatar\/1d8d5118b9327d94da7cd4ce7f17fec2?s=96&d=mm&r=g\",\"contentUrl\":\"https:\/\/secure.gravatar.com\/avatar\/1d8d5118b9327d94da7cd4ce7f17fec2?s=96&d=mm&r=g\",\"caption\":\"CK\"},\"sameAs\":[\"https:\/\/www.nettali.com\"]}]}<\/script>\n<!-- \/ Yoast SEO Premium plugin. -->","yoast_head_json":{"title":"EN COULISSES - \"Macky Sall promet \u00e0 tout le monde... \" | Nettali.com","robots":{"index":"index","follow":"follow","max-snippet":"max-snippet:-1","max-image-preview":"max-image-preview:large","max-video-preview":"max-video-preview:-1"},"canonical":"https:\/\/www.nettali.com\/2023\/09\/17\/en-coulisses-macky-sall-promet-a-tout-le-monde\/","og_locale":"fr_FR","og_type":"article","og_title":"EN COULISSES - \"Macky Sall promet \u00e0 tout le monde... \"","og_description":"NETTALI.COM - Restons sur l'\u00e9mission \"Toute la v\u00e9rit\u00e9\" sur la Sen TV du dimanche 17 septembre. Selon en effet El Hadji Tall, le journaliste invit\u00e9 de Fabrice Ngu\u00e9ma, \"le candidat naturel de Benno, c\u2019est Mouhamed Boun Abdallah Dione. Vous saviez pourquoi ? Il chemine \u00a0avec le pr\u00e9sident depuis 2004. Il l\u2019a d\u00e9bauch\u00e9 du bureau \u00e9conomique [&hellip;]","og_url":"https:\/\/www.nettali.com\/2023\/09\/17\/en-coulisses-macky-sall-promet-a-tout-le-monde\/","og_site_name":"Nettali.com","article_publisher":"https:\/\/www.facebook.com\/nettalicom","article_published_time":"2023-09-17T23:30:15+00:00","article_modified_time":"2023-09-18T08:44:11+00:00","og_image":[{"width":2560,"height":1280,"url":"https:\/\/www.nettali.com\/wp-content\/uploads\/2023\/09\/Senegal-le-president-Macky-Sall-annonce-qu-il-ne-sera-pas-candidat-a-sa-reelection-en-2024-scaled.jpg","type":"image\/jpeg"}],"twitter_card":"summary_large_image","twitter_misc":{"\u00c9crit par":"CK","Dur\u00e9e de lecture estim\u00e9e":"2 minutes"},"schema":{"@context":"https:\/\/schema.org","@graph":[{"@type":"WebSite","@id":"https:\/\/www.nettali.com\/#website","url":"https:\/\/www.nettali.com\/","name":"Nettali.com","description":"Le rendez-vous critique du Net","potentialAction":[{"@type":"SearchAction","target":{"@type":"EntryPoint","urlTemplate":"https:\/\/www.nettali.com\/?s={search_term_string}"},"query-input":"required name=search_term_string"}],"inLanguage":"fr-FR"},{"@type":"ImageObject","@id":"https:\/\/www.nettali.com\/2023\/09\/17\/en-coulisses-macky-sall-promet-a-tout-le-monde\/#primaryimage","inLanguage":"fr-FR","url":"https:\/\/www.nettali.com\/wp-content\/uploads\/2023\/09\/Senegal-le-president-Macky-Sall-annonce-qu-il-ne-sera-pas-candidat-a-sa-reelection-en-2024-scaled.jpg","contentUrl":"https:\/\/www.nettali.com\/wp-content\/uploads\/2023\/09\/Senegal-le-president-Macky-Sall-annonce-qu-il-ne-sera-pas-candidat-a-sa-reelection-en-2024-scaled.jpg","width":2560,"height":1280},{"@type":"WebPage","@id":"https:\/\/www.nettali.com\/2023\/09\/17\/en-coulisses-macky-sall-promet-a-tout-le-monde\/#webpage","url":"https:\/\/www.nettali.com\/2023\/09\/17\/en-coulisses-macky-sall-promet-a-tout-le-monde\/","name":"EN COULISSES - \"Macky Sall promet \u00e0 tout le monde... \" | Nettali.com","isPartOf":{"@id":"https:\/\/www.nettali.com\/#website"},"primaryImageOfPage":{"@id":"https:\/\/www.nettali.com\/2023\/09\/17\/en-coulisses-macky-sall-promet-a-tout-le-monde\/#primaryimage"},"datePublished":"2023-09-17T23:30:15+00:00","dateModified":"2023-09-18T08:44:11+00:00","author":{"@id":"https:\/\/www.nettali.com\/#\/schema\/person\/d8ac7b7e27ddad43f1c0d2ef090d7f71"},"breadcrumb":{"@id":"https:\/\/www.nettali.com\/2023\/09\/17\/en-coulisses-macky-sall-promet-a-tout-le-monde\/#breadcrumb"},"inLanguage":"fr-FR","potentialAction":[{"@type":"ReadAction","target":["https:\/\/www.nettali.com\/2023\/09\/17\/en-coulisses-macky-sall-promet-a-tout-le-monde\/"]}]},{"@type":"BreadcrumbList","@id":"https:\/\/www.nettali.com\/2023\/09\/17\/en-coulisses-macky-sall-promet-a-tout-le-monde\/#breadcrumb","itemListElement":[{"@type":"ListItem","position":1,"name":"Accueil","item":"https:\/\/www.nettali.com\/"},{"@type":"ListItem","position":2,"name":"EN COULISSES - \"Macky Sall promet \u00e0 tout le monde... \""}]},{"@type":"Person","@id":"https:\/\/www.nettali.com\/#\/schema\/person\/d8ac7b7e27ddad43f1c0d2ef090d7f71","name":"CK","image":{"@type":"ImageObject","@id":"https:\/\/www.nettali.com\/#personlogo","inLanguage":"fr-FR","url":"https:\/\/secure.gravatar.com\/avatar\/1d8d5118b9327d94da7cd4ce7f17fec2?s=96&d=mm&r=g","contentUrl":"https:\/\/secure.gravatar.com\/avatar\/1d8d5118b9327d94da7cd4ce7f17fec2?s=96&d=mm&r=g","caption":"CK"},"sameAs":["https:\/\/www.nettali.com"]}]}},"_links":{"self":[{"href":"https:\/\/www.nettali.com\/rest\/wp\/v2\/posts\/118409"}],"collection":[{"href":"https:\/\/www.nettali.com\/rest\/wp\/v2\/posts"}],"about":[{"href":"https:\/\/www.nettali.com\/rest\/wp\/v2\/types\/post"}],"author":[{"embeddable":true,"href":"https:\/\/www.nettali.com\/rest\/wp\/v2\/users\/2"}],"replies":[{"embeddable":true,"href":"https:\/\/www.nettali.com\/rest\/wp\/v2\/comments?post=118409"}],"version-history":[{"count":4,"href":"https:\/\/www.nettali.com\/rest\/wp\/v2\/posts\/118409\/revisions"}],"predecessor-version":[{"id":118445,"href":"https:\/\/www.nettali.com\/rest\/wp\/v2\/posts\/118409\/revisions\/118445"}],"wp:featuredmedia":[{"embeddable":true,"href":"https:\/\/www.nettali.com\/rest\/wp\/v2\/media\/118430"}],"wp:attachment":[{"href":"https:\/\/www.nettali.com\/rest\/wp\/v2\/media?parent=118409"}],"wp:term":[{"taxonomy":"category","embeddable":true,"href":"https:\/\/www.nettali.com\/rest\/wp\/v2\/categories?post=118409"},{"taxonomy":"post_tag","embeddable":true,"href":"https:\/\/www.nettali.com\/rest\/wp\/v2\/tags?post=118409"}],"curies":[{"name":"wp","href":"https:\/\/api.w.org\/{rel}","templated":true}]}}