{"id":118381,"date":"2023-09-17T19:06:13","date_gmt":"2023-09-17T19:06:13","guid":{"rendered":"https:\/\/www.nettali.com\/?p=118381"},"modified":"2023-09-17T19:09:14","modified_gmt":"2023-09-17T19:09:14","slug":"en-coulisses-lequation-ad-diallo-amadou-ba-est-resolue","status":"publish","type":"post","link":"https:\/\/www.nettali.com\/2023\/09\/17\/en-coulisses-lequation-ad-diallo-amadou-ba-est-resolue\/","title":{"rendered":"EN COULISSES - \"L'\u00e9quation AD Diallo-Amadou Ba est r\u00e9solue\""},"content":{"rendered":"<p><b>NETTALI.COM - Bien que le pr\u00e9sident du Conseil \u00e9conomique social et environnemental (CESE), Abdoulaye Daouda Diallo ait d\u00e9cid\u00e9 de renoncer \u00e0 sa candidature, dans sa d\u00e9claration face aux journalistes samedi, il n'a, \u00e0 aucun moment prononc\u00e9 le nom d\u2019Amadou Ba. Une attitude qui a suscit\u00e9 beaucoup d'interrogations. Mais le porte-parole de l'Alliance pour la R\u00e9publique (Apr, au pouvoir), a tent\u00e9 de rassurer.<\/b><\/p>\n<p>\"<em>L'\u00e9quation est r\u00e9solue. C'\u00e9tait une \u00e9quation \u00e0 une inconnue et une inconnue est plus simple \u00e0 r\u00e9soudre qu'une \u00e9quation diff\u00e9rentielle ou \u00e0 deux inconnues. \u00c0 chaque jour suffit sa peine. Aujourd'hui, il \u00e9tait question d'\u00e9difier l'opinion sur sa posture<\/em>\", a-t-il pr\u00e9cis\u00e9 \u00e0 l'\u00e9mission \u00ab Grand Jury \u00bb de la RFM, parlant de Abdoulaye Daouda Diallo.<\/p>\n<p>Seydou Gu\u00e8ye, d'ajouter : \"<em>Abdoulaye Daouda Diallo est un homme politique qui ne vote jamais contre son camp. Et d\u00e8s lors qu'il a compris apr\u00e8s avoir \u00e9chang\u00e9 \u00e0 plusieurs reprises avec le pr\u00e9sident de la R\u00e9publique, il a pris cette d\u00e9cision que je salue et je le f\u00e9licite. Le candidat Amadou Ba est un homme bien. On a une \u00e9quipe qui peut avoir des performances dans une comp\u00e9tition mondiale <\/em>\".<\/p>\n<p>Le ministre conseiller a en outre insist\u00e9 sur l'engagement de faire avancer son pays quand on se lance en politique.<\/p>\n<p>\"<em>On est en politique parce qu'on a l'engagement de faire avancer son pays. Et aujourd'hui, au vue de l'analyse que nous partageons, sur les risques qui p\u00e8sent dans notre sous-r\u00e9gion, qui sont dans notre sous r\u00e9gion et qui pourraient nous affecter, il \u00e9tait plus urgent d'\u00eatre sur la ligne commune de combat pour faire face \u00e0 l'obscurantisme, aux extr\u00e9mismes et au populisme<\/em>\", conclut-il.<\/p>\n<div class='share-to-whatsapp-wrapper'><div class='share-on-whsp'>PARTAGER SUR : <\/div><a data-text='EN COULISSES - \"L'\u00e9quation AD Diallo-Amadou Ba est r\u00e9solue\"' data-link='https:\/\/www.nettali.com\/2023\/09\/17\/en-coulisses-lequation-ad-diallo-amadou-ba-est-resolue\/' class='whatsapp-button whatsapp-share'>WhatsApp<\/a><div class='clear '><\/div><\/div>","protected":false},"excerpt":{"rendered":"<p>NETTALI.COM - Bien que le pr\u00e9sident du Conseil \u00e9conomique social et environnemental (CESE), Abdoulaye Daouda Diallo ait d\u00e9cid\u00e9 de renoncer \u00e0 sa candidature, dans sa d\u00e9claration face aux journalistes samedi, il n'a, \u00e0 aucun moment prononc\u00e9 le nom d\u2019Amadou Ba. Une attitude qui a suscit\u00e9 beaucoup d'interrogations. Mais le porte-parole de l'Alliance pour la R\u00e9publique [&hellip;]<\/p>\n","protected":false},"author":5,"featured_media":118383,"comment_status":"open","ping_status":"open","sticky":false,"template":"","format":"standard","meta":{"_et_pb_use_builder":"","_et_pb_old_content":""},"categories":[34945],"tags":[],"yoast_head":"<!-- This site is optimized with the Yoast SEO Premium plugin v17.8 (Yoast SEO v17.8) - https:\/\/yoast.com\/wordpress\/plugins\/seo\/ -->\n<title>EN COULISSES - &quot;L&#039;\u00e9quation AD Diallo-Amadou Ba est r\u00e9solue&quot; | Nettali.com<\/title>\n<meta name=\"robots\" content=\"index, follow, max-snippet:-1, max-image-preview:large, max-video-preview:-1\" \/>\n<link rel=\"canonical\" href=\"https:\/\/www.nettali.com\/2023\/09\/17\/en-coulisses-lequation-ad-diallo-amadou-ba-est-resolue\/\" \/>\n<meta property=\"og:locale\" content=\"fr_FR\" \/>\n<meta property=\"og:type\" content=\"article\" \/>\n<meta property=\"og:title\" content=\"EN COULISSES - &quot;L&#039;\u00e9quation AD Diallo-Amadou Ba est r\u00e9solue&quot;\" \/>\n<meta property=\"og:description\" content=\"NETTALI.COM - Bien que le pr\u00e9sident du Conseil \u00e9conomique social et environnemental (CESE), Abdoulaye Daouda Diallo ait d\u00e9cid\u00e9 de renoncer \u00e0 sa candidature, dans sa d\u00e9claration face aux journalistes samedi, il n&#039;a, \u00e0 aucun moment prononc\u00e9 le nom d\u2019Amadou Ba. Une attitude qui a suscit\u00e9 beaucoup d&#039;interrogations. Mais le porte-parole de l&#039;Alliance pour la R\u00e9publique [&hellip;]\" \/>\n<meta property=\"og:url\" content=\"https:\/\/www.nettali.com\/2023\/09\/17\/en-coulisses-lequation-ad-diallo-amadou-ba-est-resolue\/\" \/>\n<meta property=\"og:site_name\" content=\"Nettali.com\" \/>\n<meta property=\"article:publisher\" content=\"https:\/\/www.facebook.com\/nettalicom\" \/>\n<meta property=\"article:published_time\" content=\"2023-09-17T19:06:13+00:00\" \/>\n<meta property=\"article:modified_time\" content=\"2023-09-17T19:09:14+00:00\" \/>\n<meta property=\"og:image\" content=\"https:\/\/www.nettali.com\/wp-content\/uploads\/2023\/09\/8016167-12477465_1.jpg\" \/>\n\t<meta property=\"og:image:width\" content=\"900\" \/>\n\t<meta property=\"og:image:height\" content=\"565\" \/>\n<meta name=\"twitter:card\" content=\"summary_large_image\" \/>\n<meta name=\"twitter:label1\" content=\"\u00c9crit par\" \/>\n\t<meta name=\"twitter:data1\" content=\"Ibrahima\" \/>\n\t<meta name=\"twitter:label2\" content=\"Dur\u00e9e de lecture estim\u00e9e\" \/>\n\t<meta name=\"twitter:data2\" content=\"2 minutes\" \/>\n<script type=\"application\/ld+json\" class=\"yoast-schema-graph\">{\"@context\":\"https:\/\/schema.org\",\"@graph\":[{\"@type\":\"WebSite\",\"@id\":\"https:\/\/www.nettali.com\/#website\",\"url\":\"https:\/\/www.nettali.com\/\",\"name\":\"Nettali.com\",\"description\":\"Le rendez-vous critique du Net\",\"potentialAction\":[{\"@type\":\"SearchAction\",\"target\":{\"@type\":\"EntryPoint\",\"urlTemplate\":\"https:\/\/www.nettali.com\/?s={search_term_string}\"},\"query-input\":\"required name=search_term_string\"}],\"inLanguage\":\"fr-FR\"},{\"@type\":\"ImageObject\",\"@id\":\"https:\/\/www.nettali.com\/2023\/09\/17\/en-coulisses-lequation-ad-diallo-amadou-ba-est-resolue\/#primaryimage\",\"inLanguage\":\"fr-FR\",\"url\":\"https:\/\/www.nettali.com\/wp-content\/uploads\/2023\/09\/8016167-12477465_1.jpg\",\"contentUrl\":\"https:\/\/www.nettali.com\/wp-content\/uploads\/2023\/09\/8016167-12477465_1.jpg\",\"width\":900,\"height\":565},{\"@type\":\"WebPage\",\"@id\":\"https:\/\/www.nettali.com\/2023\/09\/17\/en-coulisses-lequation-ad-diallo-amadou-ba-est-resolue\/#webpage\",\"url\":\"https:\/\/www.nettali.com\/2023\/09\/17\/en-coulisses-lequation-ad-diallo-amadou-ba-est-resolue\/\",\"name\":\"EN COULISSES - \\\"L'\\u00e9quation AD Diallo-Amadou Ba est r\\u00e9solue\\\" | Nettali.com\",\"isPartOf\":{\"@id\":\"https:\/\/www.nettali.com\/#website\"},\"primaryImageOfPage\":{\"@id\":\"https:\/\/www.nettali.com\/2023\/09\/17\/en-coulisses-lequation-ad-diallo-amadou-ba-est-resolue\/#primaryimage\"},\"datePublished\":\"2023-09-17T19:06:13+00:00\",\"dateModified\":\"2023-09-17T19:09:14+00:00\",\"author\":{\"@id\":\"https:\/\/www.nettali.com\/#\/schema\/person\/bb147657c2986240405a608162b9bb23\"},\"breadcrumb\":{\"@id\":\"https:\/\/www.nettali.com\/2023\/09\/17\/en-coulisses-lequation-ad-diallo-amadou-ba-est-resolue\/#breadcrumb\"},\"inLanguage\":\"fr-FR\",\"potentialAction\":[{\"@type\":\"ReadAction\",\"target\":[\"https:\/\/www.nettali.com\/2023\/09\/17\/en-coulisses-lequation-ad-diallo-amadou-ba-est-resolue\/\"]}]},{\"@type\":\"BreadcrumbList\",\"@id\":\"https:\/\/www.nettali.com\/2023\/09\/17\/en-coulisses-lequation-ad-diallo-amadou-ba-est-resolue\/#breadcrumb\",\"itemListElement\":[{\"@type\":\"ListItem\",\"position\":1,\"name\":\"Accueil\",\"item\":\"https:\/\/www.nettali.com\/\"},{\"@type\":\"ListItem\",\"position\":2,\"name\":\"EN COULISSES - \\\"L'\\u00e9quation AD Diallo-Amadou Ba est r\\u00e9solue\\\"\"}]},{\"@type\":\"Person\",\"@id\":\"https:\/\/www.nettali.com\/#\/schema\/person\/bb147657c2986240405a608162b9bb23\",\"name\":\"Ibrahima\",\"image\":{\"@type\":\"ImageObject\",\"@id\":\"https:\/\/www.nettali.com\/#personlogo\",\"inLanguage\":\"fr-FR\",\"url\":\"https:\/\/secure.gravatar.com\/avatar\/26a8a81f09f0dd7624c9d5c36c9ba3a2?s=96&d=mm&r=g\",\"contentUrl\":\"https:\/\/secure.gravatar.com\/avatar\/26a8a81f09f0dd7624c9d5c36c9ba3a2?s=96&d=mm&r=g\",\"caption\":\"Ibrahima\"},\"sameAs\":[\"https:\/\/www.nettali.com\"]}]}<\/script>\n<!-- \/ Yoast SEO Premium plugin. -->","yoast_head_json":{"title":"EN COULISSES - \"L'\u00e9quation AD Diallo-Amadou Ba est r\u00e9solue\" | Nettali.com","robots":{"index":"index","follow":"follow","max-snippet":"max-snippet:-1","max-image-preview":"max-image-preview:large","max-video-preview":"max-video-preview:-1"},"canonical":"https:\/\/www.nettali.com\/2023\/09\/17\/en-coulisses-lequation-ad-diallo-amadou-ba-est-resolue\/","og_locale":"fr_FR","og_type":"article","og_title":"EN COULISSES - \"L'\u00e9quation AD Diallo-Amadou Ba est r\u00e9solue\"","og_description":"NETTALI.COM - Bien que le pr\u00e9sident du Conseil \u00e9conomique social et environnemental (CESE), Abdoulaye Daouda Diallo ait d\u00e9cid\u00e9 de renoncer \u00e0 sa candidature, dans sa d\u00e9claration face aux journalistes samedi, il n'a, \u00e0 aucun moment prononc\u00e9 le nom d\u2019Amadou Ba. Une attitude qui a suscit\u00e9 beaucoup d'interrogations. Mais le porte-parole de l'Alliance pour la R\u00e9publique [&hellip;]","og_url":"https:\/\/www.nettali.com\/2023\/09\/17\/en-coulisses-lequation-ad-diallo-amadou-ba-est-resolue\/","og_site_name":"Nettali.com","article_publisher":"https:\/\/www.facebook.com\/nettalicom","article_published_time":"2023-09-17T19:06:13+00:00","article_modified_time":"2023-09-17T19:09:14+00:00","og_image":[{"width":900,"height":565,"url":"https:\/\/www.nettali.com\/wp-content\/uploads\/2023\/09\/8016167-12477465_1.jpg","type":"image\/jpeg"}],"twitter_card":"summary_large_image","twitter_misc":{"\u00c9crit par":"Ibrahima","Dur\u00e9e de lecture estim\u00e9e":"2 minutes"},"schema":{"@context":"https:\/\/schema.org","@graph":[{"@type":"WebSite","@id":"https:\/\/www.nettali.com\/#website","url":"https:\/\/www.nettali.com\/","name":"Nettali.com","description":"Le rendez-vous critique du Net","potentialAction":[{"@type":"SearchAction","target":{"@type":"EntryPoint","urlTemplate":"https:\/\/www.nettali.com\/?s={search_term_string}"},"query-input":"required name=search_term_string"}],"inLanguage":"fr-FR"},{"@type":"ImageObject","@id":"https:\/\/www.nettali.com\/2023\/09\/17\/en-coulisses-lequation-ad-diallo-amadou-ba-est-resolue\/#primaryimage","inLanguage":"fr-FR","url":"https:\/\/www.nettali.com\/wp-content\/uploads\/2023\/09\/8016167-12477465_1.jpg","contentUrl":"https:\/\/www.nettali.com\/wp-content\/uploads\/2023\/09\/8016167-12477465_1.jpg","width":900,"height":565},{"@type":"WebPage","@id":"https:\/\/www.nettali.com\/2023\/09\/17\/en-coulisses-lequation-ad-diallo-amadou-ba-est-resolue\/#webpage","url":"https:\/\/www.nettali.com\/2023\/09\/17\/en-coulisses-lequation-ad-diallo-amadou-ba-est-resolue\/","name":"EN COULISSES - \"L'\u00e9quation AD Diallo-Amadou Ba est r\u00e9solue\" | Nettali.com","isPartOf":{"@id":"https:\/\/www.nettali.com\/#website"},"primaryImageOfPage":{"@id":"https:\/\/www.nettali.com\/2023\/09\/17\/en-coulisses-lequation-ad-diallo-amadou-ba-est-resolue\/#primaryimage"},"datePublished":"2023-09-17T19:06:13+00:00","dateModified":"2023-09-17T19:09:14+00:00","author":{"@id":"https:\/\/www.nettali.com\/#\/schema\/person\/bb147657c2986240405a608162b9bb23"},"breadcrumb":{"@id":"https:\/\/www.nettali.com\/2023\/09\/17\/en-coulisses-lequation-ad-diallo-amadou-ba-est-resolue\/#breadcrumb"},"inLanguage":"fr-FR","potentialAction":[{"@type":"ReadAction","target":["https:\/\/www.nettali.com\/2023\/09\/17\/en-coulisses-lequation-ad-diallo-amadou-ba-est-resolue\/"]}]},{"@type":"BreadcrumbList","@id":"https:\/\/www.nettali.com\/2023\/09\/17\/en-coulisses-lequation-ad-diallo-amadou-ba-est-resolue\/#breadcrumb","itemListElement":[{"@type":"ListItem","position":1,"name":"Accueil","item":"https:\/\/www.nettali.com\/"},{"@type":"ListItem","position":2,"name":"EN COULISSES - \"L'\u00e9quation AD Diallo-Amadou Ba est r\u00e9solue\""}]},{"@type":"Person","@id":"https:\/\/www.nettali.com\/#\/schema\/person\/bb147657c2986240405a608162b9bb23","name":"Ibrahima","image":{"@type":"ImageObject","@id":"https:\/\/www.nettali.com\/#personlogo","inLanguage":"fr-FR","url":"https:\/\/secure.gravatar.com\/avatar\/26a8a81f09f0dd7624c9d5c36c9ba3a2?s=96&d=mm&r=g","contentUrl":"https:\/\/secure.gravatar.com\/avatar\/26a8a81f09f0dd7624c9d5c36c9ba3a2?s=96&d=mm&r=g","caption":"Ibrahima"},"sameAs":["https:\/\/www.nettali.com"]}]}},"_links":{"self":[{"href":"https:\/\/www.nettali.com\/rest\/wp\/v2\/posts\/118381"}],"collection":[{"href":"https:\/\/www.nettali.com\/rest\/wp\/v2\/posts"}],"about":[{"href":"https:\/\/www.nettali.com\/rest\/wp\/v2\/types\/post"}],"author":[{"embeddable":true,"href":"https:\/\/www.nettali.com\/rest\/wp\/v2\/users\/5"}],"replies":[{"embeddable":true,"href":"https:\/\/www.nettali.com\/rest\/wp\/v2\/comments?post=118381"}],"version-history":[{"count":3,"href":"https:\/\/www.nettali.com\/rest\/wp\/v2\/posts\/118381\/revisions"}],"predecessor-version":[{"id":118393,"href":"https:\/\/www.nettali.com\/rest\/wp\/v2\/posts\/118381\/revisions\/118393"}],"wp:featuredmedia":[{"embeddable":true,"href":"https:\/\/www.nettali.com\/rest\/wp\/v2\/media\/118383"}],"wp:attachment":[{"href":"https:\/\/www.nettali.com\/rest\/wp\/v2\/media?parent=118381"}],"wp:term":[{"taxonomy":"category","embeddable":true,"href":"https:\/\/www.nettali.com\/rest\/wp\/v2\/categories?post=118381"},{"taxonomy":"post_tag","embeddable":true,"href":"https:\/\/www.nettali.com\/rest\/wp\/v2\/tags?post=118381"}],"curies":[{"name":"wp","href":"https:\/\/api.w.org\/{rel}","templated":true}]}}