{"id":118357,"date":"2023-09-16T22:50:18","date_gmt":"2023-09-16T22:50:18","guid":{"rendered":"https:\/\/www.nettali.com\/?p=118357"},"modified":"2023-09-18T07:42:46","modified_gmt":"2023-09-18T07:42:46","slug":"abdoulaye-daouda-diallo-je-retire-ma-candidature","status":"publish","type":"post","link":"https:\/\/www.nettali.com\/2023\/09\/16\/abdoulaye-daouda-diallo-je-retire-ma-candidature\/","title":{"rendered":"ABDOULAYE DAOUDA DIALLO - \"Je retire ma candidature...\""},"content":{"rendered":"<p><strong>NETTALI.COM - Comme annonc\u00e9, Abdoulaye Daouda Diallo a finalement clarifi\u00e9 sa position. Il a d\u00e9cid\u00e9 de ne pas d\u00e9poser une candidature pour la pr\u00e9sidentielle de 2024. Ce, apr\u00e8s avoir discut\u00e9 avec le pr\u00e9sident Macky Sall, dit-il.<\/strong><\/p>\n<p><em>\"Apr\u00e8s plusieurs rencontres avec le pr\u00e9sident de la R\u00e9publique, apr\u00e8s plusieurs \u00e9changes avec mes camarades et sympathisants, j\u2019ai d\u00e9cid\u00e9, au terme d\u2019une m\u00fbre r\u00e9flexion, de r\u00e9pondre \u00e0 son appel, de privil\u00e9gier l\u2019unit\u00e9 et la coh\u00e9sion.<\/em><br \/>\n<em>La cons\u00e9quence imm\u00e9diate est le retrait de ma candidature dans l\u2019espoir qu\u2019une telle d\u00e9cision, avec l\u2019aide du Tout PUISSANT, garantira \u00a0la victoire le 26 f\u00e9vrier 2024 et la sauvegarde de l\u2019h\u00e9ritage du pr\u00e9sident Macky Sall\"<\/em>, a d\u00e9clar\u00e9 le Pr\u00e9sident du Conseil \u00c9conomique Social et Environnemental \u00abCESE \u00bb. Certaines indiscr\u00e9tions notent qu'il a enfin d\u00e9cid\u00e9 de se ranger derri\u00e8re Amadou Ba suite \u00e0 l'intervention de plusieurs marabouts.<\/p>\n<div class='share-to-whatsapp-wrapper'><div class='share-on-whsp'>PARTAGER SUR : <\/div><a data-text='ABDOULAYE DAOUDA DIALLO - \"Je retire ma candidature...\"' data-link='https:\/\/www.nettali.com\/2023\/09\/16\/abdoulaye-daouda-diallo-je-retire-ma-candidature\/' class='whatsapp-button whatsapp-share'>WhatsApp<\/a><div class='clear '><\/div><\/div>","protected":false},"excerpt":{"rendered":"<p>NETTALI.COM - Comme annonc\u00e9, Abdoulaye Daouda Diallo a finalement clarifi\u00e9 sa position. Il a d\u00e9cid\u00e9 de ne pas d\u00e9poser une candidature pour la pr\u00e9sidentielle de 2024. Ce, apr\u00e8s avoir discut\u00e9 avec le pr\u00e9sident Macky Sall, dit-il. \"Apr\u00e8s plusieurs rencontres avec le pr\u00e9sident de la R\u00e9publique, apr\u00e8s plusieurs \u00e9changes avec mes camarades et sympathisants, j\u2019ai d\u00e9cid\u00e9, [&hellip;]<\/p>\n","protected":false},"author":4,"featured_media":88994,"comment_status":"open","ping_status":"open","sticky":false,"template":"","format":"standard","meta":{"_et_pb_use_builder":"","_et_pb_old_content":""},"categories":[2],"tags":[],"yoast_head":"<!-- This site is optimized with the Yoast SEO Premium plugin v17.8 (Yoast SEO v17.8) - https:\/\/yoast.com\/wordpress\/plugins\/seo\/ -->\n<title>ABDOULAYE DAOUDA DIALLO - &quot;Je retire ma candidature...&quot; | Nettali.com<\/title>\n<meta name=\"robots\" content=\"index, follow, max-snippet:-1, max-image-preview:large, max-video-preview:-1\" \/>\n<link rel=\"canonical\" href=\"https:\/\/www.nettali.com\/2023\/09\/16\/abdoulaye-daouda-diallo-je-retire-ma-candidature\/\" \/>\n<meta property=\"og:locale\" content=\"fr_FR\" \/>\n<meta property=\"og:type\" content=\"article\" \/>\n<meta property=\"og:title\" content=\"ABDOULAYE DAOUDA DIALLO - &quot;Je retire ma candidature...&quot;\" \/>\n<meta property=\"og:description\" content=\"NETTALI.COM - Comme annonc\u00e9, Abdoulaye Daouda Diallo a finalement clarifi\u00e9 sa position. Il a d\u00e9cid\u00e9 de ne pas d\u00e9poser une candidature pour la pr\u00e9sidentielle de 2024. Ce, apr\u00e8s avoir discut\u00e9 avec le pr\u00e9sident Macky Sall, dit-il. &quot;Apr\u00e8s plusieurs rencontres avec le pr\u00e9sident de la R\u00e9publique, apr\u00e8s plusieurs \u00e9changes avec mes camarades et sympathisants, j\u2019ai d\u00e9cid\u00e9, [&hellip;]\" \/>\n<meta property=\"og:url\" content=\"https:\/\/www.nettali.com\/2023\/09\/16\/abdoulaye-daouda-diallo-je-retire-ma-candidature\/\" \/>\n<meta property=\"og:site_name\" content=\"Nettali.com\" \/>\n<meta property=\"article:publisher\" content=\"https:\/\/www.facebook.com\/nettalicom\" \/>\n<meta property=\"article:published_time\" content=\"2023-09-16T22:50:18+00:00\" \/>\n<meta property=\"article:modified_time\" content=\"2023-09-18T07:42:46+00:00\" \/>\n<meta property=\"og:image\" content=\"https:\/\/www.nettali.com\/wp-content\/uploads\/2022\/06\/Abdoulaye-Daouda-Diallo.jpg\" \/>\n\t<meta property=\"og:image:width\" content=\"755\" \/>\n\t<meta property=\"og:image:height\" content=\"449\" \/>\n<meta name=\"twitter:card\" content=\"summary_large_image\" \/>\n<meta name=\"twitter:label1\" content=\"\u00c9crit par\" \/>\n\t<meta name=\"twitter:data1\" content=\"Daouda\" \/>\n\t<meta name=\"twitter:label2\" content=\"Dur\u00e9e de lecture estim\u00e9e\" \/>\n\t<meta name=\"twitter:data2\" content=\"1 minute\" \/>\n<script type=\"application\/ld+json\" class=\"yoast-schema-graph\">{\"@context\":\"https:\/\/schema.org\",\"@graph\":[{\"@type\":\"WebSite\",\"@id\":\"https:\/\/www.nettali.com\/#website\",\"url\":\"https:\/\/www.nettali.com\/\",\"name\":\"Nettali.com\",\"description\":\"Le rendez-vous critique du Net\",\"potentialAction\":[{\"@type\":\"SearchAction\",\"target\":{\"@type\":\"EntryPoint\",\"urlTemplate\":\"https:\/\/www.nettali.com\/?s={search_term_string}\"},\"query-input\":\"required name=search_term_string\"}],\"inLanguage\":\"fr-FR\"},{\"@type\":\"ImageObject\",\"@id\":\"https:\/\/www.nettali.com\/2023\/09\/16\/abdoulaye-daouda-diallo-je-retire-ma-candidature\/#primaryimage\",\"inLanguage\":\"fr-FR\",\"url\":\"https:\/\/www.nettali.com\/wp-content\/uploads\/2022\/06\/Abdoulaye-Daouda-Diallo.jpg\",\"contentUrl\":\"https:\/\/www.nettali.com\/wp-content\/uploads\/2022\/06\/Abdoulaye-Daouda-Diallo.jpg\",\"width\":755,\"height\":449},{\"@type\":\"WebPage\",\"@id\":\"https:\/\/www.nettali.com\/2023\/09\/16\/abdoulaye-daouda-diallo-je-retire-ma-candidature\/#webpage\",\"url\":\"https:\/\/www.nettali.com\/2023\/09\/16\/abdoulaye-daouda-diallo-je-retire-ma-candidature\/\",\"name\":\"ABDOULAYE DAOUDA DIALLO - \\\"Je retire ma candidature...\\\" | Nettali.com\",\"isPartOf\":{\"@id\":\"https:\/\/www.nettali.com\/#website\"},\"primaryImageOfPage\":{\"@id\":\"https:\/\/www.nettali.com\/2023\/09\/16\/abdoulaye-daouda-diallo-je-retire-ma-candidature\/#primaryimage\"},\"datePublished\":\"2023-09-16T22:50:18+00:00\",\"dateModified\":\"2023-09-18T07:42:46+00:00\",\"author\":{\"@id\":\"https:\/\/www.nettali.com\/#\/schema\/person\/3317e0bb3aa1da309fbf7b2780901bf4\"},\"breadcrumb\":{\"@id\":\"https:\/\/www.nettali.com\/2023\/09\/16\/abdoulaye-daouda-diallo-je-retire-ma-candidature\/#breadcrumb\"},\"inLanguage\":\"fr-FR\",\"potentialAction\":[{\"@type\":\"ReadAction\",\"target\":[\"https:\/\/www.nettali.com\/2023\/09\/16\/abdoulaye-daouda-diallo-je-retire-ma-candidature\/\"]}]},{\"@type\":\"BreadcrumbList\",\"@id\":\"https:\/\/www.nettali.com\/2023\/09\/16\/abdoulaye-daouda-diallo-je-retire-ma-candidature\/#breadcrumb\",\"itemListElement\":[{\"@type\":\"ListItem\",\"position\":1,\"name\":\"Accueil\",\"item\":\"https:\/\/www.nettali.com\/\"},{\"@type\":\"ListItem\",\"position\":2,\"name\":\"ABDOULAYE DAOUDA DIALLO - \\\"Je retire ma candidature...\\\"\"}]},{\"@type\":\"Person\",\"@id\":\"https:\/\/www.nettali.com\/#\/schema\/person\/3317e0bb3aa1da309fbf7b2780901bf4\",\"name\":\"Daouda\",\"image\":{\"@type\":\"ImageObject\",\"@id\":\"https:\/\/www.nettali.com\/#personlogo\",\"inLanguage\":\"fr-FR\",\"url\":\"https:\/\/secure.gravatar.com\/avatar\/8d143b5a49345098ddcfee1c49c2f47c?s=96&d=mm&r=g\",\"contentUrl\":\"https:\/\/secure.gravatar.com\/avatar\/8d143b5a49345098ddcfee1c49c2f47c?s=96&d=mm&r=g\",\"caption\":\"Daouda\"},\"sameAs\":[\"https:\/\/www.nettali.com\"]}]}<\/script>\n<!-- \/ Yoast SEO Premium plugin. -->","yoast_head_json":{"title":"ABDOULAYE DAOUDA DIALLO - \"Je retire ma candidature...\" | Nettali.com","robots":{"index":"index","follow":"follow","max-snippet":"max-snippet:-1","max-image-preview":"max-image-preview:large","max-video-preview":"max-video-preview:-1"},"canonical":"https:\/\/www.nettali.com\/2023\/09\/16\/abdoulaye-daouda-diallo-je-retire-ma-candidature\/","og_locale":"fr_FR","og_type":"article","og_title":"ABDOULAYE DAOUDA DIALLO - \"Je retire ma candidature...\"","og_description":"NETTALI.COM - Comme annonc\u00e9, Abdoulaye Daouda Diallo a finalement clarifi\u00e9 sa position. Il a d\u00e9cid\u00e9 de ne pas d\u00e9poser une candidature pour la pr\u00e9sidentielle de 2024. Ce, apr\u00e8s avoir discut\u00e9 avec le pr\u00e9sident Macky Sall, dit-il. \"Apr\u00e8s plusieurs rencontres avec le pr\u00e9sident de la R\u00e9publique, apr\u00e8s plusieurs \u00e9changes avec mes camarades et sympathisants, j\u2019ai d\u00e9cid\u00e9, [&hellip;]","og_url":"https:\/\/www.nettali.com\/2023\/09\/16\/abdoulaye-daouda-diallo-je-retire-ma-candidature\/","og_site_name":"Nettali.com","article_publisher":"https:\/\/www.facebook.com\/nettalicom","article_published_time":"2023-09-16T22:50:18+00:00","article_modified_time":"2023-09-18T07:42:46+00:00","og_image":[{"width":755,"height":449,"url":"https:\/\/www.nettali.com\/wp-content\/uploads\/2022\/06\/Abdoulaye-Daouda-Diallo.jpg","type":"image\/jpeg"}],"twitter_card":"summary_large_image","twitter_misc":{"\u00c9crit par":"Daouda","Dur\u00e9e de lecture estim\u00e9e":"1 minute"},"schema":{"@context":"https:\/\/schema.org","@graph":[{"@type":"WebSite","@id":"https:\/\/www.nettali.com\/#website","url":"https:\/\/www.nettali.com\/","name":"Nettali.com","description":"Le rendez-vous critique du Net","potentialAction":[{"@type":"SearchAction","target":{"@type":"EntryPoint","urlTemplate":"https:\/\/www.nettali.com\/?s={search_term_string}"},"query-input":"required name=search_term_string"}],"inLanguage":"fr-FR"},{"@type":"ImageObject","@id":"https:\/\/www.nettali.com\/2023\/09\/16\/abdoulaye-daouda-diallo-je-retire-ma-candidature\/#primaryimage","inLanguage":"fr-FR","url":"https:\/\/www.nettali.com\/wp-content\/uploads\/2022\/06\/Abdoulaye-Daouda-Diallo.jpg","contentUrl":"https:\/\/www.nettali.com\/wp-content\/uploads\/2022\/06\/Abdoulaye-Daouda-Diallo.jpg","width":755,"height":449},{"@type":"WebPage","@id":"https:\/\/www.nettali.com\/2023\/09\/16\/abdoulaye-daouda-diallo-je-retire-ma-candidature\/#webpage","url":"https:\/\/www.nettali.com\/2023\/09\/16\/abdoulaye-daouda-diallo-je-retire-ma-candidature\/","name":"ABDOULAYE DAOUDA DIALLO - \"Je retire ma candidature...\" | Nettali.com","isPartOf":{"@id":"https:\/\/www.nettali.com\/#website"},"primaryImageOfPage":{"@id":"https:\/\/www.nettali.com\/2023\/09\/16\/abdoulaye-daouda-diallo-je-retire-ma-candidature\/#primaryimage"},"datePublished":"2023-09-16T22:50:18+00:00","dateModified":"2023-09-18T07:42:46+00:00","author":{"@id":"https:\/\/www.nettali.com\/#\/schema\/person\/3317e0bb3aa1da309fbf7b2780901bf4"},"breadcrumb":{"@id":"https:\/\/www.nettali.com\/2023\/09\/16\/abdoulaye-daouda-diallo-je-retire-ma-candidature\/#breadcrumb"},"inLanguage":"fr-FR","potentialAction":[{"@type":"ReadAction","target":["https:\/\/www.nettali.com\/2023\/09\/16\/abdoulaye-daouda-diallo-je-retire-ma-candidature\/"]}]},{"@type":"BreadcrumbList","@id":"https:\/\/www.nettali.com\/2023\/09\/16\/abdoulaye-daouda-diallo-je-retire-ma-candidature\/#breadcrumb","itemListElement":[{"@type":"ListItem","position":1,"name":"Accueil","item":"https:\/\/www.nettali.com\/"},{"@type":"ListItem","position":2,"name":"ABDOULAYE DAOUDA DIALLO - \"Je retire ma candidature...\""}]},{"@type":"Person","@id":"https:\/\/www.nettali.com\/#\/schema\/person\/3317e0bb3aa1da309fbf7b2780901bf4","name":"Daouda","image":{"@type":"ImageObject","@id":"https:\/\/www.nettali.com\/#personlogo","inLanguage":"fr-FR","url":"https:\/\/secure.gravatar.com\/avatar\/8d143b5a49345098ddcfee1c49c2f47c?s=96&d=mm&r=g","contentUrl":"https:\/\/secure.gravatar.com\/avatar\/8d143b5a49345098ddcfee1c49c2f47c?s=96&d=mm&r=g","caption":"Daouda"},"sameAs":["https:\/\/www.nettali.com"]}]}},"_links":{"self":[{"href":"https:\/\/www.nettali.com\/rest\/wp\/v2\/posts\/118357"}],"collection":[{"href":"https:\/\/www.nettali.com\/rest\/wp\/v2\/posts"}],"about":[{"href":"https:\/\/www.nettali.com\/rest\/wp\/v2\/types\/post"}],"author":[{"embeddable":true,"href":"https:\/\/www.nettali.com\/rest\/wp\/v2\/users\/4"}],"replies":[{"embeddable":true,"href":"https:\/\/www.nettali.com\/rest\/wp\/v2\/comments?post=118357"}],"version-history":[{"count":1,"href":"https:\/\/www.nettali.com\/rest\/wp\/v2\/posts\/118357\/revisions"}],"predecessor-version":[{"id":118358,"href":"https:\/\/www.nettali.com\/rest\/wp\/v2\/posts\/118357\/revisions\/118358"}],"wp:featuredmedia":[{"embeddable":true,"href":"https:\/\/www.nettali.com\/rest\/wp\/v2\/media\/88994"}],"wp:attachment":[{"href":"https:\/\/www.nettali.com\/rest\/wp\/v2\/media?parent=118357"}],"wp:term":[{"taxonomy":"category","embeddable":true,"href":"https:\/\/www.nettali.com\/rest\/wp\/v2\/categories?post=118357"},{"taxonomy":"post_tag","embeddable":true,"href":"https:\/\/www.nettali.com\/rest\/wp\/v2\/tags?post=118357"}],"curies":[{"name":"wp","href":"https:\/\/api.w.org\/{rel}","templated":true}]}}