{"id":118348,"date":"2023-09-16T22:41:38","date_gmt":"2023-09-16T22:41:38","guid":{"rendered":"https:\/\/www.nettali.com\/?p=118348"},"modified":"2023-09-16T22:41:38","modified_gmt":"2023-09-16T22:41:38","slug":"coupe-du-monde-des-sours-muets-amadou-ba-galvanise-les-lions","status":"publish","type":"post","link":"https:\/\/www.nettali.com\/2023\/09\/16\/coupe-du-monde-des-sours-muets-amadou-ba-galvanise-les-lions\/","title":{"rendered":"COUPE DU MONDE DES SOURS-MUETS - Amadou Ba galvanise les Lions"},"content":{"rendered":"<p><strong>NETTALI.COM - En route pour la coupe du monde des malentendants pr\u00e9vue du 18 septembre au 8 octobre en Malaisie, l'\u00e9quipe nationale des Sourds-muets du S\u00e9n\u00e9gal a re\u00e7u ce vendredi 15 septembre, le drapeau national des mains du premier ministre non moins ministre des sports, Amadou Ba. Face au chef du gouvernement qui les a hautement galvanis\u00e9, les partenaires du capitaine Issa Sall ont promis de rentrer \u00e0 Dakar avec le troph\u00e9e Mondial.<\/strong><\/p>\n<p>Log\u00e9e dans le groupe D, avec la France, l'Australie et le Kowe\u00eft, l'\u00e9quipe nationale du S\u00e9n\u00e9gal compte faire de sa premi\u00e8re coupe du monde une belle campagne. A l'occasion de la c\u00e9r\u00e9monie de remise du drapeau national \u00e0 la Primature, les champions d'Afrique en titre ont affich\u00e9 leur d\u00e9termination \u00e0 aller tr\u00e8s loin dans ce mondial r\u00e9serv\u00e9 aux malentendants.<\/p>\n<p>\"<em>Je vous exhorte \u00e0 continuer \u00e0 faire preuve de rigueur et de discipline, \u00e0 cultiver l\u2019abn\u00e9gation et le sens du devoir bien accompli. Ayez un comportement irr\u00e9prochable. Restez attach\u00e9s aux valeurs et aux vertus cardinales du peuple s\u00e9n\u00e9galais. Soyez les dignes Ambassadeurs que vous avez toujours \u00e9t\u00e9. Nous attendons que vous nous reveniez aur\u00e9ol\u00e9s de gloire et couverts de lauriers, comme lors des campagnes pr\u00e9c\u00e9dentes. Nous ne pouvons en esp\u00e9rer moins, vos performances justifiant largement que nous ayons des attentes aussi \u00e9lev\u00e9es. Au nom du Pr\u00e9sident de la R\u00e9publique, Son Excellence Monsieur Macky Sall, je vous souhaite bonne chance<\/em>\", a d\u00e9clar\u00e9 l'actuel ministre des sports, Amadou Ba.<\/p>\n<p>En r\u00e9alit\u00e9, l'\u00e9quipe nationale de football des sourds est d\u00e9termin\u00e9e \u00e0 tout donner pour d\u00e9fendre, avec \"<em>passion et d\u00e9termination<\/em>\", le S\u00e9n\u00e9gal, \u00e0 la prochaine Coupe du monde de la cat\u00e9gorie pr\u00e9vue,<br \/>\nen Malaisie du 23 septembre au 7 octobre. Pour le pr\u00e9sident de l'Association des sports des sourds du S\u00e9n\u00e9gal, Cheikhou Oumar Dieng, le S\u00e9n\u00e9gal n'ira pas en Malaisie pour du tourisme.<\/p>\n<p>\"<em>Nous portons le r\u00eave de toute une nation sur nos \u00e9paules. Nous promettons de tout donner sur le terrain pour rendre fier le peuple s\u00e9n\u00e9galais. Nous sommes d\u00e9termin\u00e9s \u00e0 repr\u00e9senter le pays sur la sc\u00e8ne internationale<\/em>\", a-t-il laiss\u00e9 entendre.<\/p>\n<p>Rappelons que le S\u00e9n\u00e9gal avait remport\u00e9 en septembre 2021, la premi\u00e8re \u00e9dition de la coupe d'Afrique des sourd-muets.<\/p>\n<div class='share-to-whatsapp-wrapper'><div class='share-on-whsp'>PARTAGER SUR : <\/div><a data-text='COUPE DU MONDE DES SOURS-MUETS - Amadou Ba galvanise les Lions' data-link='https:\/\/www.nettali.com\/2023\/09\/16\/coupe-du-monde-des-sours-muets-amadou-ba-galvanise-les-lions\/' class='whatsapp-button whatsapp-share'>WhatsApp<\/a><div class='clear '><\/div><\/div>","protected":false},"excerpt":{"rendered":"<p>NETTALI.COM - En route pour la coupe du monde des malentendants pr\u00e9vue du 18 septembre au 8 octobre en Malaisie, l'\u00e9quipe nationale des Sourds-muets du S\u00e9n\u00e9gal a re\u00e7u ce vendredi 15 septembre, le drapeau national des mains du premier ministre non moins ministre des sports, Amadou Ba. Face au chef du gouvernement qui les a [&hellip;]<\/p>\n","protected":false},"author":5,"featured_media":118349,"comment_status":"open","ping_status":"open","sticky":false,"template":"","format":"standard","meta":{"_et_pb_use_builder":"","_et_pb_old_content":""},"categories":[6],"tags":[],"yoast_head":"<!-- This site is optimized with the Yoast SEO Premium plugin v17.8 (Yoast SEO v17.8) - https:\/\/yoast.com\/wordpress\/plugins\/seo\/ -->\n<title>COUPE DU MONDE DES SOURS-MUETS - Amadou Ba galvanise les Lions | Nettali.com<\/title>\n<meta name=\"robots\" content=\"index, follow, max-snippet:-1, max-image-preview:large, max-video-preview:-1\" \/>\n<link rel=\"canonical\" href=\"https:\/\/www.nettali.com\/2023\/09\/16\/coupe-du-monde-des-sours-muets-amadou-ba-galvanise-les-lions\/\" \/>\n<meta property=\"og:locale\" content=\"fr_FR\" \/>\n<meta property=\"og:type\" content=\"article\" \/>\n<meta property=\"og:title\" content=\"COUPE DU MONDE DES SOURS-MUETS - Amadou Ba galvanise les Lions\" \/>\n<meta property=\"og:description\" content=\"NETTALI.COM - En route pour la coupe du monde des malentendants pr\u00e9vue du 18 septembre au 8 octobre en Malaisie, l&#039;\u00e9quipe nationale des Sourds-muets du S\u00e9n\u00e9gal a re\u00e7u ce vendredi 15 septembre, le drapeau national des mains du premier ministre non moins ministre des sports, Amadou Ba. Face au chef du gouvernement qui les a [&hellip;]\" \/>\n<meta property=\"og:url\" content=\"https:\/\/www.nettali.com\/2023\/09\/16\/coupe-du-monde-des-sours-muets-amadou-ba-galvanise-les-lions\/\" \/>\n<meta property=\"og:site_name\" content=\"Nettali.com\" \/>\n<meta property=\"article:publisher\" content=\"https:\/\/www.facebook.com\/nettalicom\" \/>\n<meta property=\"article:published_time\" content=\"2023-09-16T22:41:38+00:00\" \/>\n<meta property=\"og:image\" content=\"https:\/\/www.nettali.com\/wp-content\/uploads\/2023\/09\/Screenshot_20230916-140659_1.jpg\" \/>\n\t<meta property=\"og:image:width\" content=\"1080\" \/>\n\t<meta property=\"og:image:height\" content=\"677\" \/>\n<meta name=\"twitter:card\" content=\"summary_large_image\" \/>\n<meta name=\"twitter:label1\" content=\"\u00c9crit par\" \/>\n\t<meta name=\"twitter:data1\" content=\"Ibrahima\" \/>\n\t<meta name=\"twitter:label2\" content=\"Dur\u00e9e de lecture estim\u00e9e\" \/>\n\t<meta name=\"twitter:data2\" content=\"2 minutes\" \/>\n<script type=\"application\/ld+json\" class=\"yoast-schema-graph\">{\"@context\":\"https:\/\/schema.org\",\"@graph\":[{\"@type\":\"WebSite\",\"@id\":\"https:\/\/www.nettali.com\/#website\",\"url\":\"https:\/\/www.nettali.com\/\",\"name\":\"Nettali.com\",\"description\":\"Le rendez-vous critique du Net\",\"potentialAction\":[{\"@type\":\"SearchAction\",\"target\":{\"@type\":\"EntryPoint\",\"urlTemplate\":\"https:\/\/www.nettali.com\/?s={search_term_string}\"},\"query-input\":\"required name=search_term_string\"}],\"inLanguage\":\"fr-FR\"},{\"@type\":\"ImageObject\",\"@id\":\"https:\/\/www.nettali.com\/2023\/09\/16\/coupe-du-monde-des-sours-muets-amadou-ba-galvanise-les-lions\/#primaryimage\",\"inLanguage\":\"fr-FR\",\"url\":\"https:\/\/www.nettali.com\/wp-content\/uploads\/2023\/09\/Screenshot_20230916-140659_1.jpg\",\"contentUrl\":\"https:\/\/www.nettali.com\/wp-content\/uploads\/2023\/09\/Screenshot_20230916-140659_1.jpg\",\"width\":1080,\"height\":677},{\"@type\":\"WebPage\",\"@id\":\"https:\/\/www.nettali.com\/2023\/09\/16\/coupe-du-monde-des-sours-muets-amadou-ba-galvanise-les-lions\/#webpage\",\"url\":\"https:\/\/www.nettali.com\/2023\/09\/16\/coupe-du-monde-des-sours-muets-amadou-ba-galvanise-les-lions\/\",\"name\":\"COUPE DU MONDE DES SOURS-MUETS - Amadou Ba galvanise les Lions | Nettali.com\",\"isPartOf\":{\"@id\":\"https:\/\/www.nettali.com\/#website\"},\"primaryImageOfPage\":{\"@id\":\"https:\/\/www.nettali.com\/2023\/09\/16\/coupe-du-monde-des-sours-muets-amadou-ba-galvanise-les-lions\/#primaryimage\"},\"datePublished\":\"2023-09-16T22:41:38+00:00\",\"dateModified\":\"2023-09-16T22:41:38+00:00\",\"author\":{\"@id\":\"https:\/\/www.nettali.com\/#\/schema\/person\/bb147657c2986240405a608162b9bb23\"},\"breadcrumb\":{\"@id\":\"https:\/\/www.nettali.com\/2023\/09\/16\/coupe-du-monde-des-sours-muets-amadou-ba-galvanise-les-lions\/#breadcrumb\"},\"inLanguage\":\"fr-FR\",\"potentialAction\":[{\"@type\":\"ReadAction\",\"target\":[\"https:\/\/www.nettali.com\/2023\/09\/16\/coupe-du-monde-des-sours-muets-amadou-ba-galvanise-les-lions\/\"]}]},{\"@type\":\"BreadcrumbList\",\"@id\":\"https:\/\/www.nettali.com\/2023\/09\/16\/coupe-du-monde-des-sours-muets-amadou-ba-galvanise-les-lions\/#breadcrumb\",\"itemListElement\":[{\"@type\":\"ListItem\",\"position\":1,\"name\":\"Accueil\",\"item\":\"https:\/\/www.nettali.com\/\"},{\"@type\":\"ListItem\",\"position\":2,\"name\":\"COUPE DU MONDE DES SOURS-MUETS - Amadou Ba galvanise les Lions\"}]},{\"@type\":\"Person\",\"@id\":\"https:\/\/www.nettali.com\/#\/schema\/person\/bb147657c2986240405a608162b9bb23\",\"name\":\"Ibrahima\",\"image\":{\"@type\":\"ImageObject\",\"@id\":\"https:\/\/www.nettali.com\/#personlogo\",\"inLanguage\":\"fr-FR\",\"url\":\"https:\/\/secure.gravatar.com\/avatar\/26a8a81f09f0dd7624c9d5c36c9ba3a2?s=96&d=mm&r=g\",\"contentUrl\":\"https:\/\/secure.gravatar.com\/avatar\/26a8a81f09f0dd7624c9d5c36c9ba3a2?s=96&d=mm&r=g\",\"caption\":\"Ibrahima\"},\"sameAs\":[\"https:\/\/www.nettali.com\"]}]}<\/script>\n<!-- \/ Yoast SEO Premium plugin. -->","yoast_head_json":{"title":"COUPE DU MONDE DES SOURS-MUETS - Amadou Ba galvanise les Lions | Nettali.com","robots":{"index":"index","follow":"follow","max-snippet":"max-snippet:-1","max-image-preview":"max-image-preview:large","max-video-preview":"max-video-preview:-1"},"canonical":"https:\/\/www.nettali.com\/2023\/09\/16\/coupe-du-monde-des-sours-muets-amadou-ba-galvanise-les-lions\/","og_locale":"fr_FR","og_type":"article","og_title":"COUPE DU MONDE DES SOURS-MUETS - Amadou Ba galvanise les Lions","og_description":"NETTALI.COM - En route pour la coupe du monde des malentendants pr\u00e9vue du 18 septembre au 8 octobre en Malaisie, l'\u00e9quipe nationale des Sourds-muets du S\u00e9n\u00e9gal a re\u00e7u ce vendredi 15 septembre, le drapeau national des mains du premier ministre non moins ministre des sports, Amadou Ba. Face au chef du gouvernement qui les a [&hellip;]","og_url":"https:\/\/www.nettali.com\/2023\/09\/16\/coupe-du-monde-des-sours-muets-amadou-ba-galvanise-les-lions\/","og_site_name":"Nettali.com","article_publisher":"https:\/\/www.facebook.com\/nettalicom","article_published_time":"2023-09-16T22:41:38+00:00","og_image":[{"width":1080,"height":677,"url":"https:\/\/www.nettali.com\/wp-content\/uploads\/2023\/09\/Screenshot_20230916-140659_1.jpg","type":"image\/jpeg"}],"twitter_card":"summary_large_image","twitter_misc":{"\u00c9crit par":"Ibrahima","Dur\u00e9e de lecture estim\u00e9e":"2 minutes"},"schema":{"@context":"https:\/\/schema.org","@graph":[{"@type":"WebSite","@id":"https:\/\/www.nettali.com\/#website","url":"https:\/\/www.nettali.com\/","name":"Nettali.com","description":"Le rendez-vous critique du Net","potentialAction":[{"@type":"SearchAction","target":{"@type":"EntryPoint","urlTemplate":"https:\/\/www.nettali.com\/?s={search_term_string}"},"query-input":"required name=search_term_string"}],"inLanguage":"fr-FR"},{"@type":"ImageObject","@id":"https:\/\/www.nettali.com\/2023\/09\/16\/coupe-du-monde-des-sours-muets-amadou-ba-galvanise-les-lions\/#primaryimage","inLanguage":"fr-FR","url":"https:\/\/www.nettali.com\/wp-content\/uploads\/2023\/09\/Screenshot_20230916-140659_1.jpg","contentUrl":"https:\/\/www.nettali.com\/wp-content\/uploads\/2023\/09\/Screenshot_20230916-140659_1.jpg","width":1080,"height":677},{"@type":"WebPage","@id":"https:\/\/www.nettali.com\/2023\/09\/16\/coupe-du-monde-des-sours-muets-amadou-ba-galvanise-les-lions\/#webpage","url":"https:\/\/www.nettali.com\/2023\/09\/16\/coupe-du-monde-des-sours-muets-amadou-ba-galvanise-les-lions\/","name":"COUPE DU MONDE DES SOURS-MUETS - Amadou Ba galvanise les Lions | Nettali.com","isPartOf":{"@id":"https:\/\/www.nettali.com\/#website"},"primaryImageOfPage":{"@id":"https:\/\/www.nettali.com\/2023\/09\/16\/coupe-du-monde-des-sours-muets-amadou-ba-galvanise-les-lions\/#primaryimage"},"datePublished":"2023-09-16T22:41:38+00:00","dateModified":"2023-09-16T22:41:38+00:00","author":{"@id":"https:\/\/www.nettali.com\/#\/schema\/person\/bb147657c2986240405a608162b9bb23"},"breadcrumb":{"@id":"https:\/\/www.nettali.com\/2023\/09\/16\/coupe-du-monde-des-sours-muets-amadou-ba-galvanise-les-lions\/#breadcrumb"},"inLanguage":"fr-FR","potentialAction":[{"@type":"ReadAction","target":["https:\/\/www.nettali.com\/2023\/09\/16\/coupe-du-monde-des-sours-muets-amadou-ba-galvanise-les-lions\/"]}]},{"@type":"BreadcrumbList","@id":"https:\/\/www.nettali.com\/2023\/09\/16\/coupe-du-monde-des-sours-muets-amadou-ba-galvanise-les-lions\/#breadcrumb","itemListElement":[{"@type":"ListItem","position":1,"name":"Accueil","item":"https:\/\/www.nettali.com\/"},{"@type":"ListItem","position":2,"name":"COUPE DU MONDE DES SOURS-MUETS - Amadou Ba galvanise les Lions"}]},{"@type":"Person","@id":"https:\/\/www.nettali.com\/#\/schema\/person\/bb147657c2986240405a608162b9bb23","name":"Ibrahima","image":{"@type":"ImageObject","@id":"https:\/\/www.nettali.com\/#personlogo","inLanguage":"fr-FR","url":"https:\/\/secure.gravatar.com\/avatar\/26a8a81f09f0dd7624c9d5c36c9ba3a2?s=96&d=mm&r=g","contentUrl":"https:\/\/secure.gravatar.com\/avatar\/26a8a81f09f0dd7624c9d5c36c9ba3a2?s=96&d=mm&r=g","caption":"Ibrahima"},"sameAs":["https:\/\/www.nettali.com"]}]}},"_links":{"self":[{"href":"https:\/\/www.nettali.com\/rest\/wp\/v2\/posts\/118348"}],"collection":[{"href":"https:\/\/www.nettali.com\/rest\/wp\/v2\/posts"}],"about":[{"href":"https:\/\/www.nettali.com\/rest\/wp\/v2\/types\/post"}],"author":[{"embeddable":true,"href":"https:\/\/www.nettali.com\/rest\/wp\/v2\/users\/5"}],"replies":[{"embeddable":true,"href":"https:\/\/www.nettali.com\/rest\/wp\/v2\/comments?post=118348"}],"version-history":[{"count":1,"href":"https:\/\/www.nettali.com\/rest\/wp\/v2\/posts\/118348\/revisions"}],"predecessor-version":[{"id":118351,"href":"https:\/\/www.nettali.com\/rest\/wp\/v2\/posts\/118348\/revisions\/118351"}],"wp:featuredmedia":[{"embeddable":true,"href":"https:\/\/www.nettali.com\/rest\/wp\/v2\/media\/118349"}],"wp:attachment":[{"href":"https:\/\/www.nettali.com\/rest\/wp\/v2\/media?parent=118348"}],"wp:term":[{"taxonomy":"category","embeddable":true,"href":"https:\/\/www.nettali.com\/rest\/wp\/v2\/categories?post=118348"},{"taxonomy":"post_tag","embeddable":true,"href":"https:\/\/www.nettali.com\/rest\/wp\/v2\/tags?post=118348"}],"curies":[{"name":"wp","href":"https:\/\/api.w.org\/{rel}","templated":true}]}}