{"id":118328,"date":"2023-09-16T10:10:44","date_gmt":"2023-09-16T10:10:44","guid":{"rendered":"https:\/\/www.nettali.com\/?p=118328"},"modified":"2023-09-16T10:10:44","modified_gmt":"2023-09-16T10:10:44","slug":"en-coulisses-attaques-ambassade-du-senegal-au-canada","status":"publish","type":"post","link":"https:\/\/www.nettali.com\/2023\/09\/16\/en-coulisses-attaques-ambassade-du-senegal-au-canada\/","title":{"rendered":"EN COULISSES - Attaques ambassade du S\u00e9n\u00e9gal au Canada"},"content":{"rendered":"<div class=\"page\" title=\"Page 2\">\n<div class=\"layoutArea\">\n<div class=\"column\">\n<p><strong>NETTALI.COM -<\/strong> Ce jeudi 14 septembre 2023, la Section des enque\u0302tes criminelles du Service de police d\u2019Ottawa, division centrale, a re\u0301ve\u0301le\u0301 avoir confirme\u0301 l\u2019identite\u0301 de trois personnes implique\u0301es dans les e\u0301ve\u0301nements survenus le 1er aou\u0302t 2023 a\u0300 l\u2019Ambassade du Se\u0301ne\u0301gal, sur la rue Kent. Il s\u2019agit d\u2019Awa CAMARA, a\u0302ge\u0301e de 43 ans, re\u0301sidant a\u0300 Saint- Eustache, Que\u0301bec ; de Fatou MBACKE, a\u0302ge\u0301e de 49 ans, re\u0301sidant a\u0300 Ottawa et de Lamine DIEDHIOU, a\u0302ge\u0301 de 53 ans et re\u0301sidant aussi a\u0300 Ottawa.<\/p>\n<p>Elle annonce qu\u2019ils ont tous \"<em>e\u0301te\u0301 inculpe\u0301s de se\u0301questration, de voies de fait, de me\u0301fait portant sur plus de 5000$, d\u2019empe\u0302chement de l\u2019exploitation le\u0301gitime d\u2019un bien, et d\u2019avoir cause\u0301 du de\u0301sordre<\/em>\".<\/p>\n<p>Selon la note, la Section des enque\u0302tes criminelles de la division centrale sollicite l\u2019aide de la population afin d\u2019identifier les dix autres personnes en cause. La police, dit-on, poursuit son enque\u0302te.<\/p>\n<p>On apprend aussi que les policiers souhaitent e\u0301galement s\u2019entretenir avec quiconque a e\u0301te\u0301 me\u0302le\u0301 a\u0300 ces e\u0301ve\u0301nements ou en a e\u0301te\u0301 te\u0301moin.<\/p>\n<\/div>\n<\/div>\n<\/div>\n<div class='share-to-whatsapp-wrapper'><div class='share-on-whsp'>PARTAGER SUR : <\/div><a data-text='EN COULISSES - Attaques ambassade du S\u00e9n\u00e9gal au Canada' data-link='https:\/\/www.nettali.com\/2023\/09\/16\/en-coulisses-attaques-ambassade-du-senegal-au-canada\/' class='whatsapp-button whatsapp-share'>WhatsApp<\/a><div class='clear '><\/div><\/div>","protected":false},"excerpt":{"rendered":"<p>NETTALI.COM - Ce jeudi 14 septembre 2023, la Section des enque\u0302tes criminelles du Service de police d\u2019Ottawa, division centrale, a re\u0301ve\u0301le\u0301 avoir confirme\u0301 l\u2019identite\u0301 de trois personnes implique\u0301es dans les e\u0301ve\u0301nements survenus le 1er aou\u0302t 2023 a\u0300 l\u2019Ambassade du Se\u0301ne\u0301gal, sur la rue Kent. Il s\u2019agit d\u2019Awa CAMARA, a\u0302ge\u0301e de 43 ans, re\u0301sidant a\u0300 Saint- [&hellip;]<\/p>\n","protected":false},"author":2,"featured_media":118338,"comment_status":"open","ping_status":"open","sticky":false,"template":"","format":"standard","meta":{"_et_pb_use_builder":"","_et_pb_old_content":""},"categories":[34945],"tags":[],"yoast_head":"<!-- This site is optimized with the Yoast SEO Premium plugin v17.8 (Yoast SEO v17.8) - https:\/\/yoast.com\/wordpress\/plugins\/seo\/ -->\n<title>EN COULISSES - Attaques ambassade du S\u00e9n\u00e9gal au Canada | Nettali.com<\/title>\n<meta name=\"robots\" content=\"index, follow, max-snippet:-1, max-image-preview:large, max-video-preview:-1\" \/>\n<link rel=\"canonical\" href=\"https:\/\/www.nettali.com\/2023\/09\/16\/en-coulisses-attaques-ambassade-du-senegal-au-canada\/\" \/>\n<meta property=\"og:locale\" content=\"fr_FR\" \/>\n<meta property=\"og:type\" content=\"article\" \/>\n<meta property=\"og:title\" content=\"EN COULISSES - Attaques ambassade du S\u00e9n\u00e9gal au Canada\" \/>\n<meta property=\"og:description\" content=\"NETTALI.COM - Ce jeudi 14 septembre 2023, la Section des enque\u0302tes criminelles du Service de police d\u2019Ottawa, division centrale, a re\u0301ve\u0301le\u0301 avoir confirme\u0301 l\u2019identite\u0301 de trois personnes implique\u0301es dans les e\u0301ve\u0301nements survenus le 1er aou\u0302t 2023 a\u0300 l\u2019Ambassade du Se\u0301ne\u0301gal, sur la rue Kent. Il s\u2019agit d\u2019Awa CAMARA, a\u0302ge\u0301e de 43 ans, re\u0301sidant a\u0300 Saint- [&hellip;]\" \/>\n<meta property=\"og:url\" content=\"https:\/\/www.nettali.com\/2023\/09\/16\/en-coulisses-attaques-ambassade-du-senegal-au-canada\/\" \/>\n<meta property=\"og:site_name\" content=\"Nettali.com\" \/>\n<meta property=\"article:publisher\" content=\"https:\/\/www.facebook.com\/nettalicom\" \/>\n<meta property=\"article:published_time\" content=\"2023-09-16T10:10:44+00:00\" \/>\n<meta property=\"og:image\" content=\"https:\/\/www.nettali.com\/wp-content\/uploads\/2023\/09\/cae92fb_1686121740457-consulat.jpeg\" \/>\n\t<meta property=\"og:image:width\" content=\"1440\" \/>\n\t<meta property=\"og:image:height\" content=\"720\" \/>\n<meta name=\"twitter:card\" content=\"summary_large_image\" \/>\n<meta name=\"twitter:label1\" content=\"\u00c9crit par\" \/>\n\t<meta name=\"twitter:data1\" content=\"CK\" \/>\n\t<meta name=\"twitter:label2\" content=\"Dur\u00e9e de lecture estim\u00e9e\" \/>\n\t<meta name=\"twitter:data2\" content=\"1 minute\" \/>\n<script type=\"application\/ld+json\" class=\"yoast-schema-graph\">{\"@context\":\"https:\/\/schema.org\",\"@graph\":[{\"@type\":\"WebSite\",\"@id\":\"https:\/\/www.nettali.com\/#website\",\"url\":\"https:\/\/www.nettali.com\/\",\"name\":\"Nettali.com\",\"description\":\"Le rendez-vous critique du Net\",\"potentialAction\":[{\"@type\":\"SearchAction\",\"target\":{\"@type\":\"EntryPoint\",\"urlTemplate\":\"https:\/\/www.nettali.com\/?s={search_term_string}\"},\"query-input\":\"required name=search_term_string\"}],\"inLanguage\":\"fr-FR\"},{\"@type\":\"ImageObject\",\"@id\":\"https:\/\/www.nettali.com\/2023\/09\/16\/en-coulisses-attaques-ambassade-du-senegal-au-canada\/#primaryimage\",\"inLanguage\":\"fr-FR\",\"url\":\"https:\/\/www.nettali.com\/wp-content\/uploads\/2023\/09\/cae92fb_1686121740457-consulat.jpeg\",\"contentUrl\":\"https:\/\/www.nettali.com\/wp-content\/uploads\/2023\/09\/cae92fb_1686121740457-consulat.jpeg\",\"width\":1440,\"height\":720},{\"@type\":\"WebPage\",\"@id\":\"https:\/\/www.nettali.com\/2023\/09\/16\/en-coulisses-attaques-ambassade-du-senegal-au-canada\/#webpage\",\"url\":\"https:\/\/www.nettali.com\/2023\/09\/16\/en-coulisses-attaques-ambassade-du-senegal-au-canada\/\",\"name\":\"EN COULISSES - Attaques ambassade du S\\u00e9n\\u00e9gal au Canada | Nettali.com\",\"isPartOf\":{\"@id\":\"https:\/\/www.nettali.com\/#website\"},\"primaryImageOfPage\":{\"@id\":\"https:\/\/www.nettali.com\/2023\/09\/16\/en-coulisses-attaques-ambassade-du-senegal-au-canada\/#primaryimage\"},\"datePublished\":\"2023-09-16T10:10:44+00:00\",\"dateModified\":\"2023-09-16T10:10:44+00:00\",\"author\":{\"@id\":\"https:\/\/www.nettali.com\/#\/schema\/person\/d8ac7b7e27ddad43f1c0d2ef090d7f71\"},\"breadcrumb\":{\"@id\":\"https:\/\/www.nettali.com\/2023\/09\/16\/en-coulisses-attaques-ambassade-du-senegal-au-canada\/#breadcrumb\"},\"inLanguage\":\"fr-FR\",\"potentialAction\":[{\"@type\":\"ReadAction\",\"target\":[\"https:\/\/www.nettali.com\/2023\/09\/16\/en-coulisses-attaques-ambassade-du-senegal-au-canada\/\"]}]},{\"@type\":\"BreadcrumbList\",\"@id\":\"https:\/\/www.nettali.com\/2023\/09\/16\/en-coulisses-attaques-ambassade-du-senegal-au-canada\/#breadcrumb\",\"itemListElement\":[{\"@type\":\"ListItem\",\"position\":1,\"name\":\"Accueil\",\"item\":\"https:\/\/www.nettali.com\/\"},{\"@type\":\"ListItem\",\"position\":2,\"name\":\"EN COULISSES - Attaques ambassade du S\\u00e9n\\u00e9gal au Canada\"}]},{\"@type\":\"Person\",\"@id\":\"https:\/\/www.nettali.com\/#\/schema\/person\/d8ac7b7e27ddad43f1c0d2ef090d7f71\",\"name\":\"CK\",\"image\":{\"@type\":\"ImageObject\",\"@id\":\"https:\/\/www.nettali.com\/#personlogo\",\"inLanguage\":\"fr-FR\",\"url\":\"https:\/\/secure.gravatar.com\/avatar\/1d8d5118b9327d94da7cd4ce7f17fec2?s=96&d=mm&r=g\",\"contentUrl\":\"https:\/\/secure.gravatar.com\/avatar\/1d8d5118b9327d94da7cd4ce7f17fec2?s=96&d=mm&r=g\",\"caption\":\"CK\"},\"sameAs\":[\"https:\/\/www.nettali.com\"]}]}<\/script>\n<!-- \/ Yoast SEO Premium plugin. -->","yoast_head_json":{"title":"EN COULISSES - Attaques ambassade du S\u00e9n\u00e9gal au Canada | Nettali.com","robots":{"index":"index","follow":"follow","max-snippet":"max-snippet:-1","max-image-preview":"max-image-preview:large","max-video-preview":"max-video-preview:-1"},"canonical":"https:\/\/www.nettali.com\/2023\/09\/16\/en-coulisses-attaques-ambassade-du-senegal-au-canada\/","og_locale":"fr_FR","og_type":"article","og_title":"EN COULISSES - Attaques ambassade du S\u00e9n\u00e9gal au Canada","og_description":"NETTALI.COM - Ce jeudi 14 septembre 2023, la Section des enque\u0302tes criminelles du Service de police d\u2019Ottawa, division centrale, a re\u0301ve\u0301le\u0301 avoir confirme\u0301 l\u2019identite\u0301 de trois personnes implique\u0301es dans les e\u0301ve\u0301nements survenus le 1er aou\u0302t 2023 a\u0300 l\u2019Ambassade du Se\u0301ne\u0301gal, sur la rue Kent. Il s\u2019agit d\u2019Awa CAMARA, a\u0302ge\u0301e de 43 ans, re\u0301sidant a\u0300 Saint- [&hellip;]","og_url":"https:\/\/www.nettali.com\/2023\/09\/16\/en-coulisses-attaques-ambassade-du-senegal-au-canada\/","og_site_name":"Nettali.com","article_publisher":"https:\/\/www.facebook.com\/nettalicom","article_published_time":"2023-09-16T10:10:44+00:00","og_image":[{"width":1440,"height":720,"url":"https:\/\/www.nettali.com\/wp-content\/uploads\/2023\/09\/cae92fb_1686121740457-consulat.jpeg","type":"image\/jpeg"}],"twitter_card":"summary_large_image","twitter_misc":{"\u00c9crit par":"CK","Dur\u00e9e de lecture estim\u00e9e":"1 minute"},"schema":{"@context":"https:\/\/schema.org","@graph":[{"@type":"WebSite","@id":"https:\/\/www.nettali.com\/#website","url":"https:\/\/www.nettali.com\/","name":"Nettali.com","description":"Le rendez-vous critique du Net","potentialAction":[{"@type":"SearchAction","target":{"@type":"EntryPoint","urlTemplate":"https:\/\/www.nettali.com\/?s={search_term_string}"},"query-input":"required name=search_term_string"}],"inLanguage":"fr-FR"},{"@type":"ImageObject","@id":"https:\/\/www.nettali.com\/2023\/09\/16\/en-coulisses-attaques-ambassade-du-senegal-au-canada\/#primaryimage","inLanguage":"fr-FR","url":"https:\/\/www.nettali.com\/wp-content\/uploads\/2023\/09\/cae92fb_1686121740457-consulat.jpeg","contentUrl":"https:\/\/www.nettali.com\/wp-content\/uploads\/2023\/09\/cae92fb_1686121740457-consulat.jpeg","width":1440,"height":720},{"@type":"WebPage","@id":"https:\/\/www.nettali.com\/2023\/09\/16\/en-coulisses-attaques-ambassade-du-senegal-au-canada\/#webpage","url":"https:\/\/www.nettali.com\/2023\/09\/16\/en-coulisses-attaques-ambassade-du-senegal-au-canada\/","name":"EN COULISSES - Attaques ambassade du S\u00e9n\u00e9gal au Canada | Nettali.com","isPartOf":{"@id":"https:\/\/www.nettali.com\/#website"},"primaryImageOfPage":{"@id":"https:\/\/www.nettali.com\/2023\/09\/16\/en-coulisses-attaques-ambassade-du-senegal-au-canada\/#primaryimage"},"datePublished":"2023-09-16T10:10:44+00:00","dateModified":"2023-09-16T10:10:44+00:00","author":{"@id":"https:\/\/www.nettali.com\/#\/schema\/person\/d8ac7b7e27ddad43f1c0d2ef090d7f71"},"breadcrumb":{"@id":"https:\/\/www.nettali.com\/2023\/09\/16\/en-coulisses-attaques-ambassade-du-senegal-au-canada\/#breadcrumb"},"inLanguage":"fr-FR","potentialAction":[{"@type":"ReadAction","target":["https:\/\/www.nettali.com\/2023\/09\/16\/en-coulisses-attaques-ambassade-du-senegal-au-canada\/"]}]},{"@type":"BreadcrumbList","@id":"https:\/\/www.nettali.com\/2023\/09\/16\/en-coulisses-attaques-ambassade-du-senegal-au-canada\/#breadcrumb","itemListElement":[{"@type":"ListItem","position":1,"name":"Accueil","item":"https:\/\/www.nettali.com\/"},{"@type":"ListItem","position":2,"name":"EN COULISSES - Attaques ambassade du S\u00e9n\u00e9gal au Canada"}]},{"@type":"Person","@id":"https:\/\/www.nettali.com\/#\/schema\/person\/d8ac7b7e27ddad43f1c0d2ef090d7f71","name":"CK","image":{"@type":"ImageObject","@id":"https:\/\/www.nettali.com\/#personlogo","inLanguage":"fr-FR","url":"https:\/\/secure.gravatar.com\/avatar\/1d8d5118b9327d94da7cd4ce7f17fec2?s=96&d=mm&r=g","contentUrl":"https:\/\/secure.gravatar.com\/avatar\/1d8d5118b9327d94da7cd4ce7f17fec2?s=96&d=mm&r=g","caption":"CK"},"sameAs":["https:\/\/www.nettali.com"]}]}},"_links":{"self":[{"href":"https:\/\/www.nettali.com\/rest\/wp\/v2\/posts\/118328"}],"collection":[{"href":"https:\/\/www.nettali.com\/rest\/wp\/v2\/posts"}],"about":[{"href":"https:\/\/www.nettali.com\/rest\/wp\/v2\/types\/post"}],"author":[{"embeddable":true,"href":"https:\/\/www.nettali.com\/rest\/wp\/v2\/users\/2"}],"replies":[{"embeddable":true,"href":"https:\/\/www.nettali.com\/rest\/wp\/v2\/comments?post=118328"}],"version-history":[{"count":1,"href":"https:\/\/www.nettali.com\/rest\/wp\/v2\/posts\/118328\/revisions"}],"predecessor-version":[{"id":118329,"href":"https:\/\/www.nettali.com\/rest\/wp\/v2\/posts\/118328\/revisions\/118329"}],"wp:featuredmedia":[{"embeddable":true,"href":"https:\/\/www.nettali.com\/rest\/wp\/v2\/media\/118338"}],"wp:attachment":[{"href":"https:\/\/www.nettali.com\/rest\/wp\/v2\/media?parent=118328"}],"wp:term":[{"taxonomy":"category","embeddable":true,"href":"https:\/\/www.nettali.com\/rest\/wp\/v2\/categories?post=118328"},{"taxonomy":"post_tag","embeddable":true,"href":"https:\/\/www.nettali.com\/rest\/wp\/v2\/tags?post=118328"}],"curies":[{"name":"wp","href":"https:\/\/api.w.org\/{rel}","templated":true}]}}