{"id":118316,"date":"2023-09-16T09:02:57","date_gmt":"2023-09-16T09:02:57","guid":{"rendered":"https:\/\/www.nettali.com\/?p=118316"},"modified":"2023-09-16T09:02:57","modified_gmt":"2023-09-16T09:02:57","slug":"presidentielle-cheikh-tidiane-gadio-declare-sa-candidature","status":"publish","type":"post","link":"https:\/\/www.nettali.com\/2023\/09\/16\/presidentielle-cheikh-tidiane-gadio-declare-sa-candidature\/","title":{"rendered":"PR\u00c9SIDENTIELLE - Cheikh Tidiane Gadio d\u00e9clare sa candidature"},"content":{"rendered":"<p><strong>NETTALI.COM -\u00a0 L'ancien ministre des Affaire \u00e9trang\u00e8res, Cheikh Tidiane Gadio, va d\u00e9clarer sa candidature pour participer \u00e0 la pr\u00e9sidentielle de 2024. Il donne rendez-vous ce samedi pour une d\u00e9claration<\/strong><\/p>\n<p>L\u2019actuel vice pr\u00e9sident \u00e0 l\u2019assembl\u00e9e nationale, le Dr Cheikh Tidiane Gadio donne rendez-vous aux S\u00e9n\u00e9galais, samedi 16 septembre 2023, pour d\u00e9clarer sans candidature \u00e0 l\u2019\u00e9lection pr\u00e9sidentielle du 25 f\u00e9vrier 2024.<\/p>\n<p>Ancien ministre des Affaires \u00e9trang\u00e8res (avril 2000 - octobre 2009) et \u00e9lev\u00e9 au rang de ministre d\u2019\u00c9tat \u00e0 partir de 2002, Gadio a \u00e9t\u00e9 dans l\u2019histoire de la diplomatie s\u00e9n\u00e9galaise (de 1960 \u00e0 nos jours), le ministre des Affaires \u00e9trang\u00e8res qui d\u00e9tient le record d\u2019occupation de ce poste en continu (9 ans et demi).<br class=\"autobr\" \/>Pour rappel, Dr Cheikh Tidiane Gadio \u00e9tait candidat \u00e0 la pr\u00e9sidentielle de 2012.<\/p>\n<div class='share-to-whatsapp-wrapper'><div class='share-on-whsp'>PARTAGER SUR : <\/div><a data-text='PR\u00c9SIDENTIELLE - Cheikh Tidiane Gadio d\u00e9clare sa candidature' data-link='https:\/\/www.nettali.com\/2023\/09\/16\/presidentielle-cheikh-tidiane-gadio-declare-sa-candidature\/' class='whatsapp-button whatsapp-share'>WhatsApp<\/a><div class='clear '><\/div><\/div>","protected":false},"excerpt":{"rendered":"<p>NETTALI.COM -\u00a0 L'ancien ministre des Affaire \u00e9trang\u00e8res, Cheikh Tidiane Gadio, va d\u00e9clarer sa candidature pour participer \u00e0 la pr\u00e9sidentielle de 2024. Il donne rendez-vous ce samedi pour une d\u00e9claration L\u2019actuel vice pr\u00e9sident \u00e0 l\u2019assembl\u00e9e nationale, le Dr Cheikh Tidiane Gadio donne rendez-vous aux S\u00e9n\u00e9galais, samedi 16 septembre 2023, pour d\u00e9clarer sans candidature \u00e0 l\u2019\u00e9lection pr\u00e9sidentielle [&hellip;]<\/p>\n","protected":false},"author":4,"featured_media":110401,"comment_status":"open","ping_status":"open","sticky":false,"template":"","format":"standard","meta":{"_et_pb_use_builder":"","_et_pb_old_content":""},"categories":[2],"tags":[],"yoast_head":"<!-- This site is optimized with the Yoast SEO Premium plugin v17.8 (Yoast SEO v17.8) - https:\/\/yoast.com\/wordpress\/plugins\/seo\/ -->\n<title>PR\u00c9SIDENTIELLE - Cheikh Tidiane Gadio d\u00e9clare sa candidature | Nettali.com<\/title>\n<meta name=\"robots\" content=\"index, follow, max-snippet:-1, max-image-preview:large, max-video-preview:-1\" \/>\n<link rel=\"canonical\" href=\"https:\/\/www.nettali.com\/2023\/09\/16\/presidentielle-cheikh-tidiane-gadio-declare-sa-candidature\/\" \/>\n<meta property=\"og:locale\" content=\"fr_FR\" \/>\n<meta property=\"og:type\" content=\"article\" \/>\n<meta property=\"og:title\" content=\"PR\u00c9SIDENTIELLE - Cheikh Tidiane Gadio d\u00e9clare sa candidature\" \/>\n<meta property=\"og:description\" content=\"NETTALI.COM -\u00a0 L&#039;ancien ministre des Affaire \u00e9trang\u00e8res, Cheikh Tidiane Gadio, va d\u00e9clarer sa candidature pour participer \u00e0 la pr\u00e9sidentielle de 2024. Il donne rendez-vous ce samedi pour une d\u00e9claration L\u2019actuel vice pr\u00e9sident \u00e0 l\u2019assembl\u00e9e nationale, le Dr Cheikh Tidiane Gadio donne rendez-vous aux S\u00e9n\u00e9galais, samedi 16 septembre 2023, pour d\u00e9clarer sans candidature \u00e0 l\u2019\u00e9lection pr\u00e9sidentielle [&hellip;]\" \/>\n<meta property=\"og:url\" content=\"https:\/\/www.nettali.com\/2023\/09\/16\/presidentielle-cheikh-tidiane-gadio-declare-sa-candidature\/\" \/>\n<meta property=\"og:site_name\" content=\"Nettali.com\" \/>\n<meta property=\"article:publisher\" content=\"https:\/\/www.facebook.com\/nettalicom\" \/>\n<meta property=\"article:published_time\" content=\"2023-09-16T09:02:57+00:00\" \/>\n<meta property=\"og:image\" content=\"https:\/\/www.nettali.com\/wp-content\/uploads\/2023\/05\/cheikh-tidiane-gadio-592x296-1.jpeg\" \/>\n\t<meta property=\"og:image:width\" content=\"592\" \/>\n\t<meta property=\"og:image:height\" content=\"296\" \/>\n<meta name=\"twitter:card\" content=\"summary_large_image\" \/>\n<meta name=\"twitter:label1\" content=\"\u00c9crit par\" \/>\n\t<meta name=\"twitter:data1\" content=\"Daouda\" \/>\n\t<meta name=\"twitter:label2\" content=\"Dur\u00e9e de lecture estim\u00e9e\" \/>\n\t<meta name=\"twitter:data2\" content=\"1 minute\" \/>\n<script type=\"application\/ld+json\" class=\"yoast-schema-graph\">{\"@context\":\"https:\/\/schema.org\",\"@graph\":[{\"@type\":\"WebSite\",\"@id\":\"https:\/\/www.nettali.com\/#website\",\"url\":\"https:\/\/www.nettali.com\/\",\"name\":\"Nettali.com\",\"description\":\"Le rendez-vous critique du Net\",\"potentialAction\":[{\"@type\":\"SearchAction\",\"target\":{\"@type\":\"EntryPoint\",\"urlTemplate\":\"https:\/\/www.nettali.com\/?s={search_term_string}\"},\"query-input\":\"required name=search_term_string\"}],\"inLanguage\":\"fr-FR\"},{\"@type\":\"ImageObject\",\"@id\":\"https:\/\/www.nettali.com\/2023\/09\/16\/presidentielle-cheikh-tidiane-gadio-declare-sa-candidature\/#primaryimage\",\"inLanguage\":\"fr-FR\",\"url\":\"https:\/\/www.nettali.com\/wp-content\/uploads\/2023\/05\/cheikh-tidiane-gadio-592x296-1.jpeg\",\"contentUrl\":\"https:\/\/www.nettali.com\/wp-content\/uploads\/2023\/05\/cheikh-tidiane-gadio-592x296-1.jpeg\",\"width\":592,\"height\":296},{\"@type\":\"WebPage\",\"@id\":\"https:\/\/www.nettali.com\/2023\/09\/16\/presidentielle-cheikh-tidiane-gadio-declare-sa-candidature\/#webpage\",\"url\":\"https:\/\/www.nettali.com\/2023\/09\/16\/presidentielle-cheikh-tidiane-gadio-declare-sa-candidature\/\",\"name\":\"PR\\u00c9SIDENTIELLE - Cheikh Tidiane Gadio d\\u00e9clare sa candidature | Nettali.com\",\"isPartOf\":{\"@id\":\"https:\/\/www.nettali.com\/#website\"},\"primaryImageOfPage\":{\"@id\":\"https:\/\/www.nettali.com\/2023\/09\/16\/presidentielle-cheikh-tidiane-gadio-declare-sa-candidature\/#primaryimage\"},\"datePublished\":\"2023-09-16T09:02:57+00:00\",\"dateModified\":\"2023-09-16T09:02:57+00:00\",\"author\":{\"@id\":\"https:\/\/www.nettali.com\/#\/schema\/person\/3317e0bb3aa1da309fbf7b2780901bf4\"},\"breadcrumb\":{\"@id\":\"https:\/\/www.nettali.com\/2023\/09\/16\/presidentielle-cheikh-tidiane-gadio-declare-sa-candidature\/#breadcrumb\"},\"inLanguage\":\"fr-FR\",\"potentialAction\":[{\"@type\":\"ReadAction\",\"target\":[\"https:\/\/www.nettali.com\/2023\/09\/16\/presidentielle-cheikh-tidiane-gadio-declare-sa-candidature\/\"]}]},{\"@type\":\"BreadcrumbList\",\"@id\":\"https:\/\/www.nettali.com\/2023\/09\/16\/presidentielle-cheikh-tidiane-gadio-declare-sa-candidature\/#breadcrumb\",\"itemListElement\":[{\"@type\":\"ListItem\",\"position\":1,\"name\":\"Accueil\",\"item\":\"https:\/\/www.nettali.com\/\"},{\"@type\":\"ListItem\",\"position\":2,\"name\":\"PR\\u00c9SIDENTIELLE - Cheikh Tidiane Gadio d\\u00e9clare sa candidature\"}]},{\"@type\":\"Person\",\"@id\":\"https:\/\/www.nettali.com\/#\/schema\/person\/3317e0bb3aa1da309fbf7b2780901bf4\",\"name\":\"Daouda\",\"image\":{\"@type\":\"ImageObject\",\"@id\":\"https:\/\/www.nettali.com\/#personlogo\",\"inLanguage\":\"fr-FR\",\"url\":\"https:\/\/secure.gravatar.com\/avatar\/8d143b5a49345098ddcfee1c49c2f47c?s=96&d=mm&r=g\",\"contentUrl\":\"https:\/\/secure.gravatar.com\/avatar\/8d143b5a49345098ddcfee1c49c2f47c?s=96&d=mm&r=g\",\"caption\":\"Daouda\"},\"sameAs\":[\"https:\/\/www.nettali.com\"]}]}<\/script>\n<!-- \/ Yoast SEO Premium plugin. -->","yoast_head_json":{"title":"PR\u00c9SIDENTIELLE - Cheikh Tidiane Gadio d\u00e9clare sa candidature | Nettali.com","robots":{"index":"index","follow":"follow","max-snippet":"max-snippet:-1","max-image-preview":"max-image-preview:large","max-video-preview":"max-video-preview:-1"},"canonical":"https:\/\/www.nettali.com\/2023\/09\/16\/presidentielle-cheikh-tidiane-gadio-declare-sa-candidature\/","og_locale":"fr_FR","og_type":"article","og_title":"PR\u00c9SIDENTIELLE - Cheikh Tidiane Gadio d\u00e9clare sa candidature","og_description":"NETTALI.COM -\u00a0 L'ancien ministre des Affaire \u00e9trang\u00e8res, Cheikh Tidiane Gadio, va d\u00e9clarer sa candidature pour participer \u00e0 la pr\u00e9sidentielle de 2024. Il donne rendez-vous ce samedi pour une d\u00e9claration L\u2019actuel vice pr\u00e9sident \u00e0 l\u2019assembl\u00e9e nationale, le Dr Cheikh Tidiane Gadio donne rendez-vous aux S\u00e9n\u00e9galais, samedi 16 septembre 2023, pour d\u00e9clarer sans candidature \u00e0 l\u2019\u00e9lection pr\u00e9sidentielle [&hellip;]","og_url":"https:\/\/www.nettali.com\/2023\/09\/16\/presidentielle-cheikh-tidiane-gadio-declare-sa-candidature\/","og_site_name":"Nettali.com","article_publisher":"https:\/\/www.facebook.com\/nettalicom","article_published_time":"2023-09-16T09:02:57+00:00","og_image":[{"width":592,"height":296,"url":"https:\/\/www.nettali.com\/wp-content\/uploads\/2023\/05\/cheikh-tidiane-gadio-592x296-1.jpeg","type":"image\/jpeg"}],"twitter_card":"summary_large_image","twitter_misc":{"\u00c9crit par":"Daouda","Dur\u00e9e de lecture estim\u00e9e":"1 minute"},"schema":{"@context":"https:\/\/schema.org","@graph":[{"@type":"WebSite","@id":"https:\/\/www.nettali.com\/#website","url":"https:\/\/www.nettali.com\/","name":"Nettali.com","description":"Le rendez-vous critique du Net","potentialAction":[{"@type":"SearchAction","target":{"@type":"EntryPoint","urlTemplate":"https:\/\/www.nettali.com\/?s={search_term_string}"},"query-input":"required name=search_term_string"}],"inLanguage":"fr-FR"},{"@type":"ImageObject","@id":"https:\/\/www.nettali.com\/2023\/09\/16\/presidentielle-cheikh-tidiane-gadio-declare-sa-candidature\/#primaryimage","inLanguage":"fr-FR","url":"https:\/\/www.nettali.com\/wp-content\/uploads\/2023\/05\/cheikh-tidiane-gadio-592x296-1.jpeg","contentUrl":"https:\/\/www.nettali.com\/wp-content\/uploads\/2023\/05\/cheikh-tidiane-gadio-592x296-1.jpeg","width":592,"height":296},{"@type":"WebPage","@id":"https:\/\/www.nettali.com\/2023\/09\/16\/presidentielle-cheikh-tidiane-gadio-declare-sa-candidature\/#webpage","url":"https:\/\/www.nettali.com\/2023\/09\/16\/presidentielle-cheikh-tidiane-gadio-declare-sa-candidature\/","name":"PR\u00c9SIDENTIELLE - Cheikh Tidiane Gadio d\u00e9clare sa candidature | Nettali.com","isPartOf":{"@id":"https:\/\/www.nettali.com\/#website"},"primaryImageOfPage":{"@id":"https:\/\/www.nettali.com\/2023\/09\/16\/presidentielle-cheikh-tidiane-gadio-declare-sa-candidature\/#primaryimage"},"datePublished":"2023-09-16T09:02:57+00:00","dateModified":"2023-09-16T09:02:57+00:00","author":{"@id":"https:\/\/www.nettali.com\/#\/schema\/person\/3317e0bb3aa1da309fbf7b2780901bf4"},"breadcrumb":{"@id":"https:\/\/www.nettali.com\/2023\/09\/16\/presidentielle-cheikh-tidiane-gadio-declare-sa-candidature\/#breadcrumb"},"inLanguage":"fr-FR","potentialAction":[{"@type":"ReadAction","target":["https:\/\/www.nettali.com\/2023\/09\/16\/presidentielle-cheikh-tidiane-gadio-declare-sa-candidature\/"]}]},{"@type":"BreadcrumbList","@id":"https:\/\/www.nettali.com\/2023\/09\/16\/presidentielle-cheikh-tidiane-gadio-declare-sa-candidature\/#breadcrumb","itemListElement":[{"@type":"ListItem","position":1,"name":"Accueil","item":"https:\/\/www.nettali.com\/"},{"@type":"ListItem","position":2,"name":"PR\u00c9SIDENTIELLE - Cheikh Tidiane Gadio d\u00e9clare sa candidature"}]},{"@type":"Person","@id":"https:\/\/www.nettali.com\/#\/schema\/person\/3317e0bb3aa1da309fbf7b2780901bf4","name":"Daouda","image":{"@type":"ImageObject","@id":"https:\/\/www.nettali.com\/#personlogo","inLanguage":"fr-FR","url":"https:\/\/secure.gravatar.com\/avatar\/8d143b5a49345098ddcfee1c49c2f47c?s=96&d=mm&r=g","contentUrl":"https:\/\/secure.gravatar.com\/avatar\/8d143b5a49345098ddcfee1c49c2f47c?s=96&d=mm&r=g","caption":"Daouda"},"sameAs":["https:\/\/www.nettali.com"]}]}},"_links":{"self":[{"href":"https:\/\/www.nettali.com\/rest\/wp\/v2\/posts\/118316"}],"collection":[{"href":"https:\/\/www.nettali.com\/rest\/wp\/v2\/posts"}],"about":[{"href":"https:\/\/www.nettali.com\/rest\/wp\/v2\/types\/post"}],"author":[{"embeddable":true,"href":"https:\/\/www.nettali.com\/rest\/wp\/v2\/users\/4"}],"replies":[{"embeddable":true,"href":"https:\/\/www.nettali.com\/rest\/wp\/v2\/comments?post=118316"}],"version-history":[{"count":1,"href":"https:\/\/www.nettali.com\/rest\/wp\/v2\/posts\/118316\/revisions"}],"predecessor-version":[{"id":118317,"href":"https:\/\/www.nettali.com\/rest\/wp\/v2\/posts\/118316\/revisions\/118317"}],"wp:featuredmedia":[{"embeddable":true,"href":"https:\/\/www.nettali.com\/rest\/wp\/v2\/media\/110401"}],"wp:attachment":[{"href":"https:\/\/www.nettali.com\/rest\/wp\/v2\/media?parent=118316"}],"wp:term":[{"taxonomy":"category","embeddable":true,"href":"https:\/\/www.nettali.com\/rest\/wp\/v2\/categories?post=118316"},{"taxonomy":"post_tag","embeddable":true,"href":"https:\/\/www.nettali.com\/rest\/wp\/v2\/tags?post=118316"}],"curies":[{"name":"wp","href":"https:\/\/api.w.org\/{rel}","templated":true}]}}