{"id":118311,"date":"2023-09-16T09:03:54","date_gmt":"2023-09-16T09:03:54","guid":{"rendered":"https:\/\/www.nettali.com\/?p=118311"},"modified":"2023-09-16T09:04:13","modified_gmt":"2023-09-16T09:04:13","slug":"benin-kemi-seba-arrete-a-laeroport-de-cotonou","status":"publish","type":"post","link":"https:\/\/www.nettali.com\/2023\/09\/16\/benin-kemi-seba-arrete-a-laeroport-de-cotonou\/","title":{"rendered":"BENIN - K\u00e9mi S\u00e9ba arr\u00eat\u00e9 \u00e0 l'a\u00e9roport de Cotonou"},"content":{"rendered":"<p><strong>NETTALI.COM - K\u00e9mi S\u00e9ba a \u00e9t\u00e9 arr\u00eat\u00e9, ce vendredi au B\u00e9nin, plus pr\u00e9cis\u00e9ment \u00e0 l'a\u00e9roport de Cotonou, o\u00f9 il s'appr\u00eatait \u00e0 prendre un vol.<\/strong><\/p>\n<p>C\u2019est l'avocat Juan Branco qui en a donn\u00e9 l\u2019information. \"<em>Kemi SEBA vient d'\u00eatre arr\u00eat\u00e9 \u00e0 l'a\u00e9roport de Cotonou<\/em>\", a-t-il publi\u00e9 sur ses plateformes num\u00e9riques.<\/p>\n<p>L\u2019avocat informe que l\u2019activiste a \u00e9t\u00e9 transf\u00e9r\u00e9 \u00e0 la direction g\u00e9n\u00e9rale de la police nationale \u00e0 Cotonou, \"<em>o\u00f9 il est d\u00e9tenu sans motif valable aux c\u00f4t\u00e9s de l'un de ses conseillers<\/em>\".<\/p>\n<p>Dans un tweet publi\u00e9 plus t\u00f4t dans la journ\u00e9e de ce vendredi, K\u00e9mi S\u00e9ba annon\u00e7ait qu\u2019il se rendrait lundi 25 septembre prochain au Niger \"<em>en soutien au peuple h\u00e9ro\u00efque nig\u00e9rien et \u00e0 la transition dirig\u00e9e par le digne et courageux g\u00e9n\u00e9ral Tchiani<\/em>\".<\/p>\n<div class='share-to-whatsapp-wrapper'><div class='share-on-whsp'>PARTAGER SUR : <\/div><a data-text='BENIN - K\u00e9mi S\u00e9ba arr\u00eat\u00e9 \u00e0 l'a\u00e9roport de Cotonou' data-link='https:\/\/www.nettali.com\/2023\/09\/16\/benin-kemi-seba-arrete-a-laeroport-de-cotonou\/' class='whatsapp-button whatsapp-share'>WhatsApp<\/a><div class='clear '><\/div><\/div>","protected":false},"excerpt":{"rendered":"<p>NETTALI.COM - K\u00e9mi S\u00e9ba a \u00e9t\u00e9 arr\u00eat\u00e9, ce vendredi au B\u00e9nin, plus pr\u00e9cis\u00e9ment \u00e0 l'a\u00e9roport de Cotonou, o\u00f9 il s'appr\u00eatait \u00e0 prendre un vol. C\u2019est l'avocat Juan Branco qui en a donn\u00e9 l\u2019information. \"Kemi SEBA vient d'\u00eatre arr\u00eat\u00e9 \u00e0 l'a\u00e9roport de Cotonou\", a-t-il publi\u00e9 sur ses plateformes num\u00e9riques. L\u2019avocat informe que l\u2019activiste a \u00e9t\u00e9 transf\u00e9r\u00e9 [&hellip;]<\/p>\n","protected":false},"author":5,"featured_media":118312,"comment_status":"open","ping_status":"open","sticky":false,"template":"","format":"standard","meta":{"_et_pb_use_builder":"","_et_pb_old_content":""},"categories":[3],"tags":[],"yoast_head":"<!-- This site is optimized with the Yoast SEO Premium plugin v17.8 (Yoast SEO v17.8) - https:\/\/yoast.com\/wordpress\/plugins\/seo\/ -->\n<title>BENIN - K\u00e9mi S\u00e9ba arr\u00eat\u00e9 \u00e0 l&#039;a\u00e9roport de Cotonou | Nettali.com<\/title>\n<meta name=\"robots\" content=\"index, follow, max-snippet:-1, max-image-preview:large, max-video-preview:-1\" \/>\n<link rel=\"canonical\" href=\"https:\/\/www.nettali.com\/2023\/09\/16\/benin-kemi-seba-arrete-a-laeroport-de-cotonou\/\" \/>\n<meta property=\"og:locale\" content=\"fr_FR\" \/>\n<meta property=\"og:type\" content=\"article\" \/>\n<meta property=\"og:title\" content=\"BENIN - K\u00e9mi S\u00e9ba arr\u00eat\u00e9 \u00e0 l&#039;a\u00e9roport de Cotonou\" \/>\n<meta property=\"og:description\" content=\"NETTALI.COM - K\u00e9mi S\u00e9ba a \u00e9t\u00e9 arr\u00eat\u00e9, ce vendredi au B\u00e9nin, plus pr\u00e9cis\u00e9ment \u00e0 l&#039;a\u00e9roport de Cotonou, o\u00f9 il s&#039;appr\u00eatait \u00e0 prendre un vol. C\u2019est l&#039;avocat Juan Branco qui en a donn\u00e9 l\u2019information. &quot;Kemi SEBA vient d&#039;\u00eatre arr\u00eat\u00e9 \u00e0 l&#039;a\u00e9roport de Cotonou&quot;, a-t-il publi\u00e9 sur ses plateformes num\u00e9riques. L\u2019avocat informe que l\u2019activiste a \u00e9t\u00e9 transf\u00e9r\u00e9 [&hellip;]\" \/>\n<meta property=\"og:url\" content=\"https:\/\/www.nettali.com\/2023\/09\/16\/benin-kemi-seba-arrete-a-laeroport-de-cotonou\/\" \/>\n<meta property=\"og:site_name\" content=\"Nettali.com\" \/>\n<meta property=\"article:publisher\" content=\"https:\/\/www.facebook.com\/nettalicom\" \/>\n<meta property=\"article:published_time\" content=\"2023-09-16T09:03:54+00:00\" \/>\n<meta property=\"article:modified_time\" content=\"2023-09-16T09:04:13+00:00\" \/>\n<meta property=\"og:image\" content=\"https:\/\/www.nettali.com\/wp-content\/uploads\/2023\/09\/jad20220518-ass-senegal-kemiseba-photo2-1024x640-1.png\" \/>\n\t<meta property=\"og:image:width\" content=\"1024\" \/>\n\t<meta property=\"og:image:height\" content=\"640\" \/>\n<meta name=\"twitter:card\" content=\"summary_large_image\" \/>\n<meta name=\"twitter:label1\" content=\"\u00c9crit par\" \/>\n\t<meta name=\"twitter:data1\" content=\"Ibrahima\" \/>\n\t<meta name=\"twitter:label2\" content=\"Dur\u00e9e de lecture estim\u00e9e\" \/>\n\t<meta name=\"twitter:data2\" content=\"1 minute\" \/>\n<script type=\"application\/ld+json\" class=\"yoast-schema-graph\">{\"@context\":\"https:\/\/schema.org\",\"@graph\":[{\"@type\":\"WebSite\",\"@id\":\"https:\/\/www.nettali.com\/#website\",\"url\":\"https:\/\/www.nettali.com\/\",\"name\":\"Nettali.com\",\"description\":\"Le rendez-vous critique du Net\",\"potentialAction\":[{\"@type\":\"SearchAction\",\"target\":{\"@type\":\"EntryPoint\",\"urlTemplate\":\"https:\/\/www.nettali.com\/?s={search_term_string}\"},\"query-input\":\"required name=search_term_string\"}],\"inLanguage\":\"fr-FR\"},{\"@type\":\"ImageObject\",\"@id\":\"https:\/\/www.nettali.com\/2023\/09\/16\/benin-kemi-seba-arrete-a-laeroport-de-cotonou\/#primaryimage\",\"inLanguage\":\"fr-FR\",\"url\":\"https:\/\/www.nettali.com\/wp-content\/uploads\/2023\/09\/jad20220518-ass-senegal-kemiseba-photo2-1024x640-1.png\",\"contentUrl\":\"https:\/\/www.nettali.com\/wp-content\/uploads\/2023\/09\/jad20220518-ass-senegal-kemiseba-photo2-1024x640-1.png\",\"width\":1024,\"height\":640},{\"@type\":\"WebPage\",\"@id\":\"https:\/\/www.nettali.com\/2023\/09\/16\/benin-kemi-seba-arrete-a-laeroport-de-cotonou\/#webpage\",\"url\":\"https:\/\/www.nettali.com\/2023\/09\/16\/benin-kemi-seba-arrete-a-laeroport-de-cotonou\/\",\"name\":\"BENIN - K\\u00e9mi S\\u00e9ba arr\\u00eat\\u00e9 \\u00e0 l'a\\u00e9roport de Cotonou | Nettali.com\",\"isPartOf\":{\"@id\":\"https:\/\/www.nettali.com\/#website\"},\"primaryImageOfPage\":{\"@id\":\"https:\/\/www.nettali.com\/2023\/09\/16\/benin-kemi-seba-arrete-a-laeroport-de-cotonou\/#primaryimage\"},\"datePublished\":\"2023-09-16T09:03:54+00:00\",\"dateModified\":\"2023-09-16T09:04:13+00:00\",\"author\":{\"@id\":\"https:\/\/www.nettali.com\/#\/schema\/person\/bb147657c2986240405a608162b9bb23\"},\"breadcrumb\":{\"@id\":\"https:\/\/www.nettali.com\/2023\/09\/16\/benin-kemi-seba-arrete-a-laeroport-de-cotonou\/#breadcrumb\"},\"inLanguage\":\"fr-FR\",\"potentialAction\":[{\"@type\":\"ReadAction\",\"target\":[\"https:\/\/www.nettali.com\/2023\/09\/16\/benin-kemi-seba-arrete-a-laeroport-de-cotonou\/\"]}]},{\"@type\":\"BreadcrumbList\",\"@id\":\"https:\/\/www.nettali.com\/2023\/09\/16\/benin-kemi-seba-arrete-a-laeroport-de-cotonou\/#breadcrumb\",\"itemListElement\":[{\"@type\":\"ListItem\",\"position\":1,\"name\":\"Accueil\",\"item\":\"https:\/\/www.nettali.com\/\"},{\"@type\":\"ListItem\",\"position\":2,\"name\":\"BENIN - K\\u00e9mi S\\u00e9ba arr\\u00eat\\u00e9 \\u00e0 l'a\\u00e9roport de Cotonou\"}]},{\"@type\":\"Person\",\"@id\":\"https:\/\/www.nettali.com\/#\/schema\/person\/bb147657c2986240405a608162b9bb23\",\"name\":\"Ibrahima\",\"image\":{\"@type\":\"ImageObject\",\"@id\":\"https:\/\/www.nettali.com\/#personlogo\",\"inLanguage\":\"fr-FR\",\"url\":\"https:\/\/secure.gravatar.com\/avatar\/26a8a81f09f0dd7624c9d5c36c9ba3a2?s=96&d=mm&r=g\",\"contentUrl\":\"https:\/\/secure.gravatar.com\/avatar\/26a8a81f09f0dd7624c9d5c36c9ba3a2?s=96&d=mm&r=g\",\"caption\":\"Ibrahima\"},\"sameAs\":[\"https:\/\/www.nettali.com\"]}]}<\/script>\n<!-- \/ Yoast SEO Premium plugin. -->","yoast_head_json":{"title":"BENIN - K\u00e9mi S\u00e9ba arr\u00eat\u00e9 \u00e0 l'a\u00e9roport de Cotonou | Nettali.com","robots":{"index":"index","follow":"follow","max-snippet":"max-snippet:-1","max-image-preview":"max-image-preview:large","max-video-preview":"max-video-preview:-1"},"canonical":"https:\/\/www.nettali.com\/2023\/09\/16\/benin-kemi-seba-arrete-a-laeroport-de-cotonou\/","og_locale":"fr_FR","og_type":"article","og_title":"BENIN - K\u00e9mi S\u00e9ba arr\u00eat\u00e9 \u00e0 l'a\u00e9roport de Cotonou","og_description":"NETTALI.COM - K\u00e9mi S\u00e9ba a \u00e9t\u00e9 arr\u00eat\u00e9, ce vendredi au B\u00e9nin, plus pr\u00e9cis\u00e9ment \u00e0 l'a\u00e9roport de Cotonou, o\u00f9 il s'appr\u00eatait \u00e0 prendre un vol. C\u2019est l'avocat Juan Branco qui en a donn\u00e9 l\u2019information. \"Kemi SEBA vient d'\u00eatre arr\u00eat\u00e9 \u00e0 l'a\u00e9roport de Cotonou\", a-t-il publi\u00e9 sur ses plateformes num\u00e9riques. L\u2019avocat informe que l\u2019activiste a \u00e9t\u00e9 transf\u00e9r\u00e9 [&hellip;]","og_url":"https:\/\/www.nettali.com\/2023\/09\/16\/benin-kemi-seba-arrete-a-laeroport-de-cotonou\/","og_site_name":"Nettali.com","article_publisher":"https:\/\/www.facebook.com\/nettalicom","article_published_time":"2023-09-16T09:03:54+00:00","article_modified_time":"2023-09-16T09:04:13+00:00","og_image":[{"width":1024,"height":640,"url":"https:\/\/www.nettali.com\/wp-content\/uploads\/2023\/09\/jad20220518-ass-senegal-kemiseba-photo2-1024x640-1.png","type":"image\/png"}],"twitter_card":"summary_large_image","twitter_misc":{"\u00c9crit par":"Ibrahima","Dur\u00e9e de lecture estim\u00e9e":"1 minute"},"schema":{"@context":"https:\/\/schema.org","@graph":[{"@type":"WebSite","@id":"https:\/\/www.nettali.com\/#website","url":"https:\/\/www.nettali.com\/","name":"Nettali.com","description":"Le rendez-vous critique du Net","potentialAction":[{"@type":"SearchAction","target":{"@type":"EntryPoint","urlTemplate":"https:\/\/www.nettali.com\/?s={search_term_string}"},"query-input":"required name=search_term_string"}],"inLanguage":"fr-FR"},{"@type":"ImageObject","@id":"https:\/\/www.nettali.com\/2023\/09\/16\/benin-kemi-seba-arrete-a-laeroport-de-cotonou\/#primaryimage","inLanguage":"fr-FR","url":"https:\/\/www.nettali.com\/wp-content\/uploads\/2023\/09\/jad20220518-ass-senegal-kemiseba-photo2-1024x640-1.png","contentUrl":"https:\/\/www.nettali.com\/wp-content\/uploads\/2023\/09\/jad20220518-ass-senegal-kemiseba-photo2-1024x640-1.png","width":1024,"height":640},{"@type":"WebPage","@id":"https:\/\/www.nettali.com\/2023\/09\/16\/benin-kemi-seba-arrete-a-laeroport-de-cotonou\/#webpage","url":"https:\/\/www.nettali.com\/2023\/09\/16\/benin-kemi-seba-arrete-a-laeroport-de-cotonou\/","name":"BENIN - K\u00e9mi S\u00e9ba arr\u00eat\u00e9 \u00e0 l'a\u00e9roport de Cotonou | Nettali.com","isPartOf":{"@id":"https:\/\/www.nettali.com\/#website"},"primaryImageOfPage":{"@id":"https:\/\/www.nettali.com\/2023\/09\/16\/benin-kemi-seba-arrete-a-laeroport-de-cotonou\/#primaryimage"},"datePublished":"2023-09-16T09:03:54+00:00","dateModified":"2023-09-16T09:04:13+00:00","author":{"@id":"https:\/\/www.nettali.com\/#\/schema\/person\/bb147657c2986240405a608162b9bb23"},"breadcrumb":{"@id":"https:\/\/www.nettali.com\/2023\/09\/16\/benin-kemi-seba-arrete-a-laeroport-de-cotonou\/#breadcrumb"},"inLanguage":"fr-FR","potentialAction":[{"@type":"ReadAction","target":["https:\/\/www.nettali.com\/2023\/09\/16\/benin-kemi-seba-arrete-a-laeroport-de-cotonou\/"]}]},{"@type":"BreadcrumbList","@id":"https:\/\/www.nettali.com\/2023\/09\/16\/benin-kemi-seba-arrete-a-laeroport-de-cotonou\/#breadcrumb","itemListElement":[{"@type":"ListItem","position":1,"name":"Accueil","item":"https:\/\/www.nettali.com\/"},{"@type":"ListItem","position":2,"name":"BENIN - K\u00e9mi S\u00e9ba arr\u00eat\u00e9 \u00e0 l'a\u00e9roport de Cotonou"}]},{"@type":"Person","@id":"https:\/\/www.nettali.com\/#\/schema\/person\/bb147657c2986240405a608162b9bb23","name":"Ibrahima","image":{"@type":"ImageObject","@id":"https:\/\/www.nettali.com\/#personlogo","inLanguage":"fr-FR","url":"https:\/\/secure.gravatar.com\/avatar\/26a8a81f09f0dd7624c9d5c36c9ba3a2?s=96&d=mm&r=g","contentUrl":"https:\/\/secure.gravatar.com\/avatar\/26a8a81f09f0dd7624c9d5c36c9ba3a2?s=96&d=mm&r=g","caption":"Ibrahima"},"sameAs":["https:\/\/www.nettali.com"]}]}},"_links":{"self":[{"href":"https:\/\/www.nettali.com\/rest\/wp\/v2\/posts\/118311"}],"collection":[{"href":"https:\/\/www.nettali.com\/rest\/wp\/v2\/posts"}],"about":[{"href":"https:\/\/www.nettali.com\/rest\/wp\/v2\/types\/post"}],"author":[{"embeddable":true,"href":"https:\/\/www.nettali.com\/rest\/wp\/v2\/users\/5"}],"replies":[{"embeddable":true,"href":"https:\/\/www.nettali.com\/rest\/wp\/v2\/comments?post=118311"}],"version-history":[{"count":3,"href":"https:\/\/www.nettali.com\/rest\/wp\/v2\/posts\/118311\/revisions"}],"predecessor-version":[{"id":118318,"href":"https:\/\/www.nettali.com\/rest\/wp\/v2\/posts\/118311\/revisions\/118318"}],"wp:featuredmedia":[{"embeddable":true,"href":"https:\/\/www.nettali.com\/rest\/wp\/v2\/media\/118312"}],"wp:attachment":[{"href":"https:\/\/www.nettali.com\/rest\/wp\/v2\/media?parent=118311"}],"wp:term":[{"taxonomy":"category","embeddable":true,"href":"https:\/\/www.nettali.com\/rest\/wp\/v2\/categories?post=118311"},{"taxonomy":"post_tag","embeddable":true,"href":"https:\/\/www.nettali.com\/rest\/wp\/v2\/tags?post=118311"}],"curies":[{"name":"wp","href":"https:\/\/api.w.org\/{rel}","templated":true}]}}