{"id":118309,"date":"2023-09-16T08:54:45","date_gmt":"2023-09-16T08:54:45","guid":{"rendered":"https:\/\/www.nettali.com\/?p=118309"},"modified":"2023-09-16T08:54:45","modified_gmt":"2023-09-16T08:54:45","slug":"choix-de-amadou-ba-abdoulaye-daouda-diallo-brise-le-silence-ce-samedi","status":"publish","type":"post","link":"https:\/\/www.nettali.com\/2023\/09\/16\/choix-de-amadou-ba-abdoulaye-daouda-diallo-brise-le-silence-ce-samedi\/","title":{"rendered":"CHOIX DE AMADOU BA - Abdoulaye Daouda Diallo brise le silence ce samedi"},"content":{"rendered":"<p><span style=\"font-size: 16px;\"><strong>NETTALI.COM - Apr\u00e8s avoir \u00e9t\u00e9 re\u00e7u par le chef de l'Etat, Macky Sall, le pr\u00e9sident du Conseil \u00e9conomique, social et environnement va s'adresser \u00e0 la presse ce samedi.<\/strong><\/span><\/p>\n<div><span style=\"font-size: 16px;\">Sa parole est tr\u00e8s attendue, surtout dans l\u2019optique de la pr\u00e9sidentielle 2024 et la r\u00e9cente d\u00e9signation de Amadou Ba comme candidat de la coalition Benno Bokk Yaakaar. Abdoulaye Daouda va finalement briser le silence ce samedi 16 septembre \u00e0 17h.<\/span><\/div>\n<div><\/div>\n<div><span style=\"font-size: 16px;\">Le Pr\u00e9sident du Conseil \u00c9conomique Social et Environnemental \u00ab fera une importante d\u00e9claration\u00a0 dans les locaux du CESE \u00bb, renseigne sa cellule de communication. Certaines indiscr\u00e9tions notent qu'il a enfin d\u00e9cid\u00e9 de se ranger derri\u00e8re Amadou Ba suite \u00e0 l'intervention de plusieurs marabouts.<\/span><\/div>\n<div class='share-to-whatsapp-wrapper'><div class='share-on-whsp'>PARTAGER SUR : <\/div><a data-text='CHOIX DE AMADOU BA - Abdoulaye Daouda Diallo brise le silence ce samedi' data-link='https:\/\/www.nettali.com\/2023\/09\/16\/choix-de-amadou-ba-abdoulaye-daouda-diallo-brise-le-silence-ce-samedi\/' class='whatsapp-button whatsapp-share'>WhatsApp<\/a><div class='clear '><\/div><\/div>","protected":false},"excerpt":{"rendered":"<p>NETTALI.COM - Apr\u00e8s avoir \u00e9t\u00e9 re\u00e7u par le chef de l'Etat, Macky Sall, le pr\u00e9sident du Conseil \u00e9conomique, social et environnement va s'adresser \u00e0 la presse ce samedi. Sa parole est tr\u00e8s attendue, surtout dans l\u2019optique de la pr\u00e9sidentielle 2024 et la r\u00e9cente d\u00e9signation de Amadou Ba comme candidat de la coalition Benno Bokk Yaakaar. [&hellip;]<\/p>\n","protected":false},"author":4,"featured_media":108597,"comment_status":"open","ping_status":"open","sticky":false,"template":"","format":"standard","meta":{"_et_pb_use_builder":"","_et_pb_old_content":""},"categories":[2],"tags":[],"yoast_head":"<!-- This site is optimized with the Yoast SEO Premium plugin v17.8 (Yoast SEO v17.8) - https:\/\/yoast.com\/wordpress\/plugins\/seo\/ -->\n<title>CHOIX DE AMADOU BA - Abdoulaye Daouda Diallo brise le silence ce samedi | Nettali.com<\/title>\n<meta name=\"robots\" content=\"index, follow, max-snippet:-1, max-image-preview:large, max-video-preview:-1\" \/>\n<link rel=\"canonical\" href=\"https:\/\/www.nettali.com\/2023\/09\/16\/choix-de-amadou-ba-abdoulaye-daouda-diallo-brise-le-silence-ce-samedi\/\" \/>\n<meta property=\"og:locale\" content=\"fr_FR\" \/>\n<meta property=\"og:type\" content=\"article\" \/>\n<meta property=\"og:title\" content=\"CHOIX DE AMADOU BA - Abdoulaye Daouda Diallo brise le silence ce samedi\" \/>\n<meta property=\"og:description\" content=\"NETTALI.COM - Apr\u00e8s avoir \u00e9t\u00e9 re\u00e7u par le chef de l&#039;Etat, Macky Sall, le pr\u00e9sident du Conseil \u00e9conomique, social et environnement va s&#039;adresser \u00e0 la presse ce samedi. Sa parole est tr\u00e8s attendue, surtout dans l\u2019optique de la pr\u00e9sidentielle 2024 et la r\u00e9cente d\u00e9signation de Amadou Ba comme candidat de la coalition Benno Bokk Yaakaar. [&hellip;]\" \/>\n<meta property=\"og:url\" content=\"https:\/\/www.nettali.com\/2023\/09\/16\/choix-de-amadou-ba-abdoulaye-daouda-diallo-brise-le-silence-ce-samedi\/\" \/>\n<meta property=\"og:site_name\" content=\"Nettali.com\" \/>\n<meta property=\"article:publisher\" content=\"https:\/\/www.facebook.com\/nettalicom\" \/>\n<meta property=\"article:published_time\" content=\"2023-09-16T08:54:45+00:00\" \/>\n<meta property=\"og:image\" content=\"https:\/\/www.nettali.com\/wp-content\/uploads\/2023\/04\/macky-abdoulaye-daouda-diallo.jpeg\" \/>\n\t<meta property=\"og:image:width\" content=\"606\" \/>\n\t<meta property=\"og:image:height\" content=\"428\" \/>\n<meta name=\"twitter:card\" content=\"summary_large_image\" \/>\n<meta name=\"twitter:label1\" content=\"\u00c9crit par\" \/>\n\t<meta name=\"twitter:data1\" content=\"Daouda\" \/>\n\t<meta name=\"twitter:label2\" content=\"Dur\u00e9e de lecture estim\u00e9e\" \/>\n\t<meta name=\"twitter:data2\" content=\"1 minute\" \/>\n<script type=\"application\/ld+json\" class=\"yoast-schema-graph\">{\"@context\":\"https:\/\/schema.org\",\"@graph\":[{\"@type\":\"WebSite\",\"@id\":\"https:\/\/www.nettali.com\/#website\",\"url\":\"https:\/\/www.nettali.com\/\",\"name\":\"Nettali.com\",\"description\":\"Le rendez-vous critique du Net\",\"potentialAction\":[{\"@type\":\"SearchAction\",\"target\":{\"@type\":\"EntryPoint\",\"urlTemplate\":\"https:\/\/www.nettali.com\/?s={search_term_string}\"},\"query-input\":\"required name=search_term_string\"}],\"inLanguage\":\"fr-FR\"},{\"@type\":\"ImageObject\",\"@id\":\"https:\/\/www.nettali.com\/2023\/09\/16\/choix-de-amadou-ba-abdoulaye-daouda-diallo-brise-le-silence-ce-samedi\/#primaryimage\",\"inLanguage\":\"fr-FR\",\"url\":\"https:\/\/www.nettali.com\/wp-content\/uploads\/2023\/04\/macky-abdoulaye-daouda-diallo.jpeg\",\"contentUrl\":\"https:\/\/www.nettali.com\/wp-content\/uploads\/2023\/04\/macky-abdoulaye-daouda-diallo.jpeg\",\"width\":606,\"height\":428},{\"@type\":\"WebPage\",\"@id\":\"https:\/\/www.nettali.com\/2023\/09\/16\/choix-de-amadou-ba-abdoulaye-daouda-diallo-brise-le-silence-ce-samedi\/#webpage\",\"url\":\"https:\/\/www.nettali.com\/2023\/09\/16\/choix-de-amadou-ba-abdoulaye-daouda-diallo-brise-le-silence-ce-samedi\/\",\"name\":\"CHOIX DE AMADOU BA - Abdoulaye Daouda Diallo brise le silence ce samedi | Nettali.com\",\"isPartOf\":{\"@id\":\"https:\/\/www.nettali.com\/#website\"},\"primaryImageOfPage\":{\"@id\":\"https:\/\/www.nettali.com\/2023\/09\/16\/choix-de-amadou-ba-abdoulaye-daouda-diallo-brise-le-silence-ce-samedi\/#primaryimage\"},\"datePublished\":\"2023-09-16T08:54:45+00:00\",\"dateModified\":\"2023-09-16T08:54:45+00:00\",\"author\":{\"@id\":\"https:\/\/www.nettali.com\/#\/schema\/person\/3317e0bb3aa1da309fbf7b2780901bf4\"},\"breadcrumb\":{\"@id\":\"https:\/\/www.nettali.com\/2023\/09\/16\/choix-de-amadou-ba-abdoulaye-daouda-diallo-brise-le-silence-ce-samedi\/#breadcrumb\"},\"inLanguage\":\"fr-FR\",\"potentialAction\":[{\"@type\":\"ReadAction\",\"target\":[\"https:\/\/www.nettali.com\/2023\/09\/16\/choix-de-amadou-ba-abdoulaye-daouda-diallo-brise-le-silence-ce-samedi\/\"]}]},{\"@type\":\"BreadcrumbList\",\"@id\":\"https:\/\/www.nettali.com\/2023\/09\/16\/choix-de-amadou-ba-abdoulaye-daouda-diallo-brise-le-silence-ce-samedi\/#breadcrumb\",\"itemListElement\":[{\"@type\":\"ListItem\",\"position\":1,\"name\":\"Accueil\",\"item\":\"https:\/\/www.nettali.com\/\"},{\"@type\":\"ListItem\",\"position\":2,\"name\":\"CHOIX DE AMADOU BA - Abdoulaye Daouda Diallo brise le silence ce samedi\"}]},{\"@type\":\"Person\",\"@id\":\"https:\/\/www.nettali.com\/#\/schema\/person\/3317e0bb3aa1da309fbf7b2780901bf4\",\"name\":\"Daouda\",\"image\":{\"@type\":\"ImageObject\",\"@id\":\"https:\/\/www.nettali.com\/#personlogo\",\"inLanguage\":\"fr-FR\",\"url\":\"https:\/\/secure.gravatar.com\/avatar\/8d143b5a49345098ddcfee1c49c2f47c?s=96&d=mm&r=g\",\"contentUrl\":\"https:\/\/secure.gravatar.com\/avatar\/8d143b5a49345098ddcfee1c49c2f47c?s=96&d=mm&r=g\",\"caption\":\"Daouda\"},\"sameAs\":[\"https:\/\/www.nettali.com\"]}]}<\/script>\n<!-- \/ Yoast SEO Premium plugin. -->","yoast_head_json":{"title":"CHOIX DE AMADOU BA - Abdoulaye Daouda Diallo brise le silence ce samedi | Nettali.com","robots":{"index":"index","follow":"follow","max-snippet":"max-snippet:-1","max-image-preview":"max-image-preview:large","max-video-preview":"max-video-preview:-1"},"canonical":"https:\/\/www.nettali.com\/2023\/09\/16\/choix-de-amadou-ba-abdoulaye-daouda-diallo-brise-le-silence-ce-samedi\/","og_locale":"fr_FR","og_type":"article","og_title":"CHOIX DE AMADOU BA - Abdoulaye Daouda Diallo brise le silence ce samedi","og_description":"NETTALI.COM - Apr\u00e8s avoir \u00e9t\u00e9 re\u00e7u par le chef de l'Etat, Macky Sall, le pr\u00e9sident du Conseil \u00e9conomique, social et environnement va s'adresser \u00e0 la presse ce samedi. Sa parole est tr\u00e8s attendue, surtout dans l\u2019optique de la pr\u00e9sidentielle 2024 et la r\u00e9cente d\u00e9signation de Amadou Ba comme candidat de la coalition Benno Bokk Yaakaar. [&hellip;]","og_url":"https:\/\/www.nettali.com\/2023\/09\/16\/choix-de-amadou-ba-abdoulaye-daouda-diallo-brise-le-silence-ce-samedi\/","og_site_name":"Nettali.com","article_publisher":"https:\/\/www.facebook.com\/nettalicom","article_published_time":"2023-09-16T08:54:45+00:00","og_image":[{"width":606,"height":428,"url":"https:\/\/www.nettali.com\/wp-content\/uploads\/2023\/04\/macky-abdoulaye-daouda-diallo.jpeg","type":"image\/jpeg"}],"twitter_card":"summary_large_image","twitter_misc":{"\u00c9crit par":"Daouda","Dur\u00e9e de lecture estim\u00e9e":"1 minute"},"schema":{"@context":"https:\/\/schema.org","@graph":[{"@type":"WebSite","@id":"https:\/\/www.nettali.com\/#website","url":"https:\/\/www.nettali.com\/","name":"Nettali.com","description":"Le rendez-vous critique du Net","potentialAction":[{"@type":"SearchAction","target":{"@type":"EntryPoint","urlTemplate":"https:\/\/www.nettali.com\/?s={search_term_string}"},"query-input":"required name=search_term_string"}],"inLanguage":"fr-FR"},{"@type":"ImageObject","@id":"https:\/\/www.nettali.com\/2023\/09\/16\/choix-de-amadou-ba-abdoulaye-daouda-diallo-brise-le-silence-ce-samedi\/#primaryimage","inLanguage":"fr-FR","url":"https:\/\/www.nettali.com\/wp-content\/uploads\/2023\/04\/macky-abdoulaye-daouda-diallo.jpeg","contentUrl":"https:\/\/www.nettali.com\/wp-content\/uploads\/2023\/04\/macky-abdoulaye-daouda-diallo.jpeg","width":606,"height":428},{"@type":"WebPage","@id":"https:\/\/www.nettali.com\/2023\/09\/16\/choix-de-amadou-ba-abdoulaye-daouda-diallo-brise-le-silence-ce-samedi\/#webpage","url":"https:\/\/www.nettali.com\/2023\/09\/16\/choix-de-amadou-ba-abdoulaye-daouda-diallo-brise-le-silence-ce-samedi\/","name":"CHOIX DE AMADOU BA - Abdoulaye Daouda Diallo brise le silence ce samedi | Nettali.com","isPartOf":{"@id":"https:\/\/www.nettali.com\/#website"},"primaryImageOfPage":{"@id":"https:\/\/www.nettali.com\/2023\/09\/16\/choix-de-amadou-ba-abdoulaye-daouda-diallo-brise-le-silence-ce-samedi\/#primaryimage"},"datePublished":"2023-09-16T08:54:45+00:00","dateModified":"2023-09-16T08:54:45+00:00","author":{"@id":"https:\/\/www.nettali.com\/#\/schema\/person\/3317e0bb3aa1da309fbf7b2780901bf4"},"breadcrumb":{"@id":"https:\/\/www.nettali.com\/2023\/09\/16\/choix-de-amadou-ba-abdoulaye-daouda-diallo-brise-le-silence-ce-samedi\/#breadcrumb"},"inLanguage":"fr-FR","potentialAction":[{"@type":"ReadAction","target":["https:\/\/www.nettali.com\/2023\/09\/16\/choix-de-amadou-ba-abdoulaye-daouda-diallo-brise-le-silence-ce-samedi\/"]}]},{"@type":"BreadcrumbList","@id":"https:\/\/www.nettali.com\/2023\/09\/16\/choix-de-amadou-ba-abdoulaye-daouda-diallo-brise-le-silence-ce-samedi\/#breadcrumb","itemListElement":[{"@type":"ListItem","position":1,"name":"Accueil","item":"https:\/\/www.nettali.com\/"},{"@type":"ListItem","position":2,"name":"CHOIX DE AMADOU BA - Abdoulaye Daouda Diallo brise le silence ce samedi"}]},{"@type":"Person","@id":"https:\/\/www.nettali.com\/#\/schema\/person\/3317e0bb3aa1da309fbf7b2780901bf4","name":"Daouda","image":{"@type":"ImageObject","@id":"https:\/\/www.nettali.com\/#personlogo","inLanguage":"fr-FR","url":"https:\/\/secure.gravatar.com\/avatar\/8d143b5a49345098ddcfee1c49c2f47c?s=96&d=mm&r=g","contentUrl":"https:\/\/secure.gravatar.com\/avatar\/8d143b5a49345098ddcfee1c49c2f47c?s=96&d=mm&r=g","caption":"Daouda"},"sameAs":["https:\/\/www.nettali.com"]}]}},"_links":{"self":[{"href":"https:\/\/www.nettali.com\/rest\/wp\/v2\/posts\/118309"}],"collection":[{"href":"https:\/\/www.nettali.com\/rest\/wp\/v2\/posts"}],"about":[{"href":"https:\/\/www.nettali.com\/rest\/wp\/v2\/types\/post"}],"author":[{"embeddable":true,"href":"https:\/\/www.nettali.com\/rest\/wp\/v2\/users\/4"}],"replies":[{"embeddable":true,"href":"https:\/\/www.nettali.com\/rest\/wp\/v2\/comments?post=118309"}],"version-history":[{"count":1,"href":"https:\/\/www.nettali.com\/rest\/wp\/v2\/posts\/118309\/revisions"}],"predecessor-version":[{"id":118313,"href":"https:\/\/www.nettali.com\/rest\/wp\/v2\/posts\/118309\/revisions\/118313"}],"wp:featuredmedia":[{"embeddable":true,"href":"https:\/\/www.nettali.com\/rest\/wp\/v2\/media\/108597"}],"wp:attachment":[{"href":"https:\/\/www.nettali.com\/rest\/wp\/v2\/media?parent=118309"}],"wp:term":[{"taxonomy":"category","embeddable":true,"href":"https:\/\/www.nettali.com\/rest\/wp\/v2\/categories?post=118309"},{"taxonomy":"post_tag","embeddable":true,"href":"https:\/\/www.nettali.com\/rest\/wp\/v2\/tags?post=118309"}],"curies":[{"name":"wp","href":"https:\/\/api.w.org\/{rel}","templated":true}]}}