{"id":118305,"date":"2023-09-16T08:32:33","date_gmt":"2023-09-16T08:32:33","guid":{"rendered":"https:\/\/www.nettali.com\/?p=118305"},"modified":"2023-09-17T18:57:15","modified_gmt":"2023-09-17T18:57:15","slug":"affaire-juan-branco-le-proprietaire-de-lhotel-du-lac-envoye-en-prison","status":"publish","type":"post","link":"https:\/\/www.nettali.com\/2023\/09\/16\/affaire-juan-branco-le-proprietaire-de-lhotel-du-lac-envoye-en-prison\/","title":{"rendered":"AFFAIRE JUAN BRANCO \u2013 Le propri\u00e9taire de \u00abL\u2019h\u00f4tel du lac\u00bb envoy\u00e9 en prison"},"content":{"rendered":"<p><strong>NETTALI.COM - Les arrestations se poursuivent dans l\u2019affaire Juan Branco. La traque des personnes qui lui ont apport\u00e9 aide et assistance se poursuivent. Apr\u00e8s le maire de Sangalkam et son fr\u00e8re, c\u2019est au tour du propri\u00e9taire de l\u2019h\u00f4tel du lac d\u2019\u00eatre inculp\u00e9 et plac\u00e9 sous mandat de d\u00e9p\u00f4t.<\/strong><\/p>\n<p>Apr\u00e8s le maire de Sangalkam, Pape Sow, et son fr\u00e8re, c\u2019est au tour de Pape Nguirane Ba alias Vieux Ba d\u2019\u00eatre envoy\u00e9 en prison pour une suppos\u00e9e complicit\u00e9 avec l\u2019avocat fran\u00e7ais. Propri\u00e9taire de \u00abL\u2019h\u00f4tel du lac\u00bb, le mis en cause a \u00e9t\u00e9 plac\u00e9 sous mandat de d\u00e9p\u00f4t par le juge du deuxi\u00e8me cabinet. Le magistrat instructeur a ainsi suivi le r\u00e9quisitoire du procureur en visant l\u2019association de malfaiteurs, la complicit\u00e9 de recel de malfaiteur et les actes et man\u0153uvres de nature \u00e0 compromettre la s\u00e9curit\u00e9 publique. Vieux Ba \u00a0est accus\u00e9 d\u2019avoir h\u00e9berg\u00e9 Juan Branco durant son s\u00e9jour controvers\u00e9 au S\u00e9n\u00e9gal.<\/p>\n<p>Pape Nguirane Ba a ni\u00e9 avoir aid\u00e9 l\u2019avocat fran\u00e7ais, soutenant qu\u2019il ne savait pas que ce dernier a s\u00e9journ\u00e9 cinq jours dans son h\u00f4tel. Ce qui ne l\u2019a pas sauv\u00e9 de la prison.<\/p>\n<p>&nbsp;<\/p>\n<p>&nbsp;<\/p>\n<div class='share-to-whatsapp-wrapper'><div class='share-on-whsp'>PARTAGER SUR : <\/div><a data-text='AFFAIRE JUAN BRANCO \u2013 Le propri\u00e9taire de \u00abL\u2019h\u00f4tel du lac\u00bb envoy\u00e9 en prison' data-link='https:\/\/www.nettali.com\/2023\/09\/16\/affaire-juan-branco-le-proprietaire-de-lhotel-du-lac-envoye-en-prison\/' class='whatsapp-button whatsapp-share'>WhatsApp<\/a><div class='clear '><\/div><\/div>","protected":false},"excerpt":{"rendered":"<p>NETTALI.COM - Les arrestations se poursuivent dans l\u2019affaire Juan Branco. La traque des personnes qui lui ont apport\u00e9 aide et assistance se poursuivent. Apr\u00e8s le maire de Sangalkam et son fr\u00e8re, c\u2019est au tour du propri\u00e9taire de l\u2019h\u00f4tel du lac d\u2019\u00eatre inculp\u00e9 et plac\u00e9 sous mandat de d\u00e9p\u00f4t. Apr\u00e8s le maire de Sangalkam, Pape Sow, [&hellip;]<\/p>\n","protected":false},"author":4,"featured_media":112506,"comment_status":"open","ping_status":"open","sticky":false,"template":"","format":"standard","meta":{"_et_pb_use_builder":"","_et_pb_old_content":""},"categories":[3],"tags":[],"yoast_head":"<!-- This site is optimized with the Yoast SEO Premium plugin v17.8 (Yoast SEO v17.8) - https:\/\/yoast.com\/wordpress\/plugins\/seo\/ -->\n<title>AFFAIRE JUAN BRANCO \u2013 Le propri\u00e9taire de \u00abL\u2019h\u00f4tel du lac\u00bb envoy\u00e9 en prison | Nettali.com<\/title>\n<meta name=\"robots\" content=\"index, follow, max-snippet:-1, max-image-preview:large, max-video-preview:-1\" \/>\n<link rel=\"canonical\" href=\"https:\/\/www.nettali.com\/2023\/09\/16\/affaire-juan-branco-le-proprietaire-de-lhotel-du-lac-envoye-en-prison\/\" \/>\n<meta property=\"og:locale\" content=\"fr_FR\" \/>\n<meta property=\"og:type\" content=\"article\" \/>\n<meta property=\"og:title\" content=\"AFFAIRE JUAN BRANCO \u2013 Le propri\u00e9taire de \u00abL\u2019h\u00f4tel du lac\u00bb envoy\u00e9 en prison\" \/>\n<meta property=\"og:description\" content=\"NETTALI.COM - Les arrestations se poursuivent dans l\u2019affaire Juan Branco. La traque des personnes qui lui ont apport\u00e9 aide et assistance se poursuivent. Apr\u00e8s le maire de Sangalkam et son fr\u00e8re, c\u2019est au tour du propri\u00e9taire de l\u2019h\u00f4tel du lac d\u2019\u00eatre inculp\u00e9 et plac\u00e9 sous mandat de d\u00e9p\u00f4t. Apr\u00e8s le maire de Sangalkam, Pape Sow, [&hellip;]\" \/>\n<meta property=\"og:url\" content=\"https:\/\/www.nettali.com\/2023\/09\/16\/affaire-juan-branco-le-proprietaire-de-lhotel-du-lac-envoye-en-prison\/\" \/>\n<meta property=\"og:site_name\" content=\"Nettali.com\" \/>\n<meta property=\"article:publisher\" content=\"https:\/\/www.facebook.com\/nettalicom\" \/>\n<meta property=\"article:published_time\" content=\"2023-09-16T08:32:33+00:00\" \/>\n<meta property=\"article:modified_time\" content=\"2023-09-17T18:57:15+00:00\" \/>\n<meta property=\"og:image\" content=\"https:\/\/www.nettali.com\/wp-content\/uploads\/2023\/06\/Juan_Branco_portrait-998x1024.png\" \/>\n\t<meta property=\"og:image:width\" content=\"998\" \/>\n\t<meta property=\"og:image:height\" content=\"1024\" \/>\n<meta name=\"twitter:card\" content=\"summary_large_image\" \/>\n<meta name=\"twitter:label1\" content=\"\u00c9crit par\" \/>\n\t<meta name=\"twitter:data1\" content=\"Daouda\" \/>\n\t<meta name=\"twitter:label2\" content=\"Dur\u00e9e de lecture estim\u00e9e\" \/>\n\t<meta name=\"twitter:data2\" content=\"1 minute\" \/>\n<script type=\"application\/ld+json\" class=\"yoast-schema-graph\">{\"@context\":\"https:\/\/schema.org\",\"@graph\":[{\"@type\":\"WebSite\",\"@id\":\"https:\/\/www.nettali.com\/#website\",\"url\":\"https:\/\/www.nettali.com\/\",\"name\":\"Nettali.com\",\"description\":\"Le rendez-vous critique du Net\",\"potentialAction\":[{\"@type\":\"SearchAction\",\"target\":{\"@type\":\"EntryPoint\",\"urlTemplate\":\"https:\/\/www.nettali.com\/?s={search_term_string}\"},\"query-input\":\"required name=search_term_string\"}],\"inLanguage\":\"fr-FR\"},{\"@type\":\"ImageObject\",\"@id\":\"https:\/\/www.nettali.com\/2023\/09\/16\/affaire-juan-branco-le-proprietaire-de-lhotel-du-lac-envoye-en-prison\/#primaryimage\",\"inLanguage\":\"fr-FR\",\"url\":\"https:\/\/www.nettali.com\/wp-content\/uploads\/2023\/06\/Juan_Branco_portrait.png\",\"contentUrl\":\"https:\/\/www.nettali.com\/wp-content\/uploads\/2023\/06\/Juan_Branco_portrait.png\",\"width\":1520,\"height\":1560},{\"@type\":\"WebPage\",\"@id\":\"https:\/\/www.nettali.com\/2023\/09\/16\/affaire-juan-branco-le-proprietaire-de-lhotel-du-lac-envoye-en-prison\/#webpage\",\"url\":\"https:\/\/www.nettali.com\/2023\/09\/16\/affaire-juan-branco-le-proprietaire-de-lhotel-du-lac-envoye-en-prison\/\",\"name\":\"AFFAIRE JUAN BRANCO \\u2013 Le propri\\u00e9taire de \\u00abL\\u2019h\\u00f4tel du lac\\u00bb envoy\\u00e9 en prison | Nettali.com\",\"isPartOf\":{\"@id\":\"https:\/\/www.nettali.com\/#website\"},\"primaryImageOfPage\":{\"@id\":\"https:\/\/www.nettali.com\/2023\/09\/16\/affaire-juan-branco-le-proprietaire-de-lhotel-du-lac-envoye-en-prison\/#primaryimage\"},\"datePublished\":\"2023-09-16T08:32:33+00:00\",\"dateModified\":\"2023-09-17T18:57:15+00:00\",\"author\":{\"@id\":\"https:\/\/www.nettali.com\/#\/schema\/person\/3317e0bb3aa1da309fbf7b2780901bf4\"},\"breadcrumb\":{\"@id\":\"https:\/\/www.nettali.com\/2023\/09\/16\/affaire-juan-branco-le-proprietaire-de-lhotel-du-lac-envoye-en-prison\/#breadcrumb\"},\"inLanguage\":\"fr-FR\",\"potentialAction\":[{\"@type\":\"ReadAction\",\"target\":[\"https:\/\/www.nettali.com\/2023\/09\/16\/affaire-juan-branco-le-proprietaire-de-lhotel-du-lac-envoye-en-prison\/\"]}]},{\"@type\":\"BreadcrumbList\",\"@id\":\"https:\/\/www.nettali.com\/2023\/09\/16\/affaire-juan-branco-le-proprietaire-de-lhotel-du-lac-envoye-en-prison\/#breadcrumb\",\"itemListElement\":[{\"@type\":\"ListItem\",\"position\":1,\"name\":\"Accueil\",\"item\":\"https:\/\/www.nettali.com\/\"},{\"@type\":\"ListItem\",\"position\":2,\"name\":\"AFFAIRE JUAN BRANCO \\u2013 Le propri\\u00e9taire de \\u00abL\\u2019h\\u00f4tel du lac\\u00bb envoy\\u00e9 en prison\"}]},{\"@type\":\"Person\",\"@id\":\"https:\/\/www.nettali.com\/#\/schema\/person\/3317e0bb3aa1da309fbf7b2780901bf4\",\"name\":\"Daouda\",\"image\":{\"@type\":\"ImageObject\",\"@id\":\"https:\/\/www.nettali.com\/#personlogo\",\"inLanguage\":\"fr-FR\",\"url\":\"https:\/\/secure.gravatar.com\/avatar\/8d143b5a49345098ddcfee1c49c2f47c?s=96&d=mm&r=g\",\"contentUrl\":\"https:\/\/secure.gravatar.com\/avatar\/8d143b5a49345098ddcfee1c49c2f47c?s=96&d=mm&r=g\",\"caption\":\"Daouda\"},\"sameAs\":[\"https:\/\/www.nettali.com\"]}]}<\/script>\n<!-- \/ Yoast SEO Premium plugin. -->","yoast_head_json":{"title":"AFFAIRE JUAN BRANCO \u2013 Le propri\u00e9taire de \u00abL\u2019h\u00f4tel du lac\u00bb envoy\u00e9 en prison | Nettali.com","robots":{"index":"index","follow":"follow","max-snippet":"max-snippet:-1","max-image-preview":"max-image-preview:large","max-video-preview":"max-video-preview:-1"},"canonical":"https:\/\/www.nettali.com\/2023\/09\/16\/affaire-juan-branco-le-proprietaire-de-lhotel-du-lac-envoye-en-prison\/","og_locale":"fr_FR","og_type":"article","og_title":"AFFAIRE JUAN BRANCO \u2013 Le propri\u00e9taire de \u00abL\u2019h\u00f4tel du lac\u00bb envoy\u00e9 en prison","og_description":"NETTALI.COM - Les arrestations se poursuivent dans l\u2019affaire Juan Branco. La traque des personnes qui lui ont apport\u00e9 aide et assistance se poursuivent. Apr\u00e8s le maire de Sangalkam et son fr\u00e8re, c\u2019est au tour du propri\u00e9taire de l\u2019h\u00f4tel du lac d\u2019\u00eatre inculp\u00e9 et plac\u00e9 sous mandat de d\u00e9p\u00f4t. Apr\u00e8s le maire de Sangalkam, Pape Sow, [&hellip;]","og_url":"https:\/\/www.nettali.com\/2023\/09\/16\/affaire-juan-branco-le-proprietaire-de-lhotel-du-lac-envoye-en-prison\/","og_site_name":"Nettali.com","article_publisher":"https:\/\/www.facebook.com\/nettalicom","article_published_time":"2023-09-16T08:32:33+00:00","article_modified_time":"2023-09-17T18:57:15+00:00","og_image":[{"width":998,"height":1024,"url":"https:\/\/www.nettali.com\/wp-content\/uploads\/2023\/06\/Juan_Branco_portrait-998x1024.png","type":"image\/png"}],"twitter_card":"summary_large_image","twitter_misc":{"\u00c9crit par":"Daouda","Dur\u00e9e de lecture estim\u00e9e":"1 minute"},"schema":{"@context":"https:\/\/schema.org","@graph":[{"@type":"WebSite","@id":"https:\/\/www.nettali.com\/#website","url":"https:\/\/www.nettali.com\/","name":"Nettali.com","description":"Le rendez-vous critique du Net","potentialAction":[{"@type":"SearchAction","target":{"@type":"EntryPoint","urlTemplate":"https:\/\/www.nettali.com\/?s={search_term_string}"},"query-input":"required name=search_term_string"}],"inLanguage":"fr-FR"},{"@type":"ImageObject","@id":"https:\/\/www.nettali.com\/2023\/09\/16\/affaire-juan-branco-le-proprietaire-de-lhotel-du-lac-envoye-en-prison\/#primaryimage","inLanguage":"fr-FR","url":"https:\/\/www.nettali.com\/wp-content\/uploads\/2023\/06\/Juan_Branco_portrait.png","contentUrl":"https:\/\/www.nettali.com\/wp-content\/uploads\/2023\/06\/Juan_Branco_portrait.png","width":1520,"height":1560},{"@type":"WebPage","@id":"https:\/\/www.nettali.com\/2023\/09\/16\/affaire-juan-branco-le-proprietaire-de-lhotel-du-lac-envoye-en-prison\/#webpage","url":"https:\/\/www.nettali.com\/2023\/09\/16\/affaire-juan-branco-le-proprietaire-de-lhotel-du-lac-envoye-en-prison\/","name":"AFFAIRE JUAN BRANCO \u2013 Le propri\u00e9taire de \u00abL\u2019h\u00f4tel du lac\u00bb envoy\u00e9 en prison | Nettali.com","isPartOf":{"@id":"https:\/\/www.nettali.com\/#website"},"primaryImageOfPage":{"@id":"https:\/\/www.nettali.com\/2023\/09\/16\/affaire-juan-branco-le-proprietaire-de-lhotel-du-lac-envoye-en-prison\/#primaryimage"},"datePublished":"2023-09-16T08:32:33+00:00","dateModified":"2023-09-17T18:57:15+00:00","author":{"@id":"https:\/\/www.nettali.com\/#\/schema\/person\/3317e0bb3aa1da309fbf7b2780901bf4"},"breadcrumb":{"@id":"https:\/\/www.nettali.com\/2023\/09\/16\/affaire-juan-branco-le-proprietaire-de-lhotel-du-lac-envoye-en-prison\/#breadcrumb"},"inLanguage":"fr-FR","potentialAction":[{"@type":"ReadAction","target":["https:\/\/www.nettali.com\/2023\/09\/16\/affaire-juan-branco-le-proprietaire-de-lhotel-du-lac-envoye-en-prison\/"]}]},{"@type":"BreadcrumbList","@id":"https:\/\/www.nettali.com\/2023\/09\/16\/affaire-juan-branco-le-proprietaire-de-lhotel-du-lac-envoye-en-prison\/#breadcrumb","itemListElement":[{"@type":"ListItem","position":1,"name":"Accueil","item":"https:\/\/www.nettali.com\/"},{"@type":"ListItem","position":2,"name":"AFFAIRE JUAN BRANCO \u2013 Le propri\u00e9taire de \u00abL\u2019h\u00f4tel du lac\u00bb envoy\u00e9 en prison"}]},{"@type":"Person","@id":"https:\/\/www.nettali.com\/#\/schema\/person\/3317e0bb3aa1da309fbf7b2780901bf4","name":"Daouda","image":{"@type":"ImageObject","@id":"https:\/\/www.nettali.com\/#personlogo","inLanguage":"fr-FR","url":"https:\/\/secure.gravatar.com\/avatar\/8d143b5a49345098ddcfee1c49c2f47c?s=96&d=mm&r=g","contentUrl":"https:\/\/secure.gravatar.com\/avatar\/8d143b5a49345098ddcfee1c49c2f47c?s=96&d=mm&r=g","caption":"Daouda"},"sameAs":["https:\/\/www.nettali.com"]}]}},"_links":{"self":[{"href":"https:\/\/www.nettali.com\/rest\/wp\/v2\/posts\/118305"}],"collection":[{"href":"https:\/\/www.nettali.com\/rest\/wp\/v2\/posts"}],"about":[{"href":"https:\/\/www.nettali.com\/rest\/wp\/v2\/types\/post"}],"author":[{"embeddable":true,"href":"https:\/\/www.nettali.com\/rest\/wp\/v2\/users\/4"}],"replies":[{"embeddable":true,"href":"https:\/\/www.nettali.com\/rest\/wp\/v2\/comments?post=118305"}],"version-history":[{"count":1,"href":"https:\/\/www.nettali.com\/rest\/wp\/v2\/posts\/118305\/revisions"}],"predecessor-version":[{"id":118306,"href":"https:\/\/www.nettali.com\/rest\/wp\/v2\/posts\/118305\/revisions\/118306"}],"wp:featuredmedia":[{"embeddable":true,"href":"https:\/\/www.nettali.com\/rest\/wp\/v2\/media\/112506"}],"wp:attachment":[{"href":"https:\/\/www.nettali.com\/rest\/wp\/v2\/media?parent=118305"}],"wp:term":[{"taxonomy":"category","embeddable":true,"href":"https:\/\/www.nettali.com\/rest\/wp\/v2\/categories?post=118305"},{"taxonomy":"post_tag","embeddable":true,"href":"https:\/\/www.nettali.com\/rest\/wp\/v2\/tags?post=118305"}],"curies":[{"name":"wp","href":"https:\/\/api.w.org\/{rel}","templated":true}]}}