{"id":118096,"date":"2023-09-13T08:05:50","date_gmt":"2023-09-13T08:05:50","guid":{"rendered":"https:\/\/www.nettali.com\/?p=118096"},"modified":"2023-09-13T08:05:50","modified_gmt":"2023-09-13T08:05:50","slug":"propos-blasphematoire-contre-lislam-une-plainte-deposee-contre-cheikh-ahmed-cisse","status":"publish","type":"post","link":"https:\/\/www.nettali.com\/2023\/09\/13\/propos-blasphematoire-contre-lislam-une-plainte-deposee-contre-cheikh-ahmed-cisse\/","title":{"rendered":"PROPOS BLASPHEMATOIRE CONTRE L'ISLAM - Une plainte d\u00e9pos\u00e9e contre Cheikh Ahmed Ciss\u00e9"},"content":{"rendered":"<p><strong>NETTALI.COM - Une plainte devant le Procureur de la R\u00e9publique a \u00e9t\u00e9 d\u00e9pos\u00e9e contre Cheikh Ahmed Ciss\u00e9 pour des propos blasph\u00e9matoires envers la religion musulmane. La plainte a \u00e9t\u00e9 d\u00e9pos\u00e9e ce mardi 12 septembre 2023 au greffe du parquet.<\/strong><\/p>\n<p>Cheikh Ahmed Ciss\u00e9 a encore d\u00e9pass\u00e9 les limites \u00e0 ne pas franchir concernant l\u2019Islam. La r\u00e9action de la Coordination des associations et mouvements islamiques du S\u00e9n\u00e9gal (Camis), sur les propos \u00ab blasph\u00e9matoires \u00bb de Ahmed Ciss\u00e9 envers la religion musulmane n\u2019a pas train\u00e9. Ladite entit\u00e9 a saisi le procureur de la R\u00e9publique pr\u00e8s le Tribunal de grande instance hors classe de Dakar d\u2019une plainte \u00e0 la date du 12 septembre 2023.<\/p>\n<p><em>\u00ab Etant consciente du r\u00f4le jou\u00e9 par la justice de notre pays dans la pr\u00e9vention des infractions \u00e0 la loi et pour le maintien de l\u2019ordre public, la Coordination compte sur la diligence du procureur de la R\u00e9publique pour l\u2019instruction de sa plainte avant que l\u2019irr\u00e9parable ne se produise \u00bb<\/em>, lit-on dans une d\u00e9claration. La Coordination manifeste sa solidarit\u00e9 \u00e0 toute la communaut\u00e9 musulmane s\u00e9n\u00e9galaise, et prie Allah de faire r\u00e9gner la paix et la stabilit\u00e9 dans ce pays.<\/p>\n<p>&nbsp;<\/p>\n<p align=\"justify\">\n<div class='share-to-whatsapp-wrapper'><div class='share-on-whsp'>PARTAGER SUR : <\/div><a data-text='PROPOS BLASPHEMATOIRE CONTRE L'ISLAM - Une plainte d\u00e9pos\u00e9e contre Cheikh Ahmed Ciss\u00e9' data-link='https:\/\/www.nettali.com\/2023\/09\/13\/propos-blasphematoire-contre-lislam-une-plainte-deposee-contre-cheikh-ahmed-cisse\/' class='whatsapp-button whatsapp-share'>WhatsApp<\/a><div class='clear '><\/div><\/div>","protected":false},"excerpt":{"rendered":"<p>NETTALI.COM - Une plainte devant le Procureur de la R\u00e9publique a \u00e9t\u00e9 d\u00e9pos\u00e9e contre Cheikh Ahmed Ciss\u00e9 pour des propos blasph\u00e9matoires envers la religion musulmane. La plainte a \u00e9t\u00e9 d\u00e9pos\u00e9e ce mardi 12 septembre 2023 au greffe du parquet. Cheikh Ahmed Ciss\u00e9 a encore d\u00e9pass\u00e9 les limites \u00e0 ne pas franchir concernant l\u2019Islam. La r\u00e9action [&hellip;]<\/p>\n","protected":false},"author":4,"featured_media":118097,"comment_status":"open","ping_status":"open","sticky":false,"template":"","format":"standard","meta":{"_et_pb_use_builder":"","_et_pb_old_content":""},"categories":[3],"tags":[],"yoast_head":"<!-- This site is optimized with the Yoast SEO Premium plugin v17.8 (Yoast SEO v17.8) - https:\/\/yoast.com\/wordpress\/plugins\/seo\/ -->\n<title>PROPOS BLASPHEMATOIRE CONTRE L&#039;ISLAM - Une plainte d\u00e9pos\u00e9e contre Cheikh Ahmed Ciss\u00e9 | Nettali.com<\/title>\n<meta name=\"robots\" content=\"index, follow, max-snippet:-1, max-image-preview:large, max-video-preview:-1\" \/>\n<link rel=\"canonical\" href=\"https:\/\/www.nettali.com\/2023\/09\/13\/propos-blasphematoire-contre-lislam-une-plainte-deposee-contre-cheikh-ahmed-cisse\/\" \/>\n<meta property=\"og:locale\" content=\"fr_FR\" \/>\n<meta property=\"og:type\" content=\"article\" \/>\n<meta property=\"og:title\" content=\"PROPOS BLASPHEMATOIRE CONTRE L&#039;ISLAM - Une plainte d\u00e9pos\u00e9e contre Cheikh Ahmed Ciss\u00e9\" \/>\n<meta property=\"og:description\" content=\"NETTALI.COM - Une plainte devant le Procureur de la R\u00e9publique a \u00e9t\u00e9 d\u00e9pos\u00e9e contre Cheikh Ahmed Ciss\u00e9 pour des propos blasph\u00e9matoires envers la religion musulmane. La plainte a \u00e9t\u00e9 d\u00e9pos\u00e9e ce mardi 12 septembre 2023 au greffe du parquet. Cheikh Ahmed Ciss\u00e9 a encore d\u00e9pass\u00e9 les limites \u00e0 ne pas franchir concernant l\u2019Islam. La r\u00e9action [&hellip;]\" \/>\n<meta property=\"og:url\" content=\"https:\/\/www.nettali.com\/2023\/09\/13\/propos-blasphematoire-contre-lislam-une-plainte-deposee-contre-cheikh-ahmed-cisse\/\" \/>\n<meta property=\"og:site_name\" content=\"Nettali.com\" \/>\n<meta property=\"article:publisher\" content=\"https:\/\/www.facebook.com\/nettalicom\" \/>\n<meta property=\"article:published_time\" content=\"2023-09-13T08:05:50+00:00\" \/>\n<meta property=\"og:image\" content=\"https:\/\/www.nettali.com\/wp-content\/uploads\/2023\/09\/cheikh-ahmed-cisse.jpeg\" \/>\n\t<meta property=\"og:image:width\" content=\"612\" \/>\n\t<meta property=\"og:image:height\" content=\"298\" \/>\n<meta name=\"twitter:card\" content=\"summary_large_image\" \/>\n<meta name=\"twitter:label1\" content=\"\u00c9crit par\" \/>\n\t<meta name=\"twitter:data1\" content=\"Daouda\" \/>\n\t<meta name=\"twitter:label2\" content=\"Dur\u00e9e de lecture estim\u00e9e\" \/>\n\t<meta name=\"twitter:data2\" content=\"1 minute\" \/>\n<script type=\"application\/ld+json\" class=\"yoast-schema-graph\">{\"@context\":\"https:\/\/schema.org\",\"@graph\":[{\"@type\":\"WebSite\",\"@id\":\"https:\/\/www.nettali.com\/#website\",\"url\":\"https:\/\/www.nettali.com\/\",\"name\":\"Nettali.com\",\"description\":\"Le rendez-vous critique du Net\",\"potentialAction\":[{\"@type\":\"SearchAction\",\"target\":{\"@type\":\"EntryPoint\",\"urlTemplate\":\"https:\/\/www.nettali.com\/?s={search_term_string}\"},\"query-input\":\"required name=search_term_string\"}],\"inLanguage\":\"fr-FR\"},{\"@type\":\"ImageObject\",\"@id\":\"https:\/\/www.nettali.com\/2023\/09\/13\/propos-blasphematoire-contre-lislam-une-plainte-deposee-contre-cheikh-ahmed-cisse\/#primaryimage\",\"inLanguage\":\"fr-FR\",\"url\":\"https:\/\/www.nettali.com\/wp-content\/uploads\/2023\/09\/cheikh-ahmed-cisse.jpeg\",\"contentUrl\":\"https:\/\/www.nettali.com\/wp-content\/uploads\/2023\/09\/cheikh-ahmed-cisse.jpeg\",\"width\":612,\"height\":298},{\"@type\":\"WebPage\",\"@id\":\"https:\/\/www.nettali.com\/2023\/09\/13\/propos-blasphematoire-contre-lislam-une-plainte-deposee-contre-cheikh-ahmed-cisse\/#webpage\",\"url\":\"https:\/\/www.nettali.com\/2023\/09\/13\/propos-blasphematoire-contre-lislam-une-plainte-deposee-contre-cheikh-ahmed-cisse\/\",\"name\":\"PROPOS BLASPHEMATOIRE CONTRE L'ISLAM - Une plainte d\\u00e9pos\\u00e9e contre Cheikh Ahmed Ciss\\u00e9 | Nettali.com\",\"isPartOf\":{\"@id\":\"https:\/\/www.nettali.com\/#website\"},\"primaryImageOfPage\":{\"@id\":\"https:\/\/www.nettali.com\/2023\/09\/13\/propos-blasphematoire-contre-lislam-une-plainte-deposee-contre-cheikh-ahmed-cisse\/#primaryimage\"},\"datePublished\":\"2023-09-13T08:05:50+00:00\",\"dateModified\":\"2023-09-13T08:05:50+00:00\",\"author\":{\"@id\":\"https:\/\/www.nettali.com\/#\/schema\/person\/3317e0bb3aa1da309fbf7b2780901bf4\"},\"breadcrumb\":{\"@id\":\"https:\/\/www.nettali.com\/2023\/09\/13\/propos-blasphematoire-contre-lislam-une-plainte-deposee-contre-cheikh-ahmed-cisse\/#breadcrumb\"},\"inLanguage\":\"fr-FR\",\"potentialAction\":[{\"@type\":\"ReadAction\",\"target\":[\"https:\/\/www.nettali.com\/2023\/09\/13\/propos-blasphematoire-contre-lislam-une-plainte-deposee-contre-cheikh-ahmed-cisse\/\"]}]},{\"@type\":\"BreadcrumbList\",\"@id\":\"https:\/\/www.nettali.com\/2023\/09\/13\/propos-blasphematoire-contre-lislam-une-plainte-deposee-contre-cheikh-ahmed-cisse\/#breadcrumb\",\"itemListElement\":[{\"@type\":\"ListItem\",\"position\":1,\"name\":\"Accueil\",\"item\":\"https:\/\/www.nettali.com\/\"},{\"@type\":\"ListItem\",\"position\":2,\"name\":\"PROPOS BLASPHEMATOIRE CONTRE L'ISLAM - Une plainte d\\u00e9pos\\u00e9e contre Cheikh Ahmed Ciss\\u00e9\"}]},{\"@type\":\"Person\",\"@id\":\"https:\/\/www.nettali.com\/#\/schema\/person\/3317e0bb3aa1da309fbf7b2780901bf4\",\"name\":\"Daouda\",\"image\":{\"@type\":\"ImageObject\",\"@id\":\"https:\/\/www.nettali.com\/#personlogo\",\"inLanguage\":\"fr-FR\",\"url\":\"https:\/\/secure.gravatar.com\/avatar\/8d143b5a49345098ddcfee1c49c2f47c?s=96&d=mm&r=g\",\"contentUrl\":\"https:\/\/secure.gravatar.com\/avatar\/8d143b5a49345098ddcfee1c49c2f47c?s=96&d=mm&r=g\",\"caption\":\"Daouda\"},\"sameAs\":[\"https:\/\/www.nettali.com\"]}]}<\/script>\n<!-- \/ Yoast SEO Premium plugin. -->","yoast_head_json":{"title":"PROPOS BLASPHEMATOIRE CONTRE L'ISLAM - Une plainte d\u00e9pos\u00e9e contre Cheikh Ahmed Ciss\u00e9 | Nettali.com","robots":{"index":"index","follow":"follow","max-snippet":"max-snippet:-1","max-image-preview":"max-image-preview:large","max-video-preview":"max-video-preview:-1"},"canonical":"https:\/\/www.nettali.com\/2023\/09\/13\/propos-blasphematoire-contre-lislam-une-plainte-deposee-contre-cheikh-ahmed-cisse\/","og_locale":"fr_FR","og_type":"article","og_title":"PROPOS BLASPHEMATOIRE CONTRE L'ISLAM - Une plainte d\u00e9pos\u00e9e contre Cheikh Ahmed Ciss\u00e9","og_description":"NETTALI.COM - Une plainte devant le Procureur de la R\u00e9publique a \u00e9t\u00e9 d\u00e9pos\u00e9e contre Cheikh Ahmed Ciss\u00e9 pour des propos blasph\u00e9matoires envers la religion musulmane. La plainte a \u00e9t\u00e9 d\u00e9pos\u00e9e ce mardi 12 septembre 2023 au greffe du parquet. Cheikh Ahmed Ciss\u00e9 a encore d\u00e9pass\u00e9 les limites \u00e0 ne pas franchir concernant l\u2019Islam. La r\u00e9action [&hellip;]","og_url":"https:\/\/www.nettali.com\/2023\/09\/13\/propos-blasphematoire-contre-lislam-une-plainte-deposee-contre-cheikh-ahmed-cisse\/","og_site_name":"Nettali.com","article_publisher":"https:\/\/www.facebook.com\/nettalicom","article_published_time":"2023-09-13T08:05:50+00:00","og_image":[{"width":612,"height":298,"url":"https:\/\/www.nettali.com\/wp-content\/uploads\/2023\/09\/cheikh-ahmed-cisse.jpeg","type":"image\/jpeg"}],"twitter_card":"summary_large_image","twitter_misc":{"\u00c9crit par":"Daouda","Dur\u00e9e de lecture estim\u00e9e":"1 minute"},"schema":{"@context":"https:\/\/schema.org","@graph":[{"@type":"WebSite","@id":"https:\/\/www.nettali.com\/#website","url":"https:\/\/www.nettali.com\/","name":"Nettali.com","description":"Le rendez-vous critique du Net","potentialAction":[{"@type":"SearchAction","target":{"@type":"EntryPoint","urlTemplate":"https:\/\/www.nettali.com\/?s={search_term_string}"},"query-input":"required name=search_term_string"}],"inLanguage":"fr-FR"},{"@type":"ImageObject","@id":"https:\/\/www.nettali.com\/2023\/09\/13\/propos-blasphematoire-contre-lislam-une-plainte-deposee-contre-cheikh-ahmed-cisse\/#primaryimage","inLanguage":"fr-FR","url":"https:\/\/www.nettali.com\/wp-content\/uploads\/2023\/09\/cheikh-ahmed-cisse.jpeg","contentUrl":"https:\/\/www.nettali.com\/wp-content\/uploads\/2023\/09\/cheikh-ahmed-cisse.jpeg","width":612,"height":298},{"@type":"WebPage","@id":"https:\/\/www.nettali.com\/2023\/09\/13\/propos-blasphematoire-contre-lislam-une-plainte-deposee-contre-cheikh-ahmed-cisse\/#webpage","url":"https:\/\/www.nettali.com\/2023\/09\/13\/propos-blasphematoire-contre-lislam-une-plainte-deposee-contre-cheikh-ahmed-cisse\/","name":"PROPOS BLASPHEMATOIRE CONTRE L'ISLAM - Une plainte d\u00e9pos\u00e9e contre Cheikh Ahmed Ciss\u00e9 | Nettali.com","isPartOf":{"@id":"https:\/\/www.nettali.com\/#website"},"primaryImageOfPage":{"@id":"https:\/\/www.nettali.com\/2023\/09\/13\/propos-blasphematoire-contre-lislam-une-plainte-deposee-contre-cheikh-ahmed-cisse\/#primaryimage"},"datePublished":"2023-09-13T08:05:50+00:00","dateModified":"2023-09-13T08:05:50+00:00","author":{"@id":"https:\/\/www.nettali.com\/#\/schema\/person\/3317e0bb3aa1da309fbf7b2780901bf4"},"breadcrumb":{"@id":"https:\/\/www.nettali.com\/2023\/09\/13\/propos-blasphematoire-contre-lislam-une-plainte-deposee-contre-cheikh-ahmed-cisse\/#breadcrumb"},"inLanguage":"fr-FR","potentialAction":[{"@type":"ReadAction","target":["https:\/\/www.nettali.com\/2023\/09\/13\/propos-blasphematoire-contre-lislam-une-plainte-deposee-contre-cheikh-ahmed-cisse\/"]}]},{"@type":"BreadcrumbList","@id":"https:\/\/www.nettali.com\/2023\/09\/13\/propos-blasphematoire-contre-lislam-une-plainte-deposee-contre-cheikh-ahmed-cisse\/#breadcrumb","itemListElement":[{"@type":"ListItem","position":1,"name":"Accueil","item":"https:\/\/www.nettali.com\/"},{"@type":"ListItem","position":2,"name":"PROPOS BLASPHEMATOIRE CONTRE L'ISLAM - Une plainte d\u00e9pos\u00e9e contre Cheikh Ahmed Ciss\u00e9"}]},{"@type":"Person","@id":"https:\/\/www.nettali.com\/#\/schema\/person\/3317e0bb3aa1da309fbf7b2780901bf4","name":"Daouda","image":{"@type":"ImageObject","@id":"https:\/\/www.nettali.com\/#personlogo","inLanguage":"fr-FR","url":"https:\/\/secure.gravatar.com\/avatar\/8d143b5a49345098ddcfee1c49c2f47c?s=96&d=mm&r=g","contentUrl":"https:\/\/secure.gravatar.com\/avatar\/8d143b5a49345098ddcfee1c49c2f47c?s=96&d=mm&r=g","caption":"Daouda"},"sameAs":["https:\/\/www.nettali.com"]}]}},"_links":{"self":[{"href":"https:\/\/www.nettali.com\/rest\/wp\/v2\/posts\/118096"}],"collection":[{"href":"https:\/\/www.nettali.com\/rest\/wp\/v2\/posts"}],"about":[{"href":"https:\/\/www.nettali.com\/rest\/wp\/v2\/types\/post"}],"author":[{"embeddable":true,"href":"https:\/\/www.nettali.com\/rest\/wp\/v2\/users\/4"}],"replies":[{"embeddable":true,"href":"https:\/\/www.nettali.com\/rest\/wp\/v2\/comments?post=118096"}],"version-history":[{"count":1,"href":"https:\/\/www.nettali.com\/rest\/wp\/v2\/posts\/118096\/revisions"}],"predecessor-version":[{"id":118098,"href":"https:\/\/www.nettali.com\/rest\/wp\/v2\/posts\/118096\/revisions\/118098"}],"wp:featuredmedia":[{"embeddable":true,"href":"https:\/\/www.nettali.com\/rest\/wp\/v2\/media\/118097"}],"wp:attachment":[{"href":"https:\/\/www.nettali.com\/rest\/wp\/v2\/media?parent=118096"}],"wp:term":[{"taxonomy":"category","embeddable":true,"href":"https:\/\/www.nettali.com\/rest\/wp\/v2\/categories?post=118096"},{"taxonomy":"post_tag","embeddable":true,"href":"https:\/\/www.nettali.com\/rest\/wp\/v2\/tags?post=118096"}],"curies":[{"name":"wp","href":"https:\/\/api.w.org\/{rel}","templated":true}]}}