{"id":118080,"date":"2023-09-12T21:32:34","date_gmt":"2023-09-12T21:32:34","guid":{"rendered":"https:\/\/www.nettali.com\/?p=118080"},"modified":"2023-09-12T23:41:04","modified_gmt":"2023-09-12T23:41:04","slug":"en-visite-a-khossanto-antoine-felix-diome-tente-de-rassurer-les-populations","status":"publish","type":"post","link":"https:\/\/www.nettali.com\/2023\/09\/12\/en-visite-a-khossanto-antoine-felix-diome-tente-de-rassurer-les-populations\/","title":{"rendered":"EN VISITE \u00c0 KHOSSANTO - Antoine F\u00e9lix Diome tente de rassurer les populations"},"content":{"rendered":"<p><strong>NETTALI.COM- Le ministre de l\u2019Int\u00e9rieur a pr\u00e9sid\u00e9 ce mardi 12 septembre 2023, une r\u00e9union avec l\u2019ensemble des \u00e9lus locaux de la commune de Khossanto suites aux violentes manifestations qui ont \u00e9clat\u00e9 dans la ville entre populations et forces de l\u2019ordre. Antoine F\u00e9lix Diome a tenu \u00e0 rassurer l\u2019ensemble des parties prenantes de la bonne issue de la r\u00e9union non sans rassurer que le suivi sera assur\u00e9 par le Gouverneur de r\u00e9gion.<\/strong><\/p>\n<p>Des \u00e9v\u00e9nements tragiques ont eu lieu, ce lundi, \u00e0 Khossanto, une commune du d\u00e9partement de Saraya, r\u00e9gion de K\u00e9dougou. Des affrontements ont \u00e9clat\u00e9 entre forces de l'ordre et populations qui protestent contre la modification de l\u2019arr\u00eat\u00e9 du pr\u00e9fet du d\u00e9partement de Saraya sur le recrutement de la main-d'\u0153uvre locale non qualifi\u00e9e. Le ministre de l\u2019Int\u00e9rieur avec ses ministres Oumar Sarr et Mamadou Salif Sow se sont rendus ce mardi \u00e0 Saraya pour apporter des solutions face \u00e0 cette crise. \u00ab <em>Au cours de cet exercice, nous avons tour \u00e0 tour \u00e9cout\u00e9 les repr\u00e9sentants des femmes, le repr\u00e9sentant des jeunes, le pr\u00e9sident du conseil d\u00e9partemental qui a parl\u00e9 au nom de ses coll\u00e8gues mais aussi le repr\u00e9sentant des maires ainsi que les repr\u00e9sentants des soci\u00e9t\u00e9s mini\u00e8res et les pr\u00e9sidents des commissions de recrutements. J\u2019ai imm\u00e9diatement donn\u00e9 instruction au gouverneur de prendre en charge l\u2019ensemble des questions qui ont \u00e9t\u00e9 \u00e9voqu\u00e9es pour qu\u2019avec les acteurs concern\u00e9s dans une d\u00e9marche inclusive que des solutions soient trouv\u00e9es<\/em> \u00bb a d\u2019embl\u00e9e soutenu Antoine Felix Diome.<\/p>\n<p>Ainsi soutient le premier policier de l\u2019\u00c9tat qu\u2019il y a eu un malentendu sur le contenu ou sur la d\u00e9marche ayant abouti \u00e0 un acte administratif. Toutefois tente-t-il de rassurer : \u00ab <em>nous avons tenu une tr\u00e8s bonne r\u00e9union, tr\u00e8s pragmatique ou le suivi sera assur\u00e9 par le gouverneur de r\u00e9gion<\/em> \u00bb. Non sans rappeler aux \u00e9lus locaux que les autorit\u00e9s administratives sont au niveau des diff\u00e9rents \u00e9chelons de l\u2019\u00c9tat, au service des populations. En ce sens, il invite les repr\u00e9sentations des populations en tant qu\u2019\u00e9lu \u00e9galement \u00e0 travailler avec les autorit\u00e9s \u00e9tatiques, main dans la main afin de trouver les solutions les meilleures aux diff\u00e9rentes difficult\u00e9s qui se posent \u00e0 nos concitoyens. \u00ab <em>C\u2019est donc dans cet esprit d\u2019ouverture mais surtout d\u2019humilit\u00e9 que les diff\u00e9rents participants \u00e0 cette rencontre, ont pu de fa\u00e7on franche et directe, \u00e9changer \u00e0 l\u2019effet de pouvoir poursuivre le travail sous la coordination du gouverneur de K\u00e9dougou Mme Mariama Traore. Je voudrai remercier tous les \u00e9lus, d\u00e9put\u00e9s, pr\u00e9sidents de conseils d\u00e9partemental, maires mais aussi les soci\u00e9t\u00e9s mini\u00e8res et l\u2019ensemble des services de l\u2019\u00c9tat pour leur implication et la recherche de solution \u00e0 l\u2019ensemble des difficult\u00e9s au-del\u00e0 de ce nous \u00e9voquer tout \u00e0 l\u2019heure qui se posent \u00e0 la r\u00e9gion<\/em> \u00bb dit-il.<\/p>\n<p>Dans cette lanc\u00e9e, le ministre a salu\u00e9 le r\u00f4le important des forces de d\u00e9fenses et de s\u00e9curit\u00e9 dans leur travail quotidien et ceci , dit-il, au b\u00e9n\u00e9fice de la population.<\/p>\n<p>Aussi, au maire de Khossanto qui a perdu son fr\u00e8re dans les affrontements, Antoine F\u00e9lix Diome a pr\u00e9sent\u00e9 au nom du Pr\u00e9sident et de tout le gouvernement, ses condol\u00e9ances.<\/p>\n<p>Pour rappel, deux personnes ont \u00e9t\u00e9 tu\u00e9es lors des manifestations dans la commune de Khossanto dont une dizaine de bless\u00e9s.<\/p>\n<div class='share-to-whatsapp-wrapper'><div class='share-on-whsp'>PARTAGER SUR : <\/div><a data-text='EN VISITE \u00c0 KHOSSANTO - Antoine F\u00e9lix Diome tente de rassurer les populations' data-link='https:\/\/www.nettali.com\/2023\/09\/12\/en-visite-a-khossanto-antoine-felix-diome-tente-de-rassurer-les-populations\/' class='whatsapp-button whatsapp-share'>WhatsApp<\/a><div class='clear '><\/div><\/div>","protected":false},"excerpt":{"rendered":"<p>NETTALI.COM- Le ministre de l\u2019Int\u00e9rieur a pr\u00e9sid\u00e9 ce mardi 12 septembre 2023, une r\u00e9union avec l\u2019ensemble des \u00e9lus locaux de la commune de Khossanto suites aux violentes manifestations qui ont \u00e9clat\u00e9 dans la ville entre populations et forces de l\u2019ordre. Antoine F\u00e9lix Diome a tenu \u00e0 rassurer l\u2019ensemble des parties prenantes de la bonne issue [&hellip;]<\/p>\n","protected":false},"author":6,"featured_media":117928,"comment_status":"open","ping_status":"open","sticky":false,"template":"","format":"standard","meta":{"_et_pb_use_builder":"","_et_pb_old_content":""},"categories":[3],"tags":[],"yoast_head":"<!-- This site is optimized with the Yoast SEO Premium plugin v17.8 (Yoast SEO v17.8) - https:\/\/yoast.com\/wordpress\/plugins\/seo\/ -->\n<title>EN VISITE \u00c0 KHOSSANTO - Antoine F\u00e9lix Diome tente de rassurer les populations | Nettali.com<\/title>\n<meta name=\"robots\" content=\"index, follow, max-snippet:-1, max-image-preview:large, max-video-preview:-1\" \/>\n<link rel=\"canonical\" href=\"https:\/\/www.nettali.com\/2023\/09\/12\/en-visite-a-khossanto-antoine-felix-diome-tente-de-rassurer-les-populations\/\" \/>\n<meta property=\"og:locale\" content=\"fr_FR\" \/>\n<meta property=\"og:type\" content=\"article\" \/>\n<meta property=\"og:title\" content=\"EN VISITE \u00c0 KHOSSANTO - Antoine F\u00e9lix Diome tente de rassurer les populations\" \/>\n<meta property=\"og:description\" content=\"NETTALI.COM- Le ministre de l\u2019Int\u00e9rieur a pr\u00e9sid\u00e9 ce mardi 12 septembre 2023, une r\u00e9union avec l\u2019ensemble des \u00e9lus locaux de la commune de Khossanto suites aux violentes manifestations qui ont \u00e9clat\u00e9 dans la ville entre populations et forces de l\u2019ordre. Antoine F\u00e9lix Diome a tenu \u00e0 rassurer l\u2019ensemble des parties prenantes de la bonne issue [&hellip;]\" \/>\n<meta property=\"og:url\" content=\"https:\/\/www.nettali.com\/2023\/09\/12\/en-visite-a-khossanto-antoine-felix-diome-tente-de-rassurer-les-populations\/\" \/>\n<meta property=\"og:site_name\" content=\"Nettali.com\" \/>\n<meta property=\"article:publisher\" content=\"https:\/\/www.facebook.com\/nettalicom\" \/>\n<meta property=\"article:published_time\" content=\"2023-09-12T21:32:34+00:00\" \/>\n<meta property=\"article:modified_time\" content=\"2023-09-12T23:41:04+00:00\" \/>\n<meta property=\"og:image\" content=\"https:\/\/www.nettali.com\/wp-content\/uploads\/2023\/09\/Capture-de\u0301cran-2023-09-11-a\u0300-20.17.03.png\" \/>\n\t<meta property=\"og:image:width\" content=\"910\" \/>\n\t<meta property=\"og:image:height\" content=\"340\" \/>\n<meta name=\"twitter:card\" content=\"summary_large_image\" \/>\n<meta name=\"twitter:label1\" content=\"\u00c9crit par\" \/>\n\t<meta name=\"twitter:data1\" content=\"Fatou\" \/>\n\t<meta name=\"twitter:label2\" content=\"Dur\u00e9e de lecture estim\u00e9e\" \/>\n\t<meta name=\"twitter:data2\" content=\"3 minutes\" \/>\n<script type=\"application\/ld+json\" class=\"yoast-schema-graph\">{\"@context\":\"https:\/\/schema.org\",\"@graph\":[{\"@type\":\"WebSite\",\"@id\":\"https:\/\/www.nettali.com\/#website\",\"url\":\"https:\/\/www.nettali.com\/\",\"name\":\"Nettali.com\",\"description\":\"Le rendez-vous critique du Net\",\"potentialAction\":[{\"@type\":\"SearchAction\",\"target\":{\"@type\":\"EntryPoint\",\"urlTemplate\":\"https:\/\/www.nettali.com\/?s={search_term_string}\"},\"query-input\":\"required name=search_term_string\"}],\"inLanguage\":\"fr-FR\"},{\"@type\":\"ImageObject\",\"@id\":\"https:\/\/www.nettali.com\/2023\/09\/12\/en-visite-a-khossanto-antoine-felix-diome-tente-de-rassurer-les-populations\/#primaryimage\",\"inLanguage\":\"fr-FR\",\"url\":\"https:\/\/www.nettali.com\/wp-content\/uploads\/2023\/09\/Capture-de\\u0301cran-2023-09-11-a\\u0300-20.17.03.png\",\"contentUrl\":\"https:\/\/www.nettali.com\/wp-content\/uploads\/2023\/09\/Capture-de\\u0301cran-2023-09-11-a\\u0300-20.17.03.png\",\"width\":910,\"height\":340},{\"@type\":\"WebPage\",\"@id\":\"https:\/\/www.nettali.com\/2023\/09\/12\/en-visite-a-khossanto-antoine-felix-diome-tente-de-rassurer-les-populations\/#webpage\",\"url\":\"https:\/\/www.nettali.com\/2023\/09\/12\/en-visite-a-khossanto-antoine-felix-diome-tente-de-rassurer-les-populations\/\",\"name\":\"EN VISITE \\u00c0 KHOSSANTO - Antoine F\\u00e9lix Diome tente de rassurer les populations | Nettali.com\",\"isPartOf\":{\"@id\":\"https:\/\/www.nettali.com\/#website\"},\"primaryImageOfPage\":{\"@id\":\"https:\/\/www.nettali.com\/2023\/09\/12\/en-visite-a-khossanto-antoine-felix-diome-tente-de-rassurer-les-populations\/#primaryimage\"},\"datePublished\":\"2023-09-12T21:32:34+00:00\",\"dateModified\":\"2023-09-12T23:41:04+00:00\",\"author\":{\"@id\":\"https:\/\/www.nettali.com\/#\/schema\/person\/418274a86bdf87caff7a3ef476bd0bbf\"},\"breadcrumb\":{\"@id\":\"https:\/\/www.nettali.com\/2023\/09\/12\/en-visite-a-khossanto-antoine-felix-diome-tente-de-rassurer-les-populations\/#breadcrumb\"},\"inLanguage\":\"fr-FR\",\"potentialAction\":[{\"@type\":\"ReadAction\",\"target\":[\"https:\/\/www.nettali.com\/2023\/09\/12\/en-visite-a-khossanto-antoine-felix-diome-tente-de-rassurer-les-populations\/\"]}]},{\"@type\":\"BreadcrumbList\",\"@id\":\"https:\/\/www.nettali.com\/2023\/09\/12\/en-visite-a-khossanto-antoine-felix-diome-tente-de-rassurer-les-populations\/#breadcrumb\",\"itemListElement\":[{\"@type\":\"ListItem\",\"position\":1,\"name\":\"Accueil\",\"item\":\"https:\/\/www.nettali.com\/\"},{\"@type\":\"ListItem\",\"position\":2,\"name\":\"EN VISITE \\u00c0 KHOSSANTO - Antoine F\\u00e9lix Diome tente de rassurer les populations\"}]},{\"@type\":\"Person\",\"@id\":\"https:\/\/www.nettali.com\/#\/schema\/person\/418274a86bdf87caff7a3ef476bd0bbf\",\"name\":\"Fatou\",\"image\":{\"@type\":\"ImageObject\",\"@id\":\"https:\/\/www.nettali.com\/#personlogo\",\"inLanguage\":\"fr-FR\",\"url\":\"https:\/\/secure.gravatar.com\/avatar\/5a9442a2bee7b4dcf167cab035858e9a?s=96&d=mm&r=g\",\"contentUrl\":\"https:\/\/secure.gravatar.com\/avatar\/5a9442a2bee7b4dcf167cab035858e9a?s=96&d=mm&r=g\",\"caption\":\"Fatou\"},\"sameAs\":[\"https:\/\/www.nettali.com\"]}]}<\/script>\n<!-- \/ Yoast SEO Premium plugin. -->","yoast_head_json":{"title":"EN VISITE \u00c0 KHOSSANTO - Antoine F\u00e9lix Diome tente de rassurer les populations | Nettali.com","robots":{"index":"index","follow":"follow","max-snippet":"max-snippet:-1","max-image-preview":"max-image-preview:large","max-video-preview":"max-video-preview:-1"},"canonical":"https:\/\/www.nettali.com\/2023\/09\/12\/en-visite-a-khossanto-antoine-felix-diome-tente-de-rassurer-les-populations\/","og_locale":"fr_FR","og_type":"article","og_title":"EN VISITE \u00c0 KHOSSANTO - Antoine F\u00e9lix Diome tente de rassurer les populations","og_description":"NETTALI.COM- Le ministre de l\u2019Int\u00e9rieur a pr\u00e9sid\u00e9 ce mardi 12 septembre 2023, une r\u00e9union avec l\u2019ensemble des \u00e9lus locaux de la commune de Khossanto suites aux violentes manifestations qui ont \u00e9clat\u00e9 dans la ville entre populations et forces de l\u2019ordre. Antoine F\u00e9lix Diome a tenu \u00e0 rassurer l\u2019ensemble des parties prenantes de la bonne issue [&hellip;]","og_url":"https:\/\/www.nettali.com\/2023\/09\/12\/en-visite-a-khossanto-antoine-felix-diome-tente-de-rassurer-les-populations\/","og_site_name":"Nettali.com","article_publisher":"https:\/\/www.facebook.com\/nettalicom","article_published_time":"2023-09-12T21:32:34+00:00","article_modified_time":"2023-09-12T23:41:04+00:00","og_image":[{"width":910,"height":340,"url":"https:\/\/www.nettali.com\/wp-content\/uploads\/2023\/09\/Capture-de\u0301cran-2023-09-11-a\u0300-20.17.03.png","type":"image\/png"}],"twitter_card":"summary_large_image","twitter_misc":{"\u00c9crit par":"Fatou","Dur\u00e9e de lecture estim\u00e9e":"3 minutes"},"schema":{"@context":"https:\/\/schema.org","@graph":[{"@type":"WebSite","@id":"https:\/\/www.nettali.com\/#website","url":"https:\/\/www.nettali.com\/","name":"Nettali.com","description":"Le rendez-vous critique du Net","potentialAction":[{"@type":"SearchAction","target":{"@type":"EntryPoint","urlTemplate":"https:\/\/www.nettali.com\/?s={search_term_string}"},"query-input":"required name=search_term_string"}],"inLanguage":"fr-FR"},{"@type":"ImageObject","@id":"https:\/\/www.nettali.com\/2023\/09\/12\/en-visite-a-khossanto-antoine-felix-diome-tente-de-rassurer-les-populations\/#primaryimage","inLanguage":"fr-FR","url":"https:\/\/www.nettali.com\/wp-content\/uploads\/2023\/09\/Capture-de\u0301cran-2023-09-11-a\u0300-20.17.03.png","contentUrl":"https:\/\/www.nettali.com\/wp-content\/uploads\/2023\/09\/Capture-de\u0301cran-2023-09-11-a\u0300-20.17.03.png","width":910,"height":340},{"@type":"WebPage","@id":"https:\/\/www.nettali.com\/2023\/09\/12\/en-visite-a-khossanto-antoine-felix-diome-tente-de-rassurer-les-populations\/#webpage","url":"https:\/\/www.nettali.com\/2023\/09\/12\/en-visite-a-khossanto-antoine-felix-diome-tente-de-rassurer-les-populations\/","name":"EN VISITE \u00c0 KHOSSANTO - Antoine F\u00e9lix Diome tente de rassurer les populations | Nettali.com","isPartOf":{"@id":"https:\/\/www.nettali.com\/#website"},"primaryImageOfPage":{"@id":"https:\/\/www.nettali.com\/2023\/09\/12\/en-visite-a-khossanto-antoine-felix-diome-tente-de-rassurer-les-populations\/#primaryimage"},"datePublished":"2023-09-12T21:32:34+00:00","dateModified":"2023-09-12T23:41:04+00:00","author":{"@id":"https:\/\/www.nettali.com\/#\/schema\/person\/418274a86bdf87caff7a3ef476bd0bbf"},"breadcrumb":{"@id":"https:\/\/www.nettali.com\/2023\/09\/12\/en-visite-a-khossanto-antoine-felix-diome-tente-de-rassurer-les-populations\/#breadcrumb"},"inLanguage":"fr-FR","potentialAction":[{"@type":"ReadAction","target":["https:\/\/www.nettali.com\/2023\/09\/12\/en-visite-a-khossanto-antoine-felix-diome-tente-de-rassurer-les-populations\/"]}]},{"@type":"BreadcrumbList","@id":"https:\/\/www.nettali.com\/2023\/09\/12\/en-visite-a-khossanto-antoine-felix-diome-tente-de-rassurer-les-populations\/#breadcrumb","itemListElement":[{"@type":"ListItem","position":1,"name":"Accueil","item":"https:\/\/www.nettali.com\/"},{"@type":"ListItem","position":2,"name":"EN VISITE \u00c0 KHOSSANTO - Antoine F\u00e9lix Diome tente de rassurer les populations"}]},{"@type":"Person","@id":"https:\/\/www.nettali.com\/#\/schema\/person\/418274a86bdf87caff7a3ef476bd0bbf","name":"Fatou","image":{"@type":"ImageObject","@id":"https:\/\/www.nettali.com\/#personlogo","inLanguage":"fr-FR","url":"https:\/\/secure.gravatar.com\/avatar\/5a9442a2bee7b4dcf167cab035858e9a?s=96&d=mm&r=g","contentUrl":"https:\/\/secure.gravatar.com\/avatar\/5a9442a2bee7b4dcf167cab035858e9a?s=96&d=mm&r=g","caption":"Fatou"},"sameAs":["https:\/\/www.nettali.com"]}]}},"_links":{"self":[{"href":"https:\/\/www.nettali.com\/rest\/wp\/v2\/posts\/118080"}],"collection":[{"href":"https:\/\/www.nettali.com\/rest\/wp\/v2\/posts"}],"about":[{"href":"https:\/\/www.nettali.com\/rest\/wp\/v2\/types\/post"}],"author":[{"embeddable":true,"href":"https:\/\/www.nettali.com\/rest\/wp\/v2\/users\/6"}],"replies":[{"embeddable":true,"href":"https:\/\/www.nettali.com\/rest\/wp\/v2\/comments?post=118080"}],"version-history":[{"count":2,"href":"https:\/\/www.nettali.com\/rest\/wp\/v2\/posts\/118080\/revisions"}],"predecessor-version":[{"id":118082,"href":"https:\/\/www.nettali.com\/rest\/wp\/v2\/posts\/118080\/revisions\/118082"}],"wp:featuredmedia":[{"embeddable":true,"href":"https:\/\/www.nettali.com\/rest\/wp\/v2\/media\/117928"}],"wp:attachment":[{"href":"https:\/\/www.nettali.com\/rest\/wp\/v2\/media?parent=118080"}],"wp:term":[{"taxonomy":"category","embeddable":true,"href":"https:\/\/www.nettali.com\/rest\/wp\/v2\/categories?post=118080"},{"taxonomy":"post_tag","embeddable":true,"href":"https:\/\/www.nettali.com\/rest\/wp\/v2\/tags?post=118080"}],"curies":[{"name":"wp","href":"https:\/\/api.w.org\/{rel}","templated":true}]}}