{"id":118018,"date":"2023-09-12T17:16:10","date_gmt":"2023-09-12T17:16:10","guid":{"rendered":"https:\/\/www.nettali.com\/?p=118018"},"modified":"2023-09-12T17:16:10","modified_gmt":"2023-09-12T17:16:10","slug":"mercato-marco-verratti-au-qatar","status":"publish","type":"post","link":"https:\/\/www.nettali.com\/2023\/09\/12\/mercato-marco-verratti-au-qatar\/","title":{"rendered":"MERCATO - Marco Verratti au Qatar"},"content":{"rendered":"<p><strong>NETTALI.COM - Verratti va s'engager dans ces prochaines heures avec Al-Arabi. Pas retenu par le Paris Saint-Germain, le milieu italien a livr\u00e9 ses premi\u00e8res impressions sur sa venue dans le championnat qatari.<\/strong><\/p>\n<p>Bien que sous contrat jusqu'en juin 2026, Marco Verratti ne sera bient\u00f4t plus un joueur du Paris Saint-Germain. Comme relay\u00e9 par le journaliste Fabrizio Romano, le milieu de terrain italien a d\u00e9barqu\u00e9 au Qatar afin de passer la visite m\u00e9dicale avec le club d'Al-Arabi, ce mardi 12 septembre. Si les tests s'av\u00e8rent concluants, le joueur \u00e2g\u00e9 de 30 ans s'engagera avec la formation bas\u00e9e \u00e0 Doha, pour une dur\u00e9e qui n'a pas filtr\u00e9. Pour rappel, les dirigeants franciliens se sont entendus avec leurs homologues qataris pour un transfert de 45 millions d'euros.<\/p>\n<p><strong>\"<em>J'ai h\u00e2te de commencer<\/em>\"<\/strong><\/p>\n<p>Plus dans les plans du nouvel entra\u00eeneur parisien Luis Enrique, au point de n'avoir pas disput\u00e9 la moindre minute depuis le lancement de la saison 2023-2024, le natif de Pescara a l\u00e2ch\u00e9 ses premiers mots sur son arriv\u00e9e au sein de la Qatar Stars League. Tout sourire \u00e0 l'a\u00e9roport, l'international transalpin s'est dit ravi de ce nouveau challenge exotique qui marque un tournant dans sa carri\u00e8re.<\/p>\n<p>\"<em>Je suis tr\u00e8s content. J\u2019ai h\u00e2te de commencer cette saison. J\u2019esp\u00e8re qu\u2019on va faire une grande saison<\/em>.\"<\/p>\n<div class='share-to-whatsapp-wrapper'><div class='share-on-whsp'>PARTAGER SUR : <\/div><a data-text='MERCATO - Marco Verratti au Qatar' data-link='https:\/\/www.nettali.com\/2023\/09\/12\/mercato-marco-verratti-au-qatar\/' class='whatsapp-button whatsapp-share'>WhatsApp<\/a><div class='clear '><\/div><\/div>","protected":false},"excerpt":{"rendered":"<p>NETTALI.COM - Verratti va s'engager dans ces prochaines heures avec Al-Arabi. Pas retenu par le Paris Saint-Germain, le milieu italien a livr\u00e9 ses premi\u00e8res impressions sur sa venue dans le championnat qatari. Bien que sous contrat jusqu'en juin 2026, Marco Verratti ne sera bient\u00f4t plus un joueur du Paris Saint-Germain. Comme relay\u00e9 par le journaliste [&hellip;]<\/p>\n","protected":false},"author":5,"featured_media":118019,"comment_status":"open","ping_status":"open","sticky":false,"template":"","format":"standard","meta":{"_et_pb_use_builder":"","_et_pb_old_content":""},"categories":[6],"tags":[],"yoast_head":"<!-- This site is optimized with the Yoast SEO Premium plugin v17.8 (Yoast SEO v17.8) - https:\/\/yoast.com\/wordpress\/plugins\/seo\/ -->\n<title>MERCATO - Marco Verratti au Qatar | Nettali.com<\/title>\n<meta name=\"robots\" content=\"index, follow, max-snippet:-1, max-image-preview:large, max-video-preview:-1\" \/>\n<link rel=\"canonical\" href=\"https:\/\/www.nettali.com\/2023\/09\/12\/mercato-marco-verratti-au-qatar\/\" \/>\n<meta property=\"og:locale\" content=\"fr_FR\" \/>\n<meta property=\"og:type\" content=\"article\" \/>\n<meta property=\"og:title\" content=\"MERCATO - Marco Verratti au Qatar\" \/>\n<meta property=\"og:description\" content=\"NETTALI.COM - Verratti va s&#039;engager dans ces prochaines heures avec Al-Arabi. Pas retenu par le Paris Saint-Germain, le milieu italien a livr\u00e9 ses premi\u00e8res impressions sur sa venue dans le championnat qatari. Bien que sous contrat jusqu&#039;en juin 2026, Marco Verratti ne sera bient\u00f4t plus un joueur du Paris Saint-Germain. Comme relay\u00e9 par le journaliste [&hellip;]\" \/>\n<meta property=\"og:url\" content=\"https:\/\/www.nettali.com\/2023\/09\/12\/mercato-marco-verratti-au-qatar\/\" \/>\n<meta property=\"og:site_name\" content=\"Nettali.com\" \/>\n<meta property=\"article:publisher\" content=\"https:\/\/www.facebook.com\/nettalicom\" \/>\n<meta property=\"article:published_time\" content=\"2023-09-12T17:16:10+00:00\" \/>\n<meta property=\"og:image\" content=\"https:\/\/www.nettali.com\/wp-content\/uploads\/2023\/09\/01h9n0eyrm5j1v6zk6q5.jpg\" \/>\n\t<meta property=\"og:image:width\" content=\"720\" \/>\n\t<meta property=\"og:image:height\" content=\"405\" \/>\n<meta name=\"twitter:card\" content=\"summary_large_image\" \/>\n<meta name=\"twitter:label1\" content=\"\u00c9crit par\" \/>\n\t<meta name=\"twitter:data1\" content=\"Ibrahima\" \/>\n\t<meta name=\"twitter:label2\" content=\"Dur\u00e9e de lecture estim\u00e9e\" \/>\n\t<meta name=\"twitter:data2\" content=\"2 minutes\" \/>\n<script type=\"application\/ld+json\" class=\"yoast-schema-graph\">{\"@context\":\"https:\/\/schema.org\",\"@graph\":[{\"@type\":\"WebSite\",\"@id\":\"https:\/\/www.nettali.com\/#website\",\"url\":\"https:\/\/www.nettali.com\/\",\"name\":\"Nettali.com\",\"description\":\"Le rendez-vous critique du Net\",\"potentialAction\":[{\"@type\":\"SearchAction\",\"target\":{\"@type\":\"EntryPoint\",\"urlTemplate\":\"https:\/\/www.nettali.com\/?s={search_term_string}\"},\"query-input\":\"required name=search_term_string\"}],\"inLanguage\":\"fr-FR\"},{\"@type\":\"ImageObject\",\"@id\":\"https:\/\/www.nettali.com\/2023\/09\/12\/mercato-marco-verratti-au-qatar\/#primaryimage\",\"inLanguage\":\"fr-FR\",\"url\":\"https:\/\/www.nettali.com\/wp-content\/uploads\/2023\/09\/01h9n0eyrm5j1v6zk6q5.jpg\",\"contentUrl\":\"https:\/\/www.nettali.com\/wp-content\/uploads\/2023\/09\/01h9n0eyrm5j1v6zk6q5.jpg\",\"width\":720,\"height\":405},{\"@type\":\"WebPage\",\"@id\":\"https:\/\/www.nettali.com\/2023\/09\/12\/mercato-marco-verratti-au-qatar\/#webpage\",\"url\":\"https:\/\/www.nettali.com\/2023\/09\/12\/mercato-marco-verratti-au-qatar\/\",\"name\":\"MERCATO - Marco Verratti au Qatar | Nettali.com\",\"isPartOf\":{\"@id\":\"https:\/\/www.nettali.com\/#website\"},\"primaryImageOfPage\":{\"@id\":\"https:\/\/www.nettali.com\/2023\/09\/12\/mercato-marco-verratti-au-qatar\/#primaryimage\"},\"datePublished\":\"2023-09-12T17:16:10+00:00\",\"dateModified\":\"2023-09-12T17:16:10+00:00\",\"author\":{\"@id\":\"https:\/\/www.nettali.com\/#\/schema\/person\/bb147657c2986240405a608162b9bb23\"},\"breadcrumb\":{\"@id\":\"https:\/\/www.nettali.com\/2023\/09\/12\/mercato-marco-verratti-au-qatar\/#breadcrumb\"},\"inLanguage\":\"fr-FR\",\"potentialAction\":[{\"@type\":\"ReadAction\",\"target\":[\"https:\/\/www.nettali.com\/2023\/09\/12\/mercato-marco-verratti-au-qatar\/\"]}]},{\"@type\":\"BreadcrumbList\",\"@id\":\"https:\/\/www.nettali.com\/2023\/09\/12\/mercato-marco-verratti-au-qatar\/#breadcrumb\",\"itemListElement\":[{\"@type\":\"ListItem\",\"position\":1,\"name\":\"Accueil\",\"item\":\"https:\/\/www.nettali.com\/\"},{\"@type\":\"ListItem\",\"position\":2,\"name\":\"MERCATO - Marco Verratti au Qatar\"}]},{\"@type\":\"Person\",\"@id\":\"https:\/\/www.nettali.com\/#\/schema\/person\/bb147657c2986240405a608162b9bb23\",\"name\":\"Ibrahima\",\"image\":{\"@type\":\"ImageObject\",\"@id\":\"https:\/\/www.nettali.com\/#personlogo\",\"inLanguage\":\"fr-FR\",\"url\":\"https:\/\/secure.gravatar.com\/avatar\/26a8a81f09f0dd7624c9d5c36c9ba3a2?s=96&d=mm&r=g\",\"contentUrl\":\"https:\/\/secure.gravatar.com\/avatar\/26a8a81f09f0dd7624c9d5c36c9ba3a2?s=96&d=mm&r=g\",\"caption\":\"Ibrahima\"},\"sameAs\":[\"https:\/\/www.nettali.com\"]}]}<\/script>\n<!-- \/ Yoast SEO Premium plugin. -->","yoast_head_json":{"title":"MERCATO - Marco Verratti au Qatar | Nettali.com","robots":{"index":"index","follow":"follow","max-snippet":"max-snippet:-1","max-image-preview":"max-image-preview:large","max-video-preview":"max-video-preview:-1"},"canonical":"https:\/\/www.nettali.com\/2023\/09\/12\/mercato-marco-verratti-au-qatar\/","og_locale":"fr_FR","og_type":"article","og_title":"MERCATO - Marco Verratti au Qatar","og_description":"NETTALI.COM - Verratti va s'engager dans ces prochaines heures avec Al-Arabi. Pas retenu par le Paris Saint-Germain, le milieu italien a livr\u00e9 ses premi\u00e8res impressions sur sa venue dans le championnat qatari. Bien que sous contrat jusqu'en juin 2026, Marco Verratti ne sera bient\u00f4t plus un joueur du Paris Saint-Germain. Comme relay\u00e9 par le journaliste [&hellip;]","og_url":"https:\/\/www.nettali.com\/2023\/09\/12\/mercato-marco-verratti-au-qatar\/","og_site_name":"Nettali.com","article_publisher":"https:\/\/www.facebook.com\/nettalicom","article_published_time":"2023-09-12T17:16:10+00:00","og_image":[{"width":720,"height":405,"url":"https:\/\/www.nettali.com\/wp-content\/uploads\/2023\/09\/01h9n0eyrm5j1v6zk6q5.jpg","type":"image\/jpeg"}],"twitter_card":"summary_large_image","twitter_misc":{"\u00c9crit par":"Ibrahima","Dur\u00e9e de lecture estim\u00e9e":"2 minutes"},"schema":{"@context":"https:\/\/schema.org","@graph":[{"@type":"WebSite","@id":"https:\/\/www.nettali.com\/#website","url":"https:\/\/www.nettali.com\/","name":"Nettali.com","description":"Le rendez-vous critique du Net","potentialAction":[{"@type":"SearchAction","target":{"@type":"EntryPoint","urlTemplate":"https:\/\/www.nettali.com\/?s={search_term_string}"},"query-input":"required name=search_term_string"}],"inLanguage":"fr-FR"},{"@type":"ImageObject","@id":"https:\/\/www.nettali.com\/2023\/09\/12\/mercato-marco-verratti-au-qatar\/#primaryimage","inLanguage":"fr-FR","url":"https:\/\/www.nettali.com\/wp-content\/uploads\/2023\/09\/01h9n0eyrm5j1v6zk6q5.jpg","contentUrl":"https:\/\/www.nettali.com\/wp-content\/uploads\/2023\/09\/01h9n0eyrm5j1v6zk6q5.jpg","width":720,"height":405},{"@type":"WebPage","@id":"https:\/\/www.nettali.com\/2023\/09\/12\/mercato-marco-verratti-au-qatar\/#webpage","url":"https:\/\/www.nettali.com\/2023\/09\/12\/mercato-marco-verratti-au-qatar\/","name":"MERCATO - Marco Verratti au Qatar | Nettali.com","isPartOf":{"@id":"https:\/\/www.nettali.com\/#website"},"primaryImageOfPage":{"@id":"https:\/\/www.nettali.com\/2023\/09\/12\/mercato-marco-verratti-au-qatar\/#primaryimage"},"datePublished":"2023-09-12T17:16:10+00:00","dateModified":"2023-09-12T17:16:10+00:00","author":{"@id":"https:\/\/www.nettali.com\/#\/schema\/person\/bb147657c2986240405a608162b9bb23"},"breadcrumb":{"@id":"https:\/\/www.nettali.com\/2023\/09\/12\/mercato-marco-verratti-au-qatar\/#breadcrumb"},"inLanguage":"fr-FR","potentialAction":[{"@type":"ReadAction","target":["https:\/\/www.nettali.com\/2023\/09\/12\/mercato-marco-verratti-au-qatar\/"]}]},{"@type":"BreadcrumbList","@id":"https:\/\/www.nettali.com\/2023\/09\/12\/mercato-marco-verratti-au-qatar\/#breadcrumb","itemListElement":[{"@type":"ListItem","position":1,"name":"Accueil","item":"https:\/\/www.nettali.com\/"},{"@type":"ListItem","position":2,"name":"MERCATO - Marco Verratti au Qatar"}]},{"@type":"Person","@id":"https:\/\/www.nettali.com\/#\/schema\/person\/bb147657c2986240405a608162b9bb23","name":"Ibrahima","image":{"@type":"ImageObject","@id":"https:\/\/www.nettali.com\/#personlogo","inLanguage":"fr-FR","url":"https:\/\/secure.gravatar.com\/avatar\/26a8a81f09f0dd7624c9d5c36c9ba3a2?s=96&d=mm&r=g","contentUrl":"https:\/\/secure.gravatar.com\/avatar\/26a8a81f09f0dd7624c9d5c36c9ba3a2?s=96&d=mm&r=g","caption":"Ibrahima"},"sameAs":["https:\/\/www.nettali.com"]}]}},"_links":{"self":[{"href":"https:\/\/www.nettali.com\/rest\/wp\/v2\/posts\/118018"}],"collection":[{"href":"https:\/\/www.nettali.com\/rest\/wp\/v2\/posts"}],"about":[{"href":"https:\/\/www.nettali.com\/rest\/wp\/v2\/types\/post"}],"author":[{"embeddable":true,"href":"https:\/\/www.nettali.com\/rest\/wp\/v2\/users\/5"}],"replies":[{"embeddable":true,"href":"https:\/\/www.nettali.com\/rest\/wp\/v2\/comments?post=118018"}],"version-history":[{"count":2,"href":"https:\/\/www.nettali.com\/rest\/wp\/v2\/posts\/118018\/revisions"}],"predecessor-version":[{"id":118022,"href":"https:\/\/www.nettali.com\/rest\/wp\/v2\/posts\/118018\/revisions\/118022"}],"wp:featuredmedia":[{"embeddable":true,"href":"https:\/\/www.nettali.com\/rest\/wp\/v2\/media\/118019"}],"wp:attachment":[{"href":"https:\/\/www.nettali.com\/rest\/wp\/v2\/media?parent=118018"}],"wp:term":[{"taxonomy":"category","embeddable":true,"href":"https:\/\/www.nettali.com\/rest\/wp\/v2\/categories?post=118018"},{"taxonomy":"post_tag","embeddable":true,"href":"https:\/\/www.nettali.com\/rest\/wp\/v2\/tags?post=118018"}],"curies":[{"name":"wp","href":"https:\/\/api.w.org\/{rel}","templated":true}]}}