{"id":117955,"date":"2023-09-12T08:47:41","date_gmt":"2023-09-12T08:47:41","guid":{"rendered":"https:\/\/www.nettali.com\/?p=117955"},"modified":"2023-09-13T00:17:53","modified_gmt":"2023-09-13T00:17:53","slug":"choix-de-amadou-ba-ce-que-macky-a-propose-a-abdoulaye-daouda-diallo-pour-le-calmer","status":"publish","type":"post","link":"https:\/\/www.nettali.com\/2023\/09\/12\/choix-de-amadou-ba-ce-que-macky-a-propose-a-abdoulaye-daouda-diallo-pour-le-calmer\/","title":{"rendered":"CHOIX DE AMADOU BA - Ce que Macky a propos\u00e9 \u00e0 Abdoulaye Daouda Diallo pour le calmer"},"content":{"rendered":"<p><strong>NETTALI.COM - Le pr\u00e9sident de la R\u00e9publique, Macky Sall, a rencontr\u00e9 ce lundi le pr\u00e9sident du Conseil \u00e9comonique, social et environnemental (Cese), Abdoulaye Daouda Diallo, histoire de le convaincre de soutenir Amadou Ba. Il lui aurait m\u00eame propos\u00e9 le poste de Premier ministre. Ce que l'int\u00e9ress\u00e9 aurait d\u00e9clin\u00e9, promettant de se concerter avec sa base.<\/strong><\/p>\n<p>Apr\u00e8s avoir d\u00e9sign\u00e9 Amadou B\u00e2 candidat de Bennoo Bokk Yaakaar pour la pr\u00e9sidentielle de 2024, le Pr\u00e9sident Macky Sall s\u2019emploie \u00e0 calmer les frustrations dans son camp n\u00e9es de sa d\u00e9cision. Il a ainsi commenc\u00e9 \u00e0 rencontrer les candidats \u00e0 la candidature recal\u00e9s. Ce lundi, il a rencontr\u00e9 le pr\u00e9sident du Conseil \u00e9conomique, social et environnemental (Cese), Abdoulaye Daouda Diallo. Les deux hommes se sont rencontr\u00e9s de 11 heures \u00e0 la mi-journ\u00e9e. Ils ont d\u00e9jeun\u00e9 ensemble et abord\u00e9 la question de la candidature de Bennoo.<\/p>\n<p>Selon le journal L\u2019AS, Macky Sall a tent\u00e9 de d\u00e9fendre la pertinence de son choix port\u00e9 sur Amadou Ba en avan\u00e7ant que ce dernier serait le plus consensuel. Et pour faire passer la pullule, le chef de l\u2019\u00c9tat aurait propos\u00e9 \u00e0 son h\u00f4te le poste de Premier ministre.<\/p>\n<p>La m\u00eame source souligne que Macky Sall aurait fait savoir \u00e0 Abdoulaye Daouda Diallo que s\u2019il accepte l\u2019offre, il sera le chef du gouvernement jusqu'\u00e0 la pr\u00e9sidentielle et gardera le poste si Amadou Ba remporte l\u2019\u00e9lection.<\/p>\n<p>L\u2019AS rapporte que le pr\u00e9sident du Cese aurait d\u00e9clin\u00e9 l\u2019offre et annonc\u00e9 qu\u2019il allait se concerter avec sa base pour voir l\u2019attitude \u00e0 adopter par rapport au scrutin du 25 f\u00e9vrier prochain. \u00abIl semble camper sur sa position, \u00e0 savoir se pr\u00e9senter \u00e0 la pr\u00e9sidentielle de 2024. Il pourrait donc d\u00e9missionner bient\u00f4t de la pr\u00e9sidence du Cese\u00bb, pr\u00e9dit le journal qui ajoute que depuis samedi Daouda Diallo multiplie les concertations, pr\u00e9cisant qu\u2019il se serait rendu chez \u00a0Aly Ngouille Ndiaye et aurait \u00e9chang\u00e9 avec Mahammed Boun Abdallah Dionne et Harouna Dia.<\/p>\n<p>&nbsp;<\/p>\n<div class='share-to-whatsapp-wrapper'><div class='share-on-whsp'>PARTAGER SUR : <\/div><a data-text='CHOIX DE AMADOU BA - Ce que Macky a propos\u00e9 \u00e0 Abdoulaye Daouda Diallo pour le calmer' data-link='https:\/\/www.nettali.com\/2023\/09\/12\/choix-de-amadou-ba-ce-que-macky-a-propose-a-abdoulaye-daouda-diallo-pour-le-calmer\/' class='whatsapp-button whatsapp-share'>WhatsApp<\/a><div class='clear '><\/div><\/div>","protected":false},"excerpt":{"rendered":"<p>NETTALI.COM - Le pr\u00e9sident de la R\u00e9publique, Macky Sall, a rencontr\u00e9 ce lundi le pr\u00e9sident du Conseil \u00e9comonique, social et environnemental (Cese), Abdoulaye Daouda Diallo, histoire de le convaincre de soutenir Amadou Ba. Il lui aurait m\u00eame propos\u00e9 le poste de Premier ministre. Ce que l'int\u00e9ress\u00e9 aurait d\u00e9clin\u00e9, promettant de se concerter avec sa base. [&hellip;]<\/p>\n","protected":false},"author":4,"featured_media":108597,"comment_status":"open","ping_status":"open","sticky":false,"template":"","format":"standard","meta":{"_et_pb_use_builder":"","_et_pb_old_content":""},"categories":[2],"tags":[],"yoast_head":"<!-- This site is optimized with the Yoast SEO Premium plugin v17.8 (Yoast SEO v17.8) - https:\/\/yoast.com\/wordpress\/plugins\/seo\/ -->\n<title>CHOIX DE AMADOU BA - Ce que Macky a propos\u00e9 \u00e0 Abdoulaye Daouda Diallo pour le calmer | Nettali.com<\/title>\n<meta name=\"robots\" content=\"index, follow, max-snippet:-1, max-image-preview:large, max-video-preview:-1\" \/>\n<link rel=\"canonical\" href=\"https:\/\/www.nettali.com\/2023\/09\/12\/choix-de-amadou-ba-ce-que-macky-a-propose-a-abdoulaye-daouda-diallo-pour-le-calmer\/\" \/>\n<meta property=\"og:locale\" content=\"fr_FR\" \/>\n<meta property=\"og:type\" content=\"article\" \/>\n<meta property=\"og:title\" content=\"CHOIX DE AMADOU BA - Ce que Macky a propos\u00e9 \u00e0 Abdoulaye Daouda Diallo pour le calmer\" \/>\n<meta property=\"og:description\" content=\"NETTALI.COM - Le pr\u00e9sident de la R\u00e9publique, Macky Sall, a rencontr\u00e9 ce lundi le pr\u00e9sident du Conseil \u00e9comonique, social et environnemental (Cese), Abdoulaye Daouda Diallo, histoire de le convaincre de soutenir Amadou Ba. Il lui aurait m\u00eame propos\u00e9 le poste de Premier ministre. Ce que l&#039;int\u00e9ress\u00e9 aurait d\u00e9clin\u00e9, promettant de se concerter avec sa base. [&hellip;]\" \/>\n<meta property=\"og:url\" content=\"https:\/\/www.nettali.com\/2023\/09\/12\/choix-de-amadou-ba-ce-que-macky-a-propose-a-abdoulaye-daouda-diallo-pour-le-calmer\/\" \/>\n<meta property=\"og:site_name\" content=\"Nettali.com\" \/>\n<meta property=\"article:publisher\" content=\"https:\/\/www.facebook.com\/nettalicom\" \/>\n<meta property=\"article:published_time\" content=\"2023-09-12T08:47:41+00:00\" \/>\n<meta property=\"article:modified_time\" content=\"2023-09-13T00:17:53+00:00\" \/>\n<meta property=\"og:image\" content=\"https:\/\/www.nettali.com\/wp-content\/uploads\/2023\/04\/macky-abdoulaye-daouda-diallo.jpeg\" \/>\n\t<meta property=\"og:image:width\" content=\"606\" \/>\n\t<meta property=\"og:image:height\" content=\"428\" \/>\n<meta name=\"twitter:card\" content=\"summary_large_image\" \/>\n<meta name=\"twitter:label1\" content=\"\u00c9crit par\" \/>\n\t<meta name=\"twitter:data1\" content=\"Daouda\" \/>\n\t<meta name=\"twitter:label2\" content=\"Dur\u00e9e de lecture estim\u00e9e\" \/>\n\t<meta name=\"twitter:data2\" content=\"2 minutes\" \/>\n<script type=\"application\/ld+json\" class=\"yoast-schema-graph\">{\"@context\":\"https:\/\/schema.org\",\"@graph\":[{\"@type\":\"WebSite\",\"@id\":\"https:\/\/www.nettali.com\/#website\",\"url\":\"https:\/\/www.nettali.com\/\",\"name\":\"Nettali.com\",\"description\":\"Le rendez-vous critique du Net\",\"potentialAction\":[{\"@type\":\"SearchAction\",\"target\":{\"@type\":\"EntryPoint\",\"urlTemplate\":\"https:\/\/www.nettali.com\/?s={search_term_string}\"},\"query-input\":\"required name=search_term_string\"}],\"inLanguage\":\"fr-FR\"},{\"@type\":\"ImageObject\",\"@id\":\"https:\/\/www.nettali.com\/2023\/09\/12\/choix-de-amadou-ba-ce-que-macky-a-propose-a-abdoulaye-daouda-diallo-pour-le-calmer\/#primaryimage\",\"inLanguage\":\"fr-FR\",\"url\":\"https:\/\/www.nettali.com\/wp-content\/uploads\/2023\/04\/macky-abdoulaye-daouda-diallo.jpeg\",\"contentUrl\":\"https:\/\/www.nettali.com\/wp-content\/uploads\/2023\/04\/macky-abdoulaye-daouda-diallo.jpeg\",\"width\":606,\"height\":428},{\"@type\":\"WebPage\",\"@id\":\"https:\/\/www.nettali.com\/2023\/09\/12\/choix-de-amadou-ba-ce-que-macky-a-propose-a-abdoulaye-daouda-diallo-pour-le-calmer\/#webpage\",\"url\":\"https:\/\/www.nettali.com\/2023\/09\/12\/choix-de-amadou-ba-ce-que-macky-a-propose-a-abdoulaye-daouda-diallo-pour-le-calmer\/\",\"name\":\"CHOIX DE AMADOU BA - Ce que Macky a propos\\u00e9 \\u00e0 Abdoulaye Daouda Diallo pour le calmer | Nettali.com\",\"isPartOf\":{\"@id\":\"https:\/\/www.nettali.com\/#website\"},\"primaryImageOfPage\":{\"@id\":\"https:\/\/www.nettali.com\/2023\/09\/12\/choix-de-amadou-ba-ce-que-macky-a-propose-a-abdoulaye-daouda-diallo-pour-le-calmer\/#primaryimage\"},\"datePublished\":\"2023-09-12T08:47:41+00:00\",\"dateModified\":\"2023-09-13T00:17:53+00:00\",\"author\":{\"@id\":\"https:\/\/www.nettali.com\/#\/schema\/person\/3317e0bb3aa1da309fbf7b2780901bf4\"},\"breadcrumb\":{\"@id\":\"https:\/\/www.nettali.com\/2023\/09\/12\/choix-de-amadou-ba-ce-que-macky-a-propose-a-abdoulaye-daouda-diallo-pour-le-calmer\/#breadcrumb\"},\"inLanguage\":\"fr-FR\",\"potentialAction\":[{\"@type\":\"ReadAction\",\"target\":[\"https:\/\/www.nettali.com\/2023\/09\/12\/choix-de-amadou-ba-ce-que-macky-a-propose-a-abdoulaye-daouda-diallo-pour-le-calmer\/\"]}]},{\"@type\":\"BreadcrumbList\",\"@id\":\"https:\/\/www.nettali.com\/2023\/09\/12\/choix-de-amadou-ba-ce-que-macky-a-propose-a-abdoulaye-daouda-diallo-pour-le-calmer\/#breadcrumb\",\"itemListElement\":[{\"@type\":\"ListItem\",\"position\":1,\"name\":\"Accueil\",\"item\":\"https:\/\/www.nettali.com\/\"},{\"@type\":\"ListItem\",\"position\":2,\"name\":\"CHOIX DE AMADOU BA - Ce que Macky a propos\\u00e9 \\u00e0 Abdoulaye Daouda Diallo pour le calmer\"}]},{\"@type\":\"Person\",\"@id\":\"https:\/\/www.nettali.com\/#\/schema\/person\/3317e0bb3aa1da309fbf7b2780901bf4\",\"name\":\"Daouda\",\"image\":{\"@type\":\"ImageObject\",\"@id\":\"https:\/\/www.nettali.com\/#personlogo\",\"inLanguage\":\"fr-FR\",\"url\":\"https:\/\/secure.gravatar.com\/avatar\/8d143b5a49345098ddcfee1c49c2f47c?s=96&d=mm&r=g\",\"contentUrl\":\"https:\/\/secure.gravatar.com\/avatar\/8d143b5a49345098ddcfee1c49c2f47c?s=96&d=mm&r=g\",\"caption\":\"Daouda\"},\"sameAs\":[\"https:\/\/www.nettali.com\"]}]}<\/script>\n<!-- \/ Yoast SEO Premium plugin. -->","yoast_head_json":{"title":"CHOIX DE AMADOU BA - Ce que Macky a propos\u00e9 \u00e0 Abdoulaye Daouda Diallo pour le calmer | Nettali.com","robots":{"index":"index","follow":"follow","max-snippet":"max-snippet:-1","max-image-preview":"max-image-preview:large","max-video-preview":"max-video-preview:-1"},"canonical":"https:\/\/www.nettali.com\/2023\/09\/12\/choix-de-amadou-ba-ce-que-macky-a-propose-a-abdoulaye-daouda-diallo-pour-le-calmer\/","og_locale":"fr_FR","og_type":"article","og_title":"CHOIX DE AMADOU BA - Ce que Macky a propos\u00e9 \u00e0 Abdoulaye Daouda Diallo pour le calmer","og_description":"NETTALI.COM - Le pr\u00e9sident de la R\u00e9publique, Macky Sall, a rencontr\u00e9 ce lundi le pr\u00e9sident du Conseil \u00e9comonique, social et environnemental (Cese), Abdoulaye Daouda Diallo, histoire de le convaincre de soutenir Amadou Ba. Il lui aurait m\u00eame propos\u00e9 le poste de Premier ministre. Ce que l'int\u00e9ress\u00e9 aurait d\u00e9clin\u00e9, promettant de se concerter avec sa base. [&hellip;]","og_url":"https:\/\/www.nettali.com\/2023\/09\/12\/choix-de-amadou-ba-ce-que-macky-a-propose-a-abdoulaye-daouda-diallo-pour-le-calmer\/","og_site_name":"Nettali.com","article_publisher":"https:\/\/www.facebook.com\/nettalicom","article_published_time":"2023-09-12T08:47:41+00:00","article_modified_time":"2023-09-13T00:17:53+00:00","og_image":[{"width":606,"height":428,"url":"https:\/\/www.nettali.com\/wp-content\/uploads\/2023\/04\/macky-abdoulaye-daouda-diallo.jpeg","type":"image\/jpeg"}],"twitter_card":"summary_large_image","twitter_misc":{"\u00c9crit par":"Daouda","Dur\u00e9e de lecture estim\u00e9e":"2 minutes"},"schema":{"@context":"https:\/\/schema.org","@graph":[{"@type":"WebSite","@id":"https:\/\/www.nettali.com\/#website","url":"https:\/\/www.nettali.com\/","name":"Nettali.com","description":"Le rendez-vous critique du Net","potentialAction":[{"@type":"SearchAction","target":{"@type":"EntryPoint","urlTemplate":"https:\/\/www.nettali.com\/?s={search_term_string}"},"query-input":"required name=search_term_string"}],"inLanguage":"fr-FR"},{"@type":"ImageObject","@id":"https:\/\/www.nettali.com\/2023\/09\/12\/choix-de-amadou-ba-ce-que-macky-a-propose-a-abdoulaye-daouda-diallo-pour-le-calmer\/#primaryimage","inLanguage":"fr-FR","url":"https:\/\/www.nettali.com\/wp-content\/uploads\/2023\/04\/macky-abdoulaye-daouda-diallo.jpeg","contentUrl":"https:\/\/www.nettali.com\/wp-content\/uploads\/2023\/04\/macky-abdoulaye-daouda-diallo.jpeg","width":606,"height":428},{"@type":"WebPage","@id":"https:\/\/www.nettali.com\/2023\/09\/12\/choix-de-amadou-ba-ce-que-macky-a-propose-a-abdoulaye-daouda-diallo-pour-le-calmer\/#webpage","url":"https:\/\/www.nettali.com\/2023\/09\/12\/choix-de-amadou-ba-ce-que-macky-a-propose-a-abdoulaye-daouda-diallo-pour-le-calmer\/","name":"CHOIX DE AMADOU BA - Ce que Macky a propos\u00e9 \u00e0 Abdoulaye Daouda Diallo pour le calmer | Nettali.com","isPartOf":{"@id":"https:\/\/www.nettali.com\/#website"},"primaryImageOfPage":{"@id":"https:\/\/www.nettali.com\/2023\/09\/12\/choix-de-amadou-ba-ce-que-macky-a-propose-a-abdoulaye-daouda-diallo-pour-le-calmer\/#primaryimage"},"datePublished":"2023-09-12T08:47:41+00:00","dateModified":"2023-09-13T00:17:53+00:00","author":{"@id":"https:\/\/www.nettali.com\/#\/schema\/person\/3317e0bb3aa1da309fbf7b2780901bf4"},"breadcrumb":{"@id":"https:\/\/www.nettali.com\/2023\/09\/12\/choix-de-amadou-ba-ce-que-macky-a-propose-a-abdoulaye-daouda-diallo-pour-le-calmer\/#breadcrumb"},"inLanguage":"fr-FR","potentialAction":[{"@type":"ReadAction","target":["https:\/\/www.nettali.com\/2023\/09\/12\/choix-de-amadou-ba-ce-que-macky-a-propose-a-abdoulaye-daouda-diallo-pour-le-calmer\/"]}]},{"@type":"BreadcrumbList","@id":"https:\/\/www.nettali.com\/2023\/09\/12\/choix-de-amadou-ba-ce-que-macky-a-propose-a-abdoulaye-daouda-diallo-pour-le-calmer\/#breadcrumb","itemListElement":[{"@type":"ListItem","position":1,"name":"Accueil","item":"https:\/\/www.nettali.com\/"},{"@type":"ListItem","position":2,"name":"CHOIX DE AMADOU BA - Ce que Macky a propos\u00e9 \u00e0 Abdoulaye Daouda Diallo pour le calmer"}]},{"@type":"Person","@id":"https:\/\/www.nettali.com\/#\/schema\/person\/3317e0bb3aa1da309fbf7b2780901bf4","name":"Daouda","image":{"@type":"ImageObject","@id":"https:\/\/www.nettali.com\/#personlogo","inLanguage":"fr-FR","url":"https:\/\/secure.gravatar.com\/avatar\/8d143b5a49345098ddcfee1c49c2f47c?s=96&d=mm&r=g","contentUrl":"https:\/\/secure.gravatar.com\/avatar\/8d143b5a49345098ddcfee1c49c2f47c?s=96&d=mm&r=g","caption":"Daouda"},"sameAs":["https:\/\/www.nettali.com"]}]}},"_links":{"self":[{"href":"https:\/\/www.nettali.com\/rest\/wp\/v2\/posts\/117955"}],"collection":[{"href":"https:\/\/www.nettali.com\/rest\/wp\/v2\/posts"}],"about":[{"href":"https:\/\/www.nettali.com\/rest\/wp\/v2\/types\/post"}],"author":[{"embeddable":true,"href":"https:\/\/www.nettali.com\/rest\/wp\/v2\/users\/4"}],"replies":[{"embeddable":true,"href":"https:\/\/www.nettali.com\/rest\/wp\/v2\/comments?post=117955"}],"version-history":[{"count":1,"href":"https:\/\/www.nettali.com\/rest\/wp\/v2\/posts\/117955\/revisions"}],"predecessor-version":[{"id":117956,"href":"https:\/\/www.nettali.com\/rest\/wp\/v2\/posts\/117955\/revisions\/117956"}],"wp:featuredmedia":[{"embeddable":true,"href":"https:\/\/www.nettali.com\/rest\/wp\/v2\/media\/108597"}],"wp:attachment":[{"href":"https:\/\/www.nettali.com\/rest\/wp\/v2\/media?parent=117955"}],"wp:term":[{"taxonomy":"category","embeddable":true,"href":"https:\/\/www.nettali.com\/rest\/wp\/v2\/categories?post=117955"},{"taxonomy":"post_tag","embeddable":true,"href":"https:\/\/www.nettali.com\/rest\/wp\/v2\/tags?post=117955"}],"curies":[{"name":"wp","href":"https:\/\/api.w.org\/{rel}","templated":true}]}}