{"id":117909,"date":"2023-09-11T14:36:48","date_gmt":"2023-09-11T14:36:48","guid":{"rendered":"https:\/\/www.nettali.com\/?p=117909"},"modified":"2023-09-11T14:36:48","modified_gmt":"2023-09-11T14:36:48","slug":"greve-des-travailleurs-des-collectivites-territoriales-pourquoi-la-crise-perdure","status":"publish","type":"post","link":"https:\/\/www.nettali.com\/2023\/09\/11\/greve-des-travailleurs-des-collectivites-territoriales-pourquoi-la-crise-perdure\/","title":{"rendered":"GR\u00c8VE DES TRAVAILLEURS DES COLLECTIVIT\u00c9S TERRITORIALES - Pourquoi la crise perdure\u00a0"},"content":{"rendered":"<p><strong>NETTALI.COM-\u00a0La gr\u00e8ve des travailleurs des collectivit\u00e9s territoriales se poursuit sans qu'une solution ne soit trouv\u00e9e. Elle est m\u00eame pass\u00e9e de 96 heures \u00e0 120 heures.\u00a0 Face \u00e0 cette nouvelle d\u00e9cision, le directeur\u00a0 de la Fonction publique locale et de la formation, Abdou Khadre Ndiaye a expliqu\u00e9 les raisons du retard de solution. Il annonce que les prochains jours seront favorables pour une r\u00e9solution d\u00e9finitive de cette crise.<\/strong><\/p>\n<p>Malgr\u00e9 la promesse que leur avait faite leur tutelle Mamadou Talla de rencontrer le premier ministre, les travailleurs des collectivit\u00e9s territoriales ont quand m\u00eame doubl\u00e9 la mise. 120 heures, c\u2019est le mot d\u2019ordre qui a \u00e9t\u00e9 d\u00e9cr\u00e9t\u00e9 cette semaine. Cette nouvelle d\u00e9cision s\u2019explique par le non payement de leur augmentation si on en croit le directeur\u00a0 de la Fonction publique locale et de la formation, Abdou Khadre Ndiaye.<\/p>\n<p>Toutefois, il indique que l\u2019\u00c9tat \u00e9tudie les modalit\u00e9s d'accompagnement des collectivit\u00e9s territoriales. \u00ab<em> \u00c0 l\u2019\u00e9tat actuel, nous comprenons l\u2019amertume et les attentes des agents des collectivit\u00e9s territoriales parce que le dossier a pris du temps dans son traitement mais cela ne pouvait \u00eatre autrement compte tenu de la complexit\u00e9 et de la nature des informations qu\u2019il fallait collecter\u00bb, <\/em>explique-t-il.<\/p>\n<p>Et de poursuivre <em>: \u00ab<\/em><em>une fois cette collecte termin\u00e9e, le ministre en charge des collectivit\u00e9s en relations avec son coll\u00e8gue des finances sur la supervision du premier ministre ne manqueront pas dans les prochains jours comme l\u2019avait annonc\u00e9 le ministre Mamadou Talla \u00e0 certains dirigeants de l'intersyndicales pour leur dire quel serait le niveau d'engagement ou d\u2019accompagnement de l\u2019Etat \u00e0 ces d\u00e9membrements que sont les collectivit\u00e9s pures r\u00e9soudre d\u00e9finitivement cette crise<\/em>\u00bb, dit-il.<\/p>\n<p>Poursuivant il ajoute que \u00ab\u00a0 <em>l'article 30 pr\u00e9cise que c\u2019est \u00e0 la collectivit\u00e9 de prendre en charge cette revalorisation. Certaines collectivit\u00e9s ont affich\u00e9 depuis l\u2019audience avec l\u2019intersyndicale et les maires qui sont employ\u00e9s au sens du droit du travail une bonne disposition pour prendre en charge cette revalorisation. D\u2019autres collectivit\u00e9s ont exprim\u00e9 des pr\u00e9occupations pour avoir un accompagnement de l'Etat central compte tenu de leur niveau de recette et relativement pour la plupart des collectivit\u00e9s qui sont en zone rurale<\/em>\u00bb.<\/p>\n<div class='share-to-whatsapp-wrapper'><div class='share-on-whsp'>PARTAGER SUR : <\/div><a data-text='GR\u00c8VE DES TRAVAILLEURS DES COLLECTIVIT\u00c9S TERRITORIALES - Pourquoi la crise perdure\u00a0' data-link='https:\/\/www.nettali.com\/2023\/09\/11\/greve-des-travailleurs-des-collectivites-territoriales-pourquoi-la-crise-perdure\/' class='whatsapp-button whatsapp-share'>WhatsApp<\/a><div class='clear '><\/div><\/div>","protected":false},"excerpt":{"rendered":"<p>NETTALI.COM-\u00a0La gr\u00e8ve des travailleurs des collectivit\u00e9s territoriales se poursuit sans qu'une solution ne soit trouv\u00e9e. Elle est m\u00eame pass\u00e9e de 96 heures \u00e0 120 heures.\u00a0 Face \u00e0 cette nouvelle d\u00e9cision, le directeur\u00a0 de la Fonction publique locale et de la formation, Abdou Khadre Ndiaye a expliqu\u00e9 les raisons du retard de solution. Il annonce que [&hellip;]<\/p>\n","protected":false},"author":6,"featured_media":61168,"comment_status":"open","ping_status":"open","sticky":false,"template":"","format":"standard","meta":{"_et_pb_use_builder":"","_et_pb_old_content":""},"categories":[3],"tags":[],"yoast_head":"<!-- This site is optimized with the Yoast SEO Premium plugin v17.8 (Yoast SEO v17.8) - https:\/\/yoast.com\/wordpress\/plugins\/seo\/ -->\n<title>GR\u00c8VE DES TRAVAILLEURS DES COLLECTIVIT\u00c9S TERRITORIALES - Pourquoi la crise perdure\u00a0 | Nettali.com<\/title>\n<meta name=\"robots\" content=\"index, follow, max-snippet:-1, max-image-preview:large, max-video-preview:-1\" \/>\n<link rel=\"canonical\" href=\"https:\/\/www.nettali.com\/2023\/09\/11\/greve-des-travailleurs-des-collectivites-territoriales-pourquoi-la-crise-perdure\/\" \/>\n<meta property=\"og:locale\" content=\"fr_FR\" \/>\n<meta property=\"og:type\" content=\"article\" \/>\n<meta property=\"og:title\" content=\"GR\u00c8VE DES TRAVAILLEURS DES COLLECTIVIT\u00c9S TERRITORIALES - Pourquoi la crise perdure\u00a0\" \/>\n<meta property=\"og:description\" content=\"NETTALI.COM-\u00a0La gr\u00e8ve des travailleurs des collectivit\u00e9s territoriales se poursuit sans qu&#039;une solution ne soit trouv\u00e9e. Elle est m\u00eame pass\u00e9e de 96 heures \u00e0 120 heures.\u00a0 Face \u00e0 cette nouvelle d\u00e9cision, le directeur\u00a0 de la Fonction publique locale et de la formation, Abdou Khadre Ndiaye a expliqu\u00e9 les raisons du retard de solution. Il annonce que [&hellip;]\" \/>\n<meta property=\"og:url\" content=\"https:\/\/www.nettali.com\/2023\/09\/11\/greve-des-travailleurs-des-collectivites-territoriales-pourquoi-la-crise-perdure\/\" \/>\n<meta property=\"og:site_name\" content=\"Nettali.com\" \/>\n<meta property=\"article:publisher\" content=\"https:\/\/www.facebook.com\/nettalicom\" \/>\n<meta property=\"article:published_time\" content=\"2023-09-11T14:36:48+00:00\" \/>\n<meta property=\"og:image\" content=\"https:\/\/www.nettali.com\/wp-content\/uploads\/2021\/04\/collectivit\u00e9s.jpg\" \/>\n\t<meta property=\"og:image:width\" content=\"276\" \/>\n\t<meta property=\"og:image:height\" content=\"183\" \/>\n<meta name=\"twitter:card\" content=\"summary_large_image\" \/>\n<meta name=\"twitter:label1\" content=\"\u00c9crit par\" \/>\n\t<meta name=\"twitter:data1\" content=\"Fatou\" \/>\n\t<meta name=\"twitter:label2\" content=\"Dur\u00e9e de lecture estim\u00e9e\" \/>\n\t<meta name=\"twitter:data2\" content=\"2 minutes\" \/>\n<script type=\"application\/ld+json\" class=\"yoast-schema-graph\">{\"@context\":\"https:\/\/schema.org\",\"@graph\":[{\"@type\":\"WebSite\",\"@id\":\"https:\/\/www.nettali.com\/#website\",\"url\":\"https:\/\/www.nettali.com\/\",\"name\":\"Nettali.com\",\"description\":\"Le rendez-vous critique du Net\",\"potentialAction\":[{\"@type\":\"SearchAction\",\"target\":{\"@type\":\"EntryPoint\",\"urlTemplate\":\"https:\/\/www.nettali.com\/?s={search_term_string}\"},\"query-input\":\"required name=search_term_string\"}],\"inLanguage\":\"fr-FR\"},{\"@type\":\"ImageObject\",\"@id\":\"https:\/\/www.nettali.com\/2023\/09\/11\/greve-des-travailleurs-des-collectivites-territoriales-pourquoi-la-crise-perdure\/#primaryimage\",\"inLanguage\":\"fr-FR\",\"url\":\"https:\/\/www.nettali.com\/wp-content\/uploads\/2021\/04\/collectivit\\u00e9s.jpg\",\"contentUrl\":\"https:\/\/www.nettali.com\/wp-content\/uploads\/2021\/04\/collectivit\\u00e9s.jpg\",\"width\":276,\"height\":183},{\"@type\":\"WebPage\",\"@id\":\"https:\/\/www.nettali.com\/2023\/09\/11\/greve-des-travailleurs-des-collectivites-territoriales-pourquoi-la-crise-perdure\/#webpage\",\"url\":\"https:\/\/www.nettali.com\/2023\/09\/11\/greve-des-travailleurs-des-collectivites-territoriales-pourquoi-la-crise-perdure\/\",\"name\":\"GR\\u00c8VE DES TRAVAILLEURS DES COLLECTIVIT\\u00c9S TERRITORIALES - Pourquoi la crise perdure\\u00a0 | Nettali.com\",\"isPartOf\":{\"@id\":\"https:\/\/www.nettali.com\/#website\"},\"primaryImageOfPage\":{\"@id\":\"https:\/\/www.nettali.com\/2023\/09\/11\/greve-des-travailleurs-des-collectivites-territoriales-pourquoi-la-crise-perdure\/#primaryimage\"},\"datePublished\":\"2023-09-11T14:36:48+00:00\",\"dateModified\":\"2023-09-11T14:36:48+00:00\",\"author\":{\"@id\":\"https:\/\/www.nettali.com\/#\/schema\/person\/418274a86bdf87caff7a3ef476bd0bbf\"},\"breadcrumb\":{\"@id\":\"https:\/\/www.nettali.com\/2023\/09\/11\/greve-des-travailleurs-des-collectivites-territoriales-pourquoi-la-crise-perdure\/#breadcrumb\"},\"inLanguage\":\"fr-FR\",\"potentialAction\":[{\"@type\":\"ReadAction\",\"target\":[\"https:\/\/www.nettali.com\/2023\/09\/11\/greve-des-travailleurs-des-collectivites-territoriales-pourquoi-la-crise-perdure\/\"]}]},{\"@type\":\"BreadcrumbList\",\"@id\":\"https:\/\/www.nettali.com\/2023\/09\/11\/greve-des-travailleurs-des-collectivites-territoriales-pourquoi-la-crise-perdure\/#breadcrumb\",\"itemListElement\":[{\"@type\":\"ListItem\",\"position\":1,\"name\":\"Accueil\",\"item\":\"https:\/\/www.nettali.com\/\"},{\"@type\":\"ListItem\",\"position\":2,\"name\":\"GR\\u00c8VE DES TRAVAILLEURS DES COLLECTIVIT\\u00c9S TERRITORIALES - Pourquoi la crise perdure\\u00a0\"}]},{\"@type\":\"Person\",\"@id\":\"https:\/\/www.nettali.com\/#\/schema\/person\/418274a86bdf87caff7a3ef476bd0bbf\",\"name\":\"Fatou\",\"image\":{\"@type\":\"ImageObject\",\"@id\":\"https:\/\/www.nettali.com\/#personlogo\",\"inLanguage\":\"fr-FR\",\"url\":\"https:\/\/secure.gravatar.com\/avatar\/5a9442a2bee7b4dcf167cab035858e9a?s=96&d=mm&r=g\",\"contentUrl\":\"https:\/\/secure.gravatar.com\/avatar\/5a9442a2bee7b4dcf167cab035858e9a?s=96&d=mm&r=g\",\"caption\":\"Fatou\"},\"sameAs\":[\"https:\/\/www.nettali.com\"]}]}<\/script>\n<!-- \/ Yoast SEO Premium plugin. -->","yoast_head_json":{"title":"GR\u00c8VE DES TRAVAILLEURS DES COLLECTIVIT\u00c9S TERRITORIALES - Pourquoi la crise perdure\u00a0 | Nettali.com","robots":{"index":"index","follow":"follow","max-snippet":"max-snippet:-1","max-image-preview":"max-image-preview:large","max-video-preview":"max-video-preview:-1"},"canonical":"https:\/\/www.nettali.com\/2023\/09\/11\/greve-des-travailleurs-des-collectivites-territoriales-pourquoi-la-crise-perdure\/","og_locale":"fr_FR","og_type":"article","og_title":"GR\u00c8VE DES TRAVAILLEURS DES COLLECTIVIT\u00c9S TERRITORIALES - Pourquoi la crise perdure\u00a0","og_description":"NETTALI.COM-\u00a0La gr\u00e8ve des travailleurs des collectivit\u00e9s territoriales se poursuit sans qu'une solution ne soit trouv\u00e9e. Elle est m\u00eame pass\u00e9e de 96 heures \u00e0 120 heures.\u00a0 Face \u00e0 cette nouvelle d\u00e9cision, le directeur\u00a0 de la Fonction publique locale et de la formation, Abdou Khadre Ndiaye a expliqu\u00e9 les raisons du retard de solution. Il annonce que [&hellip;]","og_url":"https:\/\/www.nettali.com\/2023\/09\/11\/greve-des-travailleurs-des-collectivites-territoriales-pourquoi-la-crise-perdure\/","og_site_name":"Nettali.com","article_publisher":"https:\/\/www.facebook.com\/nettalicom","article_published_time":"2023-09-11T14:36:48+00:00","og_image":[{"width":276,"height":183,"url":"https:\/\/www.nettali.com\/wp-content\/uploads\/2021\/04\/collectivit\u00e9s.jpg","type":"image\/jpeg"}],"twitter_card":"summary_large_image","twitter_misc":{"\u00c9crit par":"Fatou","Dur\u00e9e de lecture estim\u00e9e":"2 minutes"},"schema":{"@context":"https:\/\/schema.org","@graph":[{"@type":"WebSite","@id":"https:\/\/www.nettali.com\/#website","url":"https:\/\/www.nettali.com\/","name":"Nettali.com","description":"Le rendez-vous critique du Net","potentialAction":[{"@type":"SearchAction","target":{"@type":"EntryPoint","urlTemplate":"https:\/\/www.nettali.com\/?s={search_term_string}"},"query-input":"required name=search_term_string"}],"inLanguage":"fr-FR"},{"@type":"ImageObject","@id":"https:\/\/www.nettali.com\/2023\/09\/11\/greve-des-travailleurs-des-collectivites-territoriales-pourquoi-la-crise-perdure\/#primaryimage","inLanguage":"fr-FR","url":"https:\/\/www.nettali.com\/wp-content\/uploads\/2021\/04\/collectivit\u00e9s.jpg","contentUrl":"https:\/\/www.nettali.com\/wp-content\/uploads\/2021\/04\/collectivit\u00e9s.jpg","width":276,"height":183},{"@type":"WebPage","@id":"https:\/\/www.nettali.com\/2023\/09\/11\/greve-des-travailleurs-des-collectivites-territoriales-pourquoi-la-crise-perdure\/#webpage","url":"https:\/\/www.nettali.com\/2023\/09\/11\/greve-des-travailleurs-des-collectivites-territoriales-pourquoi-la-crise-perdure\/","name":"GR\u00c8VE DES TRAVAILLEURS DES COLLECTIVIT\u00c9S TERRITORIALES - Pourquoi la crise perdure\u00a0 | Nettali.com","isPartOf":{"@id":"https:\/\/www.nettali.com\/#website"},"primaryImageOfPage":{"@id":"https:\/\/www.nettali.com\/2023\/09\/11\/greve-des-travailleurs-des-collectivites-territoriales-pourquoi-la-crise-perdure\/#primaryimage"},"datePublished":"2023-09-11T14:36:48+00:00","dateModified":"2023-09-11T14:36:48+00:00","author":{"@id":"https:\/\/www.nettali.com\/#\/schema\/person\/418274a86bdf87caff7a3ef476bd0bbf"},"breadcrumb":{"@id":"https:\/\/www.nettali.com\/2023\/09\/11\/greve-des-travailleurs-des-collectivites-territoriales-pourquoi-la-crise-perdure\/#breadcrumb"},"inLanguage":"fr-FR","potentialAction":[{"@type":"ReadAction","target":["https:\/\/www.nettali.com\/2023\/09\/11\/greve-des-travailleurs-des-collectivites-territoriales-pourquoi-la-crise-perdure\/"]}]},{"@type":"BreadcrumbList","@id":"https:\/\/www.nettali.com\/2023\/09\/11\/greve-des-travailleurs-des-collectivites-territoriales-pourquoi-la-crise-perdure\/#breadcrumb","itemListElement":[{"@type":"ListItem","position":1,"name":"Accueil","item":"https:\/\/www.nettali.com\/"},{"@type":"ListItem","position":2,"name":"GR\u00c8VE DES TRAVAILLEURS DES COLLECTIVIT\u00c9S TERRITORIALES - Pourquoi la crise perdure\u00a0"}]},{"@type":"Person","@id":"https:\/\/www.nettali.com\/#\/schema\/person\/418274a86bdf87caff7a3ef476bd0bbf","name":"Fatou","image":{"@type":"ImageObject","@id":"https:\/\/www.nettali.com\/#personlogo","inLanguage":"fr-FR","url":"https:\/\/secure.gravatar.com\/avatar\/5a9442a2bee7b4dcf167cab035858e9a?s=96&d=mm&r=g","contentUrl":"https:\/\/secure.gravatar.com\/avatar\/5a9442a2bee7b4dcf167cab035858e9a?s=96&d=mm&r=g","caption":"Fatou"},"sameAs":["https:\/\/www.nettali.com"]}]}},"_links":{"self":[{"href":"https:\/\/www.nettali.com\/rest\/wp\/v2\/posts\/117909"}],"collection":[{"href":"https:\/\/www.nettali.com\/rest\/wp\/v2\/posts"}],"about":[{"href":"https:\/\/www.nettali.com\/rest\/wp\/v2\/types\/post"}],"author":[{"embeddable":true,"href":"https:\/\/www.nettali.com\/rest\/wp\/v2\/users\/6"}],"replies":[{"embeddable":true,"href":"https:\/\/www.nettali.com\/rest\/wp\/v2\/comments?post=117909"}],"version-history":[{"count":3,"href":"https:\/\/www.nettali.com\/rest\/wp\/v2\/posts\/117909\/revisions"}],"predecessor-version":[{"id":117912,"href":"https:\/\/www.nettali.com\/rest\/wp\/v2\/posts\/117909\/revisions\/117912"}],"wp:featuredmedia":[{"embeddable":true,"href":"https:\/\/www.nettali.com\/rest\/wp\/v2\/media\/61168"}],"wp:attachment":[{"href":"https:\/\/www.nettali.com\/rest\/wp\/v2\/media?parent=117909"}],"wp:term":[{"taxonomy":"category","embeddable":true,"href":"https:\/\/www.nettali.com\/rest\/wp\/v2\/categories?post=117909"},{"taxonomy":"post_tag","embeddable":true,"href":"https:\/\/www.nettali.com\/rest\/wp\/v2\/tags?post=117909"}],"curies":[{"name":"wp","href":"https:\/\/api.w.org\/{rel}","templated":true}]}}