{"id":117862,"date":"2023-09-11T07:32:45","date_gmt":"2023-09-11T07:32:45","guid":{"rendered":"https:\/\/www.nettali.com\/?p=117862"},"modified":"2023-09-11T20:51:56","modified_gmt":"2023-09-11T20:51:56","slug":"khalifa-sall-ce-que-nous-comptons-faire-pour-la-presidentielle","status":"publish","type":"post","link":"https:\/\/www.nettali.com\/2023\/09\/11\/khalifa-sall-ce-que-nous-comptons-faire-pour-la-presidentielle\/","title":{"rendered":"KHALIFA SALL - \"Ce que nous comptons faire pour la pr\u00e9sidentielle\""},"content":{"rendered":"<p><strong>NETTALI.COM - L\u2019ancien maire de Dakar, Khalifa Sall, candidat d\u00e9clar\u00e9 \u00e0 la pr\u00e9sidentielle de f\u00e9vrier 2024, veut construire son projet \u00e0 partir des aspirations et propositions des populations, afin que la mise en \u0153uvre des politiques publiques puisse, dit-il, refl\u00e9ter les pr\u00e9occupations des citoyens.<\/strong><\/p>\n<p><em>\u00ab\u00a0Nous voulons construire le projet du candidat \u00e0 la prochaine pr\u00e9sidentielle, Khalifa Sall, \u00e0 partir des aspirations et des propositions des populations puisque notre conviction est qu\u2019il faudra changer de paradigme\u00a0\u00bb<\/em>, a-t-il d\u00e9clar\u00e9.<\/p>\n<p>Il s\u2019entretenait avec des journalistes, samedi, \u00e0 Louga, \u00e0 l\u2019issue d\u2019une rencontre avec ses militants et sympathisants de la r\u00e9gion, dans le cadre d\u2019une <em>\u00ab\u00a0tourn\u00e9e de mobilisation, de massification et d\u2019information\u00a0\u00bb<\/em> aupr\u00e8s des populations du Ndiambour.<\/p>\n<p><em>\u00ab\u00a0Nous sommes dans un processus de co-construction d\u2019un projet pour le S\u00e9n\u00e9gal dont les populations seront \u00e0 la base de la formulation, mais \u00e9galement de la mise en \u0153uvre des politiques\u00a0\u00bb<\/em>, a dit le leader de la coalition Taxawu Ndakaru.<\/p>\n<p>Selon Khalifa Sall, suivant cette d\u00e9marche, <em>\u00ab\u00a0les populations seront dans l\u2019action pour [la mise en \u0153uvre des politiques publiques], parce que nous sommes des partisans convaincus de la localisation du d\u00e9veloppement\u00a0\u00bb<\/em>.<\/p>\n<p><em>\u00ab\u00a0Le d\u00e9veloppement sera local ou il ne sera pas, alors il se fera par et pour les populations\u00a0\u00bb<\/em>, a-t-il insist\u00e9, d\u00e9plorant <em>\u00ab\u00a0la gestion lib\u00e9rale de l\u2019immigration irr\u00e9guli\u00e8re qui n\u00e9cessite l\u2019implication de la diaspora\u00a0\u00bb.<\/em><\/p>\n<p>Ce ph\u00e9nom\u00e8ne de l\u2019immigration irr\u00e9guli\u00e8re <em>\u00ab\u00a0s\u2019est accentu\u00e9 et s\u2019est d\u00e9velopp\u00e9 parce qu\u2019ils [les lib\u00e9raux au pouvoir] n\u2019ont pas \u00e9t\u00e9 en mesure d\u2019offrir aux jeunes la possibilit\u00e9 de rester au pays et d\u2019y r\u00e9ussir\u00a0\u00bb<\/em>, a soutenu Khalifa Sall, selon qui le PS, aux affaires de 1960 \u00e0 2000, pouvait en ce qui le concerne se pr\u00e9valoir d\u2019un bilan.<\/p>\n<p><em>\u00ab\u00a0C\u2019est pourquoi je fais partie de ceux qui croient que la diaspora sera le quatri\u00e8me pilier du d\u00e9veloppement de ce pays\u00a0\u00bb<\/em>, a-t-il indiqu\u00e9, avant d\u2019ajouter : <em>\u00ab\u00a0Si nous nous mettons en phase avec la diaspora\u00a0\u00bb, ses membres expliqueraient mieux \u00ab\u00a0aux jeunes S\u00e9n\u00e9galais d\u2019ici, ce qu\u2019ils font l\u00e0-bas [\u2026], ce qu\u2019ils vont chercher l\u00e0-bas qu\u2019ils peuvent trouver ici, si le gouvernement leur offre les possibilit\u00e9s\u00a0\u00bb.<\/em><\/p>\n<p>Il est revenu sur la situation de certains militants et leaders de l\u2019opposition ayant maille \u00e0 partir avec la justice, disant les consid\u00e9rer comme \u00ab\u00a0des d\u00e9tenus politiques\u00a0\u00bb qui doivent \u00eatre lib\u00e9r\u00e9s \u00ab\u00a0dans les plus brefs d\u00e9lais\u00a0\u00bb.<\/p>\n<p>Khalifa Sall dit a d\u00e9cid\u00e9 <em>\u00ab\u00a0de reprendre ses activit\u00e9s, en commen\u00e7ant par Louga avant de continuer dans le Fouta\u00a0\u00bb<\/em>, apr\u00e8s avoir <em>\u00ab\u00a0observ\u00e9 une pause de trois mois depuis le mois de juin, en solidarit\u00e9 avec nos fr\u00e8res de [l\u2019ancien parti] PASTEF dont le leader est emprisonn\u00e9\u00a0\u00bb.<\/em><\/p>\n<p>Le parti PASTEF, dissous le 31 juillet dernier pour avoir appel\u00e9 \u00e0 des mouvements insurrectionnels, selon le minist\u00e8re de l\u2019Int\u00e9rieur, \u00e9tait dirig\u00e9 par Ousmane Sonko, pr\u00e9sent\u00e9 comme le principal opposant au pr\u00e9sident Macky Sall.<\/p>\n<p>Sonko, qui avait d\u00e9clar\u00e9 sa candidature \u00e0 la pr\u00e9sidentielle de f\u00e9vrier 2024, mais a \u00e9t\u00e9 ray\u00e9 des listes \u00e9lectorales, a \u00e9t\u00e9 incarc\u00e9r\u00e9 le 28 juillet dernier dans une affaire o\u00f9 il est notamment poursuivi pour \u00ab\u00a0appel \u00e0 l\u2019insurrection\u00a0\u00bb.<\/p>\n<p>Il avait \u00e9t\u00e9 d\u00e9j\u00e0 condamn\u00e9 \u00e0 deux ans de prison pour corruption de la jeunesse, le premier juin dernier, mais n\u2019avait pas \u00e9t\u00e9 incarc\u00e9r\u00e9.<\/p>\n<p>Il a finalement \u00e9t\u00e9 arr\u00eat\u00e9 le 28 juillet dernier, avant d\u2019\u00eatre inculp\u00e9 et plac\u00e9 en d\u00e9tention deux jours plus tard, pour <em>\u00ab\u00a0appels \u00e0 l\u2019insurrection et complot\u00a0\u00bb<\/em> contre l\u2019\u00c9tat.<\/p>\n<p>En prison, l\u2019opposant a alors entam\u00e9 une gr\u00e8ve de la faim qu\u2019il a d\u00e9cid\u00e9 de suspendre le 2 septembre dernier, apr\u00e8s plus d\u2019un mois de di\u00e8te et apr\u00e8s avoir \u00e9t\u00e9 admis en soins intensifs.<\/p>\n<div class='share-to-whatsapp-wrapper'><div class='share-on-whsp'>PARTAGER SUR : <\/div><a data-text='KHALIFA SALL - \"Ce que nous comptons faire pour la pr\u00e9sidentielle\"' data-link='https:\/\/www.nettali.com\/2023\/09\/11\/khalifa-sall-ce-que-nous-comptons-faire-pour-la-presidentielle\/' class='whatsapp-button whatsapp-share'>WhatsApp<\/a><div class='clear '><\/div><\/div>","protected":false},"excerpt":{"rendered":"<p>NETTALI.COM - L\u2019ancien maire de Dakar, Khalifa Sall, candidat d\u00e9clar\u00e9 \u00e0 la pr\u00e9sidentielle de f\u00e9vrier 2024, veut construire son projet \u00e0 partir des aspirations et propositions des populations, afin que la mise en \u0153uvre des politiques publiques puisse, dit-il, refl\u00e9ter les pr\u00e9occupations des citoyens. \u00ab\u00a0Nous voulons construire le projet du candidat \u00e0 la prochaine pr\u00e9sidentielle, [&hellip;]<\/p>\n","protected":false},"author":4,"featured_media":104196,"comment_status":"open","ping_status":"open","sticky":false,"template":"","format":"standard","meta":{"_et_pb_use_builder":"","_et_pb_old_content":""},"categories":[2],"tags":[],"yoast_head":"<!-- This site is optimized with the Yoast SEO Premium plugin v17.8 (Yoast SEO v17.8) - https:\/\/yoast.com\/wordpress\/plugins\/seo\/ -->\n<title>KHALIFA SALL - &quot;Ce que nous comptons faire pour la pr\u00e9sidentielle&quot; | Nettali.com<\/title>\n<meta name=\"robots\" content=\"index, follow, max-snippet:-1, max-image-preview:large, max-video-preview:-1\" \/>\n<link rel=\"canonical\" href=\"https:\/\/www.nettali.com\/2023\/09\/11\/khalifa-sall-ce-que-nous-comptons-faire-pour-la-presidentielle\/\" \/>\n<meta property=\"og:locale\" content=\"fr_FR\" \/>\n<meta property=\"og:type\" content=\"article\" \/>\n<meta property=\"og:title\" content=\"KHALIFA SALL - &quot;Ce que nous comptons faire pour la pr\u00e9sidentielle&quot;\" \/>\n<meta property=\"og:description\" content=\"NETTALI.COM - L\u2019ancien maire de Dakar, Khalifa Sall, candidat d\u00e9clar\u00e9 \u00e0 la pr\u00e9sidentielle de f\u00e9vrier 2024, veut construire son projet \u00e0 partir des aspirations et propositions des populations, afin que la mise en \u0153uvre des politiques publiques puisse, dit-il, refl\u00e9ter les pr\u00e9occupations des citoyens. \u00ab\u00a0Nous voulons construire le projet du candidat \u00e0 la prochaine pr\u00e9sidentielle, [&hellip;]\" \/>\n<meta property=\"og:url\" content=\"https:\/\/www.nettali.com\/2023\/09\/11\/khalifa-sall-ce-que-nous-comptons-faire-pour-la-presidentielle\/\" \/>\n<meta property=\"og:site_name\" content=\"Nettali.com\" \/>\n<meta property=\"article:publisher\" content=\"https:\/\/www.facebook.com\/nettalicom\" \/>\n<meta property=\"article:published_time\" content=\"2023-09-11T07:32:45+00:00\" \/>\n<meta property=\"article:modified_time\" content=\"2023-09-11T20:51:56+00:00\" \/>\n<meta property=\"og:image\" content=\"https:\/\/www.nettali.com\/wp-content\/uploads\/2023\/02\/Sall-khalifa.jpeg\" \/>\n\t<meta property=\"og:image:width\" content=\"1232\" \/>\n\t<meta property=\"og:image:height\" content=\"816\" \/>\n<meta name=\"twitter:card\" content=\"summary_large_image\" \/>\n<meta name=\"twitter:label1\" content=\"\u00c9crit par\" \/>\n\t<meta name=\"twitter:data1\" content=\"Daouda\" \/>\n\t<meta name=\"twitter:label2\" content=\"Dur\u00e9e de lecture estim\u00e9e\" \/>\n\t<meta name=\"twitter:data2\" content=\"3 minutes\" \/>\n<script type=\"application\/ld+json\" class=\"yoast-schema-graph\">{\"@context\":\"https:\/\/schema.org\",\"@graph\":[{\"@type\":\"WebSite\",\"@id\":\"https:\/\/www.nettali.com\/#website\",\"url\":\"https:\/\/www.nettali.com\/\",\"name\":\"Nettali.com\",\"description\":\"Le rendez-vous critique du Net\",\"potentialAction\":[{\"@type\":\"SearchAction\",\"target\":{\"@type\":\"EntryPoint\",\"urlTemplate\":\"https:\/\/www.nettali.com\/?s={search_term_string}\"},\"query-input\":\"required name=search_term_string\"}],\"inLanguage\":\"fr-FR\"},{\"@type\":\"ImageObject\",\"@id\":\"https:\/\/www.nettali.com\/2023\/09\/11\/khalifa-sall-ce-que-nous-comptons-faire-pour-la-presidentielle\/#primaryimage\",\"inLanguage\":\"fr-FR\",\"url\":\"https:\/\/www.nettali.com\/wp-content\/uploads\/2023\/02\/Sall-khalifa.jpeg\",\"contentUrl\":\"https:\/\/www.nettali.com\/wp-content\/uploads\/2023\/02\/Sall-khalifa.jpeg\",\"width\":1232,\"height\":816},{\"@type\":\"WebPage\",\"@id\":\"https:\/\/www.nettali.com\/2023\/09\/11\/khalifa-sall-ce-que-nous-comptons-faire-pour-la-presidentielle\/#webpage\",\"url\":\"https:\/\/www.nettali.com\/2023\/09\/11\/khalifa-sall-ce-que-nous-comptons-faire-pour-la-presidentielle\/\",\"name\":\"KHALIFA SALL - \\\"Ce que nous comptons faire pour la pr\\u00e9sidentielle\\\" | Nettali.com\",\"isPartOf\":{\"@id\":\"https:\/\/www.nettali.com\/#website\"},\"primaryImageOfPage\":{\"@id\":\"https:\/\/www.nettali.com\/2023\/09\/11\/khalifa-sall-ce-que-nous-comptons-faire-pour-la-presidentielle\/#primaryimage\"},\"datePublished\":\"2023-09-11T07:32:45+00:00\",\"dateModified\":\"2023-09-11T20:51:56+00:00\",\"author\":{\"@id\":\"https:\/\/www.nettali.com\/#\/schema\/person\/3317e0bb3aa1da309fbf7b2780901bf4\"},\"breadcrumb\":{\"@id\":\"https:\/\/www.nettali.com\/2023\/09\/11\/khalifa-sall-ce-que-nous-comptons-faire-pour-la-presidentielle\/#breadcrumb\"},\"inLanguage\":\"fr-FR\",\"potentialAction\":[{\"@type\":\"ReadAction\",\"target\":[\"https:\/\/www.nettali.com\/2023\/09\/11\/khalifa-sall-ce-que-nous-comptons-faire-pour-la-presidentielle\/\"]}]},{\"@type\":\"BreadcrumbList\",\"@id\":\"https:\/\/www.nettali.com\/2023\/09\/11\/khalifa-sall-ce-que-nous-comptons-faire-pour-la-presidentielle\/#breadcrumb\",\"itemListElement\":[{\"@type\":\"ListItem\",\"position\":1,\"name\":\"Accueil\",\"item\":\"https:\/\/www.nettali.com\/\"},{\"@type\":\"ListItem\",\"position\":2,\"name\":\"KHALIFA SALL - \\\"Ce que nous comptons faire pour la pr\\u00e9sidentielle\\\"\"}]},{\"@type\":\"Person\",\"@id\":\"https:\/\/www.nettali.com\/#\/schema\/person\/3317e0bb3aa1da309fbf7b2780901bf4\",\"name\":\"Daouda\",\"image\":{\"@type\":\"ImageObject\",\"@id\":\"https:\/\/www.nettali.com\/#personlogo\",\"inLanguage\":\"fr-FR\",\"url\":\"https:\/\/secure.gravatar.com\/avatar\/8d143b5a49345098ddcfee1c49c2f47c?s=96&d=mm&r=g\",\"contentUrl\":\"https:\/\/secure.gravatar.com\/avatar\/8d143b5a49345098ddcfee1c49c2f47c?s=96&d=mm&r=g\",\"caption\":\"Daouda\"},\"sameAs\":[\"https:\/\/www.nettali.com\"]}]}<\/script>\n<!-- \/ Yoast SEO Premium plugin. -->","yoast_head_json":{"title":"KHALIFA SALL - \"Ce que nous comptons faire pour la pr\u00e9sidentielle\" | Nettali.com","robots":{"index":"index","follow":"follow","max-snippet":"max-snippet:-1","max-image-preview":"max-image-preview:large","max-video-preview":"max-video-preview:-1"},"canonical":"https:\/\/www.nettali.com\/2023\/09\/11\/khalifa-sall-ce-que-nous-comptons-faire-pour-la-presidentielle\/","og_locale":"fr_FR","og_type":"article","og_title":"KHALIFA SALL - \"Ce que nous comptons faire pour la pr\u00e9sidentielle\"","og_description":"NETTALI.COM - L\u2019ancien maire de Dakar, Khalifa Sall, candidat d\u00e9clar\u00e9 \u00e0 la pr\u00e9sidentielle de f\u00e9vrier 2024, veut construire son projet \u00e0 partir des aspirations et propositions des populations, afin que la mise en \u0153uvre des politiques publiques puisse, dit-il, refl\u00e9ter les pr\u00e9occupations des citoyens. \u00ab\u00a0Nous voulons construire le projet du candidat \u00e0 la prochaine pr\u00e9sidentielle, [&hellip;]","og_url":"https:\/\/www.nettali.com\/2023\/09\/11\/khalifa-sall-ce-que-nous-comptons-faire-pour-la-presidentielle\/","og_site_name":"Nettali.com","article_publisher":"https:\/\/www.facebook.com\/nettalicom","article_published_time":"2023-09-11T07:32:45+00:00","article_modified_time":"2023-09-11T20:51:56+00:00","og_image":[{"width":1232,"height":816,"url":"https:\/\/www.nettali.com\/wp-content\/uploads\/2023\/02\/Sall-khalifa.jpeg","type":"image\/jpeg"}],"twitter_card":"summary_large_image","twitter_misc":{"\u00c9crit par":"Daouda","Dur\u00e9e de lecture estim\u00e9e":"3 minutes"},"schema":{"@context":"https:\/\/schema.org","@graph":[{"@type":"WebSite","@id":"https:\/\/www.nettali.com\/#website","url":"https:\/\/www.nettali.com\/","name":"Nettali.com","description":"Le rendez-vous critique du Net","potentialAction":[{"@type":"SearchAction","target":{"@type":"EntryPoint","urlTemplate":"https:\/\/www.nettali.com\/?s={search_term_string}"},"query-input":"required name=search_term_string"}],"inLanguage":"fr-FR"},{"@type":"ImageObject","@id":"https:\/\/www.nettali.com\/2023\/09\/11\/khalifa-sall-ce-que-nous-comptons-faire-pour-la-presidentielle\/#primaryimage","inLanguage":"fr-FR","url":"https:\/\/www.nettali.com\/wp-content\/uploads\/2023\/02\/Sall-khalifa.jpeg","contentUrl":"https:\/\/www.nettali.com\/wp-content\/uploads\/2023\/02\/Sall-khalifa.jpeg","width":1232,"height":816},{"@type":"WebPage","@id":"https:\/\/www.nettali.com\/2023\/09\/11\/khalifa-sall-ce-que-nous-comptons-faire-pour-la-presidentielle\/#webpage","url":"https:\/\/www.nettali.com\/2023\/09\/11\/khalifa-sall-ce-que-nous-comptons-faire-pour-la-presidentielle\/","name":"KHALIFA SALL - \"Ce que nous comptons faire pour la pr\u00e9sidentielle\" | Nettali.com","isPartOf":{"@id":"https:\/\/www.nettali.com\/#website"},"primaryImageOfPage":{"@id":"https:\/\/www.nettali.com\/2023\/09\/11\/khalifa-sall-ce-que-nous-comptons-faire-pour-la-presidentielle\/#primaryimage"},"datePublished":"2023-09-11T07:32:45+00:00","dateModified":"2023-09-11T20:51:56+00:00","author":{"@id":"https:\/\/www.nettali.com\/#\/schema\/person\/3317e0bb3aa1da309fbf7b2780901bf4"},"breadcrumb":{"@id":"https:\/\/www.nettali.com\/2023\/09\/11\/khalifa-sall-ce-que-nous-comptons-faire-pour-la-presidentielle\/#breadcrumb"},"inLanguage":"fr-FR","potentialAction":[{"@type":"ReadAction","target":["https:\/\/www.nettali.com\/2023\/09\/11\/khalifa-sall-ce-que-nous-comptons-faire-pour-la-presidentielle\/"]}]},{"@type":"BreadcrumbList","@id":"https:\/\/www.nettali.com\/2023\/09\/11\/khalifa-sall-ce-que-nous-comptons-faire-pour-la-presidentielle\/#breadcrumb","itemListElement":[{"@type":"ListItem","position":1,"name":"Accueil","item":"https:\/\/www.nettali.com\/"},{"@type":"ListItem","position":2,"name":"KHALIFA SALL - \"Ce que nous comptons faire pour la pr\u00e9sidentielle\""}]},{"@type":"Person","@id":"https:\/\/www.nettali.com\/#\/schema\/person\/3317e0bb3aa1da309fbf7b2780901bf4","name":"Daouda","image":{"@type":"ImageObject","@id":"https:\/\/www.nettali.com\/#personlogo","inLanguage":"fr-FR","url":"https:\/\/secure.gravatar.com\/avatar\/8d143b5a49345098ddcfee1c49c2f47c?s=96&d=mm&r=g","contentUrl":"https:\/\/secure.gravatar.com\/avatar\/8d143b5a49345098ddcfee1c49c2f47c?s=96&d=mm&r=g","caption":"Daouda"},"sameAs":["https:\/\/www.nettali.com"]}]}},"_links":{"self":[{"href":"https:\/\/www.nettali.com\/rest\/wp\/v2\/posts\/117862"}],"collection":[{"href":"https:\/\/www.nettali.com\/rest\/wp\/v2\/posts"}],"about":[{"href":"https:\/\/www.nettali.com\/rest\/wp\/v2\/types\/post"}],"author":[{"embeddable":true,"href":"https:\/\/www.nettali.com\/rest\/wp\/v2\/users\/4"}],"replies":[{"embeddable":true,"href":"https:\/\/www.nettali.com\/rest\/wp\/v2\/comments?post=117862"}],"version-history":[{"count":1,"href":"https:\/\/www.nettali.com\/rest\/wp\/v2\/posts\/117862\/revisions"}],"predecessor-version":[{"id":117863,"href":"https:\/\/www.nettali.com\/rest\/wp\/v2\/posts\/117862\/revisions\/117863"}],"wp:featuredmedia":[{"embeddable":true,"href":"https:\/\/www.nettali.com\/rest\/wp\/v2\/media\/104196"}],"wp:attachment":[{"href":"https:\/\/www.nettali.com\/rest\/wp\/v2\/media?parent=117862"}],"wp:term":[{"taxonomy":"category","embeddable":true,"href":"https:\/\/www.nettali.com\/rest\/wp\/v2\/categories?post=117862"},{"taxonomy":"post_tag","embeddable":true,"href":"https:\/\/www.nettali.com\/rest\/wp\/v2\/tags?post=117862"}],"curies":[{"name":"wp","href":"https:\/\/api.w.org\/{rel}","templated":true}]}}