{"id":117776,"date":"2023-09-09T20:44:05","date_gmt":"2023-09-09T20:44:05","guid":{"rendered":"https:\/\/www.nettali.com\/?p=117776"},"modified":"2023-09-09T20:45:30","modified_gmt":"2023-09-09T20:45:30","slug":"aly-ngouille-ndiaye-jai-ecrit-a-macky-sall-pour-lui-dire-que","status":"publish","type":"post","link":"https:\/\/www.nettali.com\/2023\/09\/09\/aly-ngouille-ndiaye-jai-ecrit-a-macky-sall-pour-lui-dire-que\/","title":{"rendered":"ALY NGOUILLE NDIAYE : \"J'ai \u00e9crit \u00e0 Macky Sall pour lui dire que...\""},"content":{"rendered":"<p><strong>NETTALI.COM - Aly Ngouille Ndiaye ne s'est pas limit\u00e9 \u00e0 annoncer sa d\u00e9mission du gouvernement. Il a aussi \u00e9crit au chef de l\u2019Etat pour lui exprimer son d\u00e9saccord quant au choix port\u00e9 sur Amadou Ba.\u00a0<\/strong><\/p>\n<p>\"<em>Nous avons \u00e9cout\u00e9 le pr\u00e9sident Moustapha Niasse qui a parl\u00e9 au nom du Pr\u00e9sident Macky Sall<\/em>\", a d'abord r\u00e9agi Aly Ngouille Ndiaye sur les ondes de la Rfm, juste apr\u00e8s l'annonce du choix port\u00e9 sur Amadou Ba pour d\u00e9fendre les couleurs de Benno Bokk Yakaar \u00e0 la prochaine pr\u00e9sidentielle. S'il reconna\u00eet \u00e0 Macky Sall le droit de choisir un candidat conform\u00e9ment au mandat que lui avait confi\u00e9 sa coalition, Aly Ngouille Ndiaye ne cache pas son opposition. \"<em>Nous ne sommes pas d'accord avec ce choix\"<\/em>, dit-il sans h\u00e9siter.<\/p>\n<p>Mieux, l'ancien ministre de l'Int\u00e9rieur poursuit : \"<em>J'ai \u00e9crit au chef de l\u2019Etat pour lui dire que je quitte le gouvernement.<\/em>\"<\/p>\n<p>Quid de sa candidature \u00e0 la pr\u00e9sidentielle de 2024? \"<em>D'ici quelques jours, vous aurez ma r\u00e9ponse<\/em>\", r\u00e9pond Aly Ngouille Ndiaye. Qui insiste sur sa d\u00e9cision de quitter le gouvernement.<\/p>\n<div class='share-to-whatsapp-wrapper'><div class='share-on-whsp'>PARTAGER SUR : <\/div><a data-text='ALY NGOUILLE NDIAYE : \"J'ai \u00e9crit \u00e0 Macky Sall pour lui dire que...\"' data-link='https:\/\/www.nettali.com\/2023\/09\/09\/aly-ngouille-ndiaye-jai-ecrit-a-macky-sall-pour-lui-dire-que\/' class='whatsapp-button whatsapp-share'>WhatsApp<\/a><div class='clear '><\/div><\/div>","protected":false},"excerpt":{"rendered":"<p>NETTALI.COM - Aly Ngouille Ndiaye ne s'est pas limit\u00e9 \u00e0 annoncer sa d\u00e9mission du gouvernement. Il a aussi \u00e9crit au chef de l\u2019Etat pour lui exprimer son d\u00e9saccord quant au choix port\u00e9 sur Amadou Ba.\u00a0 \"Nous avons \u00e9cout\u00e9 le pr\u00e9sident Moustapha Niasse qui a parl\u00e9 au nom du Pr\u00e9sident Macky Sall\", a d'abord r\u00e9agi Aly [&hellip;]<\/p>\n","protected":false},"author":3,"featured_media":23682,"comment_status":"open","ping_status":"open","sticky":false,"template":"","format":"standard","meta":{"_et_pb_use_builder":"","_et_pb_old_content":""},"categories":[2],"tags":[],"yoast_head":"<!-- This site is optimized with the Yoast SEO Premium plugin v17.8 (Yoast SEO v17.8) - https:\/\/yoast.com\/wordpress\/plugins\/seo\/ -->\n<title>ALY NGOUILLE NDIAYE : &quot;J&#039;ai \u00e9crit \u00e0 Macky Sall pour lui dire que...&quot; | Nettali.com<\/title>\n<meta name=\"robots\" content=\"index, follow, max-snippet:-1, max-image-preview:large, max-video-preview:-1\" \/>\n<link rel=\"canonical\" href=\"https:\/\/www.nettali.com\/2023\/09\/09\/aly-ngouille-ndiaye-jai-ecrit-a-macky-sall-pour-lui-dire-que\/\" \/>\n<meta property=\"og:locale\" content=\"fr_FR\" \/>\n<meta property=\"og:type\" content=\"article\" \/>\n<meta property=\"og:title\" content=\"ALY NGOUILLE NDIAYE : &quot;J&#039;ai \u00e9crit \u00e0 Macky Sall pour lui dire que...&quot;\" \/>\n<meta property=\"og:description\" content=\"NETTALI.COM - Aly Ngouille Ndiaye ne s&#039;est pas limit\u00e9 \u00e0 annoncer sa d\u00e9mission du gouvernement. Il a aussi \u00e9crit au chef de l\u2019Etat pour lui exprimer son d\u00e9saccord quant au choix port\u00e9 sur Amadou Ba.\u00a0 &quot;Nous avons \u00e9cout\u00e9 le pr\u00e9sident Moustapha Niasse qui a parl\u00e9 au nom du Pr\u00e9sident Macky Sall&quot;, a d&#039;abord r\u00e9agi Aly [&hellip;]\" \/>\n<meta property=\"og:url\" content=\"https:\/\/www.nettali.com\/2023\/09\/09\/aly-ngouille-ndiaye-jai-ecrit-a-macky-sall-pour-lui-dire-que\/\" \/>\n<meta property=\"og:site_name\" content=\"Nettali.com\" \/>\n<meta property=\"article:publisher\" content=\"https:\/\/www.facebook.com\/nettalicom\" \/>\n<meta property=\"article:published_time\" content=\"2023-09-09T20:44:05+00:00\" \/>\n<meta property=\"article:modified_time\" content=\"2023-09-09T20:45:30+00:00\" \/>\n<meta property=\"og:image\" content=\"https:\/\/www.nettali.com\/wp-content\/uploads\/2019\/12\/Aly-Ngouille-Ndiaye.jpg\" \/>\n\t<meta property=\"og:image:width\" content=\"1540\" \/>\n\t<meta property=\"og:image:height\" content=\"750\" \/>\n<meta name=\"twitter:card\" content=\"summary_large_image\" \/>\n<meta name=\"twitter:label1\" content=\"\u00c9crit par\" \/>\n\t<meta name=\"twitter:data1\" content=\"Moustapha\" \/>\n\t<meta name=\"twitter:label2\" content=\"Dur\u00e9e de lecture estim\u00e9e\" \/>\n\t<meta name=\"twitter:data2\" content=\"1 minute\" \/>\n<script type=\"application\/ld+json\" class=\"yoast-schema-graph\">{\"@context\":\"https:\/\/schema.org\",\"@graph\":[{\"@type\":\"WebSite\",\"@id\":\"https:\/\/www.nettali.com\/#website\",\"url\":\"https:\/\/www.nettali.com\/\",\"name\":\"Nettali.com\",\"description\":\"Le rendez-vous critique du Net\",\"potentialAction\":[{\"@type\":\"SearchAction\",\"target\":{\"@type\":\"EntryPoint\",\"urlTemplate\":\"https:\/\/www.nettali.com\/?s={search_term_string}\"},\"query-input\":\"required name=search_term_string\"}],\"inLanguage\":\"fr-FR\"},{\"@type\":\"ImageObject\",\"@id\":\"https:\/\/www.nettali.com\/2023\/09\/09\/aly-ngouille-ndiaye-jai-ecrit-a-macky-sall-pour-lui-dire-que\/#primaryimage\",\"inLanguage\":\"fr-FR\",\"url\":\"https:\/\/www.nettali.com\/wp-content\/uploads\/2019\/12\/Aly-Ngouille-Ndiaye.jpg\",\"contentUrl\":\"https:\/\/www.nettali.com\/wp-content\/uploads\/2019\/12\/Aly-Ngouille-Ndiaye.jpg\",\"width\":1540,\"height\":750},{\"@type\":\"WebPage\",\"@id\":\"https:\/\/www.nettali.com\/2023\/09\/09\/aly-ngouille-ndiaye-jai-ecrit-a-macky-sall-pour-lui-dire-que\/#webpage\",\"url\":\"https:\/\/www.nettali.com\/2023\/09\/09\/aly-ngouille-ndiaye-jai-ecrit-a-macky-sall-pour-lui-dire-que\/\",\"name\":\"ALY NGOUILLE NDIAYE : \\\"J'ai \\u00e9crit \\u00e0 Macky Sall pour lui dire que...\\\" | Nettali.com\",\"isPartOf\":{\"@id\":\"https:\/\/www.nettali.com\/#website\"},\"primaryImageOfPage\":{\"@id\":\"https:\/\/www.nettali.com\/2023\/09\/09\/aly-ngouille-ndiaye-jai-ecrit-a-macky-sall-pour-lui-dire-que\/#primaryimage\"},\"datePublished\":\"2023-09-09T20:44:05+00:00\",\"dateModified\":\"2023-09-09T20:45:30+00:00\",\"author\":{\"@id\":\"https:\/\/www.nettali.com\/#\/schema\/person\/7962a12a6e0267f88f0ffa544c36469a\"},\"breadcrumb\":{\"@id\":\"https:\/\/www.nettali.com\/2023\/09\/09\/aly-ngouille-ndiaye-jai-ecrit-a-macky-sall-pour-lui-dire-que\/#breadcrumb\"},\"inLanguage\":\"fr-FR\",\"potentialAction\":[{\"@type\":\"ReadAction\",\"target\":[\"https:\/\/www.nettali.com\/2023\/09\/09\/aly-ngouille-ndiaye-jai-ecrit-a-macky-sall-pour-lui-dire-que\/\"]}]},{\"@type\":\"BreadcrumbList\",\"@id\":\"https:\/\/www.nettali.com\/2023\/09\/09\/aly-ngouille-ndiaye-jai-ecrit-a-macky-sall-pour-lui-dire-que\/#breadcrumb\",\"itemListElement\":[{\"@type\":\"ListItem\",\"position\":1,\"name\":\"Accueil\",\"item\":\"https:\/\/www.nettali.com\/\"},{\"@type\":\"ListItem\",\"position\":2,\"name\":\"ALY NGOUILLE NDIAYE : \\\"J'ai \\u00e9crit \\u00e0 Macky Sall pour lui dire que...\\\"\"}]},{\"@type\":\"Person\",\"@id\":\"https:\/\/www.nettali.com\/#\/schema\/person\/7962a12a6e0267f88f0ffa544c36469a\",\"name\":\"Moustapha\",\"image\":{\"@type\":\"ImageObject\",\"@id\":\"https:\/\/www.nettali.com\/#personlogo\",\"inLanguage\":\"fr-FR\",\"url\":\"https:\/\/secure.gravatar.com\/avatar\/10fdf6a071cccdcf374e3dbe45159590?s=96&d=mm&r=g\",\"contentUrl\":\"https:\/\/secure.gravatar.com\/avatar\/10fdf6a071cccdcf374e3dbe45159590?s=96&d=mm&r=g\",\"caption\":\"Moustapha\"},\"sameAs\":[\"https:\/\/www.nettali.com\"]}]}<\/script>\n<!-- \/ Yoast SEO Premium plugin. -->","yoast_head_json":{"title":"ALY NGOUILLE NDIAYE : \"J'ai \u00e9crit \u00e0 Macky Sall pour lui dire que...\" | Nettali.com","robots":{"index":"index","follow":"follow","max-snippet":"max-snippet:-1","max-image-preview":"max-image-preview:large","max-video-preview":"max-video-preview:-1"},"canonical":"https:\/\/www.nettali.com\/2023\/09\/09\/aly-ngouille-ndiaye-jai-ecrit-a-macky-sall-pour-lui-dire-que\/","og_locale":"fr_FR","og_type":"article","og_title":"ALY NGOUILLE NDIAYE : \"J'ai \u00e9crit \u00e0 Macky Sall pour lui dire que...\"","og_description":"NETTALI.COM - Aly Ngouille Ndiaye ne s'est pas limit\u00e9 \u00e0 annoncer sa d\u00e9mission du gouvernement. Il a aussi \u00e9crit au chef de l\u2019Etat pour lui exprimer son d\u00e9saccord quant au choix port\u00e9 sur Amadou Ba.\u00a0 \"Nous avons \u00e9cout\u00e9 le pr\u00e9sident Moustapha Niasse qui a parl\u00e9 au nom du Pr\u00e9sident Macky Sall\", a d'abord r\u00e9agi Aly [&hellip;]","og_url":"https:\/\/www.nettali.com\/2023\/09\/09\/aly-ngouille-ndiaye-jai-ecrit-a-macky-sall-pour-lui-dire-que\/","og_site_name":"Nettali.com","article_publisher":"https:\/\/www.facebook.com\/nettalicom","article_published_time":"2023-09-09T20:44:05+00:00","article_modified_time":"2023-09-09T20:45:30+00:00","og_image":[{"width":1540,"height":750,"url":"https:\/\/www.nettali.com\/wp-content\/uploads\/2019\/12\/Aly-Ngouille-Ndiaye.jpg","type":"image\/jpeg"}],"twitter_card":"summary_large_image","twitter_misc":{"\u00c9crit par":"Moustapha","Dur\u00e9e de lecture estim\u00e9e":"1 minute"},"schema":{"@context":"https:\/\/schema.org","@graph":[{"@type":"WebSite","@id":"https:\/\/www.nettali.com\/#website","url":"https:\/\/www.nettali.com\/","name":"Nettali.com","description":"Le rendez-vous critique du Net","potentialAction":[{"@type":"SearchAction","target":{"@type":"EntryPoint","urlTemplate":"https:\/\/www.nettali.com\/?s={search_term_string}"},"query-input":"required name=search_term_string"}],"inLanguage":"fr-FR"},{"@type":"ImageObject","@id":"https:\/\/www.nettali.com\/2023\/09\/09\/aly-ngouille-ndiaye-jai-ecrit-a-macky-sall-pour-lui-dire-que\/#primaryimage","inLanguage":"fr-FR","url":"https:\/\/www.nettali.com\/wp-content\/uploads\/2019\/12\/Aly-Ngouille-Ndiaye.jpg","contentUrl":"https:\/\/www.nettali.com\/wp-content\/uploads\/2019\/12\/Aly-Ngouille-Ndiaye.jpg","width":1540,"height":750},{"@type":"WebPage","@id":"https:\/\/www.nettali.com\/2023\/09\/09\/aly-ngouille-ndiaye-jai-ecrit-a-macky-sall-pour-lui-dire-que\/#webpage","url":"https:\/\/www.nettali.com\/2023\/09\/09\/aly-ngouille-ndiaye-jai-ecrit-a-macky-sall-pour-lui-dire-que\/","name":"ALY NGOUILLE NDIAYE : \"J'ai \u00e9crit \u00e0 Macky Sall pour lui dire que...\" | Nettali.com","isPartOf":{"@id":"https:\/\/www.nettali.com\/#website"},"primaryImageOfPage":{"@id":"https:\/\/www.nettali.com\/2023\/09\/09\/aly-ngouille-ndiaye-jai-ecrit-a-macky-sall-pour-lui-dire-que\/#primaryimage"},"datePublished":"2023-09-09T20:44:05+00:00","dateModified":"2023-09-09T20:45:30+00:00","author":{"@id":"https:\/\/www.nettali.com\/#\/schema\/person\/7962a12a6e0267f88f0ffa544c36469a"},"breadcrumb":{"@id":"https:\/\/www.nettali.com\/2023\/09\/09\/aly-ngouille-ndiaye-jai-ecrit-a-macky-sall-pour-lui-dire-que\/#breadcrumb"},"inLanguage":"fr-FR","potentialAction":[{"@type":"ReadAction","target":["https:\/\/www.nettali.com\/2023\/09\/09\/aly-ngouille-ndiaye-jai-ecrit-a-macky-sall-pour-lui-dire-que\/"]}]},{"@type":"BreadcrumbList","@id":"https:\/\/www.nettali.com\/2023\/09\/09\/aly-ngouille-ndiaye-jai-ecrit-a-macky-sall-pour-lui-dire-que\/#breadcrumb","itemListElement":[{"@type":"ListItem","position":1,"name":"Accueil","item":"https:\/\/www.nettali.com\/"},{"@type":"ListItem","position":2,"name":"ALY NGOUILLE NDIAYE : \"J'ai \u00e9crit \u00e0 Macky Sall pour lui dire que...\""}]},{"@type":"Person","@id":"https:\/\/www.nettali.com\/#\/schema\/person\/7962a12a6e0267f88f0ffa544c36469a","name":"Moustapha","image":{"@type":"ImageObject","@id":"https:\/\/www.nettali.com\/#personlogo","inLanguage":"fr-FR","url":"https:\/\/secure.gravatar.com\/avatar\/10fdf6a071cccdcf374e3dbe45159590?s=96&d=mm&r=g","contentUrl":"https:\/\/secure.gravatar.com\/avatar\/10fdf6a071cccdcf374e3dbe45159590?s=96&d=mm&r=g","caption":"Moustapha"},"sameAs":["https:\/\/www.nettali.com"]}]}},"_links":{"self":[{"href":"https:\/\/www.nettali.com\/rest\/wp\/v2\/posts\/117776"}],"collection":[{"href":"https:\/\/www.nettali.com\/rest\/wp\/v2\/posts"}],"about":[{"href":"https:\/\/www.nettali.com\/rest\/wp\/v2\/types\/post"}],"author":[{"embeddable":true,"href":"https:\/\/www.nettali.com\/rest\/wp\/v2\/users\/3"}],"replies":[{"embeddable":true,"href":"https:\/\/www.nettali.com\/rest\/wp\/v2\/comments?post=117776"}],"version-history":[{"count":3,"href":"https:\/\/www.nettali.com\/rest\/wp\/v2\/posts\/117776\/revisions"}],"predecessor-version":[{"id":117779,"href":"https:\/\/www.nettali.com\/rest\/wp\/v2\/posts\/117776\/revisions\/117779"}],"wp:featuredmedia":[{"embeddable":true,"href":"https:\/\/www.nettali.com\/rest\/wp\/v2\/media\/23682"}],"wp:attachment":[{"href":"https:\/\/www.nettali.com\/rest\/wp\/v2\/media?parent=117776"}],"wp:term":[{"taxonomy":"category","embeddable":true,"href":"https:\/\/www.nettali.com\/rest\/wp\/v2\/categories?post=117776"},{"taxonomy":"post_tag","embeddable":true,"href":"https:\/\/www.nettali.com\/rest\/wp\/v2\/tags?post=117776"}],"curies":[{"name":"wp","href":"https:\/\/api.w.org\/{rel}","templated":true}]}}