{"id":117712,"date":"2023-09-09T09:11:56","date_gmt":"2023-09-09T09:11:56","guid":{"rendered":"https:\/\/www.nettali.com\/?p=117712"},"modified":"2023-09-09T09:11:56","modified_gmt":"2023-09-09T09:11:56","slug":"en-coulisses-macky-laureat","status":"publish","type":"post","link":"https:\/\/www.nettali.com\/2023\/09\/09\/en-coulisses-macky-laureat\/","title":{"rendered":"EN COULISSES - Macky, laur\u00e9at"},"content":{"rendered":"<div class=\"page\" title=\"Page 2\">\n<div class=\"layoutArea\">\n<div class=\"column\">\n<p><strong>NETTALI.COM -<\/strong> Macky Sall est le laure\u0301at du Prix mondial du Leadership dans le domaine de la finance islamique. Il recevra son prix lors de la 13e e\u0301dition des Global Islamic Finance Awards (Gifa) qui aura lieu le jeudi 14 septembre 2023 au King Fahd Palace de Dakar. Cette rencontre sera l\u2019occasion de ce\u0301le\u0301brer l\u2019excellence et l\u2019innovation dans la finance islamique.<\/p>\n<p>C\u2019est en effet une initiative porte\u0301e par la firme Cambridge IFA, base\u0301e a\u0300 Londres, en e\u0301troite collaboration avec l'Institut africain de la finance islamique (AIIF base\u0301 au Se\u0301ne\u0301gal) comme partenaire local.<\/p>\n<p>Le pre\u0301sident se\u0301ne\u0301galais Macky Sall recevoir ce prix \"<em>pour ses efforts conside\u0301rables visant a\u0300 soutenir cette industrie novatrice et a\u0300 positionner le Se\u0301ne\u0301gal comme une plaque tournante ouest-africaine de la finance islamique<\/em>\", renseigne une note parvenue a\u0300 notre re\u0301daction.<\/p>\n<p>L'e\u0301ve\u0301nement verra la participation d'e\u0301minents experts, praticiens, de\u0301cideurs politiques et universitaires du secteur de la finance islamique, pour discuter des derniers de\u0301veloppements, tendances et de\u0301fis du secteur. Il faut aussi souligner que la tenue d\u2019une telle rencontre n\u2019est pas une premie\u0300re en terre africaine.<\/p>\n<p>Auparavant, renseigne la note, des ce\u0301re\u0301monies Gifa ont eu lieu en Afrique, en Bosnie- Herze\u0301govine, au Kazakhstan, en Indone\u0301sie, a\u0300 Bahrei\u0308n, aux E\u0301mirats arabes unis, a\u0300 Oman, au Pakistan et en Malaisie.<\/p>\n<p>Selon toujours les initiateurs, en marge de la ce\u0301re\u0301monie de remise de prix, le de\u0301roulement du sommet sera marque\u0301 par des discours d'ouverture et des tables rondes sur divers sujets lie\u0301s a\u0300 la finance islamique, en particulier dans le contexte de la re\u0301gion africaine, tels que la gouvernance de la charia, la FinTech, la durabilite\u0301, l'impact social et l'inclusion financie\u0300re. Aussi, le sommet pre\u0301sentera e\u0301galement les meilleures pratiques et innovations en matie\u0300re de finance islamique iden- tifie\u0301es a\u0300 travers le monde entier.<\/p>\n<\/div>\n<\/div>\n<\/div>\n<div class='share-to-whatsapp-wrapper'><div class='share-on-whsp'>PARTAGER SUR : <\/div><a data-text='EN COULISSES - Macky, laur\u00e9at' data-link='https:\/\/www.nettali.com\/2023\/09\/09\/en-coulisses-macky-laureat\/' class='whatsapp-button whatsapp-share'>WhatsApp<\/a><div class='clear '><\/div><\/div>","protected":false},"excerpt":{"rendered":"<p>NETTALI.COM - Macky Sall est le laure\u0301at du Prix mondial du Leadership dans le domaine de la finance islamique. Il recevra son prix lors de la 13e e\u0301dition des Global Islamic Finance Awards (Gifa) qui aura lieu le jeudi 14 septembre 2023 au King Fahd Palace de Dakar. Cette rencontre sera l\u2019occasion de ce\u0301le\u0301brer l\u2019excellence [&hellip;]<\/p>\n","protected":false},"author":2,"featured_media":117722,"comment_status":"open","ping_status":"open","sticky":false,"template":"","format":"standard","meta":{"_et_pb_use_builder":"","_et_pb_old_content":""},"categories":[34945],"tags":[],"yoast_head":"<!-- This site is optimized with the Yoast SEO Premium plugin v17.8 (Yoast SEO v17.8) - https:\/\/yoast.com\/wordpress\/plugins\/seo\/ -->\n<title>EN COULISSES - Macky, laur\u00e9at | Nettali.com<\/title>\n<meta name=\"robots\" content=\"index, follow, max-snippet:-1, max-image-preview:large, max-video-preview:-1\" \/>\n<link rel=\"canonical\" href=\"https:\/\/www.nettali.com\/2023\/09\/09\/en-coulisses-macky-laureat\/\" \/>\n<meta property=\"og:locale\" content=\"fr_FR\" \/>\n<meta property=\"og:type\" content=\"article\" \/>\n<meta property=\"og:title\" content=\"EN COULISSES - Macky, laur\u00e9at\" \/>\n<meta property=\"og:description\" content=\"NETTALI.COM - Macky Sall est le laure\u0301at du Prix mondial du Leadership dans le domaine de la finance islamique. Il recevra son prix lors de la 13e e\u0301dition des Global Islamic Finance Awards (Gifa) qui aura lieu le jeudi 14 septembre 2023 au King Fahd Palace de Dakar. Cette rencontre sera l\u2019occasion de ce\u0301le\u0301brer l\u2019excellence [&hellip;]\" \/>\n<meta property=\"og:url\" content=\"https:\/\/www.nettali.com\/2023\/09\/09\/en-coulisses-macky-laureat\/\" \/>\n<meta property=\"og:site_name\" content=\"Nettali.com\" \/>\n<meta property=\"article:publisher\" content=\"https:\/\/www.facebook.com\/nettalicom\" \/>\n<meta property=\"article:published_time\" content=\"2023-09-09T09:11:56+00:00\" \/>\n<meta property=\"og:image\" content=\"https:\/\/www.nettali.com\/wp-content\/uploads\/2023\/09\/130274794_344804831_1639508119827167_4844762126423259577_n.jpg\" \/>\n\t<meta property=\"og:image:width\" content=\"640\" \/>\n\t<meta property=\"og:image:height\" content=\"483\" \/>\n<meta name=\"twitter:card\" content=\"summary_large_image\" \/>\n<meta name=\"twitter:label1\" content=\"\u00c9crit par\" \/>\n\t<meta name=\"twitter:data1\" content=\"CK\" \/>\n\t<meta name=\"twitter:label2\" content=\"Dur\u00e9e de lecture estim\u00e9e\" \/>\n\t<meta name=\"twitter:data2\" content=\"2 minutes\" \/>\n<script type=\"application\/ld+json\" class=\"yoast-schema-graph\">{\"@context\":\"https:\/\/schema.org\",\"@graph\":[{\"@type\":\"WebSite\",\"@id\":\"https:\/\/www.nettali.com\/#website\",\"url\":\"https:\/\/www.nettali.com\/\",\"name\":\"Nettali.com\",\"description\":\"Le rendez-vous critique du Net\",\"potentialAction\":[{\"@type\":\"SearchAction\",\"target\":{\"@type\":\"EntryPoint\",\"urlTemplate\":\"https:\/\/www.nettali.com\/?s={search_term_string}\"},\"query-input\":\"required name=search_term_string\"}],\"inLanguage\":\"fr-FR\"},{\"@type\":\"ImageObject\",\"@id\":\"https:\/\/www.nettali.com\/2023\/09\/09\/en-coulisses-macky-laureat\/#primaryimage\",\"inLanguage\":\"fr-FR\",\"url\":\"https:\/\/www.nettali.com\/wp-content\/uploads\/2023\/09\/130274794_344804831_1639508119827167_4844762126423259577_n.jpg\",\"contentUrl\":\"https:\/\/www.nettali.com\/wp-content\/uploads\/2023\/09\/130274794_344804831_1639508119827167_4844762126423259577_n.jpg\",\"width\":640,\"height\":483},{\"@type\":\"WebPage\",\"@id\":\"https:\/\/www.nettali.com\/2023\/09\/09\/en-coulisses-macky-laureat\/#webpage\",\"url\":\"https:\/\/www.nettali.com\/2023\/09\/09\/en-coulisses-macky-laureat\/\",\"name\":\"EN COULISSES - Macky, laur\\u00e9at | Nettali.com\",\"isPartOf\":{\"@id\":\"https:\/\/www.nettali.com\/#website\"},\"primaryImageOfPage\":{\"@id\":\"https:\/\/www.nettali.com\/2023\/09\/09\/en-coulisses-macky-laureat\/#primaryimage\"},\"datePublished\":\"2023-09-09T09:11:56+00:00\",\"dateModified\":\"2023-09-09T09:11:56+00:00\",\"author\":{\"@id\":\"https:\/\/www.nettali.com\/#\/schema\/person\/d8ac7b7e27ddad43f1c0d2ef090d7f71\"},\"breadcrumb\":{\"@id\":\"https:\/\/www.nettali.com\/2023\/09\/09\/en-coulisses-macky-laureat\/#breadcrumb\"},\"inLanguage\":\"fr-FR\",\"potentialAction\":[{\"@type\":\"ReadAction\",\"target\":[\"https:\/\/www.nettali.com\/2023\/09\/09\/en-coulisses-macky-laureat\/\"]}]},{\"@type\":\"BreadcrumbList\",\"@id\":\"https:\/\/www.nettali.com\/2023\/09\/09\/en-coulisses-macky-laureat\/#breadcrumb\",\"itemListElement\":[{\"@type\":\"ListItem\",\"position\":1,\"name\":\"Accueil\",\"item\":\"https:\/\/www.nettali.com\/\"},{\"@type\":\"ListItem\",\"position\":2,\"name\":\"EN COULISSES - Macky, laur\\u00e9at\"}]},{\"@type\":\"Person\",\"@id\":\"https:\/\/www.nettali.com\/#\/schema\/person\/d8ac7b7e27ddad43f1c0d2ef090d7f71\",\"name\":\"CK\",\"image\":{\"@type\":\"ImageObject\",\"@id\":\"https:\/\/www.nettali.com\/#personlogo\",\"inLanguage\":\"fr-FR\",\"url\":\"https:\/\/secure.gravatar.com\/avatar\/1d8d5118b9327d94da7cd4ce7f17fec2?s=96&d=mm&r=g\",\"contentUrl\":\"https:\/\/secure.gravatar.com\/avatar\/1d8d5118b9327d94da7cd4ce7f17fec2?s=96&d=mm&r=g\",\"caption\":\"CK\"},\"sameAs\":[\"https:\/\/www.nettali.com\"]}]}<\/script>\n<!-- \/ Yoast SEO Premium plugin. -->","yoast_head_json":{"title":"EN COULISSES - Macky, laur\u00e9at | Nettali.com","robots":{"index":"index","follow":"follow","max-snippet":"max-snippet:-1","max-image-preview":"max-image-preview:large","max-video-preview":"max-video-preview:-1"},"canonical":"https:\/\/www.nettali.com\/2023\/09\/09\/en-coulisses-macky-laureat\/","og_locale":"fr_FR","og_type":"article","og_title":"EN COULISSES - Macky, laur\u00e9at","og_description":"NETTALI.COM - Macky Sall est le laure\u0301at du Prix mondial du Leadership dans le domaine de la finance islamique. Il recevra son prix lors de la 13e e\u0301dition des Global Islamic Finance Awards (Gifa) qui aura lieu le jeudi 14 septembre 2023 au King Fahd Palace de Dakar. Cette rencontre sera l\u2019occasion de ce\u0301le\u0301brer l\u2019excellence [&hellip;]","og_url":"https:\/\/www.nettali.com\/2023\/09\/09\/en-coulisses-macky-laureat\/","og_site_name":"Nettali.com","article_publisher":"https:\/\/www.facebook.com\/nettalicom","article_published_time":"2023-09-09T09:11:56+00:00","og_image":[{"width":640,"height":483,"url":"https:\/\/www.nettali.com\/wp-content\/uploads\/2023\/09\/130274794_344804831_1639508119827167_4844762126423259577_n.jpg","type":"image\/jpeg"}],"twitter_card":"summary_large_image","twitter_misc":{"\u00c9crit par":"CK","Dur\u00e9e de lecture estim\u00e9e":"2 minutes"},"schema":{"@context":"https:\/\/schema.org","@graph":[{"@type":"WebSite","@id":"https:\/\/www.nettali.com\/#website","url":"https:\/\/www.nettali.com\/","name":"Nettali.com","description":"Le rendez-vous critique du Net","potentialAction":[{"@type":"SearchAction","target":{"@type":"EntryPoint","urlTemplate":"https:\/\/www.nettali.com\/?s={search_term_string}"},"query-input":"required name=search_term_string"}],"inLanguage":"fr-FR"},{"@type":"ImageObject","@id":"https:\/\/www.nettali.com\/2023\/09\/09\/en-coulisses-macky-laureat\/#primaryimage","inLanguage":"fr-FR","url":"https:\/\/www.nettali.com\/wp-content\/uploads\/2023\/09\/130274794_344804831_1639508119827167_4844762126423259577_n.jpg","contentUrl":"https:\/\/www.nettali.com\/wp-content\/uploads\/2023\/09\/130274794_344804831_1639508119827167_4844762126423259577_n.jpg","width":640,"height":483},{"@type":"WebPage","@id":"https:\/\/www.nettali.com\/2023\/09\/09\/en-coulisses-macky-laureat\/#webpage","url":"https:\/\/www.nettali.com\/2023\/09\/09\/en-coulisses-macky-laureat\/","name":"EN COULISSES - Macky, laur\u00e9at | Nettali.com","isPartOf":{"@id":"https:\/\/www.nettali.com\/#website"},"primaryImageOfPage":{"@id":"https:\/\/www.nettali.com\/2023\/09\/09\/en-coulisses-macky-laureat\/#primaryimage"},"datePublished":"2023-09-09T09:11:56+00:00","dateModified":"2023-09-09T09:11:56+00:00","author":{"@id":"https:\/\/www.nettali.com\/#\/schema\/person\/d8ac7b7e27ddad43f1c0d2ef090d7f71"},"breadcrumb":{"@id":"https:\/\/www.nettali.com\/2023\/09\/09\/en-coulisses-macky-laureat\/#breadcrumb"},"inLanguage":"fr-FR","potentialAction":[{"@type":"ReadAction","target":["https:\/\/www.nettali.com\/2023\/09\/09\/en-coulisses-macky-laureat\/"]}]},{"@type":"BreadcrumbList","@id":"https:\/\/www.nettali.com\/2023\/09\/09\/en-coulisses-macky-laureat\/#breadcrumb","itemListElement":[{"@type":"ListItem","position":1,"name":"Accueil","item":"https:\/\/www.nettali.com\/"},{"@type":"ListItem","position":2,"name":"EN COULISSES - Macky, laur\u00e9at"}]},{"@type":"Person","@id":"https:\/\/www.nettali.com\/#\/schema\/person\/d8ac7b7e27ddad43f1c0d2ef090d7f71","name":"CK","image":{"@type":"ImageObject","@id":"https:\/\/www.nettali.com\/#personlogo","inLanguage":"fr-FR","url":"https:\/\/secure.gravatar.com\/avatar\/1d8d5118b9327d94da7cd4ce7f17fec2?s=96&d=mm&r=g","contentUrl":"https:\/\/secure.gravatar.com\/avatar\/1d8d5118b9327d94da7cd4ce7f17fec2?s=96&d=mm&r=g","caption":"CK"},"sameAs":["https:\/\/www.nettali.com"]}]}},"_links":{"self":[{"href":"https:\/\/www.nettali.com\/rest\/wp\/v2\/posts\/117712"}],"collection":[{"href":"https:\/\/www.nettali.com\/rest\/wp\/v2\/posts"}],"about":[{"href":"https:\/\/www.nettali.com\/rest\/wp\/v2\/types\/post"}],"author":[{"embeddable":true,"href":"https:\/\/www.nettali.com\/rest\/wp\/v2\/users\/2"}],"replies":[{"embeddable":true,"href":"https:\/\/www.nettali.com\/rest\/wp\/v2\/comments?post=117712"}],"version-history":[{"count":1,"href":"https:\/\/www.nettali.com\/rest\/wp\/v2\/posts\/117712\/revisions"}],"predecessor-version":[{"id":117713,"href":"https:\/\/www.nettali.com\/rest\/wp\/v2\/posts\/117712\/revisions\/117713"}],"wp:featuredmedia":[{"embeddable":true,"href":"https:\/\/www.nettali.com\/rest\/wp\/v2\/media\/117722"}],"wp:attachment":[{"href":"https:\/\/www.nettali.com\/rest\/wp\/v2\/media?parent=117712"}],"wp:term":[{"taxonomy":"category","embeddable":true,"href":"https:\/\/www.nettali.com\/rest\/wp\/v2\/categories?post=117712"},{"taxonomy":"post_tag","embeddable":true,"href":"https:\/\/www.nettali.com\/rest\/wp\/v2\/tags?post=117712"}],"curies":[{"name":"wp","href":"https:\/\/api.w.org\/{rel}","templated":true}]}}