{"id":117703,"date":"2023-09-08T23:27:25","date_gmt":"2023-09-08T23:27:25","guid":{"rendered":"https:\/\/www.nettali.com\/?p=117703"},"modified":"2023-09-09T09:22:49","modified_gmt":"2023-09-09T09:22:49","slug":"maroc-un-seisme-de-forte-magnitude-frappe-le-centre-du-pays","status":"publish","type":"post","link":"https:\/\/www.nettali.com\/2023\/09\/08\/maroc-un-seisme-de-forte-magnitude-frappe-le-centre-du-pays\/","title":{"rendered":"MAROC - Un s\u00e9isme de forte magnitude frappe le centre du pays"},"content":{"rendered":"<p><strong>NETTALI.COM - Un tremblement de terre d'une magnitude estim\u00e9e \u00e0 6,8 sur l'\u00e9chelle de Richter a \u00e9t\u00e9 ressenti dans plusieurs r\u00e9gions du Maroc. S<\/strong><strong>on \u00e9picentre a \u00e9t\u00e9 localis\u00e9 au centre du<\/strong> <strong>pays \u00e0 16 km du lieu-dit Talat N'Yaaqoub<\/strong> <strong>(r\u00e9gion de Marrakech) \u00e0 23 h 11.<\/strong><\/p>\n<div style=\"width: 368px;\" class=\"wp-video\"><!--[if lt IE 9]><script>document.createElement('video');<\/script><![endif]-->\n<video class=\"wp-video-shortcode\" id=\"video-117703-1\" width=\"368\" height=\"656\" preload=\"metadata\" controls=\"controls\"><source type=\"video\/mp4\" src=\"https:\/\/www.nettali.com\/wp-content\/uploads\/2023\/09\/86ab0012-2a58-4971-af79-118eca8ad6a4.mp4?_=1\" \/><a href=\"https:\/\/www.nettali.com\/wp-content\/uploads\/2023\/09\/86ab0012-2a58-4971-af79-118eca8ad6a4.mp4\">https:\/\/www.nettali.com\/wp-content\/uploads\/2023\/09\/86ab0012-2a58-4971-af79-118eca8ad6a4.mp4<\/a><\/video><\/div>\n<div style=\"width: 368px;\" class=\"wp-video\"><video class=\"wp-video-shortcode\" id=\"video-117703-2\" width=\"368\" height=\"656\" preload=\"metadata\" controls=\"controls\"><source type=\"video\/mp4\" src=\"https:\/\/www.nettali.com\/wp-content\/uploads\/2023\/09\/212efcb2-2727-4ebc-958d-462d9998af10.mp4?_=2\" \/><a href=\"https:\/\/www.nettali.com\/wp-content\/uploads\/2023\/09\/212efcb2-2727-4ebc-958d-462d9998af10.mp4\">https:\/\/www.nettali.com\/wp-content\/uploads\/2023\/09\/212efcb2-2727-4ebc-958d-462d9998af10.mp4<\/a><\/video><\/div>\n<p>Outre le Maroc, principalement touch\u00e9, d'autres pays ont \u00e9t\u00e9 concern\u00e9s : Gibraltar, Mauritanie, Portugal, Espagne, et Alg\u00e9rie.<br \/>\nUne r\u00e9plique de magnitude 4,8 a \u00e9t\u00e9 enregistr\u00e9e \u00e0 26 km au sud de Casablanca, une demi-heure apr\u00e8s la premi\u00e8re secousse.<br \/>\nLes informations sur d'\u00e9ventuelles victimes ou d\u00e9g\u00e2ts mat\u00e9riels ne sont pas encore disponibles.<\/p>\n<div class='share-to-whatsapp-wrapper'><div class='share-on-whsp'>PARTAGER SUR : <\/div><a data-text='MAROC - Un s\u00e9isme de forte magnitude frappe le centre du pays' data-link='https:\/\/www.nettali.com\/2023\/09\/08\/maroc-un-seisme-de-forte-magnitude-frappe-le-centre-du-pays\/' class='whatsapp-button whatsapp-share'>WhatsApp<\/a><div class='clear '><\/div><\/div>","protected":false},"excerpt":{"rendered":"<p>NETTALI.COM - Un tremblement de terre d'une magnitude estim\u00e9e \u00e0 6,8 sur l'\u00e9chelle de Richter a \u00e9t\u00e9 ressenti dans plusieurs r\u00e9gions du Maroc. Son \u00e9picentre a \u00e9t\u00e9 localis\u00e9 au centre du pays \u00e0 16 km du lieu-dit Talat N'Yaaqoub (r\u00e9gion de Marrakech) \u00e0 23 h 11. Outre le Maroc, principalement touch\u00e9, d'autres pays ont \u00e9t\u00e9 [&hellip;]<\/p>\n","protected":false},"author":5,"featured_media":117704,"comment_status":"open","ping_status":"open","sticky":false,"template":"","format":"standard","meta":{"_et_pb_use_builder":"","_et_pb_old_content":""},"categories":[8],"tags":[],"yoast_head":"<!-- This site is optimized with the Yoast SEO Premium plugin v17.8 (Yoast SEO v17.8) - https:\/\/yoast.com\/wordpress\/plugins\/seo\/ -->\n<title>MAROC - Un s\u00e9isme de forte magnitude frappe le centre du pays | Nettali.com<\/title>\n<meta name=\"robots\" content=\"index, follow, max-snippet:-1, max-image-preview:large, max-video-preview:-1\" \/>\n<link rel=\"canonical\" href=\"https:\/\/www.nettali.com\/2023\/09\/08\/maroc-un-seisme-de-forte-magnitude-frappe-le-centre-du-pays\/\" \/>\n<meta property=\"og:locale\" content=\"fr_FR\" \/>\n<meta property=\"og:type\" content=\"article\" \/>\n<meta property=\"og:title\" content=\"MAROC - Un s\u00e9isme de forte magnitude frappe le centre du pays\" \/>\n<meta property=\"og:description\" content=\"NETTALI.COM - Un tremblement de terre d&#039;une magnitude estim\u00e9e \u00e0 6,8 sur l&#039;\u00e9chelle de Richter a \u00e9t\u00e9 ressenti dans plusieurs r\u00e9gions du Maroc. Son \u00e9picentre a \u00e9t\u00e9 localis\u00e9 au centre du pays \u00e0 16 km du lieu-dit Talat N&#039;Yaaqoub (r\u00e9gion de Marrakech) \u00e0 23 h 11. Outre le Maroc, principalement touch\u00e9, d&#039;autres pays ont \u00e9t\u00e9 [&hellip;]\" \/>\n<meta property=\"og:url\" content=\"https:\/\/www.nettali.com\/2023\/09\/08\/maroc-un-seisme-de-forte-magnitude-frappe-le-centre-du-pays\/\" \/>\n<meta property=\"og:site_name\" content=\"Nettali.com\" \/>\n<meta property=\"article:publisher\" content=\"https:\/\/www.facebook.com\/nettalicom\" \/>\n<meta property=\"article:published_time\" content=\"2023-09-08T23:27:25+00:00\" \/>\n<meta property=\"article:modified_time\" content=\"2023-09-09T09:22:49+00:00\" \/>\n<meta property=\"og:image\" content=\"https:\/\/www.nettali.com\/wp-content\/uploads\/2023\/09\/file-20220630-23-xd7al2.jpg\" \/>\n\t<meta property=\"og:image:width\" content=\"640\" \/>\n\t<meta property=\"og:image:height\" content=\"399\" \/>\n<meta name=\"twitter:card\" content=\"summary_large_image\" \/>\n<meta name=\"twitter:label1\" content=\"\u00c9crit par\" \/>\n\t<meta name=\"twitter:data1\" content=\"Ibrahima\" \/>\n\t<meta name=\"twitter:label2\" content=\"Dur\u00e9e de lecture estim\u00e9e\" \/>\n\t<meta name=\"twitter:data2\" content=\"1 minute\" \/>\n<script type=\"application\/ld+json\" class=\"yoast-schema-graph\">{\"@context\":\"https:\/\/schema.org\",\"@graph\":[{\"@type\":\"WebSite\",\"@id\":\"https:\/\/www.nettali.com\/#website\",\"url\":\"https:\/\/www.nettali.com\/\",\"name\":\"Nettali.com\",\"description\":\"Le rendez-vous critique du Net\",\"potentialAction\":[{\"@type\":\"SearchAction\",\"target\":{\"@type\":\"EntryPoint\",\"urlTemplate\":\"https:\/\/www.nettali.com\/?s={search_term_string}\"},\"query-input\":\"required name=search_term_string\"}],\"inLanguage\":\"fr-FR\"},{\"@type\":\"ImageObject\",\"@id\":\"https:\/\/www.nettali.com\/2023\/09\/08\/maroc-un-seisme-de-forte-magnitude-frappe-le-centre-du-pays\/#primaryimage\",\"inLanguage\":\"fr-FR\",\"url\":\"https:\/\/www.nettali.com\/wp-content\/uploads\/2023\/09\/file-20220630-23-xd7al2.jpg\",\"contentUrl\":\"https:\/\/www.nettali.com\/wp-content\/uploads\/2023\/09\/file-20220630-23-xd7al2.jpg\",\"width\":640,\"height\":399},{\"@type\":\"WebPage\",\"@id\":\"https:\/\/www.nettali.com\/2023\/09\/08\/maroc-un-seisme-de-forte-magnitude-frappe-le-centre-du-pays\/#webpage\",\"url\":\"https:\/\/www.nettali.com\/2023\/09\/08\/maroc-un-seisme-de-forte-magnitude-frappe-le-centre-du-pays\/\",\"name\":\"MAROC - Un s\\u00e9isme de forte magnitude frappe le centre du pays | Nettali.com\",\"isPartOf\":{\"@id\":\"https:\/\/www.nettali.com\/#website\"},\"primaryImageOfPage\":{\"@id\":\"https:\/\/www.nettali.com\/2023\/09\/08\/maroc-un-seisme-de-forte-magnitude-frappe-le-centre-du-pays\/#primaryimage\"},\"datePublished\":\"2023-09-08T23:27:25+00:00\",\"dateModified\":\"2023-09-09T09:22:49+00:00\",\"author\":{\"@id\":\"https:\/\/www.nettali.com\/#\/schema\/person\/bb147657c2986240405a608162b9bb23\"},\"breadcrumb\":{\"@id\":\"https:\/\/www.nettali.com\/2023\/09\/08\/maroc-un-seisme-de-forte-magnitude-frappe-le-centre-du-pays\/#breadcrumb\"},\"inLanguage\":\"fr-FR\",\"potentialAction\":[{\"@type\":\"ReadAction\",\"target\":[\"https:\/\/www.nettali.com\/2023\/09\/08\/maroc-un-seisme-de-forte-magnitude-frappe-le-centre-du-pays\/\"]}]},{\"@type\":\"BreadcrumbList\",\"@id\":\"https:\/\/www.nettali.com\/2023\/09\/08\/maroc-un-seisme-de-forte-magnitude-frappe-le-centre-du-pays\/#breadcrumb\",\"itemListElement\":[{\"@type\":\"ListItem\",\"position\":1,\"name\":\"Accueil\",\"item\":\"https:\/\/www.nettali.com\/\"},{\"@type\":\"ListItem\",\"position\":2,\"name\":\"MAROC - Un s\\u00e9isme de forte magnitude frappe le centre du pays\"}]},{\"@type\":\"Person\",\"@id\":\"https:\/\/www.nettali.com\/#\/schema\/person\/bb147657c2986240405a608162b9bb23\",\"name\":\"Ibrahima\",\"image\":{\"@type\":\"ImageObject\",\"@id\":\"https:\/\/www.nettali.com\/#personlogo\",\"inLanguage\":\"fr-FR\",\"url\":\"https:\/\/secure.gravatar.com\/avatar\/26a8a81f09f0dd7624c9d5c36c9ba3a2?s=96&d=mm&r=g\",\"contentUrl\":\"https:\/\/secure.gravatar.com\/avatar\/26a8a81f09f0dd7624c9d5c36c9ba3a2?s=96&d=mm&r=g\",\"caption\":\"Ibrahima\"},\"sameAs\":[\"https:\/\/www.nettali.com\"]}]}<\/script>\n<!-- \/ Yoast SEO Premium plugin. -->","yoast_head_json":{"title":"MAROC - Un s\u00e9isme de forte magnitude frappe le centre du pays | Nettali.com","robots":{"index":"index","follow":"follow","max-snippet":"max-snippet:-1","max-image-preview":"max-image-preview:large","max-video-preview":"max-video-preview:-1"},"canonical":"https:\/\/www.nettali.com\/2023\/09\/08\/maroc-un-seisme-de-forte-magnitude-frappe-le-centre-du-pays\/","og_locale":"fr_FR","og_type":"article","og_title":"MAROC - Un s\u00e9isme de forte magnitude frappe le centre du pays","og_description":"NETTALI.COM - Un tremblement de terre d'une magnitude estim\u00e9e \u00e0 6,8 sur l'\u00e9chelle de Richter a \u00e9t\u00e9 ressenti dans plusieurs r\u00e9gions du Maroc. Son \u00e9picentre a \u00e9t\u00e9 localis\u00e9 au centre du pays \u00e0 16 km du lieu-dit Talat N'Yaaqoub (r\u00e9gion de Marrakech) \u00e0 23 h 11. Outre le Maroc, principalement touch\u00e9, d'autres pays ont \u00e9t\u00e9 [&hellip;]","og_url":"https:\/\/www.nettali.com\/2023\/09\/08\/maroc-un-seisme-de-forte-magnitude-frappe-le-centre-du-pays\/","og_site_name":"Nettali.com","article_publisher":"https:\/\/www.facebook.com\/nettalicom","article_published_time":"2023-09-08T23:27:25+00:00","article_modified_time":"2023-09-09T09:22:49+00:00","og_image":[{"width":640,"height":399,"url":"https:\/\/www.nettali.com\/wp-content\/uploads\/2023\/09\/file-20220630-23-xd7al2.jpg","type":"image\/jpeg"}],"twitter_card":"summary_large_image","twitter_misc":{"\u00c9crit par":"Ibrahima","Dur\u00e9e de lecture estim\u00e9e":"1 minute"},"schema":{"@context":"https:\/\/schema.org","@graph":[{"@type":"WebSite","@id":"https:\/\/www.nettali.com\/#website","url":"https:\/\/www.nettali.com\/","name":"Nettali.com","description":"Le rendez-vous critique du Net","potentialAction":[{"@type":"SearchAction","target":{"@type":"EntryPoint","urlTemplate":"https:\/\/www.nettali.com\/?s={search_term_string}"},"query-input":"required name=search_term_string"}],"inLanguage":"fr-FR"},{"@type":"ImageObject","@id":"https:\/\/www.nettali.com\/2023\/09\/08\/maroc-un-seisme-de-forte-magnitude-frappe-le-centre-du-pays\/#primaryimage","inLanguage":"fr-FR","url":"https:\/\/www.nettali.com\/wp-content\/uploads\/2023\/09\/file-20220630-23-xd7al2.jpg","contentUrl":"https:\/\/www.nettali.com\/wp-content\/uploads\/2023\/09\/file-20220630-23-xd7al2.jpg","width":640,"height":399},{"@type":"WebPage","@id":"https:\/\/www.nettali.com\/2023\/09\/08\/maroc-un-seisme-de-forte-magnitude-frappe-le-centre-du-pays\/#webpage","url":"https:\/\/www.nettali.com\/2023\/09\/08\/maroc-un-seisme-de-forte-magnitude-frappe-le-centre-du-pays\/","name":"MAROC - Un s\u00e9isme de forte magnitude frappe le centre du pays | Nettali.com","isPartOf":{"@id":"https:\/\/www.nettali.com\/#website"},"primaryImageOfPage":{"@id":"https:\/\/www.nettali.com\/2023\/09\/08\/maroc-un-seisme-de-forte-magnitude-frappe-le-centre-du-pays\/#primaryimage"},"datePublished":"2023-09-08T23:27:25+00:00","dateModified":"2023-09-09T09:22:49+00:00","author":{"@id":"https:\/\/www.nettali.com\/#\/schema\/person\/bb147657c2986240405a608162b9bb23"},"breadcrumb":{"@id":"https:\/\/www.nettali.com\/2023\/09\/08\/maroc-un-seisme-de-forte-magnitude-frappe-le-centre-du-pays\/#breadcrumb"},"inLanguage":"fr-FR","potentialAction":[{"@type":"ReadAction","target":["https:\/\/www.nettali.com\/2023\/09\/08\/maroc-un-seisme-de-forte-magnitude-frappe-le-centre-du-pays\/"]}]},{"@type":"BreadcrumbList","@id":"https:\/\/www.nettali.com\/2023\/09\/08\/maroc-un-seisme-de-forte-magnitude-frappe-le-centre-du-pays\/#breadcrumb","itemListElement":[{"@type":"ListItem","position":1,"name":"Accueil","item":"https:\/\/www.nettali.com\/"},{"@type":"ListItem","position":2,"name":"MAROC - Un s\u00e9isme de forte magnitude frappe le centre du pays"}]},{"@type":"Person","@id":"https:\/\/www.nettali.com\/#\/schema\/person\/bb147657c2986240405a608162b9bb23","name":"Ibrahima","image":{"@type":"ImageObject","@id":"https:\/\/www.nettali.com\/#personlogo","inLanguage":"fr-FR","url":"https:\/\/secure.gravatar.com\/avatar\/26a8a81f09f0dd7624c9d5c36c9ba3a2?s=96&d=mm&r=g","contentUrl":"https:\/\/secure.gravatar.com\/avatar\/26a8a81f09f0dd7624c9d5c36c9ba3a2?s=96&d=mm&r=g","caption":"Ibrahima"},"sameAs":["https:\/\/www.nettali.com"]}]}},"_links":{"self":[{"href":"https:\/\/www.nettali.com\/rest\/wp\/v2\/posts\/117703"}],"collection":[{"href":"https:\/\/www.nettali.com\/rest\/wp\/v2\/posts"}],"about":[{"href":"https:\/\/www.nettali.com\/rest\/wp\/v2\/types\/post"}],"author":[{"embeddable":true,"href":"https:\/\/www.nettali.com\/rest\/wp\/v2\/users\/5"}],"replies":[{"embeddable":true,"href":"https:\/\/www.nettali.com\/rest\/wp\/v2\/comments?post=117703"}],"version-history":[{"count":4,"href":"https:\/\/www.nettali.com\/rest\/wp\/v2\/posts\/117703\/revisions"}],"predecessor-version":[{"id":117730,"href":"https:\/\/www.nettali.com\/rest\/wp\/v2\/posts\/117703\/revisions\/117730"}],"wp:featuredmedia":[{"embeddable":true,"href":"https:\/\/www.nettali.com\/rest\/wp\/v2\/media\/117704"}],"wp:attachment":[{"href":"https:\/\/www.nettali.com\/rest\/wp\/v2\/media?parent=117703"}],"wp:term":[{"taxonomy":"category","embeddable":true,"href":"https:\/\/www.nettali.com\/rest\/wp\/v2\/categories?post=117703"},{"taxonomy":"post_tag","embeddable":true,"href":"https:\/\/www.nettali.com\/rest\/wp\/v2\/tags?post=117703"}],"curies":[{"name":"wp","href":"https:\/\/api.w.org\/{rel}","templated":true}]}}