{"id":117700,"date":"2023-09-08T23:28:06","date_gmt":"2023-09-08T23:28:06","guid":{"rendered":"https:\/\/www.nettali.com\/?p=117700"},"modified":"2023-09-08T23:28:06","modified_gmt":"2023-09-08T23:28:06","slug":"espagne-lamine-yamal-entre-doublement-dans-lhistoire-de-la-roja","status":"publish","type":"post","link":"https:\/\/www.nettali.com\/2023\/09\/08\/espagne-lamine-yamal-entre-doublement-dans-lhistoire-de-la-roja\/","title":{"rendered":"ESPAGNE - Lamine Yamal entre doublement dans l'histoire de la Roja"},"content":{"rendered":"<p><strong>NETTALI.COM - Convoqu\u00e9 pour la premi\u00e8re fois avec l'Espagne, Lamine Yamal est devenu le plus jeune joueur de l'histoire \u00e0 porter les couleurs de la Roja face \u00e0 la G\u00e9orgie (7-1) ce vendredi 8 septembre dans le cadre des \u00e9liminatoires pour l'Euro 2024. Mieux, le prodige du FC Barcelone a ouvert son compteur en s\u00e9lection.<\/strong><\/p>\n<p>Entr\u00e9 en jeu avant la pause, le polyvalent ailier form\u00e9 \u00e0 La Masia a marqu\u00e9 l'histoire \u00e0 deux reprises puisqu'il est devenu le plus jeune joueur et plus jeune buteur de l'histoire de la Roja. A seulement 16 ans et 57 jours, Lamine Yamal inscrit d\u00e9j\u00e0 son nom dans les annales de la s\u00e9lection espagnole. Un v\u00e9ritable r\u00eave pour le prodige du FC Barcelone.<\/p>\n<p>\"<em>Je vis un r\u00eave, je tiens \u00e0 remercier mes co\u00e9quipiers et le coach. Je suis tr\u00e8s satisfait de la d\u00e9cision que j'ai prise en choisissant l'Espagne (au d\u00e9triment du Maroc, ndlr) et j'esp\u00e8re faire beaucoup de belles choses avec cette s\u00e9lection<\/em>\", a r\u00e9agi le polyvalent ailier en zone mixte.<\/p>\n<div class='share-to-whatsapp-wrapper'><div class='share-on-whsp'>PARTAGER SUR : <\/div><a data-text='ESPAGNE - Lamine Yamal entre doublement dans l'histoire de la Roja' data-link='https:\/\/www.nettali.com\/2023\/09\/08\/espagne-lamine-yamal-entre-doublement-dans-lhistoire-de-la-roja\/' class='whatsapp-button whatsapp-share'>WhatsApp<\/a><div class='clear '><\/div><\/div>","protected":false},"excerpt":{"rendered":"<p>NETTALI.COM - Convoqu\u00e9 pour la premi\u00e8re fois avec l'Espagne, Lamine Yamal est devenu le plus jeune joueur de l'histoire \u00e0 porter les couleurs de la Roja face \u00e0 la G\u00e9orgie (7-1) ce vendredi 8 septembre dans le cadre des \u00e9liminatoires pour l'Euro 2024. Mieux, le prodige du FC Barcelone a ouvert son compteur en s\u00e9lection. [&hellip;]<\/p>\n","protected":false},"author":5,"featured_media":117701,"comment_status":"open","ping_status":"open","sticky":false,"template":"","format":"standard","meta":{"_et_pb_use_builder":"","_et_pb_old_content":""},"categories":[6],"tags":[],"yoast_head":"<!-- This site is optimized with the Yoast SEO Premium plugin v17.8 (Yoast SEO v17.8) - https:\/\/yoast.com\/wordpress\/plugins\/seo\/ -->\n<title>ESPAGNE - Lamine Yamal entre doublement dans l&#039;histoire de la Roja | Nettali.com<\/title>\n<meta name=\"robots\" content=\"index, follow, max-snippet:-1, max-image-preview:large, max-video-preview:-1\" \/>\n<link rel=\"canonical\" href=\"https:\/\/www.nettali.com\/2023\/09\/08\/espagne-lamine-yamal-entre-doublement-dans-lhistoire-de-la-roja\/\" \/>\n<meta property=\"og:locale\" content=\"fr_FR\" \/>\n<meta property=\"og:type\" content=\"article\" \/>\n<meta property=\"og:title\" content=\"ESPAGNE - Lamine Yamal entre doublement dans l&#039;histoire de la Roja\" \/>\n<meta property=\"og:description\" content=\"NETTALI.COM - Convoqu\u00e9 pour la premi\u00e8re fois avec l&#039;Espagne, Lamine Yamal est devenu le plus jeune joueur de l&#039;histoire \u00e0 porter les couleurs de la Roja face \u00e0 la G\u00e9orgie (7-1) ce vendredi 8 septembre dans le cadre des \u00e9liminatoires pour l&#039;Euro 2024. Mieux, le prodige du FC Barcelone a ouvert son compteur en s\u00e9lection. [&hellip;]\" \/>\n<meta property=\"og:url\" content=\"https:\/\/www.nettali.com\/2023\/09\/08\/espagne-lamine-yamal-entre-doublement-dans-lhistoire-de-la-roja\/\" \/>\n<meta property=\"og:site_name\" content=\"Nettali.com\" \/>\n<meta property=\"article:publisher\" content=\"https:\/\/www.facebook.com\/nettalicom\" \/>\n<meta property=\"article:published_time\" content=\"2023-09-08T23:28:06+00:00\" \/>\n<meta property=\"og:image\" content=\"https:\/\/www.nettali.com\/wp-content\/uploads\/2023\/09\/lamine-yamal-nasraoui-ebana-espagne-joie-2.jpg\" \/>\n\t<meta property=\"og:image:width\" content=\"390\" \/>\n\t<meta property=\"og:image:height\" content=\"260\" \/>\n<meta name=\"twitter:card\" content=\"summary_large_image\" \/>\n<meta name=\"twitter:label1\" content=\"\u00c9crit par\" \/>\n\t<meta name=\"twitter:data1\" content=\"Ibrahima\" \/>\n\t<meta name=\"twitter:label2\" content=\"Dur\u00e9e de lecture estim\u00e9e\" \/>\n\t<meta name=\"twitter:data2\" content=\"1 minute\" \/>\n<script type=\"application\/ld+json\" class=\"yoast-schema-graph\">{\"@context\":\"https:\/\/schema.org\",\"@graph\":[{\"@type\":\"WebSite\",\"@id\":\"https:\/\/www.nettali.com\/#website\",\"url\":\"https:\/\/www.nettali.com\/\",\"name\":\"Nettali.com\",\"description\":\"Le rendez-vous critique du Net\",\"potentialAction\":[{\"@type\":\"SearchAction\",\"target\":{\"@type\":\"EntryPoint\",\"urlTemplate\":\"https:\/\/www.nettali.com\/?s={search_term_string}\"},\"query-input\":\"required name=search_term_string\"}],\"inLanguage\":\"fr-FR\"},{\"@type\":\"ImageObject\",\"@id\":\"https:\/\/www.nettali.com\/2023\/09\/08\/espagne-lamine-yamal-entre-doublement-dans-lhistoire-de-la-roja\/#primaryimage\",\"inLanguage\":\"fr-FR\",\"url\":\"https:\/\/www.nettali.com\/wp-content\/uploads\/2023\/09\/lamine-yamal-nasraoui-ebana-espagne-joie-2.jpg\",\"contentUrl\":\"https:\/\/www.nettali.com\/wp-content\/uploads\/2023\/09\/lamine-yamal-nasraoui-ebana-espagne-joie-2.jpg\",\"width\":390,\"height\":260},{\"@type\":\"WebPage\",\"@id\":\"https:\/\/www.nettali.com\/2023\/09\/08\/espagne-lamine-yamal-entre-doublement-dans-lhistoire-de-la-roja\/#webpage\",\"url\":\"https:\/\/www.nettali.com\/2023\/09\/08\/espagne-lamine-yamal-entre-doublement-dans-lhistoire-de-la-roja\/\",\"name\":\"ESPAGNE - Lamine Yamal entre doublement dans l'histoire de la Roja | Nettali.com\",\"isPartOf\":{\"@id\":\"https:\/\/www.nettali.com\/#website\"},\"primaryImageOfPage\":{\"@id\":\"https:\/\/www.nettali.com\/2023\/09\/08\/espagne-lamine-yamal-entre-doublement-dans-lhistoire-de-la-roja\/#primaryimage\"},\"datePublished\":\"2023-09-08T23:28:06+00:00\",\"dateModified\":\"2023-09-08T23:28:06+00:00\",\"author\":{\"@id\":\"https:\/\/www.nettali.com\/#\/schema\/person\/bb147657c2986240405a608162b9bb23\"},\"breadcrumb\":{\"@id\":\"https:\/\/www.nettali.com\/2023\/09\/08\/espagne-lamine-yamal-entre-doublement-dans-lhistoire-de-la-roja\/#breadcrumb\"},\"inLanguage\":\"fr-FR\",\"potentialAction\":[{\"@type\":\"ReadAction\",\"target\":[\"https:\/\/www.nettali.com\/2023\/09\/08\/espagne-lamine-yamal-entre-doublement-dans-lhistoire-de-la-roja\/\"]}]},{\"@type\":\"BreadcrumbList\",\"@id\":\"https:\/\/www.nettali.com\/2023\/09\/08\/espagne-lamine-yamal-entre-doublement-dans-lhistoire-de-la-roja\/#breadcrumb\",\"itemListElement\":[{\"@type\":\"ListItem\",\"position\":1,\"name\":\"Accueil\",\"item\":\"https:\/\/www.nettali.com\/\"},{\"@type\":\"ListItem\",\"position\":2,\"name\":\"ESPAGNE - Lamine Yamal entre doublement dans l'histoire de la Roja\"}]},{\"@type\":\"Person\",\"@id\":\"https:\/\/www.nettali.com\/#\/schema\/person\/bb147657c2986240405a608162b9bb23\",\"name\":\"Ibrahima\",\"image\":{\"@type\":\"ImageObject\",\"@id\":\"https:\/\/www.nettali.com\/#personlogo\",\"inLanguage\":\"fr-FR\",\"url\":\"https:\/\/secure.gravatar.com\/avatar\/26a8a81f09f0dd7624c9d5c36c9ba3a2?s=96&d=mm&r=g\",\"contentUrl\":\"https:\/\/secure.gravatar.com\/avatar\/26a8a81f09f0dd7624c9d5c36c9ba3a2?s=96&d=mm&r=g\",\"caption\":\"Ibrahima\"},\"sameAs\":[\"https:\/\/www.nettali.com\"]}]}<\/script>\n<!-- \/ Yoast SEO Premium plugin. -->","yoast_head_json":{"title":"ESPAGNE - Lamine Yamal entre doublement dans l'histoire de la Roja | Nettali.com","robots":{"index":"index","follow":"follow","max-snippet":"max-snippet:-1","max-image-preview":"max-image-preview:large","max-video-preview":"max-video-preview:-1"},"canonical":"https:\/\/www.nettali.com\/2023\/09\/08\/espagne-lamine-yamal-entre-doublement-dans-lhistoire-de-la-roja\/","og_locale":"fr_FR","og_type":"article","og_title":"ESPAGNE - Lamine Yamal entre doublement dans l'histoire de la Roja","og_description":"NETTALI.COM - Convoqu\u00e9 pour la premi\u00e8re fois avec l'Espagne, Lamine Yamal est devenu le plus jeune joueur de l'histoire \u00e0 porter les couleurs de la Roja face \u00e0 la G\u00e9orgie (7-1) ce vendredi 8 septembre dans le cadre des \u00e9liminatoires pour l'Euro 2024. Mieux, le prodige du FC Barcelone a ouvert son compteur en s\u00e9lection. [&hellip;]","og_url":"https:\/\/www.nettali.com\/2023\/09\/08\/espagne-lamine-yamal-entre-doublement-dans-lhistoire-de-la-roja\/","og_site_name":"Nettali.com","article_publisher":"https:\/\/www.facebook.com\/nettalicom","article_published_time":"2023-09-08T23:28:06+00:00","og_image":[{"width":390,"height":260,"url":"https:\/\/www.nettali.com\/wp-content\/uploads\/2023\/09\/lamine-yamal-nasraoui-ebana-espagne-joie-2.jpg","type":"image\/jpeg"}],"twitter_card":"summary_large_image","twitter_misc":{"\u00c9crit par":"Ibrahima","Dur\u00e9e de lecture estim\u00e9e":"1 minute"},"schema":{"@context":"https:\/\/schema.org","@graph":[{"@type":"WebSite","@id":"https:\/\/www.nettali.com\/#website","url":"https:\/\/www.nettali.com\/","name":"Nettali.com","description":"Le rendez-vous critique du Net","potentialAction":[{"@type":"SearchAction","target":{"@type":"EntryPoint","urlTemplate":"https:\/\/www.nettali.com\/?s={search_term_string}"},"query-input":"required name=search_term_string"}],"inLanguage":"fr-FR"},{"@type":"ImageObject","@id":"https:\/\/www.nettali.com\/2023\/09\/08\/espagne-lamine-yamal-entre-doublement-dans-lhistoire-de-la-roja\/#primaryimage","inLanguage":"fr-FR","url":"https:\/\/www.nettali.com\/wp-content\/uploads\/2023\/09\/lamine-yamal-nasraoui-ebana-espagne-joie-2.jpg","contentUrl":"https:\/\/www.nettali.com\/wp-content\/uploads\/2023\/09\/lamine-yamal-nasraoui-ebana-espagne-joie-2.jpg","width":390,"height":260},{"@type":"WebPage","@id":"https:\/\/www.nettali.com\/2023\/09\/08\/espagne-lamine-yamal-entre-doublement-dans-lhistoire-de-la-roja\/#webpage","url":"https:\/\/www.nettali.com\/2023\/09\/08\/espagne-lamine-yamal-entre-doublement-dans-lhistoire-de-la-roja\/","name":"ESPAGNE - Lamine Yamal entre doublement dans l'histoire de la Roja | Nettali.com","isPartOf":{"@id":"https:\/\/www.nettali.com\/#website"},"primaryImageOfPage":{"@id":"https:\/\/www.nettali.com\/2023\/09\/08\/espagne-lamine-yamal-entre-doublement-dans-lhistoire-de-la-roja\/#primaryimage"},"datePublished":"2023-09-08T23:28:06+00:00","dateModified":"2023-09-08T23:28:06+00:00","author":{"@id":"https:\/\/www.nettali.com\/#\/schema\/person\/bb147657c2986240405a608162b9bb23"},"breadcrumb":{"@id":"https:\/\/www.nettali.com\/2023\/09\/08\/espagne-lamine-yamal-entre-doublement-dans-lhistoire-de-la-roja\/#breadcrumb"},"inLanguage":"fr-FR","potentialAction":[{"@type":"ReadAction","target":["https:\/\/www.nettali.com\/2023\/09\/08\/espagne-lamine-yamal-entre-doublement-dans-lhistoire-de-la-roja\/"]}]},{"@type":"BreadcrumbList","@id":"https:\/\/www.nettali.com\/2023\/09\/08\/espagne-lamine-yamal-entre-doublement-dans-lhistoire-de-la-roja\/#breadcrumb","itemListElement":[{"@type":"ListItem","position":1,"name":"Accueil","item":"https:\/\/www.nettali.com\/"},{"@type":"ListItem","position":2,"name":"ESPAGNE - Lamine Yamal entre doublement dans l'histoire de la Roja"}]},{"@type":"Person","@id":"https:\/\/www.nettali.com\/#\/schema\/person\/bb147657c2986240405a608162b9bb23","name":"Ibrahima","image":{"@type":"ImageObject","@id":"https:\/\/www.nettali.com\/#personlogo","inLanguage":"fr-FR","url":"https:\/\/secure.gravatar.com\/avatar\/26a8a81f09f0dd7624c9d5c36c9ba3a2?s=96&d=mm&r=g","contentUrl":"https:\/\/secure.gravatar.com\/avatar\/26a8a81f09f0dd7624c9d5c36c9ba3a2?s=96&d=mm&r=g","caption":"Ibrahima"},"sameAs":["https:\/\/www.nettali.com"]}]}},"_links":{"self":[{"href":"https:\/\/www.nettali.com\/rest\/wp\/v2\/posts\/117700"}],"collection":[{"href":"https:\/\/www.nettali.com\/rest\/wp\/v2\/posts"}],"about":[{"href":"https:\/\/www.nettali.com\/rest\/wp\/v2\/types\/post"}],"author":[{"embeddable":true,"href":"https:\/\/www.nettali.com\/rest\/wp\/v2\/users\/5"}],"replies":[{"embeddable":true,"href":"https:\/\/www.nettali.com\/rest\/wp\/v2\/comments?post=117700"}],"version-history":[{"count":1,"href":"https:\/\/www.nettali.com\/rest\/wp\/v2\/posts\/117700\/revisions"}],"predecessor-version":[{"id":117702,"href":"https:\/\/www.nettali.com\/rest\/wp\/v2\/posts\/117700\/revisions\/117702"}],"wp:featuredmedia":[{"embeddable":true,"href":"https:\/\/www.nettali.com\/rest\/wp\/v2\/media\/117701"}],"wp:attachment":[{"href":"https:\/\/www.nettali.com\/rest\/wp\/v2\/media?parent=117700"}],"wp:term":[{"taxonomy":"category","embeddable":true,"href":"https:\/\/www.nettali.com\/rest\/wp\/v2\/categories?post=117700"},{"taxonomy":"post_tag","embeddable":true,"href":"https:\/\/www.nettali.com\/rest\/wp\/v2\/tags?post=117700"}],"curies":[{"name":"wp","href":"https:\/\/api.w.org\/{rel}","templated":true}]}}