{"id":117680,"date":"2023-09-08T14:48:40","date_gmt":"2023-09-08T14:48:40","guid":{"rendered":"https:\/\/www.nettali.com\/?p=117680"},"modified":"2023-09-08T14:48:40","modified_gmt":"2023-09-08T14:48:40","slug":"interdit-de-manifester-ce-vendredi-le-f24-ficelle-son-plan-b","status":"publish","type":"post","link":"https:\/\/www.nettali.com\/2023\/09\/08\/interdit-de-manifester-ce-vendredi-le-f24-ficelle-son-plan-b\/","title":{"rendered":"INTERDIT DE MANIFESTER CE VENDREDI -Le F24 ficelle son plan B"},"content":{"rendered":"<p><strong>NETTALI.COM- La plateforme des Forces vives du S\u00e9n\u00e9gal F24 ne compte pas baisser les bras apr\u00e8s l\u2019interdiction de sa manifestation pr\u00e9vue ce vendredi 8 septembre 2023. Elle appelle \u00e0 une manifestation pacifique sous la forme d\u2019un bruitage illumin\u00e9 ce dimanche.\u00a0<\/strong><\/p>\n<p>Apr\u00e8s l\u2019interdiction de leur manifestation pr\u00e9vue ce vendredi 08 septembre 2023 \u00e0 la Place de par le Pr\u00e9fet de Dakar, Mor Talla Tine, la plateforme des Forces vives du S\u00e9n\u00e9gal F24 envisage un plan B. Selon le porte-parole du jour, Mamadou Lamine Diant\u00e9, une manifestation pacifique sous la forme d\u2019un bruitage illumin\u00e9 est pr\u00e9vue ce dimanche. \u00ab <em>Apr\u00e8s l\u2019interdiction non justifi\u00e9e de la manifestation qui \u00e9tait pr\u00e9vue ce vendredi, nous n\u2019allons pas baisser les bras. En entendant les r\u00e9formes institutionnelles qui permettront d\u2019arr\u00eater ces dispositions liberticides, mobilisons-nous pour r\u00e9clamer et obtenir la lib\u00e9ration des quelques 1000 d\u00e9tenus qui croupissent encore injustement en prison et souffrent terriblement dans les ge\u00f4les du r\u00e9gime de Macky Sall<\/em> \u00bb a-t-il d\u00e9voil\u00e9 sur les ondes de la Rfm.<\/p>\n<p>Avant d'ajouter : \u00ab <em>la derni\u00e8re fois nous \u00e9tions \u00e0 1061 d\u00e9tenus politiques. Les arrestations se sont poursuivies m\u00eame si entre temps il y a une centaine qui ont \u00e9t\u00e9 lib\u00e9r\u00e9s, nous en sommes encore \u00e0 plus de 1000 d\u00e9tenus dans les ge\u00f4les du r\u00e9gime de Macky Sall<\/em> \u00bb.<\/p>\n<p>Ainsi, il soutient que le pouvoir cherche \u00e0 les pousser avec ces interdictions \u00e0 manifester afin que la r\u00e9pression puisse s\u2019abattre sur les citoyens.\u00a0 \u00ab <em>Nous proposons une autre forme de r\u00e9sistance et de manifestation pour pallier cette interdiction. Conform\u00e9ment \u00e0 sa charte constitutive, le F24 mettra tout en \u0153uvre pour lever les entraves laisser par le pouvoir pour rendre in\u00e9ligible certains candidats comme ce fut le cas en 2019<\/em> \u00bblance t-il.<\/p>\n<div class='share-to-whatsapp-wrapper'><div class='share-on-whsp'>PARTAGER SUR : <\/div><a data-text='INTERDIT DE MANIFESTER CE VENDREDI -Le F24 ficelle son plan B' data-link='https:\/\/www.nettali.com\/2023\/09\/08\/interdit-de-manifester-ce-vendredi-le-f24-ficelle-son-plan-b\/' class='whatsapp-button whatsapp-share'>WhatsApp<\/a><div class='clear '><\/div><\/div>","protected":false},"excerpt":{"rendered":"<p>NETTALI.COM- La plateforme des Forces vives du S\u00e9n\u00e9gal F24 ne compte pas baisser les bras apr\u00e8s l\u2019interdiction de sa manifestation pr\u00e9vue ce vendredi 8 septembre 2023. Elle appelle \u00e0 une manifestation pacifique sous la forme d\u2019un bruitage illumin\u00e9 ce dimanche.\u00a0 Apr\u00e8s l\u2019interdiction de leur manifestation pr\u00e9vue ce vendredi 08 septembre 2023 \u00e0 la Place de [&hellip;]<\/p>\n","protected":false},"author":6,"featured_media":117659,"comment_status":"open","ping_status":"open","sticky":false,"template":"","format":"standard","meta":{"_et_pb_use_builder":"","_et_pb_old_content":""},"categories":[2],"tags":[],"yoast_head":"<!-- This site is optimized with the Yoast SEO Premium plugin v17.8 (Yoast SEO v17.8) - https:\/\/yoast.com\/wordpress\/plugins\/seo\/ -->\n<title>INTERDIT DE MANIFESTER CE VENDREDI -Le F24 ficelle son plan B | Nettali.com<\/title>\n<meta name=\"robots\" content=\"index, follow, max-snippet:-1, max-image-preview:large, max-video-preview:-1\" \/>\n<link rel=\"canonical\" href=\"https:\/\/www.nettali.com\/2023\/09\/08\/interdit-de-manifester-ce-vendredi-le-f24-ficelle-son-plan-b\/\" \/>\n<meta property=\"og:locale\" content=\"fr_FR\" \/>\n<meta property=\"og:type\" content=\"article\" \/>\n<meta property=\"og:title\" content=\"INTERDIT DE MANIFESTER CE VENDREDI -Le F24 ficelle son plan B\" \/>\n<meta property=\"og:description\" content=\"NETTALI.COM- La plateforme des Forces vives du S\u00e9n\u00e9gal F24 ne compte pas baisser les bras apr\u00e8s l\u2019interdiction de sa manifestation pr\u00e9vue ce vendredi 8 septembre 2023. Elle appelle \u00e0 une manifestation pacifique sous la forme d\u2019un bruitage illumin\u00e9 ce dimanche.\u00a0 Apr\u00e8s l\u2019interdiction de leur manifestation pr\u00e9vue ce vendredi 08 septembre 2023 \u00e0 la Place de [&hellip;]\" \/>\n<meta property=\"og:url\" content=\"https:\/\/www.nettali.com\/2023\/09\/08\/interdit-de-manifester-ce-vendredi-le-f24-ficelle-son-plan-b\/\" \/>\n<meta property=\"og:site_name\" content=\"Nettali.com\" \/>\n<meta property=\"article:publisher\" content=\"https:\/\/www.facebook.com\/nettalicom\" \/>\n<meta property=\"article:published_time\" content=\"2023-09-08T14:48:40+00:00\" \/>\n<meta property=\"og:image\" content=\"https:\/\/www.nettali.com\/wp-content\/uploads\/2023\/09\/F24.png\" \/>\n\t<meta property=\"og:image:width\" content=\"1080\" \/>\n\t<meta property=\"og:image:height\" content=\"900\" \/>\n<meta name=\"twitter:card\" content=\"summary_large_image\" \/>\n<meta name=\"twitter:label1\" content=\"\u00c9crit par\" \/>\n\t<meta name=\"twitter:data1\" content=\"Fatou\" \/>\n\t<meta name=\"twitter:label2\" content=\"Dur\u00e9e de lecture estim\u00e9e\" \/>\n\t<meta name=\"twitter:data2\" content=\"2 minutes\" \/>\n<script type=\"application\/ld+json\" class=\"yoast-schema-graph\">{\"@context\":\"https:\/\/schema.org\",\"@graph\":[{\"@type\":\"WebSite\",\"@id\":\"https:\/\/www.nettali.com\/#website\",\"url\":\"https:\/\/www.nettali.com\/\",\"name\":\"Nettali.com\",\"description\":\"Le rendez-vous critique du Net\",\"potentialAction\":[{\"@type\":\"SearchAction\",\"target\":{\"@type\":\"EntryPoint\",\"urlTemplate\":\"https:\/\/www.nettali.com\/?s={search_term_string}\"},\"query-input\":\"required name=search_term_string\"}],\"inLanguage\":\"fr-FR\"},{\"@type\":\"ImageObject\",\"@id\":\"https:\/\/www.nettali.com\/2023\/09\/08\/interdit-de-manifester-ce-vendredi-le-f24-ficelle-son-plan-b\/#primaryimage\",\"inLanguage\":\"fr-FR\",\"url\":\"https:\/\/www.nettali.com\/wp-content\/uploads\/2023\/09\/F24.png\",\"contentUrl\":\"https:\/\/www.nettali.com\/wp-content\/uploads\/2023\/09\/F24.png\",\"width\":1080,\"height\":900},{\"@type\":\"WebPage\",\"@id\":\"https:\/\/www.nettali.com\/2023\/09\/08\/interdit-de-manifester-ce-vendredi-le-f24-ficelle-son-plan-b\/#webpage\",\"url\":\"https:\/\/www.nettali.com\/2023\/09\/08\/interdit-de-manifester-ce-vendredi-le-f24-ficelle-son-plan-b\/\",\"name\":\"INTERDIT DE MANIFESTER CE VENDREDI -Le F24 ficelle son plan B | Nettali.com\",\"isPartOf\":{\"@id\":\"https:\/\/www.nettali.com\/#website\"},\"primaryImageOfPage\":{\"@id\":\"https:\/\/www.nettali.com\/2023\/09\/08\/interdit-de-manifester-ce-vendredi-le-f24-ficelle-son-plan-b\/#primaryimage\"},\"datePublished\":\"2023-09-08T14:48:40+00:00\",\"dateModified\":\"2023-09-08T14:48:40+00:00\",\"author\":{\"@id\":\"https:\/\/www.nettali.com\/#\/schema\/person\/418274a86bdf87caff7a3ef476bd0bbf\"},\"breadcrumb\":{\"@id\":\"https:\/\/www.nettali.com\/2023\/09\/08\/interdit-de-manifester-ce-vendredi-le-f24-ficelle-son-plan-b\/#breadcrumb\"},\"inLanguage\":\"fr-FR\",\"potentialAction\":[{\"@type\":\"ReadAction\",\"target\":[\"https:\/\/www.nettali.com\/2023\/09\/08\/interdit-de-manifester-ce-vendredi-le-f24-ficelle-son-plan-b\/\"]}]},{\"@type\":\"BreadcrumbList\",\"@id\":\"https:\/\/www.nettali.com\/2023\/09\/08\/interdit-de-manifester-ce-vendredi-le-f24-ficelle-son-plan-b\/#breadcrumb\",\"itemListElement\":[{\"@type\":\"ListItem\",\"position\":1,\"name\":\"Accueil\",\"item\":\"https:\/\/www.nettali.com\/\"},{\"@type\":\"ListItem\",\"position\":2,\"name\":\"INTERDIT DE MANIFESTER CE VENDREDI -Le F24 ficelle son plan B\"}]},{\"@type\":\"Person\",\"@id\":\"https:\/\/www.nettali.com\/#\/schema\/person\/418274a86bdf87caff7a3ef476bd0bbf\",\"name\":\"Fatou\",\"image\":{\"@type\":\"ImageObject\",\"@id\":\"https:\/\/www.nettali.com\/#personlogo\",\"inLanguage\":\"fr-FR\",\"url\":\"https:\/\/secure.gravatar.com\/avatar\/5a9442a2bee7b4dcf167cab035858e9a?s=96&d=mm&r=g\",\"contentUrl\":\"https:\/\/secure.gravatar.com\/avatar\/5a9442a2bee7b4dcf167cab035858e9a?s=96&d=mm&r=g\",\"caption\":\"Fatou\"},\"sameAs\":[\"https:\/\/www.nettali.com\"]}]}<\/script>\n<!-- \/ Yoast SEO Premium plugin. -->","yoast_head_json":{"title":"INTERDIT DE MANIFESTER CE VENDREDI -Le F24 ficelle son plan B | Nettali.com","robots":{"index":"index","follow":"follow","max-snippet":"max-snippet:-1","max-image-preview":"max-image-preview:large","max-video-preview":"max-video-preview:-1"},"canonical":"https:\/\/www.nettali.com\/2023\/09\/08\/interdit-de-manifester-ce-vendredi-le-f24-ficelle-son-plan-b\/","og_locale":"fr_FR","og_type":"article","og_title":"INTERDIT DE MANIFESTER CE VENDREDI -Le F24 ficelle son plan B","og_description":"NETTALI.COM- La plateforme des Forces vives du S\u00e9n\u00e9gal F24 ne compte pas baisser les bras apr\u00e8s l\u2019interdiction de sa manifestation pr\u00e9vue ce vendredi 8 septembre 2023. Elle appelle \u00e0 une manifestation pacifique sous la forme d\u2019un bruitage illumin\u00e9 ce dimanche.\u00a0 Apr\u00e8s l\u2019interdiction de leur manifestation pr\u00e9vue ce vendredi 08 septembre 2023 \u00e0 la Place de [&hellip;]","og_url":"https:\/\/www.nettali.com\/2023\/09\/08\/interdit-de-manifester-ce-vendredi-le-f24-ficelle-son-plan-b\/","og_site_name":"Nettali.com","article_publisher":"https:\/\/www.facebook.com\/nettalicom","article_published_time":"2023-09-08T14:48:40+00:00","og_image":[{"width":1080,"height":900,"url":"https:\/\/www.nettali.com\/wp-content\/uploads\/2023\/09\/F24.png","type":"image\/png"}],"twitter_card":"summary_large_image","twitter_misc":{"\u00c9crit par":"Fatou","Dur\u00e9e de lecture estim\u00e9e":"2 minutes"},"schema":{"@context":"https:\/\/schema.org","@graph":[{"@type":"WebSite","@id":"https:\/\/www.nettali.com\/#website","url":"https:\/\/www.nettali.com\/","name":"Nettali.com","description":"Le rendez-vous critique du Net","potentialAction":[{"@type":"SearchAction","target":{"@type":"EntryPoint","urlTemplate":"https:\/\/www.nettali.com\/?s={search_term_string}"},"query-input":"required name=search_term_string"}],"inLanguage":"fr-FR"},{"@type":"ImageObject","@id":"https:\/\/www.nettali.com\/2023\/09\/08\/interdit-de-manifester-ce-vendredi-le-f24-ficelle-son-plan-b\/#primaryimage","inLanguage":"fr-FR","url":"https:\/\/www.nettali.com\/wp-content\/uploads\/2023\/09\/F24.png","contentUrl":"https:\/\/www.nettali.com\/wp-content\/uploads\/2023\/09\/F24.png","width":1080,"height":900},{"@type":"WebPage","@id":"https:\/\/www.nettali.com\/2023\/09\/08\/interdit-de-manifester-ce-vendredi-le-f24-ficelle-son-plan-b\/#webpage","url":"https:\/\/www.nettali.com\/2023\/09\/08\/interdit-de-manifester-ce-vendredi-le-f24-ficelle-son-plan-b\/","name":"INTERDIT DE MANIFESTER CE VENDREDI -Le F24 ficelle son plan B | Nettali.com","isPartOf":{"@id":"https:\/\/www.nettali.com\/#website"},"primaryImageOfPage":{"@id":"https:\/\/www.nettali.com\/2023\/09\/08\/interdit-de-manifester-ce-vendredi-le-f24-ficelle-son-plan-b\/#primaryimage"},"datePublished":"2023-09-08T14:48:40+00:00","dateModified":"2023-09-08T14:48:40+00:00","author":{"@id":"https:\/\/www.nettali.com\/#\/schema\/person\/418274a86bdf87caff7a3ef476bd0bbf"},"breadcrumb":{"@id":"https:\/\/www.nettali.com\/2023\/09\/08\/interdit-de-manifester-ce-vendredi-le-f24-ficelle-son-plan-b\/#breadcrumb"},"inLanguage":"fr-FR","potentialAction":[{"@type":"ReadAction","target":["https:\/\/www.nettali.com\/2023\/09\/08\/interdit-de-manifester-ce-vendredi-le-f24-ficelle-son-plan-b\/"]}]},{"@type":"BreadcrumbList","@id":"https:\/\/www.nettali.com\/2023\/09\/08\/interdit-de-manifester-ce-vendredi-le-f24-ficelle-son-plan-b\/#breadcrumb","itemListElement":[{"@type":"ListItem","position":1,"name":"Accueil","item":"https:\/\/www.nettali.com\/"},{"@type":"ListItem","position":2,"name":"INTERDIT DE MANIFESTER CE VENDREDI -Le F24 ficelle son plan B"}]},{"@type":"Person","@id":"https:\/\/www.nettali.com\/#\/schema\/person\/418274a86bdf87caff7a3ef476bd0bbf","name":"Fatou","image":{"@type":"ImageObject","@id":"https:\/\/www.nettali.com\/#personlogo","inLanguage":"fr-FR","url":"https:\/\/secure.gravatar.com\/avatar\/5a9442a2bee7b4dcf167cab035858e9a?s=96&d=mm&r=g","contentUrl":"https:\/\/secure.gravatar.com\/avatar\/5a9442a2bee7b4dcf167cab035858e9a?s=96&d=mm&r=g","caption":"Fatou"},"sameAs":["https:\/\/www.nettali.com"]}]}},"_links":{"self":[{"href":"https:\/\/www.nettali.com\/rest\/wp\/v2\/posts\/117680"}],"collection":[{"href":"https:\/\/www.nettali.com\/rest\/wp\/v2\/posts"}],"about":[{"href":"https:\/\/www.nettali.com\/rest\/wp\/v2\/types\/post"}],"author":[{"embeddable":true,"href":"https:\/\/www.nettali.com\/rest\/wp\/v2\/users\/6"}],"replies":[{"embeddable":true,"href":"https:\/\/www.nettali.com\/rest\/wp\/v2\/comments?post=117680"}],"version-history":[{"count":1,"href":"https:\/\/www.nettali.com\/rest\/wp\/v2\/posts\/117680\/revisions"}],"predecessor-version":[{"id":117681,"href":"https:\/\/www.nettali.com\/rest\/wp\/v2\/posts\/117680\/revisions\/117681"}],"wp:featuredmedia":[{"embeddable":true,"href":"https:\/\/www.nettali.com\/rest\/wp\/v2\/media\/117659"}],"wp:attachment":[{"href":"https:\/\/www.nettali.com\/rest\/wp\/v2\/media?parent=117680"}],"wp:term":[{"taxonomy":"category","embeddable":true,"href":"https:\/\/www.nettali.com\/rest\/wp\/v2\/categories?post=117680"},{"taxonomy":"post_tag","embeddable":true,"href":"https:\/\/www.nettali.com\/rest\/wp\/v2\/tags?post=117680"}],"curies":[{"name":"wp","href":"https:\/\/api.w.org\/{rel}","templated":true}]}}