{"id":117674,"date":"2023-09-08T13:14:18","date_gmt":"2023-09-08T13:14:18","guid":{"rendered":"https:\/\/www.nettali.com\/?p=117674"},"modified":"2023-09-08T14:35:09","modified_gmt":"2023-09-08T14:35:09","slug":"mondial-basket-masculin-la-serbie-ecarte-le-canada-et-file-en-finale","status":"publish","type":"post","link":"https:\/\/www.nettali.com\/2023\/09\/08\/mondial-basket-masculin-la-serbie-ecarte-le-canada-et-file-en-finale\/","title":{"rendered":"MONDIAL BASKET MASCULIN - La Serbie \u00e9carte le Canada et file en finale"},"content":{"rendered":"<p><strong>NETTALI.COM - La Serbie a sorti le Canada (95-86), en demi-finale de la Coupe du monde 2023, ce vendredi. Emmen\u00e9s par Bogdan Bogdanovi\u0107 et un collectif bien huil\u00e9 en l'absence de Nikola Joki\u0107, les Serbes ont \u00e9touff\u00e9 les Canadiens de Shai Gilgeous-Alexander d\u00e8s le d\u00e9but de la rencontre avant de g\u00e9rer leur avance. Ils affronteront les Etats-Unis ou l'Allemagne en finale.<\/strong><\/p>\n<p>C'est une performance majuscule. Et bluffante. La Serbie est de retour en finale de la Coupe du monde. Neuf ans apr\u00e8s son \u00e9chec face aux Etats-Unis en Espagne, la s\u00e9lection serbe a d\u00e9croch\u00e9 son billet pour le dernier match du tournoi mondial. Et elle y parvient sans Nikola Joki\u0107, le MVP des derni\u00e8res finales NBA qui a pris du repos cet \u00e9t\u00e9 apr\u00e8s sa saison \u00e9prouvante.<\/p>\n<p>Ce vendredi \u00e0 Manille, c'est le Canada qui a fait les frais de Bogdan Bogdanovi\u0107 et du collectif serbe \u00e0 l'issue d'une demi-finale rondement men\u00e9e (95-86). En finale, les Serbes vont croiser le fer avec le vainqueur de la seconde demi-finale entre les \u00c9tats-Unis et l'Allemagne (13h).<\/p>\n<div class='share-to-whatsapp-wrapper'><div class='share-on-whsp'>PARTAGER SUR : <\/div><a data-text='MONDIAL BASKET MASCULIN - La Serbie \u00e9carte le Canada et file en finale' data-link='https:\/\/www.nettali.com\/2023\/09\/08\/mondial-basket-masculin-la-serbie-ecarte-le-canada-et-file-en-finale\/' class='whatsapp-button whatsapp-share'>WhatsApp<\/a><div class='clear '><\/div><\/div>","protected":false},"excerpt":{"rendered":"<p>NETTALI.COM - La Serbie a sorti le Canada (95-86), en demi-finale de la Coupe du monde 2023, ce vendredi. Emmen\u00e9s par Bogdan Bogdanovi\u0107 et un collectif bien huil\u00e9 en l'absence de Nikola Joki\u0107, les Serbes ont \u00e9touff\u00e9 les Canadiens de Shai Gilgeous-Alexander d\u00e8s le d\u00e9but de la rencontre avant de g\u00e9rer leur avance. Ils affronteront [&hellip;]<\/p>\n","protected":false},"author":5,"featured_media":117675,"comment_status":"open","ping_status":"open","sticky":false,"template":"","format":"standard","meta":{"_et_pb_use_builder":"","_et_pb_old_content":""},"categories":[6],"tags":[],"yoast_head":"<!-- This site is optimized with the Yoast SEO Premium plugin v17.8 (Yoast SEO v17.8) - https:\/\/yoast.com\/wordpress\/plugins\/seo\/ -->\n<title>MONDIAL BASKET MASCULIN - La Serbie \u00e9carte le Canada et file en finale | Nettali.com<\/title>\n<meta name=\"robots\" content=\"index, follow, max-snippet:-1, max-image-preview:large, max-video-preview:-1\" \/>\n<link rel=\"canonical\" href=\"https:\/\/www.nettali.com\/2023\/09\/08\/mondial-basket-masculin-la-serbie-ecarte-le-canada-et-file-en-finale\/\" \/>\n<meta property=\"og:locale\" content=\"fr_FR\" \/>\n<meta property=\"og:type\" content=\"article\" \/>\n<meta property=\"og:title\" content=\"MONDIAL BASKET MASCULIN - La Serbie \u00e9carte le Canada et file en finale\" \/>\n<meta property=\"og:description\" content=\"NETTALI.COM - La Serbie a sorti le Canada (95-86), en demi-finale de la Coupe du monde 2023, ce vendredi. Emmen\u00e9s par Bogdan Bogdanovi\u0107 et un collectif bien huil\u00e9 en l&#039;absence de Nikola Joki\u0107, les Serbes ont \u00e9touff\u00e9 les Canadiens de Shai Gilgeous-Alexander d\u00e8s le d\u00e9but de la rencontre avant de g\u00e9rer leur avance. Ils affronteront [&hellip;]\" \/>\n<meta property=\"og:url\" content=\"https:\/\/www.nettali.com\/2023\/09\/08\/mondial-basket-masculin-la-serbie-ecarte-le-canada-et-file-en-finale\/\" \/>\n<meta property=\"og:site_name\" content=\"Nettali.com\" \/>\n<meta property=\"article:publisher\" content=\"https:\/\/www.facebook.com\/nettalicom\" \/>\n<meta property=\"article:published_time\" content=\"2023-09-08T13:14:18+00:00\" \/>\n<meta property=\"article:modified_time\" content=\"2023-09-08T14:35:09+00:00\" \/>\n<meta property=\"og:image\" content=\"https:\/\/www.nettali.com\/wp-content\/uploads\/2023\/09\/serbie-canada.jpeg\" \/>\n\t<meta property=\"og:image:width\" content=\"1000\" \/>\n\t<meta property=\"og:image:height\" content=\"681\" \/>\n<meta name=\"twitter:card\" content=\"summary_large_image\" \/>\n<meta name=\"twitter:label1\" content=\"\u00c9crit par\" \/>\n\t<meta name=\"twitter:data1\" content=\"Ibrahima\" \/>\n\t<meta name=\"twitter:label2\" content=\"Dur\u00e9e de lecture estim\u00e9e\" \/>\n\t<meta name=\"twitter:data2\" content=\"1 minute\" \/>\n<script type=\"application\/ld+json\" class=\"yoast-schema-graph\">{\"@context\":\"https:\/\/schema.org\",\"@graph\":[{\"@type\":\"WebSite\",\"@id\":\"https:\/\/www.nettali.com\/#website\",\"url\":\"https:\/\/www.nettali.com\/\",\"name\":\"Nettali.com\",\"description\":\"Le rendez-vous critique du Net\",\"potentialAction\":[{\"@type\":\"SearchAction\",\"target\":{\"@type\":\"EntryPoint\",\"urlTemplate\":\"https:\/\/www.nettali.com\/?s={search_term_string}\"},\"query-input\":\"required name=search_term_string\"}],\"inLanguage\":\"fr-FR\"},{\"@type\":\"ImageObject\",\"@id\":\"https:\/\/www.nettali.com\/2023\/09\/08\/mondial-basket-masculin-la-serbie-ecarte-le-canada-et-file-en-finale\/#primaryimage\",\"inLanguage\":\"fr-FR\",\"url\":\"https:\/\/www.nettali.com\/wp-content\/uploads\/2023\/09\/serbie-canada.jpeg\",\"contentUrl\":\"https:\/\/www.nettali.com\/wp-content\/uploads\/2023\/09\/serbie-canada.jpeg\",\"width\":1000,\"height\":681},{\"@type\":\"WebPage\",\"@id\":\"https:\/\/www.nettali.com\/2023\/09\/08\/mondial-basket-masculin-la-serbie-ecarte-le-canada-et-file-en-finale\/#webpage\",\"url\":\"https:\/\/www.nettali.com\/2023\/09\/08\/mondial-basket-masculin-la-serbie-ecarte-le-canada-et-file-en-finale\/\",\"name\":\"MONDIAL BASKET MASCULIN - La Serbie \\u00e9carte le Canada et file en finale | Nettali.com\",\"isPartOf\":{\"@id\":\"https:\/\/www.nettali.com\/#website\"},\"primaryImageOfPage\":{\"@id\":\"https:\/\/www.nettali.com\/2023\/09\/08\/mondial-basket-masculin-la-serbie-ecarte-le-canada-et-file-en-finale\/#primaryimage\"},\"datePublished\":\"2023-09-08T13:14:18+00:00\",\"dateModified\":\"2023-09-08T14:35:09+00:00\",\"author\":{\"@id\":\"https:\/\/www.nettali.com\/#\/schema\/person\/bb147657c2986240405a608162b9bb23\"},\"breadcrumb\":{\"@id\":\"https:\/\/www.nettali.com\/2023\/09\/08\/mondial-basket-masculin-la-serbie-ecarte-le-canada-et-file-en-finale\/#breadcrumb\"},\"inLanguage\":\"fr-FR\",\"potentialAction\":[{\"@type\":\"ReadAction\",\"target\":[\"https:\/\/www.nettali.com\/2023\/09\/08\/mondial-basket-masculin-la-serbie-ecarte-le-canada-et-file-en-finale\/\"]}]},{\"@type\":\"BreadcrumbList\",\"@id\":\"https:\/\/www.nettali.com\/2023\/09\/08\/mondial-basket-masculin-la-serbie-ecarte-le-canada-et-file-en-finale\/#breadcrumb\",\"itemListElement\":[{\"@type\":\"ListItem\",\"position\":1,\"name\":\"Accueil\",\"item\":\"https:\/\/www.nettali.com\/\"},{\"@type\":\"ListItem\",\"position\":2,\"name\":\"MONDIAL BASKET MASCULIN - La Serbie \\u00e9carte le Canada et file en finale\"}]},{\"@type\":\"Person\",\"@id\":\"https:\/\/www.nettali.com\/#\/schema\/person\/bb147657c2986240405a608162b9bb23\",\"name\":\"Ibrahima\",\"image\":{\"@type\":\"ImageObject\",\"@id\":\"https:\/\/www.nettali.com\/#personlogo\",\"inLanguage\":\"fr-FR\",\"url\":\"https:\/\/secure.gravatar.com\/avatar\/26a8a81f09f0dd7624c9d5c36c9ba3a2?s=96&d=mm&r=g\",\"contentUrl\":\"https:\/\/secure.gravatar.com\/avatar\/26a8a81f09f0dd7624c9d5c36c9ba3a2?s=96&d=mm&r=g\",\"caption\":\"Ibrahima\"},\"sameAs\":[\"https:\/\/www.nettali.com\"]}]}<\/script>\n<!-- \/ Yoast SEO Premium plugin. -->","yoast_head_json":{"title":"MONDIAL BASKET MASCULIN - La Serbie \u00e9carte le Canada et file en finale | Nettali.com","robots":{"index":"index","follow":"follow","max-snippet":"max-snippet:-1","max-image-preview":"max-image-preview:large","max-video-preview":"max-video-preview:-1"},"canonical":"https:\/\/www.nettali.com\/2023\/09\/08\/mondial-basket-masculin-la-serbie-ecarte-le-canada-et-file-en-finale\/","og_locale":"fr_FR","og_type":"article","og_title":"MONDIAL BASKET MASCULIN - La Serbie \u00e9carte le Canada et file en finale","og_description":"NETTALI.COM - La Serbie a sorti le Canada (95-86), en demi-finale de la Coupe du monde 2023, ce vendredi. Emmen\u00e9s par Bogdan Bogdanovi\u0107 et un collectif bien huil\u00e9 en l'absence de Nikola Joki\u0107, les Serbes ont \u00e9touff\u00e9 les Canadiens de Shai Gilgeous-Alexander d\u00e8s le d\u00e9but de la rencontre avant de g\u00e9rer leur avance. Ils affronteront [&hellip;]","og_url":"https:\/\/www.nettali.com\/2023\/09\/08\/mondial-basket-masculin-la-serbie-ecarte-le-canada-et-file-en-finale\/","og_site_name":"Nettali.com","article_publisher":"https:\/\/www.facebook.com\/nettalicom","article_published_time":"2023-09-08T13:14:18+00:00","article_modified_time":"2023-09-08T14:35:09+00:00","og_image":[{"width":1000,"height":681,"url":"https:\/\/www.nettali.com\/wp-content\/uploads\/2023\/09\/serbie-canada.jpeg","type":"image\/jpeg"}],"twitter_card":"summary_large_image","twitter_misc":{"\u00c9crit par":"Ibrahima","Dur\u00e9e de lecture estim\u00e9e":"1 minute"},"schema":{"@context":"https:\/\/schema.org","@graph":[{"@type":"WebSite","@id":"https:\/\/www.nettali.com\/#website","url":"https:\/\/www.nettali.com\/","name":"Nettali.com","description":"Le rendez-vous critique du Net","potentialAction":[{"@type":"SearchAction","target":{"@type":"EntryPoint","urlTemplate":"https:\/\/www.nettali.com\/?s={search_term_string}"},"query-input":"required name=search_term_string"}],"inLanguage":"fr-FR"},{"@type":"ImageObject","@id":"https:\/\/www.nettali.com\/2023\/09\/08\/mondial-basket-masculin-la-serbie-ecarte-le-canada-et-file-en-finale\/#primaryimage","inLanguage":"fr-FR","url":"https:\/\/www.nettali.com\/wp-content\/uploads\/2023\/09\/serbie-canada.jpeg","contentUrl":"https:\/\/www.nettali.com\/wp-content\/uploads\/2023\/09\/serbie-canada.jpeg","width":1000,"height":681},{"@type":"WebPage","@id":"https:\/\/www.nettali.com\/2023\/09\/08\/mondial-basket-masculin-la-serbie-ecarte-le-canada-et-file-en-finale\/#webpage","url":"https:\/\/www.nettali.com\/2023\/09\/08\/mondial-basket-masculin-la-serbie-ecarte-le-canada-et-file-en-finale\/","name":"MONDIAL BASKET MASCULIN - La Serbie \u00e9carte le Canada et file en finale | Nettali.com","isPartOf":{"@id":"https:\/\/www.nettali.com\/#website"},"primaryImageOfPage":{"@id":"https:\/\/www.nettali.com\/2023\/09\/08\/mondial-basket-masculin-la-serbie-ecarte-le-canada-et-file-en-finale\/#primaryimage"},"datePublished":"2023-09-08T13:14:18+00:00","dateModified":"2023-09-08T14:35:09+00:00","author":{"@id":"https:\/\/www.nettali.com\/#\/schema\/person\/bb147657c2986240405a608162b9bb23"},"breadcrumb":{"@id":"https:\/\/www.nettali.com\/2023\/09\/08\/mondial-basket-masculin-la-serbie-ecarte-le-canada-et-file-en-finale\/#breadcrumb"},"inLanguage":"fr-FR","potentialAction":[{"@type":"ReadAction","target":["https:\/\/www.nettali.com\/2023\/09\/08\/mondial-basket-masculin-la-serbie-ecarte-le-canada-et-file-en-finale\/"]}]},{"@type":"BreadcrumbList","@id":"https:\/\/www.nettali.com\/2023\/09\/08\/mondial-basket-masculin-la-serbie-ecarte-le-canada-et-file-en-finale\/#breadcrumb","itemListElement":[{"@type":"ListItem","position":1,"name":"Accueil","item":"https:\/\/www.nettali.com\/"},{"@type":"ListItem","position":2,"name":"MONDIAL BASKET MASCULIN - La Serbie \u00e9carte le Canada et file en finale"}]},{"@type":"Person","@id":"https:\/\/www.nettali.com\/#\/schema\/person\/bb147657c2986240405a608162b9bb23","name":"Ibrahima","image":{"@type":"ImageObject","@id":"https:\/\/www.nettali.com\/#personlogo","inLanguage":"fr-FR","url":"https:\/\/secure.gravatar.com\/avatar\/26a8a81f09f0dd7624c9d5c36c9ba3a2?s=96&d=mm&r=g","contentUrl":"https:\/\/secure.gravatar.com\/avatar\/26a8a81f09f0dd7624c9d5c36c9ba3a2?s=96&d=mm&r=g","caption":"Ibrahima"},"sameAs":["https:\/\/www.nettali.com"]}]}},"_links":{"self":[{"href":"https:\/\/www.nettali.com\/rest\/wp\/v2\/posts\/117674"}],"collection":[{"href":"https:\/\/www.nettali.com\/rest\/wp\/v2\/posts"}],"about":[{"href":"https:\/\/www.nettali.com\/rest\/wp\/v2\/types\/post"}],"author":[{"embeddable":true,"href":"https:\/\/www.nettali.com\/rest\/wp\/v2\/users\/5"}],"replies":[{"embeddable":true,"href":"https:\/\/www.nettali.com\/rest\/wp\/v2\/comments?post=117674"}],"version-history":[{"count":3,"href":"https:\/\/www.nettali.com\/rest\/wp\/v2\/posts\/117674\/revisions"}],"predecessor-version":[{"id":117679,"href":"https:\/\/www.nettali.com\/rest\/wp\/v2\/posts\/117674\/revisions\/117679"}],"wp:featuredmedia":[{"embeddable":true,"href":"https:\/\/www.nettali.com\/rest\/wp\/v2\/media\/117675"}],"wp:attachment":[{"href":"https:\/\/www.nettali.com\/rest\/wp\/v2\/media?parent=117674"}],"wp:term":[{"taxonomy":"category","embeddable":true,"href":"https:\/\/www.nettali.com\/rest\/wp\/v2\/categories?post=117674"},{"taxonomy":"post_tag","embeddable":true,"href":"https:\/\/www.nettali.com\/rest\/wp\/v2\/tags?post=117674"}],"curies":[{"name":"wp","href":"https:\/\/api.w.org\/{rel}","templated":true}]}}