{"id":117575,"date":"2023-09-06T20:30:15","date_gmt":"2023-09-06T20:30:15","guid":{"rendered":"https:\/\/www.nettali.com\/?p=117575"},"modified":"2023-09-06T20:30:15","modified_gmt":"2023-09-06T20:30:15","slug":"ballon-dor-2023-la-liste-complete-des-nomines","status":"publish","type":"post","link":"https:\/\/www.nettali.com\/2023\/09\/06\/ballon-dor-2023-la-liste-complete-des-nomines\/","title":{"rendered":"BALLON D'OR 2023 -  La liste compl\u00e8te des nomin\u00e9s"},"content":{"rendered":"<p><strong>NETTALI.COM - France-Football a rendu publique, ce mercredi, la liste des nomin\u00e9s pour le Ballon d'or. Nous vous proposons ci-dessous la liste compl\u00e8te. <\/strong><\/p>\n<p>Tenant du titre et auteur de 31 buts en 43 matchs la saison derni\u00e8re avec le Real Madrid, Karim Benzema peut-il remporter un nouveau Ballon d\u2019Or ? Pr\u00e9sent dans la liste des 30 nomm\u00e9s ce mercredi par France Football pour l'\u00e9dition 2023, le nouvel attaquant d\u2019Al-Ittihad ne part pas favori face \u00e0 Lionel Messi, sacr\u00e9 champion du monde avec l\u2019Argentine, Erling Haaland, grand artisan du tripl\u00e9 de Manchester City, Kylian Mbapp\u00e9, meilleur buteur du Mondial et auteur d'un tripl\u00e9 en finale, ou encore Kevin De Bruyne, le ma\u00eetre \u00e0 jouer de Manchester City.<\/p>\n<p>Dans les 30 nomm\u00e9s, Rodri, unique buteur de la finale de la Ligue des Champions, est logiquement pr\u00e9sent, tout comme ses co\u00e9quipiers Bernardo Silva et Ilkay G\u00fcndogan. Pour le reste, on retrouve notamment Khvicha Kvaratskhelia et Victor Osimhen, grands artisans du titre de champion d\u2019Italie remport\u00e9 par Naples, Vinicius Junior, brillant avec le Real Madrid, Robert Lewandowski, meilleur buteur de la Liga pour sa premi\u00e8re saison au Bar\u00e7a, mais aussi les Fran\u00e7ais Randal Kolo Muani (PSG) et Antoine Griezmann (Atletico).<\/p>\n<p><strong><span style=\"color: #ff0000;\">Les 30 joueurs nomm\u00e9s pour le Ballon d'Or 2023 :<\/span><\/strong><\/p>\n<p><strong>Josko Gvardiol<\/strong> (Croatie, Manchester City)<\/p>\n<p><strong>Jamal Musiala<\/strong> (Allemagne, Bayern Munich)<\/p>\n<p><strong>Andr\u00e9 Onana<\/strong> (Cameroun, Manchester United)<\/p>\n<p><strong>Karim Benzema<\/strong> (France, Al-Ittihad)<\/p>\n<p><strong>Mohamed Salah<\/strong> (Egypte, Liverpool)<\/p>\n<p><strong>Bukayo Saka<\/strong> (Angleterre, Arsenal)<\/p>\n<p><strong>Kevin De Bruyne<\/strong> (Belgique, Manchester City)<\/p>\n<p><strong>Jude Bellingham<\/strong> (Angleterre, Real Madrid)<\/p>\n<p><strong>Randal Kolo Muani<\/strong> (France, PSG)<\/p>\n<p><strong>Bernardo Silva<\/strong> (Portugal, Manchester City)<\/p>\n<p><strong>Khvicha Kvaratskhelia<\/strong> (G\u00e9orgie, Naples)<\/p>\n<p><strong>Nicolo Barella<\/strong> (Italie, Inter Milan)<\/p>\n<p><strong>Emiliano Martinez<\/strong> (Argentine, Aston Villa)<\/p>\n<p><strong>Ruben Dias<\/strong> (Portugal, Manchester City)<\/p>\n<p><strong>Erling Haaland<\/strong> (Norv\u00e8ge, Manchester City)<\/p>\n<p><strong>Martin Odeggard<\/strong> (Norv\u00e8ge, Arsenal)<\/p>\n<p><strong>Ilkay G\u00fcndogan<\/strong> (Allemagne, Manchester City)<\/p>\n<p><strong>Yassine Bounou<\/strong> (Maroc, Al-Hilal)<\/p>\n<p><strong>Julian Alvarez<\/strong> (Argentine, Manchester City)<\/p>\n<p><strong>Vinicius Junior<\/strong> (Br\u00e9sil, Real Madrid)<\/p>\n<p><strong>Rodri<\/strong> (Espagne, Manchester City)<\/p>\n<p><strong>Antoine Griezmann<\/strong> (France, Atletico Madrid)<\/p>\n<p><strong>Lionel Messi<\/strong> (Argentine, Inter Miami)<\/p>\n<p><strong>Lautaro Martinez<\/strong> (Argentine, Inter Milan)<\/p>\n<p><strong>Robert Lewandowski<\/strong> (Pologne, FC Barcelone)<\/p>\n<p><strong>Kim Min-Jae<\/strong> (Cor\u00e9e du Sud, Bayern Munich)<\/p>\n<p><strong>Luka Modric<\/strong> (Croatie, Real Madrid)<\/p>\n<p><strong>Kylian Mbapp\u00e9<\/strong> (France, PSG)<\/p>\n<p><strong>Victor Osimhen<\/strong> (Nigeria, Naples)<\/p>\n<p><strong>Harry Kane<\/strong> (Angleterre, Bayern Munich)<\/p>\n<div class='share-to-whatsapp-wrapper'><div class='share-on-whsp'>PARTAGER SUR : <\/div><a data-text='BALLON D'OR 2023 -  La liste compl\u00e8te des nomin\u00e9s' data-link='https:\/\/www.nettali.com\/2023\/09\/06\/ballon-dor-2023-la-liste-complete-des-nomines\/' class='whatsapp-button whatsapp-share'>WhatsApp<\/a><div class='clear '><\/div><\/div>","protected":false},"excerpt":{"rendered":"<p>NETTALI.COM - France-Football a rendu publique, ce mercredi, la liste des nomin\u00e9s pour le Ballon d'or. Nous vous proposons ci-dessous la liste compl\u00e8te. Tenant du titre et auteur de 31 buts en 43 matchs la saison derni\u00e8re avec le Real Madrid, Karim Benzema peut-il remporter un nouveau Ballon d\u2019Or ? Pr\u00e9sent dans la liste des [&hellip;]<\/p>\n","protected":false},"author":4,"featured_media":41521,"comment_status":"open","ping_status":"open","sticky":false,"template":"","format":"standard","meta":{"_et_pb_use_builder":"","_et_pb_old_content":""},"categories":[6],"tags":[],"yoast_head":"<!-- This site is optimized with the Yoast SEO Premium plugin v17.8 (Yoast SEO v17.8) - https:\/\/yoast.com\/wordpress\/plugins\/seo\/ -->\n<title>BALLON D&#039;OR 2023 - La liste compl\u00e8te des nomin\u00e9s | Nettali.com<\/title>\n<meta name=\"robots\" content=\"index, follow, max-snippet:-1, max-image-preview:large, max-video-preview:-1\" \/>\n<link rel=\"canonical\" href=\"https:\/\/www.nettali.com\/2023\/09\/06\/ballon-dor-2023-la-liste-complete-des-nomines\/\" \/>\n<meta property=\"og:locale\" content=\"fr_FR\" \/>\n<meta property=\"og:type\" content=\"article\" \/>\n<meta property=\"og:title\" content=\"BALLON D&#039;OR 2023 - La liste compl\u00e8te des nomin\u00e9s\" \/>\n<meta property=\"og:description\" content=\"NETTALI.COM - France-Football a rendu publique, ce mercredi, la liste des nomin\u00e9s pour le Ballon d&#039;or. Nous vous proposons ci-dessous la liste compl\u00e8te. Tenant du titre et auteur de 31 buts en 43 matchs la saison derni\u00e8re avec le Real Madrid, Karim Benzema peut-il remporter un nouveau Ballon d\u2019Or ? Pr\u00e9sent dans la liste des [&hellip;]\" \/>\n<meta property=\"og:url\" content=\"https:\/\/www.nettali.com\/2023\/09\/06\/ballon-dor-2023-la-liste-complete-des-nomines\/\" \/>\n<meta property=\"og:site_name\" content=\"Nettali.com\" \/>\n<meta property=\"article:publisher\" content=\"https:\/\/www.facebook.com\/nettalicom\" \/>\n<meta property=\"article:published_time\" content=\"2023-09-06T20:30:15+00:00\" \/>\n<meta property=\"og:image\" content=\"https:\/\/www.nettali.com\/wp-content\/uploads\/2020\/07\/Le-Ballon-d-Or-2020-ne-sera-pas-attribue.jpg\" \/>\n\t<meta property=\"og:image:width\" content=\"625\" \/>\n\t<meta property=\"og:image:height\" content=\"417\" \/>\n<meta name=\"twitter:card\" content=\"summary_large_image\" \/>\n<meta name=\"twitter:label1\" content=\"\u00c9crit par\" \/>\n\t<meta name=\"twitter:data1\" content=\"Daouda\" \/>\n\t<meta name=\"twitter:label2\" content=\"Dur\u00e9e de lecture estim\u00e9e\" \/>\n\t<meta name=\"twitter:data2\" content=\"2 minutes\" \/>\n<script type=\"application\/ld+json\" class=\"yoast-schema-graph\">{\"@context\":\"https:\/\/schema.org\",\"@graph\":[{\"@type\":\"WebSite\",\"@id\":\"https:\/\/www.nettali.com\/#website\",\"url\":\"https:\/\/www.nettali.com\/\",\"name\":\"Nettali.com\",\"description\":\"Le rendez-vous critique du Net\",\"potentialAction\":[{\"@type\":\"SearchAction\",\"target\":{\"@type\":\"EntryPoint\",\"urlTemplate\":\"https:\/\/www.nettali.com\/?s={search_term_string}\"},\"query-input\":\"required name=search_term_string\"}],\"inLanguage\":\"fr-FR\"},{\"@type\":\"ImageObject\",\"@id\":\"https:\/\/www.nettali.com\/2023\/09\/06\/ballon-dor-2023-la-liste-complete-des-nomines\/#primaryimage\",\"inLanguage\":\"fr-FR\",\"url\":\"https:\/\/www.nettali.com\/wp-content\/uploads\/2020\/07\/Le-Ballon-d-Or-2020-ne-sera-pas-attribue.jpg\",\"contentUrl\":\"https:\/\/www.nettali.com\/wp-content\/uploads\/2020\/07\/Le-Ballon-d-Or-2020-ne-sera-pas-attribue.jpg\",\"width\":625,\"height\":417,\"caption\":\"(FILES) In this file photo taken on September 19, 2019 the Ballon d'Or trophy is displayed during a press conference to present the new Ballon d'Or trophy, on the outskirts of Paris. - Ballon d'Or will not be awarded in 2020, organisers France Football announced on July 20, 2020. (Photo by Thomas SAMSON \/ AFP)\"},{\"@type\":\"WebPage\",\"@id\":\"https:\/\/www.nettali.com\/2023\/09\/06\/ballon-dor-2023-la-liste-complete-des-nomines\/#webpage\",\"url\":\"https:\/\/www.nettali.com\/2023\/09\/06\/ballon-dor-2023-la-liste-complete-des-nomines\/\",\"name\":\"BALLON D'OR 2023 - La liste compl\\u00e8te des nomin\\u00e9s | Nettali.com\",\"isPartOf\":{\"@id\":\"https:\/\/www.nettali.com\/#website\"},\"primaryImageOfPage\":{\"@id\":\"https:\/\/www.nettali.com\/2023\/09\/06\/ballon-dor-2023-la-liste-complete-des-nomines\/#primaryimage\"},\"datePublished\":\"2023-09-06T20:30:15+00:00\",\"dateModified\":\"2023-09-06T20:30:15+00:00\",\"author\":{\"@id\":\"https:\/\/www.nettali.com\/#\/schema\/person\/3317e0bb3aa1da309fbf7b2780901bf4\"},\"breadcrumb\":{\"@id\":\"https:\/\/www.nettali.com\/2023\/09\/06\/ballon-dor-2023-la-liste-complete-des-nomines\/#breadcrumb\"},\"inLanguage\":\"fr-FR\",\"potentialAction\":[{\"@type\":\"ReadAction\",\"target\":[\"https:\/\/www.nettali.com\/2023\/09\/06\/ballon-dor-2023-la-liste-complete-des-nomines\/\"]}]},{\"@type\":\"BreadcrumbList\",\"@id\":\"https:\/\/www.nettali.com\/2023\/09\/06\/ballon-dor-2023-la-liste-complete-des-nomines\/#breadcrumb\",\"itemListElement\":[{\"@type\":\"ListItem\",\"position\":1,\"name\":\"Accueil\",\"item\":\"https:\/\/www.nettali.com\/\"},{\"@type\":\"ListItem\",\"position\":2,\"name\":\"BALLON D'OR 2023 - La liste compl\\u00e8te des nomin\\u00e9s\"}]},{\"@type\":\"Person\",\"@id\":\"https:\/\/www.nettali.com\/#\/schema\/person\/3317e0bb3aa1da309fbf7b2780901bf4\",\"name\":\"Daouda\",\"image\":{\"@type\":\"ImageObject\",\"@id\":\"https:\/\/www.nettali.com\/#personlogo\",\"inLanguage\":\"fr-FR\",\"url\":\"https:\/\/secure.gravatar.com\/avatar\/8d143b5a49345098ddcfee1c49c2f47c?s=96&d=mm&r=g\",\"contentUrl\":\"https:\/\/secure.gravatar.com\/avatar\/8d143b5a49345098ddcfee1c49c2f47c?s=96&d=mm&r=g\",\"caption\":\"Daouda\"},\"sameAs\":[\"https:\/\/www.nettali.com\"]}]}<\/script>\n<!-- \/ Yoast SEO Premium plugin. -->","yoast_head_json":{"title":"BALLON D'OR 2023 - La liste compl\u00e8te des nomin\u00e9s | Nettali.com","robots":{"index":"index","follow":"follow","max-snippet":"max-snippet:-1","max-image-preview":"max-image-preview:large","max-video-preview":"max-video-preview:-1"},"canonical":"https:\/\/www.nettali.com\/2023\/09\/06\/ballon-dor-2023-la-liste-complete-des-nomines\/","og_locale":"fr_FR","og_type":"article","og_title":"BALLON D'OR 2023 - La liste compl\u00e8te des nomin\u00e9s","og_description":"NETTALI.COM - France-Football a rendu publique, ce mercredi, la liste des nomin\u00e9s pour le Ballon d'or. Nous vous proposons ci-dessous la liste compl\u00e8te. Tenant du titre et auteur de 31 buts en 43 matchs la saison derni\u00e8re avec le Real Madrid, Karim Benzema peut-il remporter un nouveau Ballon d\u2019Or ? Pr\u00e9sent dans la liste des [&hellip;]","og_url":"https:\/\/www.nettali.com\/2023\/09\/06\/ballon-dor-2023-la-liste-complete-des-nomines\/","og_site_name":"Nettali.com","article_publisher":"https:\/\/www.facebook.com\/nettalicom","article_published_time":"2023-09-06T20:30:15+00:00","og_image":[{"width":625,"height":417,"url":"https:\/\/www.nettali.com\/wp-content\/uploads\/2020\/07\/Le-Ballon-d-Or-2020-ne-sera-pas-attribue.jpg","type":"image\/jpeg"}],"twitter_card":"summary_large_image","twitter_misc":{"\u00c9crit par":"Daouda","Dur\u00e9e de lecture estim\u00e9e":"2 minutes"},"schema":{"@context":"https:\/\/schema.org","@graph":[{"@type":"WebSite","@id":"https:\/\/www.nettali.com\/#website","url":"https:\/\/www.nettali.com\/","name":"Nettali.com","description":"Le rendez-vous critique du Net","potentialAction":[{"@type":"SearchAction","target":{"@type":"EntryPoint","urlTemplate":"https:\/\/www.nettali.com\/?s={search_term_string}"},"query-input":"required name=search_term_string"}],"inLanguage":"fr-FR"},{"@type":"ImageObject","@id":"https:\/\/www.nettali.com\/2023\/09\/06\/ballon-dor-2023-la-liste-complete-des-nomines\/#primaryimage","inLanguage":"fr-FR","url":"https:\/\/www.nettali.com\/wp-content\/uploads\/2020\/07\/Le-Ballon-d-Or-2020-ne-sera-pas-attribue.jpg","contentUrl":"https:\/\/www.nettali.com\/wp-content\/uploads\/2020\/07\/Le-Ballon-d-Or-2020-ne-sera-pas-attribue.jpg","width":625,"height":417,"caption":"(FILES) In this file photo taken on September 19, 2019 the Ballon d'Or trophy is displayed during a press conference to present the new Ballon d'Or trophy, on the outskirts of Paris. - Ballon d'Or will not be awarded in 2020, organisers France Football announced on July 20, 2020. (Photo by Thomas SAMSON \/ AFP)"},{"@type":"WebPage","@id":"https:\/\/www.nettali.com\/2023\/09\/06\/ballon-dor-2023-la-liste-complete-des-nomines\/#webpage","url":"https:\/\/www.nettali.com\/2023\/09\/06\/ballon-dor-2023-la-liste-complete-des-nomines\/","name":"BALLON D'OR 2023 - La liste compl\u00e8te des nomin\u00e9s | Nettali.com","isPartOf":{"@id":"https:\/\/www.nettali.com\/#website"},"primaryImageOfPage":{"@id":"https:\/\/www.nettali.com\/2023\/09\/06\/ballon-dor-2023-la-liste-complete-des-nomines\/#primaryimage"},"datePublished":"2023-09-06T20:30:15+00:00","dateModified":"2023-09-06T20:30:15+00:00","author":{"@id":"https:\/\/www.nettali.com\/#\/schema\/person\/3317e0bb3aa1da309fbf7b2780901bf4"},"breadcrumb":{"@id":"https:\/\/www.nettali.com\/2023\/09\/06\/ballon-dor-2023-la-liste-complete-des-nomines\/#breadcrumb"},"inLanguage":"fr-FR","potentialAction":[{"@type":"ReadAction","target":["https:\/\/www.nettali.com\/2023\/09\/06\/ballon-dor-2023-la-liste-complete-des-nomines\/"]}]},{"@type":"BreadcrumbList","@id":"https:\/\/www.nettali.com\/2023\/09\/06\/ballon-dor-2023-la-liste-complete-des-nomines\/#breadcrumb","itemListElement":[{"@type":"ListItem","position":1,"name":"Accueil","item":"https:\/\/www.nettali.com\/"},{"@type":"ListItem","position":2,"name":"BALLON D'OR 2023 - La liste compl\u00e8te des nomin\u00e9s"}]},{"@type":"Person","@id":"https:\/\/www.nettali.com\/#\/schema\/person\/3317e0bb3aa1da309fbf7b2780901bf4","name":"Daouda","image":{"@type":"ImageObject","@id":"https:\/\/www.nettali.com\/#personlogo","inLanguage":"fr-FR","url":"https:\/\/secure.gravatar.com\/avatar\/8d143b5a49345098ddcfee1c49c2f47c?s=96&d=mm&r=g","contentUrl":"https:\/\/secure.gravatar.com\/avatar\/8d143b5a49345098ddcfee1c49c2f47c?s=96&d=mm&r=g","caption":"Daouda"},"sameAs":["https:\/\/www.nettali.com"]}]}},"_links":{"self":[{"href":"https:\/\/www.nettali.com\/rest\/wp\/v2\/posts\/117575"}],"collection":[{"href":"https:\/\/www.nettali.com\/rest\/wp\/v2\/posts"}],"about":[{"href":"https:\/\/www.nettali.com\/rest\/wp\/v2\/types\/post"}],"author":[{"embeddable":true,"href":"https:\/\/www.nettali.com\/rest\/wp\/v2\/users\/4"}],"replies":[{"embeddable":true,"href":"https:\/\/www.nettali.com\/rest\/wp\/v2\/comments?post=117575"}],"version-history":[{"count":1,"href":"https:\/\/www.nettali.com\/rest\/wp\/v2\/posts\/117575\/revisions"}],"predecessor-version":[{"id":117576,"href":"https:\/\/www.nettali.com\/rest\/wp\/v2\/posts\/117575\/revisions\/117576"}],"wp:featuredmedia":[{"embeddable":true,"href":"https:\/\/www.nettali.com\/rest\/wp\/v2\/media\/41521"}],"wp:attachment":[{"href":"https:\/\/www.nettali.com\/rest\/wp\/v2\/media?parent=117575"}],"wp:term":[{"taxonomy":"category","embeddable":true,"href":"https:\/\/www.nettali.com\/rest\/wp\/v2\/categories?post=117575"},{"taxonomy":"post_tag","embeddable":true,"href":"https:\/\/www.nettali.com\/rest\/wp\/v2\/tags?post=117575"}],"curies":[{"name":"wp","href":"https:\/\/api.w.org\/{rel}","templated":true}]}}