{"id":117550,"date":"2023-09-06T15:45:37","date_gmt":"2023-09-06T15:45:37","guid":{"rendered":"https:\/\/www.nettali.com\/?p=117550"},"modified":"2023-09-06T15:45:37","modified_gmt":"2023-09-06T15:45:37","slug":"manifestation-pourquoi-le-f24-donne-rendez-vous-ce-vendredi","status":"publish","type":"post","link":"https:\/\/www.nettali.com\/2023\/09\/06\/manifestation-pourquoi-le-f24-donne-rendez-vous-ce-vendredi\/","title":{"rendered":"MANIFESTATION \u2013 Pourquoi le\u00a0 F24 donne rendez-vous ce vendredi"},"content":{"rendered":"<p><strong>NETTALI.COM- La plateforme des Forces vives du S\u00e9n\u00e9gal F24 compte tenir un rassemblement ce vendredi 08 septembre 2023. Selon son coordonnateur, le combat va porter sur trois points essentiellement. Mamadou Mbodji indique qu' il s'agit entre autres de la suppression des artifices juridico-politique susceptible d\u2019entraver l\u2019\u00e9ligibilit\u00e9 de certains candidats, de la lib\u00e9ration des d\u00e9tenus politiques et de l\u2019organisation des \u00e9lections inclusives, transparentes et apais\u00e9es.<\/strong><\/p>\n<p>La plateforme des Forces vives du S\u00e9n\u00e9gal F24 va tenir une manifestation ce vendredi 08 septembre 2023 \u00e0 la place de la Nation. C\u2019est du moins ce qu\u2019a annonc\u00e9 son coordonnateur Mamadou Mbodji sur les ondes de la Rfm. Le motif pr\u00e9voit une charte qui va porter le combat sur trois points.<\/p>\n<p>C\u2019est selon toujours Mamadou Mbodji qui indique que le premier point porte sur l\u2019annulation, la suppression des artifices juridico-politique susceptible d\u2019entraver l\u2019\u00e9ligibilit\u00e9 de certains candidats. \u00ab<em> Il s\u2019agit du parrainage des verdicts commandit\u00e9s, des articles du code \u00e9lectoral<\/em> \u00bb a-t-il pr\u00e9cis\u00e9.<\/p>\n<p>Poursuivant, il note que le deuxi\u00e8me point porte sur la lib\u00e9ration des d\u00e9tenus politiques et le troisi\u00e8me point sur l\u2019organisation des \u00e9lections inclusives, transparentes et apais\u00e9es. \u00ab <em>Pour arriver \u00e0 cela, nous avons un plan d\u2019option \u00e0 long terme. Pendant plusieurs mois, nous allons organiser des manifestations pour obtenir gain de cause. C\u2019est dans ce cadre que s\u2019inscrit ce nouveau plan d\u2019action. On a d\u00e9j\u00e0 commenc\u00e9 avec la campagne nationale et internationale d\u2019information et d\u00e9nonciation sur l\u2019\u00c9tat, calamit\u00e9 de la d\u00e9mocratie<\/em> \u00bb dit-il.<\/p>\n<p>Quelle que soit la d\u00e9cision la d\u00e9cision du pr\u00e9fet, M. Mbodj informe, le F24 saura prendre des d\u00e9cisions qui vont \u00eatre conforme \u00e0 leur notre combat ,\u00e0 leur d\u00e9sir de faire aboutir leurs revendications. \u00ab <em>Nous consid\u00e9rons que nous avons le droit de manifester et que l\u2019autorit\u00e9 comprendra que c\u2019est la cinqui\u00e8me fois qu\u2019on d\u00e9pose une demande entre le 31 mai et aujourd\u2019hui. La situation est favorable pour la tenue de cette manifestation. Si l\u2019autorit\u00e9 campe sur la confiscation de libert\u00e9, on saura prendre des d\u00e9cisions qui vont \u00eatre conformes \u00e0 notre combat, \u00e0 notre d\u00e9sir de faire aboutir nos revendications<\/em> \u00bb fait-il savoir .<\/p>\n<div class='share-to-whatsapp-wrapper'><div class='share-on-whsp'>PARTAGER SUR : <\/div><a data-text='MANIFESTATION \u2013 Pourquoi le\u00a0 F24 donne rendez-vous ce vendredi' data-link='https:\/\/www.nettali.com\/2023\/09\/06\/manifestation-pourquoi-le-f24-donne-rendez-vous-ce-vendredi\/' class='whatsapp-button whatsapp-share'>WhatsApp<\/a><div class='clear '><\/div><\/div>","protected":false},"excerpt":{"rendered":"<p>NETTALI.COM- La plateforme des Forces vives du S\u00e9n\u00e9gal F24 compte tenir un rassemblement ce vendredi 08 septembre 2023. Selon son coordonnateur, le combat va porter sur trois points essentiellement. Mamadou Mbodji indique qu' il s'agit entre autres de la suppression des artifices juridico-politique susceptible d\u2019entraver l\u2019\u00e9ligibilit\u00e9 de certains candidats, de la lib\u00e9ration des d\u00e9tenus politiques [&hellip;]<\/p>\n","protected":false},"author":6,"featured_media":110060,"comment_status":"open","ping_status":"open","sticky":false,"template":"","format":"standard","meta":{"_et_pb_use_builder":"","_et_pb_old_content":""},"categories":[2],"tags":[],"yoast_head":"<!-- This site is optimized with the Yoast SEO Premium plugin v17.8 (Yoast SEO v17.8) - https:\/\/yoast.com\/wordpress\/plugins\/seo\/ -->\n<title>MANIFESTATION \u2013 Pourquoi le\u00a0 F24 donne rendez-vous ce vendredi | Nettali.com<\/title>\n<meta name=\"robots\" content=\"index, follow, max-snippet:-1, max-image-preview:large, max-video-preview:-1\" \/>\n<link rel=\"canonical\" href=\"https:\/\/www.nettali.com\/2023\/09\/06\/manifestation-pourquoi-le-f24-donne-rendez-vous-ce-vendredi\/\" \/>\n<meta property=\"og:locale\" content=\"fr_FR\" \/>\n<meta property=\"og:type\" content=\"article\" \/>\n<meta property=\"og:title\" content=\"MANIFESTATION \u2013 Pourquoi le\u00a0 F24 donne rendez-vous ce vendredi\" \/>\n<meta property=\"og:description\" content=\"NETTALI.COM- La plateforme des Forces vives du S\u00e9n\u00e9gal F24 compte tenir un rassemblement ce vendredi 08 septembre 2023. Selon son coordonnateur, le combat va porter sur trois points essentiellement. Mamadou Mbodji indique qu&#039; il s&#039;agit entre autres de la suppression des artifices juridico-politique susceptible d\u2019entraver l\u2019\u00e9ligibilit\u00e9 de certains candidats, de la lib\u00e9ration des d\u00e9tenus politiques [&hellip;]\" \/>\n<meta property=\"og:url\" content=\"https:\/\/www.nettali.com\/2023\/09\/06\/manifestation-pourquoi-le-f24-donne-rendez-vous-ce-vendredi\/\" \/>\n<meta property=\"og:site_name\" content=\"Nettali.com\" \/>\n<meta property=\"article:publisher\" content=\"https:\/\/www.facebook.com\/nettalicom\" \/>\n<meta property=\"article:published_time\" content=\"2023-09-06T15:45:37+00:00\" \/>\n<meta property=\"og:image\" content=\"https:\/\/www.nettali.com\/wp-content\/uploads\/2023\/05\/f24-conf-presse.jpeg\" \/>\n\t<meta property=\"og:image:width\" content=\"800\" \/>\n\t<meta property=\"og:image:height\" content=\"469\" \/>\n<meta name=\"twitter:card\" content=\"summary_large_image\" \/>\n<meta name=\"twitter:label1\" content=\"\u00c9crit par\" \/>\n\t<meta name=\"twitter:data1\" content=\"Fatou\" \/>\n\t<meta name=\"twitter:label2\" content=\"Dur\u00e9e de lecture estim\u00e9e\" \/>\n\t<meta name=\"twitter:data2\" content=\"2 minutes\" \/>\n<script type=\"application\/ld+json\" class=\"yoast-schema-graph\">{\"@context\":\"https:\/\/schema.org\",\"@graph\":[{\"@type\":\"WebSite\",\"@id\":\"https:\/\/www.nettali.com\/#website\",\"url\":\"https:\/\/www.nettali.com\/\",\"name\":\"Nettali.com\",\"description\":\"Le rendez-vous critique du Net\",\"potentialAction\":[{\"@type\":\"SearchAction\",\"target\":{\"@type\":\"EntryPoint\",\"urlTemplate\":\"https:\/\/www.nettali.com\/?s={search_term_string}\"},\"query-input\":\"required name=search_term_string\"}],\"inLanguage\":\"fr-FR\"},{\"@type\":\"ImageObject\",\"@id\":\"https:\/\/www.nettali.com\/2023\/09\/06\/manifestation-pourquoi-le-f24-donne-rendez-vous-ce-vendredi\/#primaryimage\",\"inLanguage\":\"fr-FR\",\"url\":\"https:\/\/www.nettali.com\/wp-content\/uploads\/2023\/05\/f24-conf-presse.jpeg\",\"contentUrl\":\"https:\/\/www.nettali.com\/wp-content\/uploads\/2023\/05\/f24-conf-presse.jpeg\",\"width\":800,\"height\":469},{\"@type\":\"WebPage\",\"@id\":\"https:\/\/www.nettali.com\/2023\/09\/06\/manifestation-pourquoi-le-f24-donne-rendez-vous-ce-vendredi\/#webpage\",\"url\":\"https:\/\/www.nettali.com\/2023\/09\/06\/manifestation-pourquoi-le-f24-donne-rendez-vous-ce-vendredi\/\",\"name\":\"MANIFESTATION \\u2013 Pourquoi le\\u00a0 F24 donne rendez-vous ce vendredi | Nettali.com\",\"isPartOf\":{\"@id\":\"https:\/\/www.nettali.com\/#website\"},\"primaryImageOfPage\":{\"@id\":\"https:\/\/www.nettali.com\/2023\/09\/06\/manifestation-pourquoi-le-f24-donne-rendez-vous-ce-vendredi\/#primaryimage\"},\"datePublished\":\"2023-09-06T15:45:37+00:00\",\"dateModified\":\"2023-09-06T15:45:37+00:00\",\"author\":{\"@id\":\"https:\/\/www.nettali.com\/#\/schema\/person\/418274a86bdf87caff7a3ef476bd0bbf\"},\"breadcrumb\":{\"@id\":\"https:\/\/www.nettali.com\/2023\/09\/06\/manifestation-pourquoi-le-f24-donne-rendez-vous-ce-vendredi\/#breadcrumb\"},\"inLanguage\":\"fr-FR\",\"potentialAction\":[{\"@type\":\"ReadAction\",\"target\":[\"https:\/\/www.nettali.com\/2023\/09\/06\/manifestation-pourquoi-le-f24-donne-rendez-vous-ce-vendredi\/\"]}]},{\"@type\":\"BreadcrumbList\",\"@id\":\"https:\/\/www.nettali.com\/2023\/09\/06\/manifestation-pourquoi-le-f24-donne-rendez-vous-ce-vendredi\/#breadcrumb\",\"itemListElement\":[{\"@type\":\"ListItem\",\"position\":1,\"name\":\"Accueil\",\"item\":\"https:\/\/www.nettali.com\/\"},{\"@type\":\"ListItem\",\"position\":2,\"name\":\"MANIFESTATION \\u2013 Pourquoi le\\u00a0 F24 donne rendez-vous ce vendredi\"}]},{\"@type\":\"Person\",\"@id\":\"https:\/\/www.nettali.com\/#\/schema\/person\/418274a86bdf87caff7a3ef476bd0bbf\",\"name\":\"Fatou\",\"image\":{\"@type\":\"ImageObject\",\"@id\":\"https:\/\/www.nettali.com\/#personlogo\",\"inLanguage\":\"fr-FR\",\"url\":\"https:\/\/secure.gravatar.com\/avatar\/5a9442a2bee7b4dcf167cab035858e9a?s=96&d=mm&r=g\",\"contentUrl\":\"https:\/\/secure.gravatar.com\/avatar\/5a9442a2bee7b4dcf167cab035858e9a?s=96&d=mm&r=g\",\"caption\":\"Fatou\"},\"sameAs\":[\"https:\/\/www.nettali.com\"]}]}<\/script>\n<!-- \/ Yoast SEO Premium plugin. -->","yoast_head_json":{"title":"MANIFESTATION \u2013 Pourquoi le\u00a0 F24 donne rendez-vous ce vendredi | Nettali.com","robots":{"index":"index","follow":"follow","max-snippet":"max-snippet:-1","max-image-preview":"max-image-preview:large","max-video-preview":"max-video-preview:-1"},"canonical":"https:\/\/www.nettali.com\/2023\/09\/06\/manifestation-pourquoi-le-f24-donne-rendez-vous-ce-vendredi\/","og_locale":"fr_FR","og_type":"article","og_title":"MANIFESTATION \u2013 Pourquoi le\u00a0 F24 donne rendez-vous ce vendredi","og_description":"NETTALI.COM- La plateforme des Forces vives du S\u00e9n\u00e9gal F24 compte tenir un rassemblement ce vendredi 08 septembre 2023. Selon son coordonnateur, le combat va porter sur trois points essentiellement. Mamadou Mbodji indique qu' il s'agit entre autres de la suppression des artifices juridico-politique susceptible d\u2019entraver l\u2019\u00e9ligibilit\u00e9 de certains candidats, de la lib\u00e9ration des d\u00e9tenus politiques [&hellip;]","og_url":"https:\/\/www.nettali.com\/2023\/09\/06\/manifestation-pourquoi-le-f24-donne-rendez-vous-ce-vendredi\/","og_site_name":"Nettali.com","article_publisher":"https:\/\/www.facebook.com\/nettalicom","article_published_time":"2023-09-06T15:45:37+00:00","og_image":[{"width":800,"height":469,"url":"https:\/\/www.nettali.com\/wp-content\/uploads\/2023\/05\/f24-conf-presse.jpeg","type":"image\/jpeg"}],"twitter_card":"summary_large_image","twitter_misc":{"\u00c9crit par":"Fatou","Dur\u00e9e de lecture estim\u00e9e":"2 minutes"},"schema":{"@context":"https:\/\/schema.org","@graph":[{"@type":"WebSite","@id":"https:\/\/www.nettali.com\/#website","url":"https:\/\/www.nettali.com\/","name":"Nettali.com","description":"Le rendez-vous critique du Net","potentialAction":[{"@type":"SearchAction","target":{"@type":"EntryPoint","urlTemplate":"https:\/\/www.nettali.com\/?s={search_term_string}"},"query-input":"required name=search_term_string"}],"inLanguage":"fr-FR"},{"@type":"ImageObject","@id":"https:\/\/www.nettali.com\/2023\/09\/06\/manifestation-pourquoi-le-f24-donne-rendez-vous-ce-vendredi\/#primaryimage","inLanguage":"fr-FR","url":"https:\/\/www.nettali.com\/wp-content\/uploads\/2023\/05\/f24-conf-presse.jpeg","contentUrl":"https:\/\/www.nettali.com\/wp-content\/uploads\/2023\/05\/f24-conf-presse.jpeg","width":800,"height":469},{"@type":"WebPage","@id":"https:\/\/www.nettali.com\/2023\/09\/06\/manifestation-pourquoi-le-f24-donne-rendez-vous-ce-vendredi\/#webpage","url":"https:\/\/www.nettali.com\/2023\/09\/06\/manifestation-pourquoi-le-f24-donne-rendez-vous-ce-vendredi\/","name":"MANIFESTATION \u2013 Pourquoi le\u00a0 F24 donne rendez-vous ce vendredi | Nettali.com","isPartOf":{"@id":"https:\/\/www.nettali.com\/#website"},"primaryImageOfPage":{"@id":"https:\/\/www.nettali.com\/2023\/09\/06\/manifestation-pourquoi-le-f24-donne-rendez-vous-ce-vendredi\/#primaryimage"},"datePublished":"2023-09-06T15:45:37+00:00","dateModified":"2023-09-06T15:45:37+00:00","author":{"@id":"https:\/\/www.nettali.com\/#\/schema\/person\/418274a86bdf87caff7a3ef476bd0bbf"},"breadcrumb":{"@id":"https:\/\/www.nettali.com\/2023\/09\/06\/manifestation-pourquoi-le-f24-donne-rendez-vous-ce-vendredi\/#breadcrumb"},"inLanguage":"fr-FR","potentialAction":[{"@type":"ReadAction","target":["https:\/\/www.nettali.com\/2023\/09\/06\/manifestation-pourquoi-le-f24-donne-rendez-vous-ce-vendredi\/"]}]},{"@type":"BreadcrumbList","@id":"https:\/\/www.nettali.com\/2023\/09\/06\/manifestation-pourquoi-le-f24-donne-rendez-vous-ce-vendredi\/#breadcrumb","itemListElement":[{"@type":"ListItem","position":1,"name":"Accueil","item":"https:\/\/www.nettali.com\/"},{"@type":"ListItem","position":2,"name":"MANIFESTATION \u2013 Pourquoi le\u00a0 F24 donne rendez-vous ce vendredi"}]},{"@type":"Person","@id":"https:\/\/www.nettali.com\/#\/schema\/person\/418274a86bdf87caff7a3ef476bd0bbf","name":"Fatou","image":{"@type":"ImageObject","@id":"https:\/\/www.nettali.com\/#personlogo","inLanguage":"fr-FR","url":"https:\/\/secure.gravatar.com\/avatar\/5a9442a2bee7b4dcf167cab035858e9a?s=96&d=mm&r=g","contentUrl":"https:\/\/secure.gravatar.com\/avatar\/5a9442a2bee7b4dcf167cab035858e9a?s=96&d=mm&r=g","caption":"Fatou"},"sameAs":["https:\/\/www.nettali.com"]}]}},"_links":{"self":[{"href":"https:\/\/www.nettali.com\/rest\/wp\/v2\/posts\/117550"}],"collection":[{"href":"https:\/\/www.nettali.com\/rest\/wp\/v2\/posts"}],"about":[{"href":"https:\/\/www.nettali.com\/rest\/wp\/v2\/types\/post"}],"author":[{"embeddable":true,"href":"https:\/\/www.nettali.com\/rest\/wp\/v2\/users\/6"}],"replies":[{"embeddable":true,"href":"https:\/\/www.nettali.com\/rest\/wp\/v2\/comments?post=117550"}],"version-history":[{"count":1,"href":"https:\/\/www.nettali.com\/rest\/wp\/v2\/posts\/117550\/revisions"}],"predecessor-version":[{"id":117551,"href":"https:\/\/www.nettali.com\/rest\/wp\/v2\/posts\/117550\/revisions\/117551"}],"wp:featuredmedia":[{"embeddable":true,"href":"https:\/\/www.nettali.com\/rest\/wp\/v2\/media\/110060"}],"wp:attachment":[{"href":"https:\/\/www.nettali.com\/rest\/wp\/v2\/media?parent=117550"}],"wp:term":[{"taxonomy":"category","embeddable":true,"href":"https:\/\/www.nettali.com\/rest\/wp\/v2\/categories?post=117550"},{"taxonomy":"post_tag","embeddable":true,"href":"https:\/\/www.nettali.com\/rest\/wp\/v2\/tags?post=117550"}],"curies":[{"name":"wp","href":"https:\/\/api.w.org\/{rel}","templated":true}]}}