{"id":117455,"date":"2023-09-05T08:25:24","date_gmt":"2023-09-05T08:25:24","guid":{"rendered":"https:\/\/www.nettali.com\/?p=117455"},"modified":"2023-09-05T08:25:24","modified_gmt":"2023-09-05T08:25:24","slug":"mercato-nampalys-mendy-revient-en-ligue-1","status":"publish","type":"post","link":"https:\/\/www.nettali.com\/2023\/09\/05\/mercato-nampalys-mendy-revient-en-ligue-1\/","title":{"rendered":"MERCATO - Nampalys Mendy revient en Ligue 1"},"content":{"rendered":"<p><strong>NETTALI.COM - Cinq ans apr\u00e8s son d\u00e9part de Ligue 1 pour la Premier League, Nampalys Mendy fait son retour dans l\u2019\u00e9lite fran\u00e7aise. La champion d'Afrique de 31 ans s'est engag\u00e9 avec le Racing club de Lens jusqu'en 2025.<\/strong><\/p>\n<p>Son arriv\u00e9e \u00e9tait dans les tuyaux. En fin de journ\u00e9e ce lundi 4 septembre, L\u2019\u00c9quipe r\u00e9v\u00e9lait ainsi que le milieu d\u00e9fensif d\u20191,67m qui \u00e9tait libre depuis la fin de son contrat avec Leicester, rel\u00e9gu\u00e9 en Championship, a pass\u00e9 avec succ\u00e8s sa visite m\u00e9dicale dans le Nord de la France.<\/p>\n<p>\"<em>Milieu d\u00e9fensif \u00e0 l\u2019abattage important, facilitateur de relance et joueur dot\u00e9 d\u2019une bonne qualit\u00e9 de passe, Nampalys Mendy (31 ans) vient apporter son v\u00e9cu et son leadership \u00e0 l\u2019entrejeu sang et or. Libre de tout contrat,\u00a0l\u2019international s\u00e9n\u00e9galais\u00a0(27 capes, ndlr), aguerri \u00e0 la Ligue 1 qu\u2019il conna\u00eet bien, s\u2019est engag\u00e9 avec le Racing jusqu\u2019en 2025<\/em>\", a annonc\u00e9 dans la soir\u00e9e de ce lundi 4 septembre le club lensois via un communiqu\u00e9 sur son site officiel.<\/p>\n<p>Le fait de retrouver un club lui permettra d'effectuer son retour en s\u00e9lection apr\u00e8s avoir \u00e9t\u00e9 zapp\u00e9 ce mois-ci par Aliou Ciss\u00e9 en raison de son manque de rythme. Mieux Nampalys Mendy va disputer la Ligue des champions avec le RC Lens qui partage le groupe B avec Arsenal, S\u00e9ville FC et PSV Eindhoven.<\/p>\n<div class='share-to-whatsapp-wrapper'><div class='share-on-whsp'>PARTAGER SUR : <\/div><a data-text='MERCATO - Nampalys Mendy revient en Ligue 1' data-link='https:\/\/www.nettali.com\/2023\/09\/05\/mercato-nampalys-mendy-revient-en-ligue-1\/' class='whatsapp-button whatsapp-share'>WhatsApp<\/a><div class='clear '><\/div><\/div>","protected":false},"excerpt":{"rendered":"<p>NETTALI.COM - Cinq ans apr\u00e8s son d\u00e9part de Ligue 1 pour la Premier League, Nampalys Mendy fait son retour dans l\u2019\u00e9lite fran\u00e7aise. La champion d'Afrique de 31 ans s'est engag\u00e9 avec le Racing club de Lens jusqu'en 2025. Son arriv\u00e9e \u00e9tait dans les tuyaux. En fin de journ\u00e9e ce lundi 4 septembre, L\u2019\u00c9quipe r\u00e9v\u00e9lait ainsi [&hellip;]<\/p>\n","protected":false},"author":5,"featured_media":117456,"comment_status":"open","ping_status":"open","sticky":false,"template":"","format":"standard","meta":{"_et_pb_use_builder":"","_et_pb_old_content":""},"categories":[6],"tags":[],"yoast_head":"<!-- This site is optimized with the Yoast SEO Premium plugin v17.8 (Yoast SEO v17.8) - https:\/\/yoast.com\/wordpress\/plugins\/seo\/ -->\n<title>MERCATO - Nampalys Mendy revient en Ligue 1 | Nettali.com<\/title>\n<meta name=\"robots\" content=\"index, follow, max-snippet:-1, max-image-preview:large, max-video-preview:-1\" \/>\n<link rel=\"canonical\" href=\"https:\/\/www.nettali.com\/2023\/09\/05\/mercato-nampalys-mendy-revient-en-ligue-1\/\" \/>\n<meta property=\"og:locale\" content=\"fr_FR\" \/>\n<meta property=\"og:type\" content=\"article\" \/>\n<meta property=\"og:title\" content=\"MERCATO - Nampalys Mendy revient en Ligue 1\" \/>\n<meta property=\"og:description\" content=\"NETTALI.COM - Cinq ans apr\u00e8s son d\u00e9part de Ligue 1 pour la Premier League, Nampalys Mendy fait son retour dans l\u2019\u00e9lite fran\u00e7aise. La champion d&#039;Afrique de 31 ans s&#039;est engag\u00e9 avec le Racing club de Lens jusqu&#039;en 2025. Son arriv\u00e9e \u00e9tait dans les tuyaux. En fin de journ\u00e9e ce lundi 4 septembre, L\u2019\u00c9quipe r\u00e9v\u00e9lait ainsi [&hellip;]\" \/>\n<meta property=\"og:url\" content=\"https:\/\/www.nettali.com\/2023\/09\/05\/mercato-nampalys-mendy-revient-en-ligue-1\/\" \/>\n<meta property=\"og:site_name\" content=\"Nettali.com\" \/>\n<meta property=\"article:publisher\" content=\"https:\/\/www.facebook.com\/nettalicom\" \/>\n<meta property=\"article:published_time\" content=\"2023-09-05T08:25:24+00:00\" \/>\n<meta property=\"og:image\" content=\"https:\/\/www.nettali.com\/wp-content\/uploads\/2023\/09\/Screenshot_20230905-070614_2.jpg\" \/>\n\t<meta property=\"og:image:width\" content=\"1080\" \/>\n\t<meta property=\"og:image:height\" content=\"771\" \/>\n<meta name=\"twitter:card\" content=\"summary_large_image\" \/>\n<meta name=\"twitter:label1\" content=\"\u00c9crit par\" \/>\n\t<meta name=\"twitter:data1\" content=\"Ibrahima\" \/>\n\t<meta name=\"twitter:label2\" content=\"Dur\u00e9e de lecture estim\u00e9e\" \/>\n\t<meta name=\"twitter:data2\" content=\"2 minutes\" \/>\n<script type=\"application\/ld+json\" class=\"yoast-schema-graph\">{\"@context\":\"https:\/\/schema.org\",\"@graph\":[{\"@type\":\"WebSite\",\"@id\":\"https:\/\/www.nettali.com\/#website\",\"url\":\"https:\/\/www.nettali.com\/\",\"name\":\"Nettali.com\",\"description\":\"Le rendez-vous critique du Net\",\"potentialAction\":[{\"@type\":\"SearchAction\",\"target\":{\"@type\":\"EntryPoint\",\"urlTemplate\":\"https:\/\/www.nettali.com\/?s={search_term_string}\"},\"query-input\":\"required name=search_term_string\"}],\"inLanguage\":\"fr-FR\"},{\"@type\":\"ImageObject\",\"@id\":\"https:\/\/www.nettali.com\/2023\/09\/05\/mercato-nampalys-mendy-revient-en-ligue-1\/#primaryimage\",\"inLanguage\":\"fr-FR\",\"url\":\"https:\/\/www.nettali.com\/wp-content\/uploads\/2023\/09\/Screenshot_20230905-070614_2.jpg\",\"contentUrl\":\"https:\/\/www.nettali.com\/wp-content\/uploads\/2023\/09\/Screenshot_20230905-070614_2.jpg\",\"width\":1080,\"height\":771},{\"@type\":\"WebPage\",\"@id\":\"https:\/\/www.nettali.com\/2023\/09\/05\/mercato-nampalys-mendy-revient-en-ligue-1\/#webpage\",\"url\":\"https:\/\/www.nettali.com\/2023\/09\/05\/mercato-nampalys-mendy-revient-en-ligue-1\/\",\"name\":\"MERCATO - Nampalys Mendy revient en Ligue 1 | Nettali.com\",\"isPartOf\":{\"@id\":\"https:\/\/www.nettali.com\/#website\"},\"primaryImageOfPage\":{\"@id\":\"https:\/\/www.nettali.com\/2023\/09\/05\/mercato-nampalys-mendy-revient-en-ligue-1\/#primaryimage\"},\"datePublished\":\"2023-09-05T08:25:24+00:00\",\"dateModified\":\"2023-09-05T08:25:24+00:00\",\"author\":{\"@id\":\"https:\/\/www.nettali.com\/#\/schema\/person\/bb147657c2986240405a608162b9bb23\"},\"breadcrumb\":{\"@id\":\"https:\/\/www.nettali.com\/2023\/09\/05\/mercato-nampalys-mendy-revient-en-ligue-1\/#breadcrumb\"},\"inLanguage\":\"fr-FR\",\"potentialAction\":[{\"@type\":\"ReadAction\",\"target\":[\"https:\/\/www.nettali.com\/2023\/09\/05\/mercato-nampalys-mendy-revient-en-ligue-1\/\"]}]},{\"@type\":\"BreadcrumbList\",\"@id\":\"https:\/\/www.nettali.com\/2023\/09\/05\/mercato-nampalys-mendy-revient-en-ligue-1\/#breadcrumb\",\"itemListElement\":[{\"@type\":\"ListItem\",\"position\":1,\"name\":\"Accueil\",\"item\":\"https:\/\/www.nettali.com\/\"},{\"@type\":\"ListItem\",\"position\":2,\"name\":\"MERCATO - Nampalys Mendy revient en Ligue 1\"}]},{\"@type\":\"Person\",\"@id\":\"https:\/\/www.nettali.com\/#\/schema\/person\/bb147657c2986240405a608162b9bb23\",\"name\":\"Ibrahima\",\"image\":{\"@type\":\"ImageObject\",\"@id\":\"https:\/\/www.nettali.com\/#personlogo\",\"inLanguage\":\"fr-FR\",\"url\":\"https:\/\/secure.gravatar.com\/avatar\/26a8a81f09f0dd7624c9d5c36c9ba3a2?s=96&d=mm&r=g\",\"contentUrl\":\"https:\/\/secure.gravatar.com\/avatar\/26a8a81f09f0dd7624c9d5c36c9ba3a2?s=96&d=mm&r=g\",\"caption\":\"Ibrahima\"},\"sameAs\":[\"https:\/\/www.nettali.com\"]}]}<\/script>\n<!-- \/ Yoast SEO Premium plugin. -->","yoast_head_json":{"title":"MERCATO - Nampalys Mendy revient en Ligue 1 | Nettali.com","robots":{"index":"index","follow":"follow","max-snippet":"max-snippet:-1","max-image-preview":"max-image-preview:large","max-video-preview":"max-video-preview:-1"},"canonical":"https:\/\/www.nettali.com\/2023\/09\/05\/mercato-nampalys-mendy-revient-en-ligue-1\/","og_locale":"fr_FR","og_type":"article","og_title":"MERCATO - Nampalys Mendy revient en Ligue 1","og_description":"NETTALI.COM - Cinq ans apr\u00e8s son d\u00e9part de Ligue 1 pour la Premier League, Nampalys Mendy fait son retour dans l\u2019\u00e9lite fran\u00e7aise. La champion d'Afrique de 31 ans s'est engag\u00e9 avec le Racing club de Lens jusqu'en 2025. Son arriv\u00e9e \u00e9tait dans les tuyaux. En fin de journ\u00e9e ce lundi 4 septembre, L\u2019\u00c9quipe r\u00e9v\u00e9lait ainsi [&hellip;]","og_url":"https:\/\/www.nettali.com\/2023\/09\/05\/mercato-nampalys-mendy-revient-en-ligue-1\/","og_site_name":"Nettali.com","article_publisher":"https:\/\/www.facebook.com\/nettalicom","article_published_time":"2023-09-05T08:25:24+00:00","og_image":[{"width":1080,"height":771,"url":"https:\/\/www.nettali.com\/wp-content\/uploads\/2023\/09\/Screenshot_20230905-070614_2.jpg","type":"image\/jpeg"}],"twitter_card":"summary_large_image","twitter_misc":{"\u00c9crit par":"Ibrahima","Dur\u00e9e de lecture estim\u00e9e":"2 minutes"},"schema":{"@context":"https:\/\/schema.org","@graph":[{"@type":"WebSite","@id":"https:\/\/www.nettali.com\/#website","url":"https:\/\/www.nettali.com\/","name":"Nettali.com","description":"Le rendez-vous critique du Net","potentialAction":[{"@type":"SearchAction","target":{"@type":"EntryPoint","urlTemplate":"https:\/\/www.nettali.com\/?s={search_term_string}"},"query-input":"required name=search_term_string"}],"inLanguage":"fr-FR"},{"@type":"ImageObject","@id":"https:\/\/www.nettali.com\/2023\/09\/05\/mercato-nampalys-mendy-revient-en-ligue-1\/#primaryimage","inLanguage":"fr-FR","url":"https:\/\/www.nettali.com\/wp-content\/uploads\/2023\/09\/Screenshot_20230905-070614_2.jpg","contentUrl":"https:\/\/www.nettali.com\/wp-content\/uploads\/2023\/09\/Screenshot_20230905-070614_2.jpg","width":1080,"height":771},{"@type":"WebPage","@id":"https:\/\/www.nettali.com\/2023\/09\/05\/mercato-nampalys-mendy-revient-en-ligue-1\/#webpage","url":"https:\/\/www.nettali.com\/2023\/09\/05\/mercato-nampalys-mendy-revient-en-ligue-1\/","name":"MERCATO - Nampalys Mendy revient en Ligue 1 | Nettali.com","isPartOf":{"@id":"https:\/\/www.nettali.com\/#website"},"primaryImageOfPage":{"@id":"https:\/\/www.nettali.com\/2023\/09\/05\/mercato-nampalys-mendy-revient-en-ligue-1\/#primaryimage"},"datePublished":"2023-09-05T08:25:24+00:00","dateModified":"2023-09-05T08:25:24+00:00","author":{"@id":"https:\/\/www.nettali.com\/#\/schema\/person\/bb147657c2986240405a608162b9bb23"},"breadcrumb":{"@id":"https:\/\/www.nettali.com\/2023\/09\/05\/mercato-nampalys-mendy-revient-en-ligue-1\/#breadcrumb"},"inLanguage":"fr-FR","potentialAction":[{"@type":"ReadAction","target":["https:\/\/www.nettali.com\/2023\/09\/05\/mercato-nampalys-mendy-revient-en-ligue-1\/"]}]},{"@type":"BreadcrumbList","@id":"https:\/\/www.nettali.com\/2023\/09\/05\/mercato-nampalys-mendy-revient-en-ligue-1\/#breadcrumb","itemListElement":[{"@type":"ListItem","position":1,"name":"Accueil","item":"https:\/\/www.nettali.com\/"},{"@type":"ListItem","position":2,"name":"MERCATO - Nampalys Mendy revient en Ligue 1"}]},{"@type":"Person","@id":"https:\/\/www.nettali.com\/#\/schema\/person\/bb147657c2986240405a608162b9bb23","name":"Ibrahima","image":{"@type":"ImageObject","@id":"https:\/\/www.nettali.com\/#personlogo","inLanguage":"fr-FR","url":"https:\/\/secure.gravatar.com\/avatar\/26a8a81f09f0dd7624c9d5c36c9ba3a2?s=96&d=mm&r=g","contentUrl":"https:\/\/secure.gravatar.com\/avatar\/26a8a81f09f0dd7624c9d5c36c9ba3a2?s=96&d=mm&r=g","caption":"Ibrahima"},"sameAs":["https:\/\/www.nettali.com"]}]}},"_links":{"self":[{"href":"https:\/\/www.nettali.com\/rest\/wp\/v2\/posts\/117455"}],"collection":[{"href":"https:\/\/www.nettali.com\/rest\/wp\/v2\/posts"}],"about":[{"href":"https:\/\/www.nettali.com\/rest\/wp\/v2\/types\/post"}],"author":[{"embeddable":true,"href":"https:\/\/www.nettali.com\/rest\/wp\/v2\/users\/5"}],"replies":[{"embeddable":true,"href":"https:\/\/www.nettali.com\/rest\/wp\/v2\/comments?post=117455"}],"version-history":[{"count":3,"href":"https:\/\/www.nettali.com\/rest\/wp\/v2\/posts\/117455\/revisions"}],"predecessor-version":[{"id":117461,"href":"https:\/\/www.nettali.com\/rest\/wp\/v2\/posts\/117455\/revisions\/117461"}],"wp:featuredmedia":[{"embeddable":true,"href":"https:\/\/www.nettali.com\/rest\/wp\/v2\/media\/117456"}],"wp:attachment":[{"href":"https:\/\/www.nettali.com\/rest\/wp\/v2\/media?parent=117455"}],"wp:term":[{"taxonomy":"category","embeddable":true,"href":"https:\/\/www.nettali.com\/rest\/wp\/v2\/categories?post=117455"},{"taxonomy":"post_tag","embeddable":true,"href":"https:\/\/www.nettali.com\/rest\/wp\/v2\/tags?post=117455"}],"curies":[{"name":"wp","href":"https:\/\/api.w.org\/{rel}","templated":true}]}}