{"id":117413,"date":"2023-09-04T11:33:44","date_gmt":"2023-09-04T11:33:44","guid":{"rendered":"https:\/\/www.nettali.com\/?p=117413"},"modified":"2023-09-04T11:33:44","modified_gmt":"2023-09-04T11:33:44","slug":"espagne-encore-100-migrants-partis-du-senegal-secourus","status":"publish","type":"post","link":"https:\/\/www.nettali.com\/2023\/09\/04\/espagne-encore-100-migrants-partis-du-senegal-secourus\/","title":{"rendered":"ESPAGNE - Encore 100 migrants partis du S\u00e9n\u00e9gal secourus"},"content":{"rendered":"<p>NETTALI.COM - La vague migratoire continue sur les c\u00f4tes espagnoles et les S\u00e9n\u00e9galais empruntent de plus en plus la mer pour regagner l\u2019Europe par le biais de pirogues.<\/p>\n<p>Dans la matin\u00e9e de ce dimanche 3 septembre, encore\u00a0100 personnes ont \u00e9t\u00e9 retrouv\u00e9es aux abords des c\u00f4tes espagnoles dans des pirogues parties du S\u00e9n\u00e9gal.<\/p>\n<p>Plusieurs port\u00e9s disparus sont signal\u00e9s sur certaines des pirogues qui sont cass\u00e9es. La Marine espagnole est en train de les ramener sur la terre ferme.<\/p>\n<div class='share-to-whatsapp-wrapper'><div class='share-on-whsp'>PARTAGER SUR : <\/div><a data-text='ESPAGNE - Encore 100 migrants partis du S\u00e9n\u00e9gal secourus' data-link='https:\/\/www.nettali.com\/2023\/09\/04\/espagne-encore-100-migrants-partis-du-senegal-secourus\/' class='whatsapp-button whatsapp-share'>WhatsApp<\/a><div class='clear '><\/div><\/div>","protected":false},"excerpt":{"rendered":"<p>NETTALI.COM - La vague migratoire continue sur les c\u00f4tes espagnoles et les S\u00e9n\u00e9galais empruntent de plus en plus la mer pour regagner l\u2019Europe par le biais de pirogues. Dans la matin\u00e9e de ce dimanche 3 septembre, encore\u00a0100 personnes ont \u00e9t\u00e9 retrouv\u00e9es aux abords des c\u00f4tes espagnoles dans des pirogues parties du S\u00e9n\u00e9gal. Plusieurs port\u00e9s disparus [&hellip;]<\/p>\n","protected":false},"author":5,"featured_media":116617,"comment_status":"open","ping_status":"open","sticky":false,"template":"","format":"standard","meta":{"_et_pb_use_builder":"","_et_pb_old_content":""},"categories":[3],"tags":[],"yoast_head":"<!-- This site is optimized with the Yoast SEO Premium plugin v17.8 (Yoast SEO v17.8) - https:\/\/yoast.com\/wordpress\/plugins\/seo\/ -->\n<title>ESPAGNE - Encore 100 migrants partis du S\u00e9n\u00e9gal secourus | Nettali.com<\/title>\n<meta name=\"robots\" content=\"index, follow, max-snippet:-1, max-image-preview:large, max-video-preview:-1\" \/>\n<link rel=\"canonical\" href=\"https:\/\/www.nettali.com\/2023\/09\/04\/espagne-encore-100-migrants-partis-du-senegal-secourus\/\" \/>\n<meta property=\"og:locale\" content=\"fr_FR\" \/>\n<meta property=\"og:type\" content=\"article\" \/>\n<meta property=\"og:title\" content=\"ESPAGNE - Encore 100 migrants partis du S\u00e9n\u00e9gal secourus\" \/>\n<meta property=\"og:description\" content=\"NETTALI.COM - La vague migratoire continue sur les c\u00f4tes espagnoles et les S\u00e9n\u00e9galais empruntent de plus en plus la mer pour regagner l\u2019Europe par le biais de pirogues. Dans la matin\u00e9e de ce dimanche 3 septembre, encore\u00a0100 personnes ont \u00e9t\u00e9 retrouv\u00e9es aux abords des c\u00f4tes espagnoles dans des pirogues parties du S\u00e9n\u00e9gal. Plusieurs port\u00e9s disparus [&hellip;]\" \/>\n<meta property=\"og:url\" content=\"https:\/\/www.nettali.com\/2023\/09\/04\/espagne-encore-100-migrants-partis-du-senegal-secourus\/\" \/>\n<meta property=\"og:site_name\" content=\"Nettali.com\" \/>\n<meta property=\"article:publisher\" content=\"https:\/\/www.facebook.com\/nettalicom\" \/>\n<meta property=\"article:published_time\" content=\"2023-09-04T11:33:44+00:00\" \/>\n<meta property=\"og:image\" content=\"https:\/\/www.nettali.com\/wp-content\/uploads\/2023\/08\/emigration-irreguliere.jpg\" \/>\n\t<meta property=\"og:image:width\" content=\"600\" \/>\n\t<meta property=\"og:image:height\" content=\"401\" \/>\n<meta name=\"twitter:card\" content=\"summary_large_image\" \/>\n<meta name=\"twitter:label1\" content=\"\u00c9crit par\" \/>\n\t<meta name=\"twitter:data1\" content=\"Ibrahima\" \/>\n\t<meta name=\"twitter:label2\" content=\"Dur\u00e9e de lecture estim\u00e9e\" \/>\n\t<meta name=\"twitter:data2\" content=\"1 minute\" \/>\n<script type=\"application\/ld+json\" class=\"yoast-schema-graph\">{\"@context\":\"https:\/\/schema.org\",\"@graph\":[{\"@type\":\"WebSite\",\"@id\":\"https:\/\/www.nettali.com\/#website\",\"url\":\"https:\/\/www.nettali.com\/\",\"name\":\"Nettali.com\",\"description\":\"Le rendez-vous critique du Net\",\"potentialAction\":[{\"@type\":\"SearchAction\",\"target\":{\"@type\":\"EntryPoint\",\"urlTemplate\":\"https:\/\/www.nettali.com\/?s={search_term_string}\"},\"query-input\":\"required name=search_term_string\"}],\"inLanguage\":\"fr-FR\"},{\"@type\":\"ImageObject\",\"@id\":\"https:\/\/www.nettali.com\/2023\/09\/04\/espagne-encore-100-migrants-partis-du-senegal-secourus\/#primaryimage\",\"inLanguage\":\"fr-FR\",\"url\":\"https:\/\/www.nettali.com\/wp-content\/uploads\/2023\/08\/emigration-irreguliere.jpg\",\"contentUrl\":\"https:\/\/www.nettali.com\/wp-content\/uploads\/2023\/08\/emigration-irreguliere.jpg\",\"width\":600,\"height\":401},{\"@type\":\"WebPage\",\"@id\":\"https:\/\/www.nettali.com\/2023\/09\/04\/espagne-encore-100-migrants-partis-du-senegal-secourus\/#webpage\",\"url\":\"https:\/\/www.nettali.com\/2023\/09\/04\/espagne-encore-100-migrants-partis-du-senegal-secourus\/\",\"name\":\"ESPAGNE - Encore 100 migrants partis du S\\u00e9n\\u00e9gal secourus | Nettali.com\",\"isPartOf\":{\"@id\":\"https:\/\/www.nettali.com\/#website\"},\"primaryImageOfPage\":{\"@id\":\"https:\/\/www.nettali.com\/2023\/09\/04\/espagne-encore-100-migrants-partis-du-senegal-secourus\/#primaryimage\"},\"datePublished\":\"2023-09-04T11:33:44+00:00\",\"dateModified\":\"2023-09-04T11:33:44+00:00\",\"author\":{\"@id\":\"https:\/\/www.nettali.com\/#\/schema\/person\/bb147657c2986240405a608162b9bb23\"},\"breadcrumb\":{\"@id\":\"https:\/\/www.nettali.com\/2023\/09\/04\/espagne-encore-100-migrants-partis-du-senegal-secourus\/#breadcrumb\"},\"inLanguage\":\"fr-FR\",\"potentialAction\":[{\"@type\":\"ReadAction\",\"target\":[\"https:\/\/www.nettali.com\/2023\/09\/04\/espagne-encore-100-migrants-partis-du-senegal-secourus\/\"]}]},{\"@type\":\"BreadcrumbList\",\"@id\":\"https:\/\/www.nettali.com\/2023\/09\/04\/espagne-encore-100-migrants-partis-du-senegal-secourus\/#breadcrumb\",\"itemListElement\":[{\"@type\":\"ListItem\",\"position\":1,\"name\":\"Accueil\",\"item\":\"https:\/\/www.nettali.com\/\"},{\"@type\":\"ListItem\",\"position\":2,\"name\":\"ESPAGNE - Encore 100 migrants partis du S\\u00e9n\\u00e9gal secourus\"}]},{\"@type\":\"Person\",\"@id\":\"https:\/\/www.nettali.com\/#\/schema\/person\/bb147657c2986240405a608162b9bb23\",\"name\":\"Ibrahima\",\"image\":{\"@type\":\"ImageObject\",\"@id\":\"https:\/\/www.nettali.com\/#personlogo\",\"inLanguage\":\"fr-FR\",\"url\":\"https:\/\/secure.gravatar.com\/avatar\/26a8a81f09f0dd7624c9d5c36c9ba3a2?s=96&d=mm&r=g\",\"contentUrl\":\"https:\/\/secure.gravatar.com\/avatar\/26a8a81f09f0dd7624c9d5c36c9ba3a2?s=96&d=mm&r=g\",\"caption\":\"Ibrahima\"},\"sameAs\":[\"https:\/\/www.nettali.com\"]}]}<\/script>\n<!-- \/ Yoast SEO Premium plugin. -->","yoast_head_json":{"title":"ESPAGNE - Encore 100 migrants partis du S\u00e9n\u00e9gal secourus | Nettali.com","robots":{"index":"index","follow":"follow","max-snippet":"max-snippet:-1","max-image-preview":"max-image-preview:large","max-video-preview":"max-video-preview:-1"},"canonical":"https:\/\/www.nettali.com\/2023\/09\/04\/espagne-encore-100-migrants-partis-du-senegal-secourus\/","og_locale":"fr_FR","og_type":"article","og_title":"ESPAGNE - Encore 100 migrants partis du S\u00e9n\u00e9gal secourus","og_description":"NETTALI.COM - La vague migratoire continue sur les c\u00f4tes espagnoles et les S\u00e9n\u00e9galais empruntent de plus en plus la mer pour regagner l\u2019Europe par le biais de pirogues. Dans la matin\u00e9e de ce dimanche 3 septembre, encore\u00a0100 personnes ont \u00e9t\u00e9 retrouv\u00e9es aux abords des c\u00f4tes espagnoles dans des pirogues parties du S\u00e9n\u00e9gal. Plusieurs port\u00e9s disparus [&hellip;]","og_url":"https:\/\/www.nettali.com\/2023\/09\/04\/espagne-encore-100-migrants-partis-du-senegal-secourus\/","og_site_name":"Nettali.com","article_publisher":"https:\/\/www.facebook.com\/nettalicom","article_published_time":"2023-09-04T11:33:44+00:00","og_image":[{"width":600,"height":401,"url":"https:\/\/www.nettali.com\/wp-content\/uploads\/2023\/08\/emigration-irreguliere.jpg","type":"image\/jpeg"}],"twitter_card":"summary_large_image","twitter_misc":{"\u00c9crit par":"Ibrahima","Dur\u00e9e de lecture estim\u00e9e":"1 minute"},"schema":{"@context":"https:\/\/schema.org","@graph":[{"@type":"WebSite","@id":"https:\/\/www.nettali.com\/#website","url":"https:\/\/www.nettali.com\/","name":"Nettali.com","description":"Le rendez-vous critique du Net","potentialAction":[{"@type":"SearchAction","target":{"@type":"EntryPoint","urlTemplate":"https:\/\/www.nettali.com\/?s={search_term_string}"},"query-input":"required name=search_term_string"}],"inLanguage":"fr-FR"},{"@type":"ImageObject","@id":"https:\/\/www.nettali.com\/2023\/09\/04\/espagne-encore-100-migrants-partis-du-senegal-secourus\/#primaryimage","inLanguage":"fr-FR","url":"https:\/\/www.nettali.com\/wp-content\/uploads\/2023\/08\/emigration-irreguliere.jpg","contentUrl":"https:\/\/www.nettali.com\/wp-content\/uploads\/2023\/08\/emigration-irreguliere.jpg","width":600,"height":401},{"@type":"WebPage","@id":"https:\/\/www.nettali.com\/2023\/09\/04\/espagne-encore-100-migrants-partis-du-senegal-secourus\/#webpage","url":"https:\/\/www.nettali.com\/2023\/09\/04\/espagne-encore-100-migrants-partis-du-senegal-secourus\/","name":"ESPAGNE - Encore 100 migrants partis du S\u00e9n\u00e9gal secourus | Nettali.com","isPartOf":{"@id":"https:\/\/www.nettali.com\/#website"},"primaryImageOfPage":{"@id":"https:\/\/www.nettali.com\/2023\/09\/04\/espagne-encore-100-migrants-partis-du-senegal-secourus\/#primaryimage"},"datePublished":"2023-09-04T11:33:44+00:00","dateModified":"2023-09-04T11:33:44+00:00","author":{"@id":"https:\/\/www.nettali.com\/#\/schema\/person\/bb147657c2986240405a608162b9bb23"},"breadcrumb":{"@id":"https:\/\/www.nettali.com\/2023\/09\/04\/espagne-encore-100-migrants-partis-du-senegal-secourus\/#breadcrumb"},"inLanguage":"fr-FR","potentialAction":[{"@type":"ReadAction","target":["https:\/\/www.nettali.com\/2023\/09\/04\/espagne-encore-100-migrants-partis-du-senegal-secourus\/"]}]},{"@type":"BreadcrumbList","@id":"https:\/\/www.nettali.com\/2023\/09\/04\/espagne-encore-100-migrants-partis-du-senegal-secourus\/#breadcrumb","itemListElement":[{"@type":"ListItem","position":1,"name":"Accueil","item":"https:\/\/www.nettali.com\/"},{"@type":"ListItem","position":2,"name":"ESPAGNE - Encore 100 migrants partis du S\u00e9n\u00e9gal secourus"}]},{"@type":"Person","@id":"https:\/\/www.nettali.com\/#\/schema\/person\/bb147657c2986240405a608162b9bb23","name":"Ibrahima","image":{"@type":"ImageObject","@id":"https:\/\/www.nettali.com\/#personlogo","inLanguage":"fr-FR","url":"https:\/\/secure.gravatar.com\/avatar\/26a8a81f09f0dd7624c9d5c36c9ba3a2?s=96&d=mm&r=g","contentUrl":"https:\/\/secure.gravatar.com\/avatar\/26a8a81f09f0dd7624c9d5c36c9ba3a2?s=96&d=mm&r=g","caption":"Ibrahima"},"sameAs":["https:\/\/www.nettali.com"]}]}},"_links":{"self":[{"href":"https:\/\/www.nettali.com\/rest\/wp\/v2\/posts\/117413"}],"collection":[{"href":"https:\/\/www.nettali.com\/rest\/wp\/v2\/posts"}],"about":[{"href":"https:\/\/www.nettali.com\/rest\/wp\/v2\/types\/post"}],"author":[{"embeddable":true,"href":"https:\/\/www.nettali.com\/rest\/wp\/v2\/users\/5"}],"replies":[{"embeddable":true,"href":"https:\/\/www.nettali.com\/rest\/wp\/v2\/comments?post=117413"}],"version-history":[{"count":2,"href":"https:\/\/www.nettali.com\/rest\/wp\/v2\/posts\/117413\/revisions"}],"predecessor-version":[{"id":117415,"href":"https:\/\/www.nettali.com\/rest\/wp\/v2\/posts\/117413\/revisions\/117415"}],"wp:featuredmedia":[{"embeddable":true,"href":"https:\/\/www.nettali.com\/rest\/wp\/v2\/media\/116617"}],"wp:attachment":[{"href":"https:\/\/www.nettali.com\/rest\/wp\/v2\/media?parent=117413"}],"wp:term":[{"taxonomy":"category","embeddable":true,"href":"https:\/\/www.nettali.com\/rest\/wp\/v2\/categories?post=117413"},{"taxonomy":"post_tag","embeddable":true,"href":"https:\/\/www.nettali.com\/rest\/wp\/v2\/tags?post=117413"}],"curies":[{"name":"wp","href":"https:\/\/api.w.org\/{rel}","templated":true}]}}