{"id":117392,"date":"2023-09-03T13:33:00","date_gmt":"2023-09-03T13:33:00","guid":{"rendered":"https:\/\/www.nettali.com\/?p=117392"},"modified":"2023-09-03T14:34:28","modified_gmt":"2023-09-03T14:34:28","slug":"grand-magal-de-touba-moubarak-lo-chiffre-le-nombre-de-pelerins-a-cinq-millions","status":"publish","type":"post","link":"https:\/\/www.nettali.com\/2023\/09\/03\/grand-magal-de-touba-moubarak-lo-chiffre-le-nombre-de-pelerins-a-cinq-millions\/","title":{"rendered":"\u0122RAND MAGAL DE TOUBA - Moubarak L\u00f4 chiffre le nombre de p\u00e8lerins \u00e0 5 millions"},"content":{"rendered":"<p style=\"font-weight: 400;\"><b>NETTALI.COM - <\/b><strong>Invit\u00e9 du Jury du dimanche ce dimanche 03 Septembre 2023, l\u2019ing\u00e9nieur statisticien et \u00e9conomiste s\u00e9n\u00e9galais, Moubarack L\u00f4 a estim\u00e9 que la ville sainte devrait recevoir cinq millions de p\u00e8lerins.<\/strong><\/p>\n<p style=\"font-weight: 400;\">\u00a0Le Grand Magal de Touba est un \u00e9v\u00e9nement religieux comm\u00e9morant le d\u00e9part en exil au Gabon de Cheikh Ahmadou Bamba (1853-1927). Cette la 129<sup>e<\/sup> \u00e9dition sera c\u00e9l\u00e9br\u00e9e le lundi 4 septembre, correspondant au 18<sup>e<\/sup>\u00a0jour du mois lunaire Safar 1445h.<\/p>\n<p style=\"font-weight: 400;\">Le directeur g\u00e9n\u00e9ral du Bureau de prospective \u00e9conomique \u00e0 la Primature a livr\u00e9 des statistiques du nombre de p\u00e8lerins re\u00e7u dans la ville. Invit\u00e9 du jury du dimanche, Moubarack L\u00f4 a livr\u00e9 les chiffres cl\u00e9s. \u00ab <em>Le Magal avait mobilis\u00e9, \u00e0 l\u2019\u00e9poque, 2,5 millions de personnes, dont 1,4 millions de p\u00e8lerins qui avaient quitt\u00e9 les autres r\u00e9gions du pays pour aller \u00e0 Touba, y trouvant 1,1 millions de personnes. <\/em><em>Mais aujourd\u2019hui, cela devrait approcher les cinq millions. Un doublement en douze ans<\/em>\u00a0\u00bb a-t-il estim\u00e9.<\/p>\n<p style=\"font-weight: 400;\">Poursuivant, l\u2019ing\u00e9nieur statisticien et \u00e9conomiste s\u00e9n\u00e9galais indique que c'est un chiffre approximatif. \u00ab <em>Au moment m\u00eame o\u00f9 je vous parle j\u2019ai une \u00e9quipe qui est sur place. On les a post\u00e9s dans les diff\u00e9rentes entr\u00e9es de Touba. Parce que c\u2019est la meilleure m\u00e9thode pour calculer le nombre de personnes qui entrent \u00e0 Touba. On les poste aux entr\u00e9es de Touba, on comptabilise les v\u00e9hicules suivant les types. On \u00e9value la contenance des v\u00e9hicules. On appr\u00e9cie aussi la dur\u00e9e de s\u00e9jour des p\u00e8lerins. Certains sont l\u00e0-bas depuis un mois. La grande majorit\u00e9 des p\u00e8lerins y sont les deux derniers jours. C\u2019est l\u00e0 o\u00f9 il y a le rush vers Touba surtout le samedi soir \u00bb \u00e9tale l\u2019ing\u00e9nieur.\u00a0<\/em><\/p>\n<p style=\"font-weight: 400;\">Avant de poursuivre :<em> \u00ab <\/em><em>Le dimanche, c\u2019est l\u00e0 o\u00f9 vous avez une grande quantit\u00e9 de gens qui entrent \u00e0 Touba. Nous, \u00e0 travers des m\u00e9thodes statistiques, on sera en mesure \u00e0 partir du lundi soir de donner un chiffre. Cela ne devrait pas \u00eatre loin des cinq millions. Je le dis parce que depuis l\u2019\u00e9tude fondatrice de 2011, on a continu\u00e9 \u00e0 faire des \u00e9tudes de cette nature tous les deux et trois ans. Ce qui nous permet de conna\u00eetre la progression<\/em> \u00bb.<\/p>\n<p style=\"font-weight: 400;\">Aussi, il a not\u00e9 qu\u2019en 2011, des enqu\u00eates ont \u00e9t\u00e9 men\u00e9 jusque dans les cuisines. \u00ab <em>Il s\u2019agissait de voir les d\u00e9penses et consommations des m\u00e9nages. On a interrog\u00e9 les chefs de m\u00e9nages pour estimer le nombre de personnes qui y vivaient. On a utilis\u00e9 toutes ces m\u00e9thodes. Cela nous avait permis de montrer 250 milliards, qui \u00e9taient mobilis\u00e9s dans le cadre du Magal, que ce soit les d\u00e9penses de consommation alimentaire, mais \u00e9galement le carburant, les tissus, les d\u00e9penses de t\u00e9l\u00e9communications\u00a0<\/em>\u00bb a-t-il r\u00e9v\u00e9l\u00e9.<\/p>\n<p style=\"font-weight: 400;\">\u00c9galement, l\u2019ing\u00e9nieur ajoute que les enqu\u00eates prenaient m\u00eame en compte la r\u00e9fection des maisons. \u00ab <em>Quand le Magal arrive, les habitants de Touba investissent beaucoup pour recevoir des invit\u00e9s, des parents qui habitent dans les autres contr\u00e9es. C\u2019est un moment de rush pour l\u2019activit\u00e9 \u00e9conomique \u00e0 Touba mais \u00e9galement l\u2019activit\u00e9 \u00e9conomique li\u00e9e \u00e0 Touba. C\u2019est beaucoup d\u2019activit\u00e9s dont les productions se font ailleurs. Par exemple, ceux qui font l\u2019\u00e9levage. Quelques jours avant le Magal, viennent dans les foirails autour de Touba, et vendent leurs productions. Vous avez des moutons, des chameaux, des b\u0153ufs. Vous avez aussi toute la production horticole. Vous avez les usines qui sont dans les boissons, l\u2019eau. Quelque temps avant le Magal, vous avez une augmentation de la production <\/em>\u00bb fait savoir Moubarack L\u00f4.<\/p>\n<div class='share-to-whatsapp-wrapper'><div class='share-on-whsp'>PARTAGER SUR : <\/div><a data-text='\u0122RAND MAGAL DE TOUBA - Moubarak L\u00f4 chiffre le nombre de p\u00e8lerins \u00e0 5 millions' data-link='https:\/\/www.nettali.com\/2023\/09\/03\/grand-magal-de-touba-moubarak-lo-chiffre-le-nombre-de-pelerins-a-cinq-millions\/' class='whatsapp-button whatsapp-share'>WhatsApp<\/a><div class='clear '><\/div><\/div>","protected":false},"excerpt":{"rendered":"<p>NETTALI.COM - Invit\u00e9 du Jury du dimanche ce dimanche 03 Septembre 2023, l\u2019ing\u00e9nieur statisticien et \u00e9conomiste s\u00e9n\u00e9galais, Moubarack L\u00f4 a estim\u00e9 que la ville sainte devrait recevoir cinq millions de p\u00e8lerins. \u00a0Le Grand Magal de Touba est un \u00e9v\u00e9nement religieux comm\u00e9morant le d\u00e9part en exil au Gabon de Cheikh Ahmadou Bamba (1853-1927). Cette la 129e [&hellip;]<\/p>\n","protected":false},"author":6,"featured_media":117393,"comment_status":"open","ping_status":"open","sticky":false,"template":"","format":"standard","meta":{"_et_pb_use_builder":"","_et_pb_old_content":""},"categories":[3],"tags":[],"yoast_head":"<!-- This site is optimized with the Yoast SEO Premium plugin v17.8 (Yoast SEO v17.8) - https:\/\/yoast.com\/wordpress\/plugins\/seo\/ -->\n<title>\u0122RAND MAGAL DE TOUBA - Moubarak L\u00f4 chiffre le nombre de p\u00e8lerins \u00e0 5 millions | Nettali.com<\/title>\n<meta name=\"robots\" content=\"index, follow, max-snippet:-1, max-image-preview:large, max-video-preview:-1\" \/>\n<link rel=\"canonical\" href=\"https:\/\/www.nettali.com\/2023\/09\/03\/grand-magal-de-touba-moubarak-lo-chiffre-le-nombre-de-pelerins-a-cinq-millions\/\" \/>\n<meta property=\"og:locale\" content=\"fr_FR\" \/>\n<meta property=\"og:type\" content=\"article\" \/>\n<meta property=\"og:title\" content=\"\u0122RAND MAGAL DE TOUBA - Moubarak L\u00f4 chiffre le nombre de p\u00e8lerins \u00e0 5 millions\" \/>\n<meta property=\"og:description\" content=\"NETTALI.COM - Invit\u00e9 du Jury du dimanche ce dimanche 03 Septembre 2023, l\u2019ing\u00e9nieur statisticien et \u00e9conomiste s\u00e9n\u00e9galais, Moubarack L\u00f4 a estim\u00e9 que la ville sainte devrait recevoir cinq millions de p\u00e8lerins. \u00a0Le Grand Magal de Touba est un \u00e9v\u00e9nement religieux comm\u00e9morant le d\u00e9part en exil au Gabon de Cheikh Ahmadou Bamba (1853-1927). Cette la 129e [&hellip;]\" \/>\n<meta property=\"og:url\" content=\"https:\/\/www.nettali.com\/2023\/09\/03\/grand-magal-de-touba-moubarak-lo-chiffre-le-nombre-de-pelerins-a-cinq-millions\/\" \/>\n<meta property=\"og:site_name\" content=\"Nettali.com\" \/>\n<meta property=\"article:publisher\" content=\"https:\/\/www.facebook.com\/nettalicom\" \/>\n<meta property=\"article:published_time\" content=\"2023-09-03T13:33:00+00:00\" \/>\n<meta property=\"article:modified_time\" content=\"2023-09-03T14:34:28+00:00\" \/>\n<meta property=\"og:image\" content=\"https:\/\/www.nettali.com\/wp-content\/uploads\/2023\/09\/29804309-28692566.jpg\" \/>\n\t<meta property=\"og:image:width\" content=\"599\" \/>\n\t<meta property=\"og:image:height\" content=\"400\" \/>\n<meta name=\"twitter:card\" content=\"summary_large_image\" \/>\n<meta name=\"twitter:label1\" content=\"\u00c9crit par\" \/>\n\t<meta name=\"twitter:data1\" content=\"Fatou\" \/>\n\t<meta name=\"twitter:label2\" content=\"Dur\u00e9e de lecture estim\u00e9e\" \/>\n\t<meta name=\"twitter:data2\" content=\"3 minutes\" \/>\n<script type=\"application\/ld+json\" class=\"yoast-schema-graph\">{\"@context\":\"https:\/\/schema.org\",\"@graph\":[{\"@type\":\"WebSite\",\"@id\":\"https:\/\/www.nettali.com\/#website\",\"url\":\"https:\/\/www.nettali.com\/\",\"name\":\"Nettali.com\",\"description\":\"Le rendez-vous critique du Net\",\"potentialAction\":[{\"@type\":\"SearchAction\",\"target\":{\"@type\":\"EntryPoint\",\"urlTemplate\":\"https:\/\/www.nettali.com\/?s={search_term_string}\"},\"query-input\":\"required name=search_term_string\"}],\"inLanguage\":\"fr-FR\"},{\"@type\":\"ImageObject\",\"@id\":\"https:\/\/www.nettali.com\/2023\/09\/03\/grand-magal-de-touba-moubarak-lo-chiffre-le-nombre-de-pelerins-a-cinq-millions\/#primaryimage\",\"inLanguage\":\"fr-FR\",\"url\":\"https:\/\/www.nettali.com\/wp-content\/uploads\/2023\/09\/29804309-28692566.jpg\",\"contentUrl\":\"https:\/\/www.nettali.com\/wp-content\/uploads\/2023\/09\/29804309-28692566.jpg\",\"width\":599,\"height\":400},{\"@type\":\"WebPage\",\"@id\":\"https:\/\/www.nettali.com\/2023\/09\/03\/grand-magal-de-touba-moubarak-lo-chiffre-le-nombre-de-pelerins-a-cinq-millions\/#webpage\",\"url\":\"https:\/\/www.nettali.com\/2023\/09\/03\/grand-magal-de-touba-moubarak-lo-chiffre-le-nombre-de-pelerins-a-cinq-millions\/\",\"name\":\"\\u0122RAND MAGAL DE TOUBA - Moubarak L\\u00f4 chiffre le nombre de p\\u00e8lerins \\u00e0 5 millions | Nettali.com\",\"isPartOf\":{\"@id\":\"https:\/\/www.nettali.com\/#website\"},\"primaryImageOfPage\":{\"@id\":\"https:\/\/www.nettali.com\/2023\/09\/03\/grand-magal-de-touba-moubarak-lo-chiffre-le-nombre-de-pelerins-a-cinq-millions\/#primaryimage\"},\"datePublished\":\"2023-09-03T13:33:00+00:00\",\"dateModified\":\"2023-09-03T14:34:28+00:00\",\"author\":{\"@id\":\"https:\/\/www.nettali.com\/#\/schema\/person\/418274a86bdf87caff7a3ef476bd0bbf\"},\"breadcrumb\":{\"@id\":\"https:\/\/www.nettali.com\/2023\/09\/03\/grand-magal-de-touba-moubarak-lo-chiffre-le-nombre-de-pelerins-a-cinq-millions\/#breadcrumb\"},\"inLanguage\":\"fr-FR\",\"potentialAction\":[{\"@type\":\"ReadAction\",\"target\":[\"https:\/\/www.nettali.com\/2023\/09\/03\/grand-magal-de-touba-moubarak-lo-chiffre-le-nombre-de-pelerins-a-cinq-millions\/\"]}]},{\"@type\":\"BreadcrumbList\",\"@id\":\"https:\/\/www.nettali.com\/2023\/09\/03\/grand-magal-de-touba-moubarak-lo-chiffre-le-nombre-de-pelerins-a-cinq-millions\/#breadcrumb\",\"itemListElement\":[{\"@type\":\"ListItem\",\"position\":1,\"name\":\"Accueil\",\"item\":\"https:\/\/www.nettali.com\/\"},{\"@type\":\"ListItem\",\"position\":2,\"name\":\"\\u0122RAND MAGAL DE TOUBA - Moubarak L\\u00f4 chiffre le nombre de p\\u00e8lerins \\u00e0 5 millions\"}]},{\"@type\":\"Person\",\"@id\":\"https:\/\/www.nettali.com\/#\/schema\/person\/418274a86bdf87caff7a3ef476bd0bbf\",\"name\":\"Fatou\",\"image\":{\"@type\":\"ImageObject\",\"@id\":\"https:\/\/www.nettali.com\/#personlogo\",\"inLanguage\":\"fr-FR\",\"url\":\"https:\/\/secure.gravatar.com\/avatar\/5a9442a2bee7b4dcf167cab035858e9a?s=96&d=mm&r=g\",\"contentUrl\":\"https:\/\/secure.gravatar.com\/avatar\/5a9442a2bee7b4dcf167cab035858e9a?s=96&d=mm&r=g\",\"caption\":\"Fatou\"},\"sameAs\":[\"https:\/\/www.nettali.com\"]}]}<\/script>\n<!-- \/ Yoast SEO Premium plugin. -->","yoast_head_json":{"title":"\u0122RAND MAGAL DE TOUBA - Moubarak L\u00f4 chiffre le nombre de p\u00e8lerins \u00e0 5 millions | Nettali.com","robots":{"index":"index","follow":"follow","max-snippet":"max-snippet:-1","max-image-preview":"max-image-preview:large","max-video-preview":"max-video-preview:-1"},"canonical":"https:\/\/www.nettali.com\/2023\/09\/03\/grand-magal-de-touba-moubarak-lo-chiffre-le-nombre-de-pelerins-a-cinq-millions\/","og_locale":"fr_FR","og_type":"article","og_title":"\u0122RAND MAGAL DE TOUBA - Moubarak L\u00f4 chiffre le nombre de p\u00e8lerins \u00e0 5 millions","og_description":"NETTALI.COM - Invit\u00e9 du Jury du dimanche ce dimanche 03 Septembre 2023, l\u2019ing\u00e9nieur statisticien et \u00e9conomiste s\u00e9n\u00e9galais, Moubarack L\u00f4 a estim\u00e9 que la ville sainte devrait recevoir cinq millions de p\u00e8lerins. \u00a0Le Grand Magal de Touba est un \u00e9v\u00e9nement religieux comm\u00e9morant le d\u00e9part en exil au Gabon de Cheikh Ahmadou Bamba (1853-1927). Cette la 129e [&hellip;]","og_url":"https:\/\/www.nettali.com\/2023\/09\/03\/grand-magal-de-touba-moubarak-lo-chiffre-le-nombre-de-pelerins-a-cinq-millions\/","og_site_name":"Nettali.com","article_publisher":"https:\/\/www.facebook.com\/nettalicom","article_published_time":"2023-09-03T13:33:00+00:00","article_modified_time":"2023-09-03T14:34:28+00:00","og_image":[{"width":599,"height":400,"url":"https:\/\/www.nettali.com\/wp-content\/uploads\/2023\/09\/29804309-28692566.jpg","type":"image\/jpeg"}],"twitter_card":"summary_large_image","twitter_misc":{"\u00c9crit par":"Fatou","Dur\u00e9e de lecture estim\u00e9e":"3 minutes"},"schema":{"@context":"https:\/\/schema.org","@graph":[{"@type":"WebSite","@id":"https:\/\/www.nettali.com\/#website","url":"https:\/\/www.nettali.com\/","name":"Nettali.com","description":"Le rendez-vous critique du Net","potentialAction":[{"@type":"SearchAction","target":{"@type":"EntryPoint","urlTemplate":"https:\/\/www.nettali.com\/?s={search_term_string}"},"query-input":"required name=search_term_string"}],"inLanguage":"fr-FR"},{"@type":"ImageObject","@id":"https:\/\/www.nettali.com\/2023\/09\/03\/grand-magal-de-touba-moubarak-lo-chiffre-le-nombre-de-pelerins-a-cinq-millions\/#primaryimage","inLanguage":"fr-FR","url":"https:\/\/www.nettali.com\/wp-content\/uploads\/2023\/09\/29804309-28692566.jpg","contentUrl":"https:\/\/www.nettali.com\/wp-content\/uploads\/2023\/09\/29804309-28692566.jpg","width":599,"height":400},{"@type":"WebPage","@id":"https:\/\/www.nettali.com\/2023\/09\/03\/grand-magal-de-touba-moubarak-lo-chiffre-le-nombre-de-pelerins-a-cinq-millions\/#webpage","url":"https:\/\/www.nettali.com\/2023\/09\/03\/grand-magal-de-touba-moubarak-lo-chiffre-le-nombre-de-pelerins-a-cinq-millions\/","name":"\u0122RAND MAGAL DE TOUBA - Moubarak L\u00f4 chiffre le nombre de p\u00e8lerins \u00e0 5 millions | Nettali.com","isPartOf":{"@id":"https:\/\/www.nettali.com\/#website"},"primaryImageOfPage":{"@id":"https:\/\/www.nettali.com\/2023\/09\/03\/grand-magal-de-touba-moubarak-lo-chiffre-le-nombre-de-pelerins-a-cinq-millions\/#primaryimage"},"datePublished":"2023-09-03T13:33:00+00:00","dateModified":"2023-09-03T14:34:28+00:00","author":{"@id":"https:\/\/www.nettali.com\/#\/schema\/person\/418274a86bdf87caff7a3ef476bd0bbf"},"breadcrumb":{"@id":"https:\/\/www.nettali.com\/2023\/09\/03\/grand-magal-de-touba-moubarak-lo-chiffre-le-nombre-de-pelerins-a-cinq-millions\/#breadcrumb"},"inLanguage":"fr-FR","potentialAction":[{"@type":"ReadAction","target":["https:\/\/www.nettali.com\/2023\/09\/03\/grand-magal-de-touba-moubarak-lo-chiffre-le-nombre-de-pelerins-a-cinq-millions\/"]}]},{"@type":"BreadcrumbList","@id":"https:\/\/www.nettali.com\/2023\/09\/03\/grand-magal-de-touba-moubarak-lo-chiffre-le-nombre-de-pelerins-a-cinq-millions\/#breadcrumb","itemListElement":[{"@type":"ListItem","position":1,"name":"Accueil","item":"https:\/\/www.nettali.com\/"},{"@type":"ListItem","position":2,"name":"\u0122RAND MAGAL DE TOUBA - Moubarak L\u00f4 chiffre le nombre de p\u00e8lerins \u00e0 5 millions"}]},{"@type":"Person","@id":"https:\/\/www.nettali.com\/#\/schema\/person\/418274a86bdf87caff7a3ef476bd0bbf","name":"Fatou","image":{"@type":"ImageObject","@id":"https:\/\/www.nettali.com\/#personlogo","inLanguage":"fr-FR","url":"https:\/\/secure.gravatar.com\/avatar\/5a9442a2bee7b4dcf167cab035858e9a?s=96&d=mm&r=g","contentUrl":"https:\/\/secure.gravatar.com\/avatar\/5a9442a2bee7b4dcf167cab035858e9a?s=96&d=mm&r=g","caption":"Fatou"},"sameAs":["https:\/\/www.nettali.com"]}]}},"_links":{"self":[{"href":"https:\/\/www.nettali.com\/rest\/wp\/v2\/posts\/117392"}],"collection":[{"href":"https:\/\/www.nettali.com\/rest\/wp\/v2\/posts"}],"about":[{"href":"https:\/\/www.nettali.com\/rest\/wp\/v2\/types\/post"}],"author":[{"embeddable":true,"href":"https:\/\/www.nettali.com\/rest\/wp\/v2\/users\/6"}],"replies":[{"embeddable":true,"href":"https:\/\/www.nettali.com\/rest\/wp\/v2\/comments?post=117392"}],"version-history":[{"count":3,"href":"https:\/\/www.nettali.com\/rest\/wp\/v2\/posts\/117392\/revisions"}],"predecessor-version":[{"id":117405,"href":"https:\/\/www.nettali.com\/rest\/wp\/v2\/posts\/117392\/revisions\/117405"}],"wp:featuredmedia":[{"embeddable":true,"href":"https:\/\/www.nettali.com\/rest\/wp\/v2\/media\/117393"}],"wp:attachment":[{"href":"https:\/\/www.nettali.com\/rest\/wp\/v2\/media?parent=117392"}],"wp:term":[{"taxonomy":"category","embeddable":true,"href":"https:\/\/www.nettali.com\/rest\/wp\/v2\/categories?post=117392"},{"taxonomy":"post_tag","embeddable":true,"href":"https:\/\/www.nettali.com\/rest\/wp\/v2\/tags?post=117392"}],"curies":[{"name":"wp","href":"https:\/\/api.w.org\/{rel}","templated":true}]}}