{"id":117367,"date":"2023-09-02T11:02:38","date_gmt":"2023-09-02T11:02:38","guid":{"rendered":"https:\/\/www.nettali.com\/?p=117367"},"modified":"2023-09-04T13:33:00","modified_gmt":"2023-09-04T13:33:00","slug":"en-coulisses-wade-depeche-une-delegation-a-touba","status":"publish","type":"post","link":"https:\/\/www.nettali.com\/2023\/09\/02\/en-coulisses-wade-depeche-une-delegation-a-touba\/","title":{"rendered":"EN COULISSES - Wade d\u00e9p\u00eache une d\u00e9l\u00e9gation \u00e0 Touba"},"content":{"rendered":"<p><strong>NETTALI.COM -\u00a0<\/strong>L'ancien Pr\u00e9sident Abdoulaye Wade a d\u00e9p\u00each\u00e9 une forte d\u00e9l\u00e9gation de son parti \u00e0 Touba. Mamadou Lamine Thiam et ses fr\u00e8res du Parti d\u00e9mocratique s\u00e9n\u00e9galais ont d\u00e9livr\u00e9 le message du Secr\u00e9taire g\u00e9n\u00e9ral national du Pds au Khalife g\u00e9n\u00e9ral des mourides, Serigne Mountakha Mback\u00e9, et \u00e0 son porte-parole, Serigne Bassirou Mback\u00e9 Abdou Khadr.<\/p>\n<p>Le pr\u00e9sident du groupe parlementaire des lib\u00e9raux a remerci\u00e9 Serigne Mountakha Mback\u00e9 pour tout ce qu'il a fait pour apaiser la situation nationale dans le pays. Pour lui, Karim Wade pourra revenir au bercail tr\u00e8s prochainement, parce que rien ne p\u00e8se sur lui.<\/p>\n<p><em>\u00abLa plupart de nos inqui\u00e9tudes sont aujourd'hui dissip\u00e9es et tout ce qui pesait sur Karim Wade est dissip\u00e9. Nous sommes aujourd'hui dans l'attente de son arriv\u00e9e\u00bb<\/em>, se r\u00e9jouit-il.<\/p>\n<div class='share-to-whatsapp-wrapper'><div class='share-on-whsp'>PARTAGER SUR : <\/div><a data-text='EN COULISSES - Wade d\u00e9p\u00eache une d\u00e9l\u00e9gation \u00e0 Touba' data-link='https:\/\/www.nettali.com\/2023\/09\/02\/en-coulisses-wade-depeche-une-delegation-a-touba\/' class='whatsapp-button whatsapp-share'>WhatsApp<\/a><div class='clear '><\/div><\/div>","protected":false},"excerpt":{"rendered":"<p>NETTALI.COM -\u00a0L'ancien Pr\u00e9sident Abdoulaye Wade a d\u00e9p\u00each\u00e9 une forte d\u00e9l\u00e9gation de son parti \u00e0 Touba. Mamadou Lamine Thiam et ses fr\u00e8res du Parti d\u00e9mocratique s\u00e9n\u00e9galais ont d\u00e9livr\u00e9 le message du Secr\u00e9taire g\u00e9n\u00e9ral national du Pds au Khalife g\u00e9n\u00e9ral des mourides, Serigne Mountakha Mback\u00e9, et \u00e0 son porte-parole, Serigne Bassirou Mback\u00e9 Abdou Khadr. Le pr\u00e9sident du [&hellip;]<\/p>\n","protected":false},"author":4,"featured_media":40930,"comment_status":"open","ping_status":"open","sticky":false,"template":"","format":"standard","meta":{"_et_pb_use_builder":"","_et_pb_old_content":""},"categories":[34945],"tags":[],"yoast_head":"<!-- This site is optimized with the Yoast SEO Premium plugin v17.8 (Yoast SEO v17.8) - https:\/\/yoast.com\/wordpress\/plugins\/seo\/ -->\n<title>EN COULISSES - Wade d\u00e9p\u00eache une d\u00e9l\u00e9gation \u00e0 Touba | Nettali.com<\/title>\n<meta name=\"robots\" content=\"index, follow, max-snippet:-1, max-image-preview:large, max-video-preview:-1\" \/>\n<link rel=\"canonical\" href=\"https:\/\/www.nettali.com\/2023\/09\/02\/en-coulisses-wade-depeche-une-delegation-a-touba\/\" \/>\n<meta property=\"og:locale\" content=\"fr_FR\" \/>\n<meta property=\"og:type\" content=\"article\" \/>\n<meta property=\"og:title\" content=\"EN COULISSES - Wade d\u00e9p\u00eache une d\u00e9l\u00e9gation \u00e0 Touba\" \/>\n<meta property=\"og:description\" content=\"NETTALI.COM -\u00a0L&#039;ancien Pr\u00e9sident Abdoulaye Wade a d\u00e9p\u00each\u00e9 une forte d\u00e9l\u00e9gation de son parti \u00e0 Touba. Mamadou Lamine Thiam et ses fr\u00e8res du Parti d\u00e9mocratique s\u00e9n\u00e9galais ont d\u00e9livr\u00e9 le message du Secr\u00e9taire g\u00e9n\u00e9ral national du Pds au Khalife g\u00e9n\u00e9ral des mourides, Serigne Mountakha Mback\u00e9, et \u00e0 son porte-parole, Serigne Bassirou Mback\u00e9 Abdou Khadr. Le pr\u00e9sident du [&hellip;]\" \/>\n<meta property=\"og:url\" content=\"https:\/\/www.nettali.com\/2023\/09\/02\/en-coulisses-wade-depeche-une-delegation-a-touba\/\" \/>\n<meta property=\"og:site_name\" content=\"Nettali.com\" \/>\n<meta property=\"article:publisher\" content=\"https:\/\/www.facebook.com\/nettalicom\" \/>\n<meta property=\"article:published_time\" content=\"2023-09-02T11:02:38+00:00\" \/>\n<meta property=\"article:modified_time\" content=\"2023-09-04T13:33:00+00:00\" \/>\n<meta property=\"og:image\" content=\"https:\/\/www.nettali.com\/wp-content\/uploads\/2020\/07\/abdoulaye-wade9.jpg\" \/>\n\t<meta property=\"og:image:width\" content=\"650\" \/>\n\t<meta property=\"og:image:height\" content=\"433\" \/>\n<meta name=\"twitter:card\" content=\"summary_large_image\" \/>\n<meta name=\"twitter:label1\" content=\"\u00c9crit par\" \/>\n\t<meta name=\"twitter:data1\" content=\"Daouda\" \/>\n\t<meta name=\"twitter:label2\" content=\"Dur\u00e9e de lecture estim\u00e9e\" \/>\n\t<meta name=\"twitter:data2\" content=\"1 minute\" \/>\n<script type=\"application\/ld+json\" class=\"yoast-schema-graph\">{\"@context\":\"https:\/\/schema.org\",\"@graph\":[{\"@type\":\"WebSite\",\"@id\":\"https:\/\/www.nettali.com\/#website\",\"url\":\"https:\/\/www.nettali.com\/\",\"name\":\"Nettali.com\",\"description\":\"Le rendez-vous critique du Net\",\"potentialAction\":[{\"@type\":\"SearchAction\",\"target\":{\"@type\":\"EntryPoint\",\"urlTemplate\":\"https:\/\/www.nettali.com\/?s={search_term_string}\"},\"query-input\":\"required name=search_term_string\"}],\"inLanguage\":\"fr-FR\"},{\"@type\":\"ImageObject\",\"@id\":\"https:\/\/www.nettali.com\/2023\/09\/02\/en-coulisses-wade-depeche-une-delegation-a-touba\/#primaryimage\",\"inLanguage\":\"fr-FR\",\"url\":\"https:\/\/www.nettali.com\/wp-content\/uploads\/2020\/07\/abdoulaye-wade9.jpg\",\"contentUrl\":\"https:\/\/www.nettali.com\/wp-content\/uploads\/2020\/07\/abdoulaye-wade9.jpg\",\"width\":650,\"height\":433},{\"@type\":\"WebPage\",\"@id\":\"https:\/\/www.nettali.com\/2023\/09\/02\/en-coulisses-wade-depeche-une-delegation-a-touba\/#webpage\",\"url\":\"https:\/\/www.nettali.com\/2023\/09\/02\/en-coulisses-wade-depeche-une-delegation-a-touba\/\",\"name\":\"EN COULISSES - Wade d\\u00e9p\\u00eache une d\\u00e9l\\u00e9gation \\u00e0 Touba | Nettali.com\",\"isPartOf\":{\"@id\":\"https:\/\/www.nettali.com\/#website\"},\"primaryImageOfPage\":{\"@id\":\"https:\/\/www.nettali.com\/2023\/09\/02\/en-coulisses-wade-depeche-une-delegation-a-touba\/#primaryimage\"},\"datePublished\":\"2023-09-02T11:02:38+00:00\",\"dateModified\":\"2023-09-04T13:33:00+00:00\",\"author\":{\"@id\":\"https:\/\/www.nettali.com\/#\/schema\/person\/3317e0bb3aa1da309fbf7b2780901bf4\"},\"breadcrumb\":{\"@id\":\"https:\/\/www.nettali.com\/2023\/09\/02\/en-coulisses-wade-depeche-une-delegation-a-touba\/#breadcrumb\"},\"inLanguage\":\"fr-FR\",\"potentialAction\":[{\"@type\":\"ReadAction\",\"target\":[\"https:\/\/www.nettali.com\/2023\/09\/02\/en-coulisses-wade-depeche-une-delegation-a-touba\/\"]}]},{\"@type\":\"BreadcrumbList\",\"@id\":\"https:\/\/www.nettali.com\/2023\/09\/02\/en-coulisses-wade-depeche-une-delegation-a-touba\/#breadcrumb\",\"itemListElement\":[{\"@type\":\"ListItem\",\"position\":1,\"name\":\"Accueil\",\"item\":\"https:\/\/www.nettali.com\/\"},{\"@type\":\"ListItem\",\"position\":2,\"name\":\"EN COULISSES - Wade d\\u00e9p\\u00eache une d\\u00e9l\\u00e9gation \\u00e0 Touba\"}]},{\"@type\":\"Person\",\"@id\":\"https:\/\/www.nettali.com\/#\/schema\/person\/3317e0bb3aa1da309fbf7b2780901bf4\",\"name\":\"Daouda\",\"image\":{\"@type\":\"ImageObject\",\"@id\":\"https:\/\/www.nettali.com\/#personlogo\",\"inLanguage\":\"fr-FR\",\"url\":\"https:\/\/secure.gravatar.com\/avatar\/8d143b5a49345098ddcfee1c49c2f47c?s=96&d=mm&r=g\",\"contentUrl\":\"https:\/\/secure.gravatar.com\/avatar\/8d143b5a49345098ddcfee1c49c2f47c?s=96&d=mm&r=g\",\"caption\":\"Daouda\"},\"sameAs\":[\"https:\/\/www.nettali.com\"]}]}<\/script>\n<!-- \/ Yoast SEO Premium plugin. -->","yoast_head_json":{"title":"EN COULISSES - Wade d\u00e9p\u00eache une d\u00e9l\u00e9gation \u00e0 Touba | Nettali.com","robots":{"index":"index","follow":"follow","max-snippet":"max-snippet:-1","max-image-preview":"max-image-preview:large","max-video-preview":"max-video-preview:-1"},"canonical":"https:\/\/www.nettali.com\/2023\/09\/02\/en-coulisses-wade-depeche-une-delegation-a-touba\/","og_locale":"fr_FR","og_type":"article","og_title":"EN COULISSES - Wade d\u00e9p\u00eache une d\u00e9l\u00e9gation \u00e0 Touba","og_description":"NETTALI.COM -\u00a0L'ancien Pr\u00e9sident Abdoulaye Wade a d\u00e9p\u00each\u00e9 une forte d\u00e9l\u00e9gation de son parti \u00e0 Touba. Mamadou Lamine Thiam et ses fr\u00e8res du Parti d\u00e9mocratique s\u00e9n\u00e9galais ont d\u00e9livr\u00e9 le message du Secr\u00e9taire g\u00e9n\u00e9ral national du Pds au Khalife g\u00e9n\u00e9ral des mourides, Serigne Mountakha Mback\u00e9, et \u00e0 son porte-parole, Serigne Bassirou Mback\u00e9 Abdou Khadr. Le pr\u00e9sident du [&hellip;]","og_url":"https:\/\/www.nettali.com\/2023\/09\/02\/en-coulisses-wade-depeche-une-delegation-a-touba\/","og_site_name":"Nettali.com","article_publisher":"https:\/\/www.facebook.com\/nettalicom","article_published_time":"2023-09-02T11:02:38+00:00","article_modified_time":"2023-09-04T13:33:00+00:00","og_image":[{"width":650,"height":433,"url":"https:\/\/www.nettali.com\/wp-content\/uploads\/2020\/07\/abdoulaye-wade9.jpg","type":"image\/jpeg"}],"twitter_card":"summary_large_image","twitter_misc":{"\u00c9crit par":"Daouda","Dur\u00e9e de lecture estim\u00e9e":"1 minute"},"schema":{"@context":"https:\/\/schema.org","@graph":[{"@type":"WebSite","@id":"https:\/\/www.nettali.com\/#website","url":"https:\/\/www.nettali.com\/","name":"Nettali.com","description":"Le rendez-vous critique du Net","potentialAction":[{"@type":"SearchAction","target":{"@type":"EntryPoint","urlTemplate":"https:\/\/www.nettali.com\/?s={search_term_string}"},"query-input":"required name=search_term_string"}],"inLanguage":"fr-FR"},{"@type":"ImageObject","@id":"https:\/\/www.nettali.com\/2023\/09\/02\/en-coulisses-wade-depeche-une-delegation-a-touba\/#primaryimage","inLanguage":"fr-FR","url":"https:\/\/www.nettali.com\/wp-content\/uploads\/2020\/07\/abdoulaye-wade9.jpg","contentUrl":"https:\/\/www.nettali.com\/wp-content\/uploads\/2020\/07\/abdoulaye-wade9.jpg","width":650,"height":433},{"@type":"WebPage","@id":"https:\/\/www.nettali.com\/2023\/09\/02\/en-coulisses-wade-depeche-une-delegation-a-touba\/#webpage","url":"https:\/\/www.nettali.com\/2023\/09\/02\/en-coulisses-wade-depeche-une-delegation-a-touba\/","name":"EN COULISSES - Wade d\u00e9p\u00eache une d\u00e9l\u00e9gation \u00e0 Touba | Nettali.com","isPartOf":{"@id":"https:\/\/www.nettali.com\/#website"},"primaryImageOfPage":{"@id":"https:\/\/www.nettali.com\/2023\/09\/02\/en-coulisses-wade-depeche-une-delegation-a-touba\/#primaryimage"},"datePublished":"2023-09-02T11:02:38+00:00","dateModified":"2023-09-04T13:33:00+00:00","author":{"@id":"https:\/\/www.nettali.com\/#\/schema\/person\/3317e0bb3aa1da309fbf7b2780901bf4"},"breadcrumb":{"@id":"https:\/\/www.nettali.com\/2023\/09\/02\/en-coulisses-wade-depeche-une-delegation-a-touba\/#breadcrumb"},"inLanguage":"fr-FR","potentialAction":[{"@type":"ReadAction","target":["https:\/\/www.nettali.com\/2023\/09\/02\/en-coulisses-wade-depeche-une-delegation-a-touba\/"]}]},{"@type":"BreadcrumbList","@id":"https:\/\/www.nettali.com\/2023\/09\/02\/en-coulisses-wade-depeche-une-delegation-a-touba\/#breadcrumb","itemListElement":[{"@type":"ListItem","position":1,"name":"Accueil","item":"https:\/\/www.nettali.com\/"},{"@type":"ListItem","position":2,"name":"EN COULISSES - Wade d\u00e9p\u00eache une d\u00e9l\u00e9gation \u00e0 Touba"}]},{"@type":"Person","@id":"https:\/\/www.nettali.com\/#\/schema\/person\/3317e0bb3aa1da309fbf7b2780901bf4","name":"Daouda","image":{"@type":"ImageObject","@id":"https:\/\/www.nettali.com\/#personlogo","inLanguage":"fr-FR","url":"https:\/\/secure.gravatar.com\/avatar\/8d143b5a49345098ddcfee1c49c2f47c?s=96&d=mm&r=g","contentUrl":"https:\/\/secure.gravatar.com\/avatar\/8d143b5a49345098ddcfee1c49c2f47c?s=96&d=mm&r=g","caption":"Daouda"},"sameAs":["https:\/\/www.nettali.com"]}]}},"_links":{"self":[{"href":"https:\/\/www.nettali.com\/rest\/wp\/v2\/posts\/117367"}],"collection":[{"href":"https:\/\/www.nettali.com\/rest\/wp\/v2\/posts"}],"about":[{"href":"https:\/\/www.nettali.com\/rest\/wp\/v2\/types\/post"}],"author":[{"embeddable":true,"href":"https:\/\/www.nettali.com\/rest\/wp\/v2\/users\/4"}],"replies":[{"embeddable":true,"href":"https:\/\/www.nettali.com\/rest\/wp\/v2\/comments?post=117367"}],"version-history":[{"count":2,"href":"https:\/\/www.nettali.com\/rest\/wp\/v2\/posts\/117367\/revisions"}],"predecessor-version":[{"id":117434,"href":"https:\/\/www.nettali.com\/rest\/wp\/v2\/posts\/117367\/revisions\/117434"}],"wp:featuredmedia":[{"embeddable":true,"href":"https:\/\/www.nettali.com\/rest\/wp\/v2\/media\/40930"}],"wp:attachment":[{"href":"https:\/\/www.nettali.com\/rest\/wp\/v2\/media?parent=117367"}],"wp:term":[{"taxonomy":"category","embeddable":true,"href":"https:\/\/www.nettali.com\/rest\/wp\/v2\/categories?post=117367"},{"taxonomy":"post_tag","embeddable":true,"href":"https:\/\/www.nettali.com\/rest\/wp\/v2\/tags?post=117367"}],"curies":[{"name":"wp","href":"https:\/\/api.w.org\/{rel}","templated":true}]}}