{"id":117346,"date":"2023-09-02T09:17:52","date_gmt":"2023-09-02T09:17:52","guid":{"rendered":"https:\/\/www.nettali.com\/?p=117346"},"modified":"2023-09-02T09:17:52","modified_gmt":"2023-09-02T09:17:52","slug":"mercato-randal-kolo-muani-est-parisien","status":"publish","type":"post","link":"https:\/\/www.nettali.com\/2023\/09\/02\/mercato-randal-kolo-muani-est-parisien\/","title":{"rendered":"MERCATO - Randal Kolo Muani est Parisien!"},"content":{"rendered":"<p><strong>NETTALI.COM - Au bout d'une derni\u00e8re journ\u00e9e folle et riche en rebondissements, Randal Kolo Muani a bien pu signer au Paris Saint-Germain. En effet, le club de la capitale a d\u00e9bours\u00e9 95 millions d'euros pour s'offrir l'attaquant fran\u00e7ais pour les cinq prochaines saisons.<\/strong><\/p>\n<p>Apr\u00e8s ses prises de positions claires en faisant gr\u00e8ve de l\u2019entra\u00eenement et en ne participant pas \u00e0 la victoire ce jeudi (2-0) des siens en barrage d\u2019Europe Conf\u00e9rence League face au Levski Sofia, l\u2019international fran\u00e7ais a eu gain de cause. Le transfert d\u00e9sir\u00e9 par le joueur et le PSG est d\u00e9sormais act\u00e9. L\u2019ancien du FC Nantes s\u2019engage au Paris Saint-Germain dans le cadre d\u2019un contrat de 5 ans soit jusqu\u2019en 2028.<\/p>\n<p>Pour s\u2019attacher les services de Randal Kolo Muani, les dirigeants parisiens se sont acquitt\u00e9 d\u2019un ch\u00e8que de 95 millions d\u2019euros bonus compris, aupr\u00e8s de leurs homologues de l\u2019Eintracht Francfort.<\/p>\n<p>\"<em>Cela fait tr\u00e8s plaisir de revenir aux sources ! J\u2019ai \u00e9t\u00e9 attir\u00e9 par le projet du club. Maintenant, j\u2019ai h\u00e2te de me mettre au travail et de jouer enfin sous ces couleurs<\/em>\", a r\u00e9agi le nouveau Titi.<\/p>\n<div class='share-to-whatsapp-wrapper'><div class='share-on-whsp'>PARTAGER SUR : <\/div><a data-text='MERCATO - Randal Kolo Muani est Parisien!' data-link='https:\/\/www.nettali.com\/2023\/09\/02\/mercato-randal-kolo-muani-est-parisien\/' class='whatsapp-button whatsapp-share'>WhatsApp<\/a><div class='clear '><\/div><\/div>","protected":false},"excerpt":{"rendered":"<p>NETTALI.COM - Au bout d'une derni\u00e8re journ\u00e9e folle et riche en rebondissements, Randal Kolo Muani a bien pu signer au Paris Saint-Germain. En effet, le club de la capitale a d\u00e9bours\u00e9 95 millions d'euros pour s'offrir l'attaquant fran\u00e7ais pour les cinq prochaines saisons. Apr\u00e8s ses prises de positions claires en faisant gr\u00e8ve de l\u2019entra\u00eenement et [&hellip;]<\/p>\n","protected":false},"author":5,"featured_media":117351,"comment_status":"open","ping_status":"open","sticky":false,"template":"","format":"standard","meta":{"_et_pb_use_builder":"","_et_pb_old_content":""},"categories":[6],"tags":[],"yoast_head":"<!-- This site is optimized with the Yoast SEO Premium plugin v17.8 (Yoast SEO v17.8) - https:\/\/yoast.com\/wordpress\/plugins\/seo\/ -->\n<title>MERCATO - Randal Kolo Muani est Parisien! | Nettali.com<\/title>\n<meta name=\"robots\" content=\"index, follow, max-snippet:-1, max-image-preview:large, max-video-preview:-1\" \/>\n<link rel=\"canonical\" href=\"https:\/\/www.nettali.com\/2023\/09\/02\/mercato-randal-kolo-muani-est-parisien\/\" \/>\n<meta property=\"og:locale\" content=\"fr_FR\" \/>\n<meta property=\"og:type\" content=\"article\" \/>\n<meta property=\"og:title\" content=\"MERCATO - Randal Kolo Muani est Parisien!\" \/>\n<meta property=\"og:description\" content=\"NETTALI.COM - Au bout d&#039;une derni\u00e8re journ\u00e9e folle et riche en rebondissements, Randal Kolo Muani a bien pu signer au Paris Saint-Germain. En effet, le club de la capitale a d\u00e9bours\u00e9 95 millions d&#039;euros pour s&#039;offrir l&#039;attaquant fran\u00e7ais pour les cinq prochaines saisons. Apr\u00e8s ses prises de positions claires en faisant gr\u00e8ve de l\u2019entra\u00eenement et [&hellip;]\" \/>\n<meta property=\"og:url\" content=\"https:\/\/www.nettali.com\/2023\/09\/02\/mercato-randal-kolo-muani-est-parisien\/\" \/>\n<meta property=\"og:site_name\" content=\"Nettali.com\" \/>\n<meta property=\"article:publisher\" content=\"https:\/\/www.facebook.com\/nettalicom\" \/>\n<meta property=\"article:published_time\" content=\"2023-09-02T09:17:52+00:00\" \/>\n<meta property=\"og:image\" content=\"https:\/\/www.nettali.com\/wp-content\/uploads\/2023\/09\/1200x768_randal-kolo-muani-s-est-engage-en-faveur-du-psg-jusqu-en-2028.jpeg\" \/>\n\t<meta property=\"og:image:width\" content=\"1200\" \/>\n\t<meta property=\"og:image:height\" content=\"768\" \/>\n<meta name=\"twitter:card\" content=\"summary_large_image\" \/>\n<meta name=\"twitter:label1\" content=\"\u00c9crit par\" \/>\n\t<meta name=\"twitter:data1\" content=\"Ibrahima\" \/>\n\t<meta name=\"twitter:label2\" content=\"Dur\u00e9e de lecture estim\u00e9e\" \/>\n\t<meta name=\"twitter:data2\" content=\"1 minute\" \/>\n<script type=\"application\/ld+json\" class=\"yoast-schema-graph\">{\"@context\":\"https:\/\/schema.org\",\"@graph\":[{\"@type\":\"WebSite\",\"@id\":\"https:\/\/www.nettali.com\/#website\",\"url\":\"https:\/\/www.nettali.com\/\",\"name\":\"Nettali.com\",\"description\":\"Le rendez-vous critique du Net\",\"potentialAction\":[{\"@type\":\"SearchAction\",\"target\":{\"@type\":\"EntryPoint\",\"urlTemplate\":\"https:\/\/www.nettali.com\/?s={search_term_string}\"},\"query-input\":\"required name=search_term_string\"}],\"inLanguage\":\"fr-FR\"},{\"@type\":\"ImageObject\",\"@id\":\"https:\/\/www.nettali.com\/2023\/09\/02\/mercato-randal-kolo-muani-est-parisien\/#primaryimage\",\"inLanguage\":\"fr-FR\",\"url\":\"https:\/\/www.nettali.com\/wp-content\/uploads\/2023\/09\/1200x768_randal-kolo-muani-s-est-engage-en-faveur-du-psg-jusqu-en-2028.jpeg\",\"contentUrl\":\"https:\/\/www.nettali.com\/wp-content\/uploads\/2023\/09\/1200x768_randal-kolo-muani-s-est-engage-en-faveur-du-psg-jusqu-en-2028.jpeg\",\"width\":1200,\"height\":768},{\"@type\":\"WebPage\",\"@id\":\"https:\/\/www.nettali.com\/2023\/09\/02\/mercato-randal-kolo-muani-est-parisien\/#webpage\",\"url\":\"https:\/\/www.nettali.com\/2023\/09\/02\/mercato-randal-kolo-muani-est-parisien\/\",\"name\":\"MERCATO - Randal Kolo Muani est Parisien! | Nettali.com\",\"isPartOf\":{\"@id\":\"https:\/\/www.nettali.com\/#website\"},\"primaryImageOfPage\":{\"@id\":\"https:\/\/www.nettali.com\/2023\/09\/02\/mercato-randal-kolo-muani-est-parisien\/#primaryimage\"},\"datePublished\":\"2023-09-02T09:17:52+00:00\",\"dateModified\":\"2023-09-02T09:17:52+00:00\",\"author\":{\"@id\":\"https:\/\/www.nettali.com\/#\/schema\/person\/bb147657c2986240405a608162b9bb23\"},\"breadcrumb\":{\"@id\":\"https:\/\/www.nettali.com\/2023\/09\/02\/mercato-randal-kolo-muani-est-parisien\/#breadcrumb\"},\"inLanguage\":\"fr-FR\",\"potentialAction\":[{\"@type\":\"ReadAction\",\"target\":[\"https:\/\/www.nettali.com\/2023\/09\/02\/mercato-randal-kolo-muani-est-parisien\/\"]}]},{\"@type\":\"BreadcrumbList\",\"@id\":\"https:\/\/www.nettali.com\/2023\/09\/02\/mercato-randal-kolo-muani-est-parisien\/#breadcrumb\",\"itemListElement\":[{\"@type\":\"ListItem\",\"position\":1,\"name\":\"Accueil\",\"item\":\"https:\/\/www.nettali.com\/\"},{\"@type\":\"ListItem\",\"position\":2,\"name\":\"MERCATO - Randal Kolo Muani est Parisien!\"}]},{\"@type\":\"Person\",\"@id\":\"https:\/\/www.nettali.com\/#\/schema\/person\/bb147657c2986240405a608162b9bb23\",\"name\":\"Ibrahima\",\"image\":{\"@type\":\"ImageObject\",\"@id\":\"https:\/\/www.nettali.com\/#personlogo\",\"inLanguage\":\"fr-FR\",\"url\":\"https:\/\/secure.gravatar.com\/avatar\/26a8a81f09f0dd7624c9d5c36c9ba3a2?s=96&d=mm&r=g\",\"contentUrl\":\"https:\/\/secure.gravatar.com\/avatar\/26a8a81f09f0dd7624c9d5c36c9ba3a2?s=96&d=mm&r=g\",\"caption\":\"Ibrahima\"},\"sameAs\":[\"https:\/\/www.nettali.com\"]}]}<\/script>\n<!-- \/ Yoast SEO Premium plugin. -->","yoast_head_json":{"title":"MERCATO - Randal Kolo Muani est Parisien! | Nettali.com","robots":{"index":"index","follow":"follow","max-snippet":"max-snippet:-1","max-image-preview":"max-image-preview:large","max-video-preview":"max-video-preview:-1"},"canonical":"https:\/\/www.nettali.com\/2023\/09\/02\/mercato-randal-kolo-muani-est-parisien\/","og_locale":"fr_FR","og_type":"article","og_title":"MERCATO - Randal Kolo Muani est Parisien!","og_description":"NETTALI.COM - Au bout d'une derni\u00e8re journ\u00e9e folle et riche en rebondissements, Randal Kolo Muani a bien pu signer au Paris Saint-Germain. En effet, le club de la capitale a d\u00e9bours\u00e9 95 millions d'euros pour s'offrir l'attaquant fran\u00e7ais pour les cinq prochaines saisons. Apr\u00e8s ses prises de positions claires en faisant gr\u00e8ve de l\u2019entra\u00eenement et [&hellip;]","og_url":"https:\/\/www.nettali.com\/2023\/09\/02\/mercato-randal-kolo-muani-est-parisien\/","og_site_name":"Nettali.com","article_publisher":"https:\/\/www.facebook.com\/nettalicom","article_published_time":"2023-09-02T09:17:52+00:00","og_image":[{"width":1200,"height":768,"url":"https:\/\/www.nettali.com\/wp-content\/uploads\/2023\/09\/1200x768_randal-kolo-muani-s-est-engage-en-faveur-du-psg-jusqu-en-2028.jpeg","type":"image\/jpeg"}],"twitter_card":"summary_large_image","twitter_misc":{"\u00c9crit par":"Ibrahima","Dur\u00e9e de lecture estim\u00e9e":"1 minute"},"schema":{"@context":"https:\/\/schema.org","@graph":[{"@type":"WebSite","@id":"https:\/\/www.nettali.com\/#website","url":"https:\/\/www.nettali.com\/","name":"Nettali.com","description":"Le rendez-vous critique du Net","potentialAction":[{"@type":"SearchAction","target":{"@type":"EntryPoint","urlTemplate":"https:\/\/www.nettali.com\/?s={search_term_string}"},"query-input":"required name=search_term_string"}],"inLanguage":"fr-FR"},{"@type":"ImageObject","@id":"https:\/\/www.nettali.com\/2023\/09\/02\/mercato-randal-kolo-muani-est-parisien\/#primaryimage","inLanguage":"fr-FR","url":"https:\/\/www.nettali.com\/wp-content\/uploads\/2023\/09\/1200x768_randal-kolo-muani-s-est-engage-en-faveur-du-psg-jusqu-en-2028.jpeg","contentUrl":"https:\/\/www.nettali.com\/wp-content\/uploads\/2023\/09\/1200x768_randal-kolo-muani-s-est-engage-en-faveur-du-psg-jusqu-en-2028.jpeg","width":1200,"height":768},{"@type":"WebPage","@id":"https:\/\/www.nettali.com\/2023\/09\/02\/mercato-randal-kolo-muani-est-parisien\/#webpage","url":"https:\/\/www.nettali.com\/2023\/09\/02\/mercato-randal-kolo-muani-est-parisien\/","name":"MERCATO - Randal Kolo Muani est Parisien! | Nettali.com","isPartOf":{"@id":"https:\/\/www.nettali.com\/#website"},"primaryImageOfPage":{"@id":"https:\/\/www.nettali.com\/2023\/09\/02\/mercato-randal-kolo-muani-est-parisien\/#primaryimage"},"datePublished":"2023-09-02T09:17:52+00:00","dateModified":"2023-09-02T09:17:52+00:00","author":{"@id":"https:\/\/www.nettali.com\/#\/schema\/person\/bb147657c2986240405a608162b9bb23"},"breadcrumb":{"@id":"https:\/\/www.nettali.com\/2023\/09\/02\/mercato-randal-kolo-muani-est-parisien\/#breadcrumb"},"inLanguage":"fr-FR","potentialAction":[{"@type":"ReadAction","target":["https:\/\/www.nettali.com\/2023\/09\/02\/mercato-randal-kolo-muani-est-parisien\/"]}]},{"@type":"BreadcrumbList","@id":"https:\/\/www.nettali.com\/2023\/09\/02\/mercato-randal-kolo-muani-est-parisien\/#breadcrumb","itemListElement":[{"@type":"ListItem","position":1,"name":"Accueil","item":"https:\/\/www.nettali.com\/"},{"@type":"ListItem","position":2,"name":"MERCATO - Randal Kolo Muani est Parisien!"}]},{"@type":"Person","@id":"https:\/\/www.nettali.com\/#\/schema\/person\/bb147657c2986240405a608162b9bb23","name":"Ibrahima","image":{"@type":"ImageObject","@id":"https:\/\/www.nettali.com\/#personlogo","inLanguage":"fr-FR","url":"https:\/\/secure.gravatar.com\/avatar\/26a8a81f09f0dd7624c9d5c36c9ba3a2?s=96&d=mm&r=g","contentUrl":"https:\/\/secure.gravatar.com\/avatar\/26a8a81f09f0dd7624c9d5c36c9ba3a2?s=96&d=mm&r=g","caption":"Ibrahima"},"sameAs":["https:\/\/www.nettali.com"]}]}},"_links":{"self":[{"href":"https:\/\/www.nettali.com\/rest\/wp\/v2\/posts\/117346"}],"collection":[{"href":"https:\/\/www.nettali.com\/rest\/wp\/v2\/posts"}],"about":[{"href":"https:\/\/www.nettali.com\/rest\/wp\/v2\/types\/post"}],"author":[{"embeddable":true,"href":"https:\/\/www.nettali.com\/rest\/wp\/v2\/users\/5"}],"replies":[{"embeddable":true,"href":"https:\/\/www.nettali.com\/rest\/wp\/v2\/comments?post=117346"}],"version-history":[{"count":2,"href":"https:\/\/www.nettali.com\/rest\/wp\/v2\/posts\/117346\/revisions"}],"predecessor-version":[{"id":117355,"href":"https:\/\/www.nettali.com\/rest\/wp\/v2\/posts\/117346\/revisions\/117355"}],"wp:featuredmedia":[{"embeddable":true,"href":"https:\/\/www.nettali.com\/rest\/wp\/v2\/media\/117351"}],"wp:attachment":[{"href":"https:\/\/www.nettali.com\/rest\/wp\/v2\/media?parent=117346"}],"wp:term":[{"taxonomy":"category","embeddable":true,"href":"https:\/\/www.nettali.com\/rest\/wp\/v2\/categories?post=117346"},{"taxonomy":"post_tag","embeddable":true,"href":"https:\/\/www.nettali.com\/rest\/wp\/v2\/tags?post=117346"}],"curies":[{"name":"wp","href":"https:\/\/api.w.org\/{rel}","templated":true}]}}