{"id":117283,"date":"2023-09-01T12:43:56","date_gmt":"2023-09-01T12:43:56","guid":{"rendered":"https:\/\/www.nettali.com\/?p=117283"},"modified":"2023-09-01T12:45:43","modified_gmt":"2023-09-01T12:45:43","slug":"match-amical-face-a-lalgerie-aliou-cisse-fait-appel-a-25-lions","status":"publish","type":"post","link":"https:\/\/www.nettali.com\/2023\/09\/01\/match-amical-face-a-lalgerie-aliou-cisse-fait-appel-a-25-lions\/","title":{"rendered":"MATCH AMICAL FACE \u00c0 L'ALG\u00c9RIE - Aliou Ciss\u00e9 fait appel \u00e0 25 Lions"},"content":{"rendered":"<p><strong>NETTALI.COM - En pr\u00e9lude du match amical face \u00e0 l'Alg\u00e9rie pr\u00e9vu le 12 septembre au stade Abdoulaye Wade de Diamniadio, Aliou Ciss\u00e9 a publi\u00e9 ce vendredi 1 septembre une liste de 25 joueurs.<\/strong><\/p>\n<p>Le s\u00e9lectionneur des Lions, Aliou Ciss\u00e9, a convoqu\u00e9 pour la premi\u00e8re fois en \u00e9quipe nationale, Lamine camara, pour le match amical S\u00e9n\u00e9gal-Alg\u00e9rie du 12 septembre 2023, au stade Me Abdoulaye Wade de Diamniadio. Le milieu de terrain du FC Metz et Abdoulaye Niakhat\u00e9 Nidaye (Troyes en L2) sont les deux nouveaux parmi les 25 joueurs retenus. Nampalys Mendy n'est pas appel\u00e9.<\/p>\n<p><strong>Voici la liste des 25 Lions :<\/strong><\/p>\n<p><strong>3 Gardiens\u00a0:<\/strong> \u00c9douard Mendy, Seny Dieng, Mory Diaw<\/p>\n<p><strong>9 D\u00e9fenseurs\u00a0:<\/strong> Kalidou Koulibaly, Abdou Diallo, Youssouf Sabaly, Moussa Niakhat\u00e9, Abdoulaye Niakhat\u00e9 Ndiaye, Abdoulaye Seck, Ismail Jakobs, Abdallah Ndour, Formose Mendy<\/p>\n<p><strong>7 Milieux\u00a0:<\/strong> Idrissa Gana Gu\u00e8ye, Cheikhou Kouyat\u00e9, Kr\u00e9pin Diatta, Path\u00e9 Ciss, Pape Matar Sarr, Lamine Camara, Dion Lopy<\/p>\n<p><strong>6 Attaquants\u00a0:<\/strong> Sadio Man\u00e9, Ismaila Sarr, Boulaye Dia, Iliman Ndiaye, Habib Diallo, Nicolas Jackson.<\/p>\n<div class='share-to-whatsapp-wrapper'><div class='share-on-whsp'>PARTAGER SUR : <\/div><a data-text='MATCH AMICAL FACE \u00c0 L'ALG\u00c9RIE - Aliou Ciss\u00e9 fait appel \u00e0 25 Lions' data-link='https:\/\/www.nettali.com\/2023\/09\/01\/match-amical-face-a-lalgerie-aliou-cisse-fait-appel-a-25-lions\/' class='whatsapp-button whatsapp-share'>WhatsApp<\/a><div class='clear '><\/div><\/div>","protected":false},"excerpt":{"rendered":"<p>NETTALI.COM - En pr\u00e9lude du match amical face \u00e0 l'Alg\u00e9rie pr\u00e9vu le 12 septembre au stade Abdoulaye Wade de Diamniadio, Aliou Ciss\u00e9 a publi\u00e9 ce vendredi 1 septembre une liste de 25 joueurs. Le s\u00e9lectionneur des Lions, Aliou Ciss\u00e9, a convoqu\u00e9 pour la premi\u00e8re fois en \u00e9quipe nationale, Lamine camara, pour le match amical S\u00e9n\u00e9gal-Alg\u00e9rie [&hellip;]<\/p>\n","protected":false},"author":5,"featured_media":13181,"comment_status":"open","ping_status":"open","sticky":false,"template":"","format":"standard","meta":{"_et_pb_use_builder":"","_et_pb_old_content":""},"categories":[6],"tags":[],"yoast_head":"<!-- This site is optimized with the Yoast SEO Premium plugin v17.8 (Yoast SEO v17.8) - https:\/\/yoast.com\/wordpress\/plugins\/seo\/ -->\n<title>MATCH AMICAL FACE \u00c0 L&#039;ALG\u00c9RIE - Aliou Ciss\u00e9 fait appel \u00e0 25 Lions | Nettali.com<\/title>\n<meta name=\"robots\" content=\"index, follow, max-snippet:-1, max-image-preview:large, max-video-preview:-1\" \/>\n<link rel=\"canonical\" href=\"https:\/\/www.nettali.com\/2023\/09\/01\/match-amical-face-a-lalgerie-aliou-cisse-fait-appel-a-25-lions\/\" \/>\n<meta property=\"og:locale\" content=\"fr_FR\" \/>\n<meta property=\"og:type\" content=\"article\" \/>\n<meta property=\"og:title\" content=\"MATCH AMICAL FACE \u00c0 L&#039;ALG\u00c9RIE - Aliou Ciss\u00e9 fait appel \u00e0 25 Lions\" \/>\n<meta property=\"og:description\" content=\"NETTALI.COM - En pr\u00e9lude du match amical face \u00e0 l&#039;Alg\u00e9rie pr\u00e9vu le 12 septembre au stade Abdoulaye Wade de Diamniadio, Aliou Ciss\u00e9 a publi\u00e9 ce vendredi 1 septembre une liste de 25 joueurs. Le s\u00e9lectionneur des Lions, Aliou Ciss\u00e9, a convoqu\u00e9 pour la premi\u00e8re fois en \u00e9quipe nationale, Lamine camara, pour le match amical S\u00e9n\u00e9gal-Alg\u00e9rie [&hellip;]\" \/>\n<meta property=\"og:url\" content=\"https:\/\/www.nettali.com\/2023\/09\/01\/match-amical-face-a-lalgerie-aliou-cisse-fait-appel-a-25-lions\/\" \/>\n<meta property=\"og:site_name\" content=\"Nettali.com\" \/>\n<meta property=\"article:publisher\" content=\"https:\/\/www.facebook.com\/nettalicom\" \/>\n<meta property=\"article:published_time\" content=\"2023-09-01T12:43:56+00:00\" \/>\n<meta property=\"article:modified_time\" content=\"2023-09-01T12:45:43+00:00\" \/>\n<meta property=\"og:image\" content=\"https:\/\/www.nettali.com\/wp-content\/uploads\/2019\/07\/alioucisse-1024x576-1-1.jpg\" \/>\n\t<meta property=\"og:image:width\" content=\"843\" \/>\n\t<meta property=\"og:image:height\" content=\"576\" \/>\n<meta name=\"twitter:card\" content=\"summary_large_image\" \/>\n<meta name=\"twitter:label1\" content=\"\u00c9crit par\" \/>\n\t<meta name=\"twitter:data1\" content=\"Ibrahima\" \/>\n\t<meta name=\"twitter:label2\" content=\"Dur\u00e9e de lecture estim\u00e9e\" \/>\n\t<meta name=\"twitter:data2\" content=\"1 minute\" \/>\n<script type=\"application\/ld+json\" class=\"yoast-schema-graph\">{\"@context\":\"https:\/\/schema.org\",\"@graph\":[{\"@type\":\"WebSite\",\"@id\":\"https:\/\/www.nettali.com\/#website\",\"url\":\"https:\/\/www.nettali.com\/\",\"name\":\"Nettali.com\",\"description\":\"Le rendez-vous critique du Net\",\"potentialAction\":[{\"@type\":\"SearchAction\",\"target\":{\"@type\":\"EntryPoint\",\"urlTemplate\":\"https:\/\/www.nettali.com\/?s={search_term_string}\"},\"query-input\":\"required name=search_term_string\"}],\"inLanguage\":\"fr-FR\"},{\"@type\":\"ImageObject\",\"@id\":\"https:\/\/www.nettali.com\/2023\/09\/01\/match-amical-face-a-lalgerie-aliou-cisse-fait-appel-a-25-lions\/#primaryimage\",\"inLanguage\":\"fr-FR\",\"url\":\"https:\/\/www.nettali.com\/wp-content\/uploads\/2019\/07\/alioucisse-1024x576-1-1.jpg\",\"contentUrl\":\"https:\/\/www.nettali.com\/wp-content\/uploads\/2019\/07\/alioucisse-1024x576-1-1.jpg\",\"width\":843,\"height\":576},{\"@type\":\"WebPage\",\"@id\":\"https:\/\/www.nettali.com\/2023\/09\/01\/match-amical-face-a-lalgerie-aliou-cisse-fait-appel-a-25-lions\/#webpage\",\"url\":\"https:\/\/www.nettali.com\/2023\/09\/01\/match-amical-face-a-lalgerie-aliou-cisse-fait-appel-a-25-lions\/\",\"name\":\"MATCH AMICAL FACE \\u00c0 L'ALG\\u00c9RIE - Aliou Ciss\\u00e9 fait appel \\u00e0 25 Lions | Nettali.com\",\"isPartOf\":{\"@id\":\"https:\/\/www.nettali.com\/#website\"},\"primaryImageOfPage\":{\"@id\":\"https:\/\/www.nettali.com\/2023\/09\/01\/match-amical-face-a-lalgerie-aliou-cisse-fait-appel-a-25-lions\/#primaryimage\"},\"datePublished\":\"2023-09-01T12:43:56+00:00\",\"dateModified\":\"2023-09-01T12:45:43+00:00\",\"author\":{\"@id\":\"https:\/\/www.nettali.com\/#\/schema\/person\/bb147657c2986240405a608162b9bb23\"},\"breadcrumb\":{\"@id\":\"https:\/\/www.nettali.com\/2023\/09\/01\/match-amical-face-a-lalgerie-aliou-cisse-fait-appel-a-25-lions\/#breadcrumb\"},\"inLanguage\":\"fr-FR\",\"potentialAction\":[{\"@type\":\"ReadAction\",\"target\":[\"https:\/\/www.nettali.com\/2023\/09\/01\/match-amical-face-a-lalgerie-aliou-cisse-fait-appel-a-25-lions\/\"]}]},{\"@type\":\"BreadcrumbList\",\"@id\":\"https:\/\/www.nettali.com\/2023\/09\/01\/match-amical-face-a-lalgerie-aliou-cisse-fait-appel-a-25-lions\/#breadcrumb\",\"itemListElement\":[{\"@type\":\"ListItem\",\"position\":1,\"name\":\"Accueil\",\"item\":\"https:\/\/www.nettali.com\/\"},{\"@type\":\"ListItem\",\"position\":2,\"name\":\"MATCH AMICAL FACE \\u00c0 L'ALG\\u00c9RIE - Aliou Ciss\\u00e9 fait appel \\u00e0 25 Lions\"}]},{\"@type\":\"Person\",\"@id\":\"https:\/\/www.nettali.com\/#\/schema\/person\/bb147657c2986240405a608162b9bb23\",\"name\":\"Ibrahima\",\"image\":{\"@type\":\"ImageObject\",\"@id\":\"https:\/\/www.nettali.com\/#personlogo\",\"inLanguage\":\"fr-FR\",\"url\":\"https:\/\/secure.gravatar.com\/avatar\/26a8a81f09f0dd7624c9d5c36c9ba3a2?s=96&d=mm&r=g\",\"contentUrl\":\"https:\/\/secure.gravatar.com\/avatar\/26a8a81f09f0dd7624c9d5c36c9ba3a2?s=96&d=mm&r=g\",\"caption\":\"Ibrahima\"},\"sameAs\":[\"https:\/\/www.nettali.com\"]}]}<\/script>\n<!-- \/ Yoast SEO Premium plugin. -->","yoast_head_json":{"title":"MATCH AMICAL FACE \u00c0 L'ALG\u00c9RIE - Aliou Ciss\u00e9 fait appel \u00e0 25 Lions | Nettali.com","robots":{"index":"index","follow":"follow","max-snippet":"max-snippet:-1","max-image-preview":"max-image-preview:large","max-video-preview":"max-video-preview:-1"},"canonical":"https:\/\/www.nettali.com\/2023\/09\/01\/match-amical-face-a-lalgerie-aliou-cisse-fait-appel-a-25-lions\/","og_locale":"fr_FR","og_type":"article","og_title":"MATCH AMICAL FACE \u00c0 L'ALG\u00c9RIE - Aliou Ciss\u00e9 fait appel \u00e0 25 Lions","og_description":"NETTALI.COM - En pr\u00e9lude du match amical face \u00e0 l'Alg\u00e9rie pr\u00e9vu le 12 septembre au stade Abdoulaye Wade de Diamniadio, Aliou Ciss\u00e9 a publi\u00e9 ce vendredi 1 septembre une liste de 25 joueurs. Le s\u00e9lectionneur des Lions, Aliou Ciss\u00e9, a convoqu\u00e9 pour la premi\u00e8re fois en \u00e9quipe nationale, Lamine camara, pour le match amical S\u00e9n\u00e9gal-Alg\u00e9rie [&hellip;]","og_url":"https:\/\/www.nettali.com\/2023\/09\/01\/match-amical-face-a-lalgerie-aliou-cisse-fait-appel-a-25-lions\/","og_site_name":"Nettali.com","article_publisher":"https:\/\/www.facebook.com\/nettalicom","article_published_time":"2023-09-01T12:43:56+00:00","article_modified_time":"2023-09-01T12:45:43+00:00","og_image":[{"width":843,"height":576,"url":"https:\/\/www.nettali.com\/wp-content\/uploads\/2019\/07\/alioucisse-1024x576-1-1.jpg","type":"image\/jpeg"}],"twitter_card":"summary_large_image","twitter_misc":{"\u00c9crit par":"Ibrahima","Dur\u00e9e de lecture estim\u00e9e":"1 minute"},"schema":{"@context":"https:\/\/schema.org","@graph":[{"@type":"WebSite","@id":"https:\/\/www.nettali.com\/#website","url":"https:\/\/www.nettali.com\/","name":"Nettali.com","description":"Le rendez-vous critique du Net","potentialAction":[{"@type":"SearchAction","target":{"@type":"EntryPoint","urlTemplate":"https:\/\/www.nettali.com\/?s={search_term_string}"},"query-input":"required name=search_term_string"}],"inLanguage":"fr-FR"},{"@type":"ImageObject","@id":"https:\/\/www.nettali.com\/2023\/09\/01\/match-amical-face-a-lalgerie-aliou-cisse-fait-appel-a-25-lions\/#primaryimage","inLanguage":"fr-FR","url":"https:\/\/www.nettali.com\/wp-content\/uploads\/2019\/07\/alioucisse-1024x576-1-1.jpg","contentUrl":"https:\/\/www.nettali.com\/wp-content\/uploads\/2019\/07\/alioucisse-1024x576-1-1.jpg","width":843,"height":576},{"@type":"WebPage","@id":"https:\/\/www.nettali.com\/2023\/09\/01\/match-amical-face-a-lalgerie-aliou-cisse-fait-appel-a-25-lions\/#webpage","url":"https:\/\/www.nettali.com\/2023\/09\/01\/match-amical-face-a-lalgerie-aliou-cisse-fait-appel-a-25-lions\/","name":"MATCH AMICAL FACE \u00c0 L'ALG\u00c9RIE - Aliou Ciss\u00e9 fait appel \u00e0 25 Lions | Nettali.com","isPartOf":{"@id":"https:\/\/www.nettali.com\/#website"},"primaryImageOfPage":{"@id":"https:\/\/www.nettali.com\/2023\/09\/01\/match-amical-face-a-lalgerie-aliou-cisse-fait-appel-a-25-lions\/#primaryimage"},"datePublished":"2023-09-01T12:43:56+00:00","dateModified":"2023-09-01T12:45:43+00:00","author":{"@id":"https:\/\/www.nettali.com\/#\/schema\/person\/bb147657c2986240405a608162b9bb23"},"breadcrumb":{"@id":"https:\/\/www.nettali.com\/2023\/09\/01\/match-amical-face-a-lalgerie-aliou-cisse-fait-appel-a-25-lions\/#breadcrumb"},"inLanguage":"fr-FR","potentialAction":[{"@type":"ReadAction","target":["https:\/\/www.nettali.com\/2023\/09\/01\/match-amical-face-a-lalgerie-aliou-cisse-fait-appel-a-25-lions\/"]}]},{"@type":"BreadcrumbList","@id":"https:\/\/www.nettali.com\/2023\/09\/01\/match-amical-face-a-lalgerie-aliou-cisse-fait-appel-a-25-lions\/#breadcrumb","itemListElement":[{"@type":"ListItem","position":1,"name":"Accueil","item":"https:\/\/www.nettali.com\/"},{"@type":"ListItem","position":2,"name":"MATCH AMICAL FACE \u00c0 L'ALG\u00c9RIE - Aliou Ciss\u00e9 fait appel \u00e0 25 Lions"}]},{"@type":"Person","@id":"https:\/\/www.nettali.com\/#\/schema\/person\/bb147657c2986240405a608162b9bb23","name":"Ibrahima","image":{"@type":"ImageObject","@id":"https:\/\/www.nettali.com\/#personlogo","inLanguage":"fr-FR","url":"https:\/\/secure.gravatar.com\/avatar\/26a8a81f09f0dd7624c9d5c36c9ba3a2?s=96&d=mm&r=g","contentUrl":"https:\/\/secure.gravatar.com\/avatar\/26a8a81f09f0dd7624c9d5c36c9ba3a2?s=96&d=mm&r=g","caption":"Ibrahima"},"sameAs":["https:\/\/www.nettali.com"]}]}},"_links":{"self":[{"href":"https:\/\/www.nettali.com\/rest\/wp\/v2\/posts\/117283"}],"collection":[{"href":"https:\/\/www.nettali.com\/rest\/wp\/v2\/posts"}],"about":[{"href":"https:\/\/www.nettali.com\/rest\/wp\/v2\/types\/post"}],"author":[{"embeddable":true,"href":"https:\/\/www.nettali.com\/rest\/wp\/v2\/users\/5"}],"replies":[{"embeddable":true,"href":"https:\/\/www.nettali.com\/rest\/wp\/v2\/comments?post=117283"}],"version-history":[{"count":2,"href":"https:\/\/www.nettali.com\/rest\/wp\/v2\/posts\/117283\/revisions"}],"predecessor-version":[{"id":117285,"href":"https:\/\/www.nettali.com\/rest\/wp\/v2\/posts\/117283\/revisions\/117285"}],"wp:featuredmedia":[{"embeddable":true,"href":"https:\/\/www.nettali.com\/rest\/wp\/v2\/media\/13181"}],"wp:attachment":[{"href":"https:\/\/www.nettali.com\/rest\/wp\/v2\/media?parent=117283"}],"wp:term":[{"taxonomy":"category","embeddable":true,"href":"https:\/\/www.nettali.com\/rest\/wp\/v2\/categories?post=117283"},{"taxonomy":"post_tag","embeddable":true,"href":"https:\/\/www.nettali.com\/rest\/wp\/v2\/tags?post=117283"}],"curies":[{"name":"wp","href":"https:\/\/api.w.org\/{rel}","templated":true}]}}