{"id":117226,"date":"2023-08-31T17:14:57","date_gmt":"2023-08-31T17:14:57","guid":{"rendered":"https:\/\/www.nettali.com\/?p=117226"},"modified":"2023-08-31T17:14:57","modified_gmt":"2023-08-31T17:14:57","slug":"afrique-du-sud-plus-de-70-morts-dans-lincendie-dun-immeuble-a-johannesburg","status":"publish","type":"post","link":"https:\/\/www.nettali.com\/2023\/08\/31\/afrique-du-sud-plus-de-70-morts-dans-lincendie-dun-immeuble-a-johannesburg\/","title":{"rendered":"AFRIQUE DU SUD - Plus de 70 morts dans l\u2019incendie d\u2019un immeuble \u00e0 Johannesburg"},"content":{"rendered":"<p><strong>NETTALI.COM - Au moins 73 personnes sont mortes, jeudi 31 ao\u00fbt, dans un incendie qui a d\u00e9vast\u00e9 un immeuble de quatre \u00e9tages dans le centre de et Johannesburg, en Afrique du Sud, ont annonc\u00e9 les services de secours de la ville.<\/strong><\/p>\n<p>De plus, 52 personnes ont souffert de blessures l\u00e9g\u00e8res, selon les d\u00e9clarations \u00e0 une cha\u00eene de t\u00e9l\u00e9vision locale du porte-parole des services de secours, Robert Mulaudzi. Les bless\u00e9s, dont certains ont inhal\u00e9 de la fum\u00e9e, ont \u00e9t\u00e9 conduits dans des h\u00f4pitaux pour y \u00eatre soign\u00e9s, a-t-il pr\u00e9cis\u00e9.<\/p>\n<p>L\u2019incendie qui s\u2019est d\u00e9clar\u00e9 dans la nuit de mercredi \u00e0 jeudi, a \u00e9t\u00e9 \u00e9teint et les pompiers s\u2019activaient jeudi matin \u00e0 rechercher d\u2019autres \u00e9ventuelles victimes. \"<em>Nous avan\u00e7ons \u00e9tage par \u00e9tage<\/em>\", dans cette recherche, a expliqu\u00e9 Robert Mulaudzi \u00e0 la cha\u00eene ENCA.<\/p>\n<p>Les secouristes sortaient des corps calcin\u00e9s de l\u2019immeuble et les allongeaient dans la rue sous des draps ou des couvertures, a constat\u00e9 un journaliste de l\u2019AFP sur place. La cause du drame n\u2019\u00e9tait pas encore connue.<\/p>\n<p>France 24<\/p>\n<div class='share-to-whatsapp-wrapper'><div class='share-on-whsp'>PARTAGER SUR : <\/div><a data-text='AFRIQUE DU SUD - Plus de 70 morts dans l\u2019incendie d\u2019un immeuble \u00e0 Johannesburg' data-link='https:\/\/www.nettali.com\/2023\/08\/31\/afrique-du-sud-plus-de-70-morts-dans-lincendie-dun-immeuble-a-johannesburg\/' class='whatsapp-button whatsapp-share'>WhatsApp<\/a><div class='clear '><\/div><\/div>","protected":false},"excerpt":{"rendered":"<p>NETTALI.COM - Au moins 73 personnes sont mortes, jeudi 31 ao\u00fbt, dans un incendie qui a d\u00e9vast\u00e9 un immeuble de quatre \u00e9tages dans le centre de et Johannesburg, en Afrique du Sud, ont annonc\u00e9 les services de secours de la ville. De plus, 52 personnes ont souffert de blessures l\u00e9g\u00e8res, selon les d\u00e9clarations \u00e0 une [&hellip;]<\/p>\n","protected":false},"author":5,"featured_media":117227,"comment_status":"open","ping_status":"open","sticky":false,"template":"","format":"standard","meta":{"_et_pb_use_builder":"","_et_pb_old_content":""},"categories":[8],"tags":[],"yoast_head":"<!-- This site is optimized with the Yoast SEO Premium plugin v17.8 (Yoast SEO v17.8) - https:\/\/yoast.com\/wordpress\/plugins\/seo\/ -->\n<title>AFRIQUE DU SUD - Plus de 70 morts dans l\u2019incendie d\u2019un immeuble \u00e0 Johannesburg | Nettali.com<\/title>\n<meta name=\"robots\" content=\"index, follow, max-snippet:-1, max-image-preview:large, max-video-preview:-1\" \/>\n<link rel=\"canonical\" href=\"https:\/\/www.nettali.com\/2023\/08\/31\/afrique-du-sud-plus-de-70-morts-dans-lincendie-dun-immeuble-a-johannesburg\/\" \/>\n<meta property=\"og:locale\" content=\"fr_FR\" \/>\n<meta property=\"og:type\" content=\"article\" \/>\n<meta property=\"og:title\" content=\"AFRIQUE DU SUD - Plus de 70 morts dans l\u2019incendie d\u2019un immeuble \u00e0 Johannesburg\" \/>\n<meta property=\"og:description\" content=\"NETTALI.COM - Au moins 73 personnes sont mortes, jeudi 31 ao\u00fbt, dans un incendie qui a d\u00e9vast\u00e9 un immeuble de quatre \u00e9tages dans le centre de et Johannesburg, en Afrique du Sud, ont annonc\u00e9 les services de secours de la ville. De plus, 52 personnes ont souffert de blessures l\u00e9g\u00e8res, selon les d\u00e9clarations \u00e0 une [&hellip;]\" \/>\n<meta property=\"og:url\" content=\"https:\/\/www.nettali.com\/2023\/08\/31\/afrique-du-sud-plus-de-70-morts-dans-lincendie-dun-immeuble-a-johannesburg\/\" \/>\n<meta property=\"og:site_name\" content=\"Nettali.com\" \/>\n<meta property=\"article:publisher\" content=\"https:\/\/www.facebook.com\/nettalicom\" \/>\n<meta property=\"article:published_time\" content=\"2023-08-31T17:14:57+00:00\" \/>\n<meta property=\"og:image\" content=\"https:\/\/www.nettali.com\/wp-content\/uploads\/2023\/08\/AP23243306210965.jpg\" \/>\n\t<meta property=\"og:image:width\" content=\"980\" \/>\n\t<meta property=\"og:image:height\" content=\"551\" \/>\n<meta name=\"twitter:card\" content=\"summary_large_image\" \/>\n<meta name=\"twitter:label1\" content=\"\u00c9crit par\" \/>\n\t<meta name=\"twitter:data1\" content=\"Ibrahima\" \/>\n\t<meta name=\"twitter:label2\" content=\"Dur\u00e9e de lecture estim\u00e9e\" \/>\n\t<meta name=\"twitter:data2\" content=\"1 minute\" \/>\n<script type=\"application\/ld+json\" class=\"yoast-schema-graph\">{\"@context\":\"https:\/\/schema.org\",\"@graph\":[{\"@type\":\"WebSite\",\"@id\":\"https:\/\/www.nettali.com\/#website\",\"url\":\"https:\/\/www.nettali.com\/\",\"name\":\"Nettali.com\",\"description\":\"Le rendez-vous critique du Net\",\"potentialAction\":[{\"@type\":\"SearchAction\",\"target\":{\"@type\":\"EntryPoint\",\"urlTemplate\":\"https:\/\/www.nettali.com\/?s={search_term_string}\"},\"query-input\":\"required name=search_term_string\"}],\"inLanguage\":\"fr-FR\"},{\"@type\":\"ImageObject\",\"@id\":\"https:\/\/www.nettali.com\/2023\/08\/31\/afrique-du-sud-plus-de-70-morts-dans-lincendie-dun-immeuble-a-johannesburg\/#primaryimage\",\"inLanguage\":\"fr-FR\",\"url\":\"https:\/\/www.nettali.com\/wp-content\/uploads\/2023\/08\/AP23243306210965.jpg\",\"contentUrl\":\"https:\/\/www.nettali.com\/wp-content\/uploads\/2023\/08\/AP23243306210965.jpg\",\"width\":980,\"height\":551},{\"@type\":\"WebPage\",\"@id\":\"https:\/\/www.nettali.com\/2023\/08\/31\/afrique-du-sud-plus-de-70-morts-dans-lincendie-dun-immeuble-a-johannesburg\/#webpage\",\"url\":\"https:\/\/www.nettali.com\/2023\/08\/31\/afrique-du-sud-plus-de-70-morts-dans-lincendie-dun-immeuble-a-johannesburg\/\",\"name\":\"AFRIQUE DU SUD - Plus de 70 morts dans l\\u2019incendie d\\u2019un immeuble \\u00e0 Johannesburg | Nettali.com\",\"isPartOf\":{\"@id\":\"https:\/\/www.nettali.com\/#website\"},\"primaryImageOfPage\":{\"@id\":\"https:\/\/www.nettali.com\/2023\/08\/31\/afrique-du-sud-plus-de-70-morts-dans-lincendie-dun-immeuble-a-johannesburg\/#primaryimage\"},\"datePublished\":\"2023-08-31T17:14:57+00:00\",\"dateModified\":\"2023-08-31T17:14:57+00:00\",\"author\":{\"@id\":\"https:\/\/www.nettali.com\/#\/schema\/person\/bb147657c2986240405a608162b9bb23\"},\"breadcrumb\":{\"@id\":\"https:\/\/www.nettali.com\/2023\/08\/31\/afrique-du-sud-plus-de-70-morts-dans-lincendie-dun-immeuble-a-johannesburg\/#breadcrumb\"},\"inLanguage\":\"fr-FR\",\"potentialAction\":[{\"@type\":\"ReadAction\",\"target\":[\"https:\/\/www.nettali.com\/2023\/08\/31\/afrique-du-sud-plus-de-70-morts-dans-lincendie-dun-immeuble-a-johannesburg\/\"]}]},{\"@type\":\"BreadcrumbList\",\"@id\":\"https:\/\/www.nettali.com\/2023\/08\/31\/afrique-du-sud-plus-de-70-morts-dans-lincendie-dun-immeuble-a-johannesburg\/#breadcrumb\",\"itemListElement\":[{\"@type\":\"ListItem\",\"position\":1,\"name\":\"Accueil\",\"item\":\"https:\/\/www.nettali.com\/\"},{\"@type\":\"ListItem\",\"position\":2,\"name\":\"AFRIQUE DU SUD - Plus de 70 morts dans l\\u2019incendie d\\u2019un immeuble \\u00e0 Johannesburg\"}]},{\"@type\":\"Person\",\"@id\":\"https:\/\/www.nettali.com\/#\/schema\/person\/bb147657c2986240405a608162b9bb23\",\"name\":\"Ibrahima\",\"image\":{\"@type\":\"ImageObject\",\"@id\":\"https:\/\/www.nettali.com\/#personlogo\",\"inLanguage\":\"fr-FR\",\"url\":\"https:\/\/secure.gravatar.com\/avatar\/26a8a81f09f0dd7624c9d5c36c9ba3a2?s=96&d=mm&r=g\",\"contentUrl\":\"https:\/\/secure.gravatar.com\/avatar\/26a8a81f09f0dd7624c9d5c36c9ba3a2?s=96&d=mm&r=g\",\"caption\":\"Ibrahima\"},\"sameAs\":[\"https:\/\/www.nettali.com\"]}]}<\/script>\n<!-- \/ Yoast SEO Premium plugin. -->","yoast_head_json":{"title":"AFRIQUE DU SUD - Plus de 70 morts dans l\u2019incendie d\u2019un immeuble \u00e0 Johannesburg | Nettali.com","robots":{"index":"index","follow":"follow","max-snippet":"max-snippet:-1","max-image-preview":"max-image-preview:large","max-video-preview":"max-video-preview:-1"},"canonical":"https:\/\/www.nettali.com\/2023\/08\/31\/afrique-du-sud-plus-de-70-morts-dans-lincendie-dun-immeuble-a-johannesburg\/","og_locale":"fr_FR","og_type":"article","og_title":"AFRIQUE DU SUD - Plus de 70 morts dans l\u2019incendie d\u2019un immeuble \u00e0 Johannesburg","og_description":"NETTALI.COM - Au moins 73 personnes sont mortes, jeudi 31 ao\u00fbt, dans un incendie qui a d\u00e9vast\u00e9 un immeuble de quatre \u00e9tages dans le centre de et Johannesburg, en Afrique du Sud, ont annonc\u00e9 les services de secours de la ville. De plus, 52 personnes ont souffert de blessures l\u00e9g\u00e8res, selon les d\u00e9clarations \u00e0 une [&hellip;]","og_url":"https:\/\/www.nettali.com\/2023\/08\/31\/afrique-du-sud-plus-de-70-morts-dans-lincendie-dun-immeuble-a-johannesburg\/","og_site_name":"Nettali.com","article_publisher":"https:\/\/www.facebook.com\/nettalicom","article_published_time":"2023-08-31T17:14:57+00:00","og_image":[{"width":980,"height":551,"url":"https:\/\/www.nettali.com\/wp-content\/uploads\/2023\/08\/AP23243306210965.jpg","type":"image\/jpeg"}],"twitter_card":"summary_large_image","twitter_misc":{"\u00c9crit par":"Ibrahima","Dur\u00e9e de lecture estim\u00e9e":"1 minute"},"schema":{"@context":"https:\/\/schema.org","@graph":[{"@type":"WebSite","@id":"https:\/\/www.nettali.com\/#website","url":"https:\/\/www.nettali.com\/","name":"Nettali.com","description":"Le rendez-vous critique du Net","potentialAction":[{"@type":"SearchAction","target":{"@type":"EntryPoint","urlTemplate":"https:\/\/www.nettali.com\/?s={search_term_string}"},"query-input":"required name=search_term_string"}],"inLanguage":"fr-FR"},{"@type":"ImageObject","@id":"https:\/\/www.nettali.com\/2023\/08\/31\/afrique-du-sud-plus-de-70-morts-dans-lincendie-dun-immeuble-a-johannesburg\/#primaryimage","inLanguage":"fr-FR","url":"https:\/\/www.nettali.com\/wp-content\/uploads\/2023\/08\/AP23243306210965.jpg","contentUrl":"https:\/\/www.nettali.com\/wp-content\/uploads\/2023\/08\/AP23243306210965.jpg","width":980,"height":551},{"@type":"WebPage","@id":"https:\/\/www.nettali.com\/2023\/08\/31\/afrique-du-sud-plus-de-70-morts-dans-lincendie-dun-immeuble-a-johannesburg\/#webpage","url":"https:\/\/www.nettali.com\/2023\/08\/31\/afrique-du-sud-plus-de-70-morts-dans-lincendie-dun-immeuble-a-johannesburg\/","name":"AFRIQUE DU SUD - Plus de 70 morts dans l\u2019incendie d\u2019un immeuble \u00e0 Johannesburg | Nettali.com","isPartOf":{"@id":"https:\/\/www.nettali.com\/#website"},"primaryImageOfPage":{"@id":"https:\/\/www.nettali.com\/2023\/08\/31\/afrique-du-sud-plus-de-70-morts-dans-lincendie-dun-immeuble-a-johannesburg\/#primaryimage"},"datePublished":"2023-08-31T17:14:57+00:00","dateModified":"2023-08-31T17:14:57+00:00","author":{"@id":"https:\/\/www.nettali.com\/#\/schema\/person\/bb147657c2986240405a608162b9bb23"},"breadcrumb":{"@id":"https:\/\/www.nettali.com\/2023\/08\/31\/afrique-du-sud-plus-de-70-morts-dans-lincendie-dun-immeuble-a-johannesburg\/#breadcrumb"},"inLanguage":"fr-FR","potentialAction":[{"@type":"ReadAction","target":["https:\/\/www.nettali.com\/2023\/08\/31\/afrique-du-sud-plus-de-70-morts-dans-lincendie-dun-immeuble-a-johannesburg\/"]}]},{"@type":"BreadcrumbList","@id":"https:\/\/www.nettali.com\/2023\/08\/31\/afrique-du-sud-plus-de-70-morts-dans-lincendie-dun-immeuble-a-johannesburg\/#breadcrumb","itemListElement":[{"@type":"ListItem","position":1,"name":"Accueil","item":"https:\/\/www.nettali.com\/"},{"@type":"ListItem","position":2,"name":"AFRIQUE DU SUD - Plus de 70 morts dans l\u2019incendie d\u2019un immeuble \u00e0 Johannesburg"}]},{"@type":"Person","@id":"https:\/\/www.nettali.com\/#\/schema\/person\/bb147657c2986240405a608162b9bb23","name":"Ibrahima","image":{"@type":"ImageObject","@id":"https:\/\/www.nettali.com\/#personlogo","inLanguage":"fr-FR","url":"https:\/\/secure.gravatar.com\/avatar\/26a8a81f09f0dd7624c9d5c36c9ba3a2?s=96&d=mm&r=g","contentUrl":"https:\/\/secure.gravatar.com\/avatar\/26a8a81f09f0dd7624c9d5c36c9ba3a2?s=96&d=mm&r=g","caption":"Ibrahima"},"sameAs":["https:\/\/www.nettali.com"]}]}},"_links":{"self":[{"href":"https:\/\/www.nettali.com\/rest\/wp\/v2\/posts\/117226"}],"collection":[{"href":"https:\/\/www.nettali.com\/rest\/wp\/v2\/posts"}],"about":[{"href":"https:\/\/www.nettali.com\/rest\/wp\/v2\/types\/post"}],"author":[{"embeddable":true,"href":"https:\/\/www.nettali.com\/rest\/wp\/v2\/users\/5"}],"replies":[{"embeddable":true,"href":"https:\/\/www.nettali.com\/rest\/wp\/v2\/comments?post=117226"}],"version-history":[{"count":1,"href":"https:\/\/www.nettali.com\/rest\/wp\/v2\/posts\/117226\/revisions"}],"predecessor-version":[{"id":117228,"href":"https:\/\/www.nettali.com\/rest\/wp\/v2\/posts\/117226\/revisions\/117228"}],"wp:featuredmedia":[{"embeddable":true,"href":"https:\/\/www.nettali.com\/rest\/wp\/v2\/media\/117227"}],"wp:attachment":[{"href":"https:\/\/www.nettali.com\/rest\/wp\/v2\/media?parent=117226"}],"wp:term":[{"taxonomy":"category","embeddable":true,"href":"https:\/\/www.nettali.com\/rest\/wp\/v2\/categories?post=117226"},{"taxonomy":"post_tag","embeddable":true,"href":"https:\/\/www.nettali.com\/rest\/wp\/v2\/tags?post=117226"}],"curies":[{"name":"wp","href":"https:\/\/api.w.org\/{rel}","templated":true}]}}