{"id":117132,"date":"2023-08-30T14:14:45","date_gmt":"2023-08-30T14:14:45","guid":{"rendered":"https:\/\/www.nettali.com\/?p=117132"},"modified":"2023-08-30T15:09:34","modified_gmt":"2023-08-30T15:09:34","slug":"en-coulisses-le-nouvel-homme-fort-du-gabon-a-passe-9-ans-au-senegal","status":"publish","type":"post","link":"https:\/\/www.nettali.com\/2023\/08\/30\/en-coulisses-le-nouvel-homme-fort-du-gabon-a-passe-9-ans-au-senegal\/","title":{"rendered":"EN COULISSES - Le nouvel homme fort du Gabon a pass\u00e9 9 ans au S\u00e9n\u00e9gal"},"content":{"rendered":"<p><strong>NETTALI.COM - Parler Wolof ne devrait pas lui poser probl\u00e8me. Lui, c'est le g\u00e9n\u00e9ral Brice Clotaire Oligui Nguema, le nouvel homme fort du Gabon, qui a pass\u00e9 9 ans \u00e0 l'ambassade de son pays \u00e0 Dakar.\u00a0<\/strong><\/p>\n<p>Il ne s'est pas encore officiellement d\u00e9clar\u00e9 chef de la junte au Gabon. Mais le g\u00e9n\u00e9ral Brice Clotaire Oligui Nguema est port\u00e9 en triomphe par des militaires qui n'ont pas cach\u00e9 leur joie apr\u00e8s la chute d'Ali Bongo Odimba. Ce g\u00e9n\u00e9ral que l'ont pr\u00e9sente comme le cousin du pr\u00e9sident d\u00e9chu est, depuis 2020, le chef de la tr\u00e8s puissante garde r\u00e9publicaine. Mais il est aux affaires depuis le r\u00e8gne de Bongo p\u00e8re. Apr\u00e8s la mort de ce dernier, il connait quelques bisbilles avec le pr\u00e9sident Ali Bongo. Il est ainsi envoy\u00e9 \u00e0 l'\u00e9tranger pour servir dans certaines ambassades, notamment au Maroc. C'est ainsi qu'il passe 9 ans \u00e0 Dakar comme attach\u00e9 militaire \u00e0 l'ambassade du Gabon.<\/p>\n<p>Militaire de carri\u00e8re form\u00e9 \u00e0 l'Acad\u00e9mie royale de Mekn\u00e8s au Maroc, Brice Clotaire Iligui Nguema revient aux affaires en 2018 comme chef de la Direction g\u00e9n\u00e9rale des services sp\u00e9ciaux avant de devenir patron de la garde r\u00e9publicaine en 2019. Quelques heures apr\u00e8s le coup d'Etat de ce mardi, une r\u00e9union des g\u00e9n\u00e9raux est pr\u00e9vue \u00e0 Libreville. Et tout porte \u00e0 croire que Brice Clotaire Oligui Nguema pourrait devenir l'homme fort de la transition au Gabon.<\/p>\n<div class='share-to-whatsapp-wrapper'><div class='share-on-whsp'>PARTAGER SUR : <\/div><a data-text='EN COULISSES - Le nouvel homme fort du Gabon a pass\u00e9 9 ans au S\u00e9n\u00e9gal' data-link='https:\/\/www.nettali.com\/2023\/08\/30\/en-coulisses-le-nouvel-homme-fort-du-gabon-a-passe-9-ans-au-senegal\/' class='whatsapp-button whatsapp-share'>WhatsApp<\/a><div class='clear '><\/div><\/div>","protected":false},"excerpt":{"rendered":"<p>NETTALI.COM - Parler Wolof ne devrait pas lui poser probl\u00e8me. Lui, c'est le g\u00e9n\u00e9ral Brice Clotaire Oligui Nguema, le nouvel homme fort du Gabon, qui a pass\u00e9 9 ans \u00e0 l'ambassade de son pays \u00e0 Dakar.\u00a0 Il ne s'est pas encore officiellement d\u00e9clar\u00e9 chef de la junte au Gabon. Mais le g\u00e9n\u00e9ral Brice Clotaire Oligui [&hellip;]<\/p>\n","protected":false},"author":3,"featured_media":117133,"comment_status":"open","ping_status":"open","sticky":false,"template":"","format":"standard","meta":{"_et_pb_use_builder":"","_et_pb_old_content":""},"categories":[34945],"tags":[],"yoast_head":"<!-- This site is optimized with the Yoast SEO Premium plugin v17.8 (Yoast SEO v17.8) - https:\/\/yoast.com\/wordpress\/plugins\/seo\/ -->\n<title>EN COULISSES - Le nouvel homme fort du Gabon a pass\u00e9 9 ans au S\u00e9n\u00e9gal | Nettali.com<\/title>\n<meta name=\"robots\" content=\"index, follow, max-snippet:-1, max-image-preview:large, max-video-preview:-1\" \/>\n<link rel=\"canonical\" href=\"https:\/\/www.nettali.com\/2023\/08\/30\/en-coulisses-le-nouvel-homme-fort-du-gabon-a-passe-9-ans-au-senegal\/\" \/>\n<meta property=\"og:locale\" content=\"fr_FR\" \/>\n<meta property=\"og:type\" content=\"article\" \/>\n<meta property=\"og:title\" content=\"EN COULISSES - Le nouvel homme fort du Gabon a pass\u00e9 9 ans au S\u00e9n\u00e9gal\" \/>\n<meta property=\"og:description\" content=\"NETTALI.COM - Parler Wolof ne devrait pas lui poser probl\u00e8me. Lui, c&#039;est le g\u00e9n\u00e9ral Brice Clotaire Oligui Nguema, le nouvel homme fort du Gabon, qui a pass\u00e9 9 ans \u00e0 l&#039;ambassade de son pays \u00e0 Dakar.\u00a0 Il ne s&#039;est pas encore officiellement d\u00e9clar\u00e9 chef de la junte au Gabon. Mais le g\u00e9n\u00e9ral Brice Clotaire Oligui [&hellip;]\" \/>\n<meta property=\"og:url\" content=\"https:\/\/www.nettali.com\/2023\/08\/30\/en-coulisses-le-nouvel-homme-fort-du-gabon-a-passe-9-ans-au-senegal\/\" \/>\n<meta property=\"og:site_name\" content=\"Nettali.com\" \/>\n<meta property=\"article:publisher\" content=\"https:\/\/www.facebook.com\/nettalicom\" \/>\n<meta property=\"article:published_time\" content=\"2023-08-30T14:14:45+00:00\" \/>\n<meta property=\"article:modified_time\" content=\"2023-08-30T15:09:34+00:00\" \/>\n<meta property=\"og:image\" content=\"https:\/\/www.nettali.com\/wp-content\/uploads\/2023\/08\/brice.jpg\" \/>\n\t<meta property=\"og:image:width\" content=\"1256\" \/>\n\t<meta property=\"og:image:height\" content=\"628\" \/>\n<meta name=\"twitter:card\" content=\"summary_large_image\" \/>\n<meta name=\"twitter:label1\" content=\"\u00c9crit par\" \/>\n\t<meta name=\"twitter:data1\" content=\"Moustapha\" \/>\n\t<meta name=\"twitter:label2\" content=\"Dur\u00e9e de lecture estim\u00e9e\" \/>\n\t<meta name=\"twitter:data2\" content=\"2 minutes\" \/>\n<script type=\"application\/ld+json\" class=\"yoast-schema-graph\">{\"@context\":\"https:\/\/schema.org\",\"@graph\":[{\"@type\":\"WebSite\",\"@id\":\"https:\/\/www.nettali.com\/#website\",\"url\":\"https:\/\/www.nettali.com\/\",\"name\":\"Nettali.com\",\"description\":\"Le rendez-vous critique du Net\",\"potentialAction\":[{\"@type\":\"SearchAction\",\"target\":{\"@type\":\"EntryPoint\",\"urlTemplate\":\"https:\/\/www.nettali.com\/?s={search_term_string}\"},\"query-input\":\"required name=search_term_string\"}],\"inLanguage\":\"fr-FR\"},{\"@type\":\"ImageObject\",\"@id\":\"https:\/\/www.nettali.com\/2023\/08\/30\/en-coulisses-le-nouvel-homme-fort-du-gabon-a-passe-9-ans-au-senegal\/#primaryimage\",\"inLanguage\":\"fr-FR\",\"url\":\"https:\/\/www.nettali.com\/wp-content\/uploads\/2023\/08\/brice.jpg\",\"contentUrl\":\"https:\/\/www.nettali.com\/wp-content\/uploads\/2023\/08\/brice.jpg\",\"width\":1256,\"height\":628},{\"@type\":\"WebPage\",\"@id\":\"https:\/\/www.nettali.com\/2023\/08\/30\/en-coulisses-le-nouvel-homme-fort-du-gabon-a-passe-9-ans-au-senegal\/#webpage\",\"url\":\"https:\/\/www.nettali.com\/2023\/08\/30\/en-coulisses-le-nouvel-homme-fort-du-gabon-a-passe-9-ans-au-senegal\/\",\"name\":\"EN COULISSES - Le nouvel homme fort du Gabon a pass\\u00e9 9 ans au S\\u00e9n\\u00e9gal | Nettali.com\",\"isPartOf\":{\"@id\":\"https:\/\/www.nettali.com\/#website\"},\"primaryImageOfPage\":{\"@id\":\"https:\/\/www.nettali.com\/2023\/08\/30\/en-coulisses-le-nouvel-homme-fort-du-gabon-a-passe-9-ans-au-senegal\/#primaryimage\"},\"datePublished\":\"2023-08-30T14:14:45+00:00\",\"dateModified\":\"2023-08-30T15:09:34+00:00\",\"author\":{\"@id\":\"https:\/\/www.nettali.com\/#\/schema\/person\/7962a12a6e0267f88f0ffa544c36469a\"},\"breadcrumb\":{\"@id\":\"https:\/\/www.nettali.com\/2023\/08\/30\/en-coulisses-le-nouvel-homme-fort-du-gabon-a-passe-9-ans-au-senegal\/#breadcrumb\"},\"inLanguage\":\"fr-FR\",\"potentialAction\":[{\"@type\":\"ReadAction\",\"target\":[\"https:\/\/www.nettali.com\/2023\/08\/30\/en-coulisses-le-nouvel-homme-fort-du-gabon-a-passe-9-ans-au-senegal\/\"]}]},{\"@type\":\"BreadcrumbList\",\"@id\":\"https:\/\/www.nettali.com\/2023\/08\/30\/en-coulisses-le-nouvel-homme-fort-du-gabon-a-passe-9-ans-au-senegal\/#breadcrumb\",\"itemListElement\":[{\"@type\":\"ListItem\",\"position\":1,\"name\":\"Accueil\",\"item\":\"https:\/\/www.nettali.com\/\"},{\"@type\":\"ListItem\",\"position\":2,\"name\":\"EN COULISSES - Le nouvel homme fort du Gabon a pass\\u00e9 9 ans au S\\u00e9n\\u00e9gal\"}]},{\"@type\":\"Person\",\"@id\":\"https:\/\/www.nettali.com\/#\/schema\/person\/7962a12a6e0267f88f0ffa544c36469a\",\"name\":\"Moustapha\",\"image\":{\"@type\":\"ImageObject\",\"@id\":\"https:\/\/www.nettali.com\/#personlogo\",\"inLanguage\":\"fr-FR\",\"url\":\"https:\/\/secure.gravatar.com\/avatar\/10fdf6a071cccdcf374e3dbe45159590?s=96&d=mm&r=g\",\"contentUrl\":\"https:\/\/secure.gravatar.com\/avatar\/10fdf6a071cccdcf374e3dbe45159590?s=96&d=mm&r=g\",\"caption\":\"Moustapha\"},\"sameAs\":[\"https:\/\/www.nettali.com\"]}]}<\/script>\n<!-- \/ Yoast SEO Premium plugin. -->","yoast_head_json":{"title":"EN COULISSES - Le nouvel homme fort du Gabon a pass\u00e9 9 ans au S\u00e9n\u00e9gal | Nettali.com","robots":{"index":"index","follow":"follow","max-snippet":"max-snippet:-1","max-image-preview":"max-image-preview:large","max-video-preview":"max-video-preview:-1"},"canonical":"https:\/\/www.nettali.com\/2023\/08\/30\/en-coulisses-le-nouvel-homme-fort-du-gabon-a-passe-9-ans-au-senegal\/","og_locale":"fr_FR","og_type":"article","og_title":"EN COULISSES - Le nouvel homme fort du Gabon a pass\u00e9 9 ans au S\u00e9n\u00e9gal","og_description":"NETTALI.COM - Parler Wolof ne devrait pas lui poser probl\u00e8me. Lui, c'est le g\u00e9n\u00e9ral Brice Clotaire Oligui Nguema, le nouvel homme fort du Gabon, qui a pass\u00e9 9 ans \u00e0 l'ambassade de son pays \u00e0 Dakar.\u00a0 Il ne s'est pas encore officiellement d\u00e9clar\u00e9 chef de la junte au Gabon. Mais le g\u00e9n\u00e9ral Brice Clotaire Oligui [&hellip;]","og_url":"https:\/\/www.nettali.com\/2023\/08\/30\/en-coulisses-le-nouvel-homme-fort-du-gabon-a-passe-9-ans-au-senegal\/","og_site_name":"Nettali.com","article_publisher":"https:\/\/www.facebook.com\/nettalicom","article_published_time":"2023-08-30T14:14:45+00:00","article_modified_time":"2023-08-30T15:09:34+00:00","og_image":[{"width":1256,"height":628,"url":"https:\/\/www.nettali.com\/wp-content\/uploads\/2023\/08\/brice.jpg","type":"image\/jpeg"}],"twitter_card":"summary_large_image","twitter_misc":{"\u00c9crit par":"Moustapha","Dur\u00e9e de lecture estim\u00e9e":"2 minutes"},"schema":{"@context":"https:\/\/schema.org","@graph":[{"@type":"WebSite","@id":"https:\/\/www.nettali.com\/#website","url":"https:\/\/www.nettali.com\/","name":"Nettali.com","description":"Le rendez-vous critique du Net","potentialAction":[{"@type":"SearchAction","target":{"@type":"EntryPoint","urlTemplate":"https:\/\/www.nettali.com\/?s={search_term_string}"},"query-input":"required name=search_term_string"}],"inLanguage":"fr-FR"},{"@type":"ImageObject","@id":"https:\/\/www.nettali.com\/2023\/08\/30\/en-coulisses-le-nouvel-homme-fort-du-gabon-a-passe-9-ans-au-senegal\/#primaryimage","inLanguage":"fr-FR","url":"https:\/\/www.nettali.com\/wp-content\/uploads\/2023\/08\/brice.jpg","contentUrl":"https:\/\/www.nettali.com\/wp-content\/uploads\/2023\/08\/brice.jpg","width":1256,"height":628},{"@type":"WebPage","@id":"https:\/\/www.nettali.com\/2023\/08\/30\/en-coulisses-le-nouvel-homme-fort-du-gabon-a-passe-9-ans-au-senegal\/#webpage","url":"https:\/\/www.nettali.com\/2023\/08\/30\/en-coulisses-le-nouvel-homme-fort-du-gabon-a-passe-9-ans-au-senegal\/","name":"EN COULISSES - Le nouvel homme fort du Gabon a pass\u00e9 9 ans au S\u00e9n\u00e9gal | Nettali.com","isPartOf":{"@id":"https:\/\/www.nettali.com\/#website"},"primaryImageOfPage":{"@id":"https:\/\/www.nettali.com\/2023\/08\/30\/en-coulisses-le-nouvel-homme-fort-du-gabon-a-passe-9-ans-au-senegal\/#primaryimage"},"datePublished":"2023-08-30T14:14:45+00:00","dateModified":"2023-08-30T15:09:34+00:00","author":{"@id":"https:\/\/www.nettali.com\/#\/schema\/person\/7962a12a6e0267f88f0ffa544c36469a"},"breadcrumb":{"@id":"https:\/\/www.nettali.com\/2023\/08\/30\/en-coulisses-le-nouvel-homme-fort-du-gabon-a-passe-9-ans-au-senegal\/#breadcrumb"},"inLanguage":"fr-FR","potentialAction":[{"@type":"ReadAction","target":["https:\/\/www.nettali.com\/2023\/08\/30\/en-coulisses-le-nouvel-homme-fort-du-gabon-a-passe-9-ans-au-senegal\/"]}]},{"@type":"BreadcrumbList","@id":"https:\/\/www.nettali.com\/2023\/08\/30\/en-coulisses-le-nouvel-homme-fort-du-gabon-a-passe-9-ans-au-senegal\/#breadcrumb","itemListElement":[{"@type":"ListItem","position":1,"name":"Accueil","item":"https:\/\/www.nettali.com\/"},{"@type":"ListItem","position":2,"name":"EN COULISSES - Le nouvel homme fort du Gabon a pass\u00e9 9 ans au S\u00e9n\u00e9gal"}]},{"@type":"Person","@id":"https:\/\/www.nettali.com\/#\/schema\/person\/7962a12a6e0267f88f0ffa544c36469a","name":"Moustapha","image":{"@type":"ImageObject","@id":"https:\/\/www.nettali.com\/#personlogo","inLanguage":"fr-FR","url":"https:\/\/secure.gravatar.com\/avatar\/10fdf6a071cccdcf374e3dbe45159590?s=96&d=mm&r=g","contentUrl":"https:\/\/secure.gravatar.com\/avatar\/10fdf6a071cccdcf374e3dbe45159590?s=96&d=mm&r=g","caption":"Moustapha"},"sameAs":["https:\/\/www.nettali.com"]}]}},"_links":{"self":[{"href":"https:\/\/www.nettali.com\/rest\/wp\/v2\/posts\/117132"}],"collection":[{"href":"https:\/\/www.nettali.com\/rest\/wp\/v2\/posts"}],"about":[{"href":"https:\/\/www.nettali.com\/rest\/wp\/v2\/types\/post"}],"author":[{"embeddable":true,"href":"https:\/\/www.nettali.com\/rest\/wp\/v2\/users\/3"}],"replies":[{"embeddable":true,"href":"https:\/\/www.nettali.com\/rest\/wp\/v2\/comments?post=117132"}],"version-history":[{"count":4,"href":"https:\/\/www.nettali.com\/rest\/wp\/v2\/posts\/117132\/revisions"}],"predecessor-version":[{"id":117146,"href":"https:\/\/www.nettali.com\/rest\/wp\/v2\/posts\/117132\/revisions\/117146"}],"wp:featuredmedia":[{"embeddable":true,"href":"https:\/\/www.nettali.com\/rest\/wp\/v2\/media\/117133"}],"wp:attachment":[{"href":"https:\/\/www.nettali.com\/rest\/wp\/v2\/media?parent=117132"}],"wp:term":[{"taxonomy":"category","embeddable":true,"href":"https:\/\/www.nettali.com\/rest\/wp\/v2\/categories?post=117132"},{"taxonomy":"post_tag","embeddable":true,"href":"https:\/\/www.nettali.com\/rest\/wp\/v2\/tags?post=117132"}],"curies":[{"name":"wp","href":"https:\/\/api.w.org\/{rel}","templated":true}]}}