{"id":117065,"date":"2023-08-29T18:47:35","date_gmt":"2023-08-29T18:47:35","guid":{"rendered":"https:\/\/www.nettali.com\/?p=117065"},"modified":"2023-08-29T18:51:03","modified_gmt":"2023-08-29T18:51:03","slug":"haut-commissariat-des-nations-unies-le-f24-vilipende-macky-sall","status":"publish","type":"post","link":"https:\/\/www.nettali.com\/2023\/08\/29\/haut-commissariat-des-nations-unies-le-f24-vilipende-macky-sall\/","title":{"rendered":"HAUT COMMISSARIAT DES NATIONS UNIES - Le F24 vilipende Macky Sall"},"content":{"rendered":"<p><strong>NETTAMO.COM - Un m\u00e9morandum sur l'\u00e9tat de la d\u00e9mocratie au S\u00e9n\u00e9gal. C'est ce qu'une d\u00e9l\u00e9gation du F24 a remis, ce mardi, au bureau r\u00e9gional du Haut commissariat des Nations unies aux droits de l'homme. Aminata Tour\u00e9, Aliou San\u00e9 et compagnie ont aussi attir\u00e9 l'attention de l'institution onusienne sur le cas Ousmane Sonko.\u00a0<\/strong><\/p>\n<p>C'est Mamadou Mbodj, coordonnateur du Front des forces vives de la nation (F24), qui a conduit, ce mardi, une d\u00e9l\u00e9gation de ladite structure, au bureau r\u00e9gional du Haut commissariat des Nations unies aux droits de l'homme. Aliou San\u00e9, vice-coordonnateur du F24, Yolande Camara, Me Abdoulaye Tine, Aminata Tour\u00e9 et Fatou Blondin Diop \u00e9taient aussi dans la d\u00e9l\u00e9gation re\u00e7ue par le repr\u00e9sentant r\u00e9gional du Haut commissaire, Ay\u00e9da Robert Kotchani, accompagn\u00e9 de plusieurs membres de l'institution. Dans un communiqu\u00e9, le F24 explique qu'\"<em>au terme d'\u00e9changes tr\u00e8s fructueux<\/em>\", un \u00a0m\u00e9morandum \u00e0 l'institution onusienne sur <em>\"l'\u00e9tat de la d\u00e9mocratie et des droits de l\u2019homme au S\u00e9n\u00e9gal<\/em>\". Et le F24 de citer \"l<em>a restriction des libert\u00e9s, les emprisonnements, les tortures...<\/em>\" A ce m\u00e9morandum est jointe, selon la m\u00eame source, \"<em>une lettre qui attire l'attention du secr\u00e9taire g\u00e9n\u00e9ral des Nations unies sur le cas du S\u00e9n\u00e9gal o\u00f9 l'opposant Ousmane Sonko est emprisonn\u00e9, ainsi que 1062 (mille soixante deux) autres citoyens, pour la plupart des d\u00e9tenus politiques et des d\u00e9tenus d'opinion<\/em>\".<\/p>\n<p>Selon le F24, cette rencontre marque le d\u00e9marrage d'une s\u00e9rie d'autres qu'il fera avec des institutions internationales et repr\u00e9sentations diplomatiques, mais aussi des guides religieux.<\/p>\n<div class='share-to-whatsapp-wrapper'><div class='share-on-whsp'>PARTAGER SUR : <\/div><a data-text='HAUT COMMISSARIAT DES NATIONS UNIES - Le F24 vilipende Macky Sall' data-link='https:\/\/www.nettali.com\/2023\/08\/29\/haut-commissariat-des-nations-unies-le-f24-vilipende-macky-sall\/' class='whatsapp-button whatsapp-share'>WhatsApp<\/a><div class='clear '><\/div><\/div>","protected":false},"excerpt":{"rendered":"<p>NETTAMO.COM - Un m\u00e9morandum sur l'\u00e9tat de la d\u00e9mocratie au S\u00e9n\u00e9gal. C'est ce qu'une d\u00e9l\u00e9gation du F24 a remis, ce mardi, au bureau r\u00e9gional du Haut commissariat des Nations unies aux droits de l'homme. Aminata Tour\u00e9, Aliou San\u00e9 et compagnie ont aussi attir\u00e9 l'attention de l'institution onusienne sur le cas Ousmane Sonko.\u00a0 C'est Mamadou Mbodj, [&hellip;]<\/p>\n","protected":false},"author":3,"featured_media":117068,"comment_status":"open","ping_status":"open","sticky":false,"template":"","format":"standard","meta":{"_et_pb_use_builder":"","_et_pb_old_content":""},"categories":[2],"tags":[],"yoast_head":"<!-- This site is optimized with the Yoast SEO Premium plugin v17.8 (Yoast SEO v17.8) - https:\/\/yoast.com\/wordpress\/plugins\/seo\/ -->\n<title>HAUT COMMISSARIAT DES NATIONS UNIES - Le F24 vilipende Macky Sall | Nettali.com<\/title>\n<meta name=\"robots\" content=\"index, follow, max-snippet:-1, max-image-preview:large, max-video-preview:-1\" \/>\n<link rel=\"canonical\" href=\"https:\/\/www.nettali.com\/2023\/08\/29\/haut-commissariat-des-nations-unies-le-f24-vilipende-macky-sall\/\" \/>\n<meta property=\"og:locale\" content=\"fr_FR\" \/>\n<meta property=\"og:type\" content=\"article\" \/>\n<meta property=\"og:title\" content=\"HAUT COMMISSARIAT DES NATIONS UNIES - Le F24 vilipende Macky Sall\" \/>\n<meta property=\"og:description\" content=\"NETTAMO.COM - Un m\u00e9morandum sur l&#039;\u00e9tat de la d\u00e9mocratie au S\u00e9n\u00e9gal. C&#039;est ce qu&#039;une d\u00e9l\u00e9gation du F24 a remis, ce mardi, au bureau r\u00e9gional du Haut commissariat des Nations unies aux droits de l&#039;homme. Aminata Tour\u00e9, Aliou San\u00e9 et compagnie ont aussi attir\u00e9 l&#039;attention de l&#039;institution onusienne sur le cas Ousmane Sonko.\u00a0 C&#039;est Mamadou Mbodj, [&hellip;]\" \/>\n<meta property=\"og:url\" content=\"https:\/\/www.nettali.com\/2023\/08\/29\/haut-commissariat-des-nations-unies-le-f24-vilipende-macky-sall\/\" \/>\n<meta property=\"og:site_name\" content=\"Nettali.com\" \/>\n<meta property=\"article:publisher\" content=\"https:\/\/www.facebook.com\/nettalicom\" \/>\n<meta property=\"article:published_time\" content=\"2023-08-29T18:47:35+00:00\" \/>\n<meta property=\"article:modified_time\" content=\"2023-08-29T18:51:03+00:00\" \/>\n<meta property=\"og:image\" content=\"https:\/\/www.nettali.com\/wp-content\/uploads\/2023\/08\/1693333393870.jpg\" \/>\n\t<meta property=\"og:image:width\" content=\"1080\" \/>\n\t<meta property=\"og:image:height\" content=\"810\" \/>\n<meta name=\"twitter:card\" content=\"summary_large_image\" \/>\n<meta name=\"twitter:label1\" content=\"\u00c9crit par\" \/>\n\t<meta name=\"twitter:data1\" content=\"Moustapha\" \/>\n\t<meta name=\"twitter:label2\" content=\"Dur\u00e9e de lecture estim\u00e9e\" \/>\n\t<meta name=\"twitter:data2\" content=\"2 minutes\" \/>\n<script type=\"application\/ld+json\" class=\"yoast-schema-graph\">{\"@context\":\"https:\/\/schema.org\",\"@graph\":[{\"@type\":\"WebSite\",\"@id\":\"https:\/\/www.nettali.com\/#website\",\"url\":\"https:\/\/www.nettali.com\/\",\"name\":\"Nettali.com\",\"description\":\"Le rendez-vous critique du Net\",\"potentialAction\":[{\"@type\":\"SearchAction\",\"target\":{\"@type\":\"EntryPoint\",\"urlTemplate\":\"https:\/\/www.nettali.com\/?s={search_term_string}\"},\"query-input\":\"required name=search_term_string\"}],\"inLanguage\":\"fr-FR\"},{\"@type\":\"ImageObject\",\"@id\":\"https:\/\/www.nettali.com\/2023\/08\/29\/haut-commissariat-des-nations-unies-le-f24-vilipende-macky-sall\/#primaryimage\",\"inLanguage\":\"fr-FR\",\"url\":\"https:\/\/www.nettali.com\/wp-content\/uploads\/2023\/08\/1693333393870.jpg\",\"contentUrl\":\"https:\/\/www.nettali.com\/wp-content\/uploads\/2023\/08\/1693333393870.jpg\",\"width\":1080,\"height\":810},{\"@type\":\"WebPage\",\"@id\":\"https:\/\/www.nettali.com\/2023\/08\/29\/haut-commissariat-des-nations-unies-le-f24-vilipende-macky-sall\/#webpage\",\"url\":\"https:\/\/www.nettali.com\/2023\/08\/29\/haut-commissariat-des-nations-unies-le-f24-vilipende-macky-sall\/\",\"name\":\"HAUT COMMISSARIAT DES NATIONS UNIES - Le F24 vilipende Macky Sall | Nettali.com\",\"isPartOf\":{\"@id\":\"https:\/\/www.nettali.com\/#website\"},\"primaryImageOfPage\":{\"@id\":\"https:\/\/www.nettali.com\/2023\/08\/29\/haut-commissariat-des-nations-unies-le-f24-vilipende-macky-sall\/#primaryimage\"},\"datePublished\":\"2023-08-29T18:47:35+00:00\",\"dateModified\":\"2023-08-29T18:51:03+00:00\",\"author\":{\"@id\":\"https:\/\/www.nettali.com\/#\/schema\/person\/7962a12a6e0267f88f0ffa544c36469a\"},\"breadcrumb\":{\"@id\":\"https:\/\/www.nettali.com\/2023\/08\/29\/haut-commissariat-des-nations-unies-le-f24-vilipende-macky-sall\/#breadcrumb\"},\"inLanguage\":\"fr-FR\",\"potentialAction\":[{\"@type\":\"ReadAction\",\"target\":[\"https:\/\/www.nettali.com\/2023\/08\/29\/haut-commissariat-des-nations-unies-le-f24-vilipende-macky-sall\/\"]}]},{\"@type\":\"BreadcrumbList\",\"@id\":\"https:\/\/www.nettali.com\/2023\/08\/29\/haut-commissariat-des-nations-unies-le-f24-vilipende-macky-sall\/#breadcrumb\",\"itemListElement\":[{\"@type\":\"ListItem\",\"position\":1,\"name\":\"Accueil\",\"item\":\"https:\/\/www.nettali.com\/\"},{\"@type\":\"ListItem\",\"position\":2,\"name\":\"HAUT COMMISSARIAT DES NATIONS UNIES - Le F24 vilipende Macky Sall\"}]},{\"@type\":\"Person\",\"@id\":\"https:\/\/www.nettali.com\/#\/schema\/person\/7962a12a6e0267f88f0ffa544c36469a\",\"name\":\"Moustapha\",\"image\":{\"@type\":\"ImageObject\",\"@id\":\"https:\/\/www.nettali.com\/#personlogo\",\"inLanguage\":\"fr-FR\",\"url\":\"https:\/\/secure.gravatar.com\/avatar\/10fdf6a071cccdcf374e3dbe45159590?s=96&d=mm&r=g\",\"contentUrl\":\"https:\/\/secure.gravatar.com\/avatar\/10fdf6a071cccdcf374e3dbe45159590?s=96&d=mm&r=g\",\"caption\":\"Moustapha\"},\"sameAs\":[\"https:\/\/www.nettali.com\"]}]}<\/script>\n<!-- \/ Yoast SEO Premium plugin. -->","yoast_head_json":{"title":"HAUT COMMISSARIAT DES NATIONS UNIES - Le F24 vilipende Macky Sall | Nettali.com","robots":{"index":"index","follow":"follow","max-snippet":"max-snippet:-1","max-image-preview":"max-image-preview:large","max-video-preview":"max-video-preview:-1"},"canonical":"https:\/\/www.nettali.com\/2023\/08\/29\/haut-commissariat-des-nations-unies-le-f24-vilipende-macky-sall\/","og_locale":"fr_FR","og_type":"article","og_title":"HAUT COMMISSARIAT DES NATIONS UNIES - Le F24 vilipende Macky Sall","og_description":"NETTAMO.COM - Un m\u00e9morandum sur l'\u00e9tat de la d\u00e9mocratie au S\u00e9n\u00e9gal. C'est ce qu'une d\u00e9l\u00e9gation du F24 a remis, ce mardi, au bureau r\u00e9gional du Haut commissariat des Nations unies aux droits de l'homme. Aminata Tour\u00e9, Aliou San\u00e9 et compagnie ont aussi attir\u00e9 l'attention de l'institution onusienne sur le cas Ousmane Sonko.\u00a0 C'est Mamadou Mbodj, [&hellip;]","og_url":"https:\/\/www.nettali.com\/2023\/08\/29\/haut-commissariat-des-nations-unies-le-f24-vilipende-macky-sall\/","og_site_name":"Nettali.com","article_publisher":"https:\/\/www.facebook.com\/nettalicom","article_published_time":"2023-08-29T18:47:35+00:00","article_modified_time":"2023-08-29T18:51:03+00:00","og_image":[{"width":1080,"height":810,"url":"https:\/\/www.nettali.com\/wp-content\/uploads\/2023\/08\/1693333393870.jpg","type":"image\/jpeg"}],"twitter_card":"summary_large_image","twitter_misc":{"\u00c9crit par":"Moustapha","Dur\u00e9e de lecture estim\u00e9e":"2 minutes"},"schema":{"@context":"https:\/\/schema.org","@graph":[{"@type":"WebSite","@id":"https:\/\/www.nettali.com\/#website","url":"https:\/\/www.nettali.com\/","name":"Nettali.com","description":"Le rendez-vous critique du Net","potentialAction":[{"@type":"SearchAction","target":{"@type":"EntryPoint","urlTemplate":"https:\/\/www.nettali.com\/?s={search_term_string}"},"query-input":"required name=search_term_string"}],"inLanguage":"fr-FR"},{"@type":"ImageObject","@id":"https:\/\/www.nettali.com\/2023\/08\/29\/haut-commissariat-des-nations-unies-le-f24-vilipende-macky-sall\/#primaryimage","inLanguage":"fr-FR","url":"https:\/\/www.nettali.com\/wp-content\/uploads\/2023\/08\/1693333393870.jpg","contentUrl":"https:\/\/www.nettali.com\/wp-content\/uploads\/2023\/08\/1693333393870.jpg","width":1080,"height":810},{"@type":"WebPage","@id":"https:\/\/www.nettali.com\/2023\/08\/29\/haut-commissariat-des-nations-unies-le-f24-vilipende-macky-sall\/#webpage","url":"https:\/\/www.nettali.com\/2023\/08\/29\/haut-commissariat-des-nations-unies-le-f24-vilipende-macky-sall\/","name":"HAUT COMMISSARIAT DES NATIONS UNIES - Le F24 vilipende Macky Sall | Nettali.com","isPartOf":{"@id":"https:\/\/www.nettali.com\/#website"},"primaryImageOfPage":{"@id":"https:\/\/www.nettali.com\/2023\/08\/29\/haut-commissariat-des-nations-unies-le-f24-vilipende-macky-sall\/#primaryimage"},"datePublished":"2023-08-29T18:47:35+00:00","dateModified":"2023-08-29T18:51:03+00:00","author":{"@id":"https:\/\/www.nettali.com\/#\/schema\/person\/7962a12a6e0267f88f0ffa544c36469a"},"breadcrumb":{"@id":"https:\/\/www.nettali.com\/2023\/08\/29\/haut-commissariat-des-nations-unies-le-f24-vilipende-macky-sall\/#breadcrumb"},"inLanguage":"fr-FR","potentialAction":[{"@type":"ReadAction","target":["https:\/\/www.nettali.com\/2023\/08\/29\/haut-commissariat-des-nations-unies-le-f24-vilipende-macky-sall\/"]}]},{"@type":"BreadcrumbList","@id":"https:\/\/www.nettali.com\/2023\/08\/29\/haut-commissariat-des-nations-unies-le-f24-vilipende-macky-sall\/#breadcrumb","itemListElement":[{"@type":"ListItem","position":1,"name":"Accueil","item":"https:\/\/www.nettali.com\/"},{"@type":"ListItem","position":2,"name":"HAUT COMMISSARIAT DES NATIONS UNIES - Le F24 vilipende Macky Sall"}]},{"@type":"Person","@id":"https:\/\/www.nettali.com\/#\/schema\/person\/7962a12a6e0267f88f0ffa544c36469a","name":"Moustapha","image":{"@type":"ImageObject","@id":"https:\/\/www.nettali.com\/#personlogo","inLanguage":"fr-FR","url":"https:\/\/secure.gravatar.com\/avatar\/10fdf6a071cccdcf374e3dbe45159590?s=96&d=mm&r=g","contentUrl":"https:\/\/secure.gravatar.com\/avatar\/10fdf6a071cccdcf374e3dbe45159590?s=96&d=mm&r=g","caption":"Moustapha"},"sameAs":["https:\/\/www.nettali.com"]}]}},"_links":{"self":[{"href":"https:\/\/www.nettali.com\/rest\/wp\/v2\/posts\/117065"}],"collection":[{"href":"https:\/\/www.nettali.com\/rest\/wp\/v2\/posts"}],"about":[{"href":"https:\/\/www.nettali.com\/rest\/wp\/v2\/types\/post"}],"author":[{"embeddable":true,"href":"https:\/\/www.nettali.com\/rest\/wp\/v2\/users\/3"}],"replies":[{"embeddable":true,"href":"https:\/\/www.nettali.com\/rest\/wp\/v2\/comments?post=117065"}],"version-history":[{"count":2,"href":"https:\/\/www.nettali.com\/rest\/wp\/v2\/posts\/117065\/revisions"}],"predecessor-version":[{"id":117067,"href":"https:\/\/www.nettali.com\/rest\/wp\/v2\/posts\/117065\/revisions\/117067"}],"wp:featuredmedia":[{"embeddable":true,"href":"https:\/\/www.nettali.com\/rest\/wp\/v2\/media\/117068"}],"wp:attachment":[{"href":"https:\/\/www.nettali.com\/rest\/wp\/v2\/media?parent=117065"}],"wp:term":[{"taxonomy":"category","embeddable":true,"href":"https:\/\/www.nettali.com\/rest\/wp\/v2\/categories?post=117065"},{"taxonomy":"post_tag","embeddable":true,"href":"https:\/\/www.nettali.com\/rest\/wp\/v2\/tags?post=117065"}],"curies":[{"name":"wp","href":"https:\/\/api.w.org\/{rel}","templated":true}]}}