{"id":117060,"date":"2023-08-29T17:33:59","date_gmt":"2023-08-29T17:33:59","guid":{"rendered":"https:\/\/www.nettali.com\/?p=117060"},"modified":"2023-08-29T17:33:59","modified_gmt":"2023-08-29T17:33:59","slug":"grand-magal-de-touba-92-des-engagements-respectes-selon-le-ministre-de-linterieur","status":"publish","type":"post","link":"https:\/\/www.nettali.com\/2023\/08\/29\/grand-magal-de-touba-92-des-engagements-respectes-selon-le-ministre-de-linterieur\/","title":{"rendered":"GRAND MAGAL DE TOUBA \u2013 92% des engagements respect\u00e9s selon le ministre de l\u2019Int\u00e9rieur"},"content":{"rendered":"<p><b>NETTALI.COM-\u00a0<\/b><strong>Le ministre de l\u2019Int\u00e9rieur, Antoine F\u00e9lix Diom, a pr\u00e9sid\u00e9 la r\u00e9union nationale d\u2019\u00e9valuation des engagements pris par ses services pour le grand Magal de Touba pr\u00e9vu le 4 septembre prochain. Selon le premier policier de l\u2019\u00c9tat, 92 % des engagements ont \u00e9t\u00e9 respect\u00e9s.<\/strong><\/p>\n<p>La ville de Touba va accueillir le lundi 4 septembre 2023 la 129e \u00e9dition du Grand Magal co\u00efncidant au 18e jour du mois lunaire Safar 1445 h. A cet effet, une r\u00e9union nationale d\u2019\u00e9valuation pour un bon d\u00e9roulement du Magal s\u2019est tenue ce mardi 29 ao\u00fbt 2023. Le ministre de l\u2019Int\u00e9rieur qui a pr\u00e9sid\u00e9 la r\u00e9union a indiqu\u00e9 que 92 % des engagements ont \u00e9t\u00e9 respect\u00e9s.<\/p>\n<p>Par ailleurs, Antoine F\u00e9lix Diom informe que le pr\u00e9sident de la R\u00e9publique a mis \u00e0 la disposition du comit\u00e9 d\u2019organisation 20 camions citernes dont la capacit\u00e9 totale va faire 600 000 litres d\u2019eau qui vont venir s\u2019ajouter aux 37 forages de la cit\u00e9 religieuse.<\/p>\n<p>Toujours dans le cadre des pr\u00e9paratifs de ce grand \u00e9v\u00e8nement religieux comm\u00e9morant le d\u00e9part en exil au Gabon du fondateur de la confr\u00e9rie mouride, Cheikh Ahmadou Bamba (1853-1927), Le Pr\u00e9sident de la R\u00e9publique Macky Sall va effectuer une visite de courtoisie chez le Khalife g\u00e9n\u00e9ral, Serigne Mountakha Mback\u00e9, jeudi prochain.<\/p>\n<div class='share-to-whatsapp-wrapper'><div class='share-on-whsp'>PARTAGER SUR : <\/div><a data-text='GRAND MAGAL DE TOUBA \u2013 92% des engagements respect\u00e9s selon le ministre de l\u2019Int\u00e9rieur' data-link='https:\/\/www.nettali.com\/2023\/08\/29\/grand-magal-de-touba-92-des-engagements-respectes-selon-le-ministre-de-linterieur\/' class='whatsapp-button whatsapp-share'>WhatsApp<\/a><div class='clear '><\/div><\/div>","protected":false},"excerpt":{"rendered":"<p>NETTALI.COM-\u00a0Le ministre de l\u2019Int\u00e9rieur, Antoine F\u00e9lix Diom, a pr\u00e9sid\u00e9 la r\u00e9union nationale d\u2019\u00e9valuation des engagements pris par ses services pour le grand Magal de Touba pr\u00e9vu le 4 septembre prochain. Selon le premier policier de l\u2019\u00c9tat, 92 % des engagements ont \u00e9t\u00e9 respect\u00e9s. La ville de Touba va accueillir le lundi 4 septembre 2023 la [&hellip;]<\/p>\n","protected":false},"author":6,"featured_media":116279,"comment_status":"open","ping_status":"open","sticky":false,"template":"","format":"standard","meta":{"_et_pb_use_builder":"","_et_pb_old_content":""},"categories":[3],"tags":[],"yoast_head":"<!-- This site is optimized with the Yoast SEO Premium plugin v17.8 (Yoast SEO v17.8) - https:\/\/yoast.com\/wordpress\/plugins\/seo\/ -->\n<title>GRAND MAGAL DE TOUBA \u2013 92% des engagements respect\u00e9s selon le ministre de l\u2019Int\u00e9rieur | Nettali.com<\/title>\n<meta name=\"robots\" content=\"index, follow, max-snippet:-1, max-image-preview:large, max-video-preview:-1\" \/>\n<link rel=\"canonical\" href=\"https:\/\/www.nettali.com\/2023\/08\/29\/grand-magal-de-touba-92-des-engagements-respectes-selon-le-ministre-de-linterieur\/\" \/>\n<meta property=\"og:locale\" content=\"fr_FR\" \/>\n<meta property=\"og:type\" content=\"article\" \/>\n<meta property=\"og:title\" content=\"GRAND MAGAL DE TOUBA \u2013 92% des engagements respect\u00e9s selon le ministre de l\u2019Int\u00e9rieur\" \/>\n<meta property=\"og:description\" content=\"NETTALI.COM-\u00a0Le ministre de l\u2019Int\u00e9rieur, Antoine F\u00e9lix Diom, a pr\u00e9sid\u00e9 la r\u00e9union nationale d\u2019\u00e9valuation des engagements pris par ses services pour le grand Magal de Touba pr\u00e9vu le 4 septembre prochain. Selon le premier policier de l\u2019\u00c9tat, 92 % des engagements ont \u00e9t\u00e9 respect\u00e9s. La ville de Touba va accueillir le lundi 4 septembre 2023 la [&hellip;]\" \/>\n<meta property=\"og:url\" content=\"https:\/\/www.nettali.com\/2023\/08\/29\/grand-magal-de-touba-92-des-engagements-respectes-selon-le-ministre-de-linterieur\/\" \/>\n<meta property=\"og:site_name\" content=\"Nettali.com\" \/>\n<meta property=\"article:publisher\" content=\"https:\/\/www.facebook.com\/nettalicom\" \/>\n<meta property=\"article:published_time\" content=\"2023-08-29T17:33:59+00:00\" \/>\n<meta property=\"og:image\" content=\"https:\/\/www.nettali.com\/wp-content\/uploads\/2023\/08\/11c6366_679694346-000-1ad91w.jpg\" \/>\n\t<meta property=\"og:image:width\" content=\"1440\" \/>\n\t<meta property=\"og:image:height\" content=\"960\" \/>\n<meta name=\"twitter:card\" content=\"summary_large_image\" \/>\n<meta name=\"twitter:label1\" content=\"\u00c9crit par\" \/>\n\t<meta name=\"twitter:data1\" content=\"Fatou\" \/>\n\t<meta name=\"twitter:label2\" content=\"Dur\u00e9e de lecture estim\u00e9e\" \/>\n\t<meta name=\"twitter:data2\" content=\"2 minutes\" \/>\n<script type=\"application\/ld+json\" class=\"yoast-schema-graph\">{\"@context\":\"https:\/\/schema.org\",\"@graph\":[{\"@type\":\"WebSite\",\"@id\":\"https:\/\/www.nettali.com\/#website\",\"url\":\"https:\/\/www.nettali.com\/\",\"name\":\"Nettali.com\",\"description\":\"Le rendez-vous critique du Net\",\"potentialAction\":[{\"@type\":\"SearchAction\",\"target\":{\"@type\":\"EntryPoint\",\"urlTemplate\":\"https:\/\/www.nettali.com\/?s={search_term_string}\"},\"query-input\":\"required name=search_term_string\"}],\"inLanguage\":\"fr-FR\"},{\"@type\":\"ImageObject\",\"@id\":\"https:\/\/www.nettali.com\/2023\/08\/29\/grand-magal-de-touba-92-des-engagements-respectes-selon-le-ministre-de-linterieur\/#primaryimage\",\"inLanguage\":\"fr-FR\",\"url\":\"https:\/\/www.nettali.com\/wp-content\/uploads\/2023\/08\/11c6366_679694346-000-1ad91w.jpg\",\"contentUrl\":\"https:\/\/www.nettali.com\/wp-content\/uploads\/2023\/08\/11c6366_679694346-000-1ad91w.jpg\",\"width\":1440,\"height\":960,\"caption\":\"Pilgrims gather at The Grand Mosque in Touba on October 28, 2018, the day of the Grand Magal des Mourites, the largest annual pilgrimage in Senegal. (Photo by SEYLLOU \/ AFP)\"},{\"@type\":\"WebPage\",\"@id\":\"https:\/\/www.nettali.com\/2023\/08\/29\/grand-magal-de-touba-92-des-engagements-respectes-selon-le-ministre-de-linterieur\/#webpage\",\"url\":\"https:\/\/www.nettali.com\/2023\/08\/29\/grand-magal-de-touba-92-des-engagements-respectes-selon-le-ministre-de-linterieur\/\",\"name\":\"GRAND MAGAL DE TOUBA \\u2013 92% des engagements respect\\u00e9s selon le ministre de l\\u2019Int\\u00e9rieur | Nettali.com\",\"isPartOf\":{\"@id\":\"https:\/\/www.nettali.com\/#website\"},\"primaryImageOfPage\":{\"@id\":\"https:\/\/www.nettali.com\/2023\/08\/29\/grand-magal-de-touba-92-des-engagements-respectes-selon-le-ministre-de-linterieur\/#primaryimage\"},\"datePublished\":\"2023-08-29T17:33:59+00:00\",\"dateModified\":\"2023-08-29T17:33:59+00:00\",\"author\":{\"@id\":\"https:\/\/www.nettali.com\/#\/schema\/person\/418274a86bdf87caff7a3ef476bd0bbf\"},\"breadcrumb\":{\"@id\":\"https:\/\/www.nettali.com\/2023\/08\/29\/grand-magal-de-touba-92-des-engagements-respectes-selon-le-ministre-de-linterieur\/#breadcrumb\"},\"inLanguage\":\"fr-FR\",\"potentialAction\":[{\"@type\":\"ReadAction\",\"target\":[\"https:\/\/www.nettali.com\/2023\/08\/29\/grand-magal-de-touba-92-des-engagements-respectes-selon-le-ministre-de-linterieur\/\"]}]},{\"@type\":\"BreadcrumbList\",\"@id\":\"https:\/\/www.nettali.com\/2023\/08\/29\/grand-magal-de-touba-92-des-engagements-respectes-selon-le-ministre-de-linterieur\/#breadcrumb\",\"itemListElement\":[{\"@type\":\"ListItem\",\"position\":1,\"name\":\"Accueil\",\"item\":\"https:\/\/www.nettali.com\/\"},{\"@type\":\"ListItem\",\"position\":2,\"name\":\"GRAND MAGAL DE TOUBA \\u2013 92% des engagements respect\\u00e9s selon le ministre de l\\u2019Int\\u00e9rieur\"}]},{\"@type\":\"Person\",\"@id\":\"https:\/\/www.nettali.com\/#\/schema\/person\/418274a86bdf87caff7a3ef476bd0bbf\",\"name\":\"Fatou\",\"image\":{\"@type\":\"ImageObject\",\"@id\":\"https:\/\/www.nettali.com\/#personlogo\",\"inLanguage\":\"fr-FR\",\"url\":\"https:\/\/secure.gravatar.com\/avatar\/5a9442a2bee7b4dcf167cab035858e9a?s=96&d=mm&r=g\",\"contentUrl\":\"https:\/\/secure.gravatar.com\/avatar\/5a9442a2bee7b4dcf167cab035858e9a?s=96&d=mm&r=g\",\"caption\":\"Fatou\"},\"sameAs\":[\"https:\/\/www.nettali.com\"]}]}<\/script>\n<!-- \/ Yoast SEO Premium plugin. -->","yoast_head_json":{"title":"GRAND MAGAL DE TOUBA \u2013 92% des engagements respect\u00e9s selon le ministre de l\u2019Int\u00e9rieur | Nettali.com","robots":{"index":"index","follow":"follow","max-snippet":"max-snippet:-1","max-image-preview":"max-image-preview:large","max-video-preview":"max-video-preview:-1"},"canonical":"https:\/\/www.nettali.com\/2023\/08\/29\/grand-magal-de-touba-92-des-engagements-respectes-selon-le-ministre-de-linterieur\/","og_locale":"fr_FR","og_type":"article","og_title":"GRAND MAGAL DE TOUBA \u2013 92% des engagements respect\u00e9s selon le ministre de l\u2019Int\u00e9rieur","og_description":"NETTALI.COM-\u00a0Le ministre de l\u2019Int\u00e9rieur, Antoine F\u00e9lix Diom, a pr\u00e9sid\u00e9 la r\u00e9union nationale d\u2019\u00e9valuation des engagements pris par ses services pour le grand Magal de Touba pr\u00e9vu le 4 septembre prochain. Selon le premier policier de l\u2019\u00c9tat, 92 % des engagements ont \u00e9t\u00e9 respect\u00e9s. La ville de Touba va accueillir le lundi 4 septembre 2023 la [&hellip;]","og_url":"https:\/\/www.nettali.com\/2023\/08\/29\/grand-magal-de-touba-92-des-engagements-respectes-selon-le-ministre-de-linterieur\/","og_site_name":"Nettali.com","article_publisher":"https:\/\/www.facebook.com\/nettalicom","article_published_time":"2023-08-29T17:33:59+00:00","og_image":[{"width":1440,"height":960,"url":"https:\/\/www.nettali.com\/wp-content\/uploads\/2023\/08\/11c6366_679694346-000-1ad91w.jpg","type":"image\/jpeg"}],"twitter_card":"summary_large_image","twitter_misc":{"\u00c9crit par":"Fatou","Dur\u00e9e de lecture estim\u00e9e":"2 minutes"},"schema":{"@context":"https:\/\/schema.org","@graph":[{"@type":"WebSite","@id":"https:\/\/www.nettali.com\/#website","url":"https:\/\/www.nettali.com\/","name":"Nettali.com","description":"Le rendez-vous critique du Net","potentialAction":[{"@type":"SearchAction","target":{"@type":"EntryPoint","urlTemplate":"https:\/\/www.nettali.com\/?s={search_term_string}"},"query-input":"required name=search_term_string"}],"inLanguage":"fr-FR"},{"@type":"ImageObject","@id":"https:\/\/www.nettali.com\/2023\/08\/29\/grand-magal-de-touba-92-des-engagements-respectes-selon-le-ministre-de-linterieur\/#primaryimage","inLanguage":"fr-FR","url":"https:\/\/www.nettali.com\/wp-content\/uploads\/2023\/08\/11c6366_679694346-000-1ad91w.jpg","contentUrl":"https:\/\/www.nettali.com\/wp-content\/uploads\/2023\/08\/11c6366_679694346-000-1ad91w.jpg","width":1440,"height":960,"caption":"Pilgrims gather at The Grand Mosque in Touba on October 28, 2018, the day of the Grand Magal des Mourites, the largest annual pilgrimage in Senegal. (Photo by SEYLLOU \/ AFP)"},{"@type":"WebPage","@id":"https:\/\/www.nettali.com\/2023\/08\/29\/grand-magal-de-touba-92-des-engagements-respectes-selon-le-ministre-de-linterieur\/#webpage","url":"https:\/\/www.nettali.com\/2023\/08\/29\/grand-magal-de-touba-92-des-engagements-respectes-selon-le-ministre-de-linterieur\/","name":"GRAND MAGAL DE TOUBA \u2013 92% des engagements respect\u00e9s selon le ministre de l\u2019Int\u00e9rieur | Nettali.com","isPartOf":{"@id":"https:\/\/www.nettali.com\/#website"},"primaryImageOfPage":{"@id":"https:\/\/www.nettali.com\/2023\/08\/29\/grand-magal-de-touba-92-des-engagements-respectes-selon-le-ministre-de-linterieur\/#primaryimage"},"datePublished":"2023-08-29T17:33:59+00:00","dateModified":"2023-08-29T17:33:59+00:00","author":{"@id":"https:\/\/www.nettali.com\/#\/schema\/person\/418274a86bdf87caff7a3ef476bd0bbf"},"breadcrumb":{"@id":"https:\/\/www.nettali.com\/2023\/08\/29\/grand-magal-de-touba-92-des-engagements-respectes-selon-le-ministre-de-linterieur\/#breadcrumb"},"inLanguage":"fr-FR","potentialAction":[{"@type":"ReadAction","target":["https:\/\/www.nettali.com\/2023\/08\/29\/grand-magal-de-touba-92-des-engagements-respectes-selon-le-ministre-de-linterieur\/"]}]},{"@type":"BreadcrumbList","@id":"https:\/\/www.nettali.com\/2023\/08\/29\/grand-magal-de-touba-92-des-engagements-respectes-selon-le-ministre-de-linterieur\/#breadcrumb","itemListElement":[{"@type":"ListItem","position":1,"name":"Accueil","item":"https:\/\/www.nettali.com\/"},{"@type":"ListItem","position":2,"name":"GRAND MAGAL DE TOUBA \u2013 92% des engagements respect\u00e9s selon le ministre de l\u2019Int\u00e9rieur"}]},{"@type":"Person","@id":"https:\/\/www.nettali.com\/#\/schema\/person\/418274a86bdf87caff7a3ef476bd0bbf","name":"Fatou","image":{"@type":"ImageObject","@id":"https:\/\/www.nettali.com\/#personlogo","inLanguage":"fr-FR","url":"https:\/\/secure.gravatar.com\/avatar\/5a9442a2bee7b4dcf167cab035858e9a?s=96&d=mm&r=g","contentUrl":"https:\/\/secure.gravatar.com\/avatar\/5a9442a2bee7b4dcf167cab035858e9a?s=96&d=mm&r=g","caption":"Fatou"},"sameAs":["https:\/\/www.nettali.com"]}]}},"_links":{"self":[{"href":"https:\/\/www.nettali.com\/rest\/wp\/v2\/posts\/117060"}],"collection":[{"href":"https:\/\/www.nettali.com\/rest\/wp\/v2\/posts"}],"about":[{"href":"https:\/\/www.nettali.com\/rest\/wp\/v2\/types\/post"}],"author":[{"embeddable":true,"href":"https:\/\/www.nettali.com\/rest\/wp\/v2\/users\/6"}],"replies":[{"embeddable":true,"href":"https:\/\/www.nettali.com\/rest\/wp\/v2\/comments?post=117060"}],"version-history":[{"count":2,"href":"https:\/\/www.nettali.com\/rest\/wp\/v2\/posts\/117060\/revisions"}],"predecessor-version":[{"id":117063,"href":"https:\/\/www.nettali.com\/rest\/wp\/v2\/posts\/117060\/revisions\/117063"}],"wp:featuredmedia":[{"embeddable":true,"href":"https:\/\/www.nettali.com\/rest\/wp\/v2\/media\/116279"}],"wp:attachment":[{"href":"https:\/\/www.nettali.com\/rest\/wp\/v2\/media?parent=117060"}],"wp:term":[{"taxonomy":"category","embeddable":true,"href":"https:\/\/www.nettali.com\/rest\/wp\/v2\/categories?post=117060"},{"taxonomy":"post_tag","embeddable":true,"href":"https:\/\/www.nettali.com\/rest\/wp\/v2\/tags?post=117060"}],"curies":[{"name":"wp","href":"https:\/\/api.w.org\/{rel}","templated":true}]}}