{"id":117046,"date":"2023-08-29T12:36:55","date_gmt":"2023-08-29T12:36:55","guid":{"rendered":"https:\/\/www.nettali.com\/?p=117046"},"modified":"2023-08-30T12:40:53","modified_gmt":"2023-08-30T12:40:53","slug":"el-malick-ndiaye-sur-rfi-le-pastef-na-pas-de-plan-b","status":"publish","type":"post","link":"https:\/\/www.nettali.com\/2023\/08\/29\/el-malick-ndiaye-sur-rfi-le-pastef-na-pas-de-plan-b\/","title":{"rendered":"EL MALICK NDIAYE SUR RFI : \"Le Pastef n'a pas de plan B\""},"content":{"rendered":"<p><strong>NETTALI.COM - <\/strong><strong>Le Pastef n\u2019a pas de\u00a0 plan B. C\u2019est du moins ce qu\u2019a d\u00e9clar\u00e9 le secr\u00e9taire \u00e0 la communication dudit parti sur la RfI.\u00a0 El Malick Ndiaye de pr\u00e9ciser que le vice-pr\u00e9sident du Pastef Dialo Diop a juste parl\u00e9 de la candidature de Pastef mais il n\u2019a nullement \u00e9t\u00e9 question d\u2019un plan B.<\/strong><\/p>\n<p>La question d\u2019un plan B n\u2019a jamais fait l\u2019objet d\u2019une discussion au sein du parti Pastef, dissoute. Cette pr\u00e9cision est du secr\u00e9taire \u00e0 la communication de l\u2019ex parti. Revenant sur les propos du vice-pr\u00e9sident dudit partit Dialo Diop, d\u00e9clarant que m\u00eame sans Ousmane Sonko, Pastef aura un candidat en 2024, El Malick Ndiaye pr\u00e9cise que ce dernier a juste parl\u00e9 de la candidature de Pastef mails il n\u2019a nullement \u00e9t\u00e9 question d\u2019un plan B. \u00ab <em>Jusqu\u2019au moment o\u00f9 je vous parle, le pr\u00e9sident Ousmane Sonko est sur les listes \u00e9lectorales. Et il n\u2019y a aucune raison d\u2019enlever son nom. Le seul argument qu\u2019il avait pour le radier des listes, c\u2019est l\u2019argument de la contumace qui a \u00e9t\u00e9 compl\u00e8tement cass\u00e9 parce qu\u2019il s\u2019est constitu\u00e9 prisonnier. M\u00eame si on parle de radiation, il n\u2019y a jamais eu de notification. Laquelle sera attaqu\u00e9e si jamais elle est disponible<\/em>\u00bb, dit-il.<\/p>\n<p>Et d\u2019ajouter qu\u2019en attendant, Ousmane Sonko reste le candidat de l\u2019ex Pastef, un parti qui ne pourra pas cependant participer aux \u00e9lections car \u00e9tant dissout.<\/p>\n<p>Par ailleurs, El Malick Ndiaye a soulign\u00e9 que Pastef n\u2019est jamais parti seul \u00e0 une \u00e9lection. \u00ab <em>Depuis 2017, nous avons toujours particip\u00e9 aux \u00e9lections, en coalition. Donc le fait que Pastef soit dissous ne nous emp\u00eachera pas d\u2019aller \u00e0 la pr\u00e9sidentielle. Nous y travaillons d\u2019arrache-pied et d\u2019ici quelque temps vous en saurez quelque chose<\/em>\u00a0\u00bb a-t-il argu\u00e9.<\/p>\n<p>Dans cette lanc\u00e9e, il mart\u00e8le \u00ab <em>nous \u00e9puiserons toutes les voies de recours \u00e0 notre port\u00e9e pour faire de Ousmane Sonko notre candidat. Si nous n\u2019obtenons pas gain de cause, on avisera<\/em> \u00bb.<\/p>\n<div class='share-to-whatsapp-wrapper'><div class='share-on-whsp'>PARTAGER SUR : <\/div><a data-text='EL MALICK NDIAYE SUR RFI : \"Le Pastef n'a pas de plan B\"' data-link='https:\/\/www.nettali.com\/2023\/08\/29\/el-malick-ndiaye-sur-rfi-le-pastef-na-pas-de-plan-b\/' class='whatsapp-button whatsapp-share'>WhatsApp<\/a><div class='clear '><\/div><\/div>","protected":false},"excerpt":{"rendered":"<p>NETTALI.COM - Le Pastef n\u2019a pas de\u00a0 plan B. C\u2019est du moins ce qu\u2019a d\u00e9clar\u00e9 le secr\u00e9taire \u00e0 la communication dudit parti sur la RfI.\u00a0 El Malick Ndiaye de pr\u00e9ciser que le vice-pr\u00e9sident du Pastef Dialo Diop a juste parl\u00e9 de la candidature de Pastef mais il n\u2019a nullement \u00e9t\u00e9 question d\u2019un plan B. La [&hellip;]<\/p>\n","protected":false},"author":6,"featured_media":109011,"comment_status":"open","ping_status":"open","sticky":false,"template":"","format":"standard","meta":{"_et_pb_use_builder":"","_et_pb_old_content":""},"categories":[2],"tags":[],"yoast_head":"<!-- This site is optimized with the Yoast SEO Premium plugin v17.8 (Yoast SEO v17.8) - https:\/\/yoast.com\/wordpress\/plugins\/seo\/ -->\n<title>EL MALICK NDIAYE SUR RFI : &quot;Le Pastef n&#039;a pas de plan B&quot; | Nettali.com<\/title>\n<meta name=\"robots\" content=\"index, follow, max-snippet:-1, max-image-preview:large, max-video-preview:-1\" \/>\n<link rel=\"canonical\" href=\"https:\/\/www.nettali.com\/2023\/08\/29\/el-malick-ndiaye-sur-rfi-le-pastef-na-pas-de-plan-b\/\" \/>\n<meta property=\"og:locale\" content=\"fr_FR\" \/>\n<meta property=\"og:type\" content=\"article\" \/>\n<meta property=\"og:title\" content=\"EL MALICK NDIAYE SUR RFI : &quot;Le Pastef n&#039;a pas de plan B&quot;\" \/>\n<meta property=\"og:description\" content=\"NETTALI.COM - Le Pastef n\u2019a pas de\u00a0 plan B. C\u2019est du moins ce qu\u2019a d\u00e9clar\u00e9 le secr\u00e9taire \u00e0 la communication dudit parti sur la RfI.\u00a0 El Malick Ndiaye de pr\u00e9ciser que le vice-pr\u00e9sident du Pastef Dialo Diop a juste parl\u00e9 de la candidature de Pastef mais il n\u2019a nullement \u00e9t\u00e9 question d\u2019un plan B. La [&hellip;]\" \/>\n<meta property=\"og:url\" content=\"https:\/\/www.nettali.com\/2023\/08\/29\/el-malick-ndiaye-sur-rfi-le-pastef-na-pas-de-plan-b\/\" \/>\n<meta property=\"og:site_name\" content=\"Nettali.com\" \/>\n<meta property=\"article:publisher\" content=\"https:\/\/www.facebook.com\/nettalicom\" \/>\n<meta property=\"article:published_time\" content=\"2023-08-29T12:36:55+00:00\" \/>\n<meta property=\"article:modified_time\" content=\"2023-08-30T12:40:53+00:00\" \/>\n<meta property=\"og:image\" content=\"https:\/\/www.nettali.com\/wp-content\/uploads\/2023\/04\/El-Malick-Ndiaye-Pastef.jpg\" \/>\n\t<meta property=\"og:image:width\" content=\"1024\" \/>\n\t<meta property=\"og:image:height\" content=\"682\" \/>\n<meta name=\"twitter:card\" content=\"summary_large_image\" \/>\n<meta name=\"twitter:label1\" content=\"\u00c9crit par\" \/>\n\t<meta name=\"twitter:data1\" content=\"Fatou\" \/>\n\t<meta name=\"twitter:label2\" content=\"Dur\u00e9e de lecture estim\u00e9e\" \/>\n\t<meta name=\"twitter:data2\" content=\"2 minutes\" \/>\n<script type=\"application\/ld+json\" class=\"yoast-schema-graph\">{\"@context\":\"https:\/\/schema.org\",\"@graph\":[{\"@type\":\"WebSite\",\"@id\":\"https:\/\/www.nettali.com\/#website\",\"url\":\"https:\/\/www.nettali.com\/\",\"name\":\"Nettali.com\",\"description\":\"Le rendez-vous critique du Net\",\"potentialAction\":[{\"@type\":\"SearchAction\",\"target\":{\"@type\":\"EntryPoint\",\"urlTemplate\":\"https:\/\/www.nettali.com\/?s={search_term_string}\"},\"query-input\":\"required name=search_term_string\"}],\"inLanguage\":\"fr-FR\"},{\"@type\":\"ImageObject\",\"@id\":\"https:\/\/www.nettali.com\/2023\/08\/29\/el-malick-ndiaye-sur-rfi-le-pastef-na-pas-de-plan-b\/#primaryimage\",\"inLanguage\":\"fr-FR\",\"url\":\"https:\/\/www.nettali.com\/wp-content\/uploads\/2023\/04\/El-Malick-Ndiaye-Pastef.jpg\",\"contentUrl\":\"https:\/\/www.nettali.com\/wp-content\/uploads\/2023\/04\/El-Malick-Ndiaye-Pastef.jpg\",\"width\":1024,\"height\":682},{\"@type\":\"WebPage\",\"@id\":\"https:\/\/www.nettali.com\/2023\/08\/29\/el-malick-ndiaye-sur-rfi-le-pastef-na-pas-de-plan-b\/#webpage\",\"url\":\"https:\/\/www.nettali.com\/2023\/08\/29\/el-malick-ndiaye-sur-rfi-le-pastef-na-pas-de-plan-b\/\",\"name\":\"EL MALICK NDIAYE SUR RFI : \\\"Le Pastef n'a pas de plan B\\\" | Nettali.com\",\"isPartOf\":{\"@id\":\"https:\/\/www.nettali.com\/#website\"},\"primaryImageOfPage\":{\"@id\":\"https:\/\/www.nettali.com\/2023\/08\/29\/el-malick-ndiaye-sur-rfi-le-pastef-na-pas-de-plan-b\/#primaryimage\"},\"datePublished\":\"2023-08-29T12:36:55+00:00\",\"dateModified\":\"2023-08-30T12:40:53+00:00\",\"author\":{\"@id\":\"https:\/\/www.nettali.com\/#\/schema\/person\/418274a86bdf87caff7a3ef476bd0bbf\"},\"breadcrumb\":{\"@id\":\"https:\/\/www.nettali.com\/2023\/08\/29\/el-malick-ndiaye-sur-rfi-le-pastef-na-pas-de-plan-b\/#breadcrumb\"},\"inLanguage\":\"fr-FR\",\"potentialAction\":[{\"@type\":\"ReadAction\",\"target\":[\"https:\/\/www.nettali.com\/2023\/08\/29\/el-malick-ndiaye-sur-rfi-le-pastef-na-pas-de-plan-b\/\"]}]},{\"@type\":\"BreadcrumbList\",\"@id\":\"https:\/\/www.nettali.com\/2023\/08\/29\/el-malick-ndiaye-sur-rfi-le-pastef-na-pas-de-plan-b\/#breadcrumb\",\"itemListElement\":[{\"@type\":\"ListItem\",\"position\":1,\"name\":\"Accueil\",\"item\":\"https:\/\/www.nettali.com\/\"},{\"@type\":\"ListItem\",\"position\":2,\"name\":\"EL MALICK NDIAYE SUR RFI : \\\"Le Pastef n'a pas de plan B\\\"\"}]},{\"@type\":\"Person\",\"@id\":\"https:\/\/www.nettali.com\/#\/schema\/person\/418274a86bdf87caff7a3ef476bd0bbf\",\"name\":\"Fatou\",\"image\":{\"@type\":\"ImageObject\",\"@id\":\"https:\/\/www.nettali.com\/#personlogo\",\"inLanguage\":\"fr-FR\",\"url\":\"https:\/\/secure.gravatar.com\/avatar\/5a9442a2bee7b4dcf167cab035858e9a?s=96&d=mm&r=g\",\"contentUrl\":\"https:\/\/secure.gravatar.com\/avatar\/5a9442a2bee7b4dcf167cab035858e9a?s=96&d=mm&r=g\",\"caption\":\"Fatou\"},\"sameAs\":[\"https:\/\/www.nettali.com\"]}]}<\/script>\n<!-- \/ Yoast SEO Premium plugin. -->","yoast_head_json":{"title":"EL MALICK NDIAYE SUR RFI : \"Le Pastef n'a pas de plan B\" | Nettali.com","robots":{"index":"index","follow":"follow","max-snippet":"max-snippet:-1","max-image-preview":"max-image-preview:large","max-video-preview":"max-video-preview:-1"},"canonical":"https:\/\/www.nettali.com\/2023\/08\/29\/el-malick-ndiaye-sur-rfi-le-pastef-na-pas-de-plan-b\/","og_locale":"fr_FR","og_type":"article","og_title":"EL MALICK NDIAYE SUR RFI : \"Le Pastef n'a pas de plan B\"","og_description":"NETTALI.COM - Le Pastef n\u2019a pas de\u00a0 plan B. C\u2019est du moins ce qu\u2019a d\u00e9clar\u00e9 le secr\u00e9taire \u00e0 la communication dudit parti sur la RfI.\u00a0 El Malick Ndiaye de pr\u00e9ciser que le vice-pr\u00e9sident du Pastef Dialo Diop a juste parl\u00e9 de la candidature de Pastef mais il n\u2019a nullement \u00e9t\u00e9 question d\u2019un plan B. La [&hellip;]","og_url":"https:\/\/www.nettali.com\/2023\/08\/29\/el-malick-ndiaye-sur-rfi-le-pastef-na-pas-de-plan-b\/","og_site_name":"Nettali.com","article_publisher":"https:\/\/www.facebook.com\/nettalicom","article_published_time":"2023-08-29T12:36:55+00:00","article_modified_time":"2023-08-30T12:40:53+00:00","og_image":[{"width":1024,"height":682,"url":"https:\/\/www.nettali.com\/wp-content\/uploads\/2023\/04\/El-Malick-Ndiaye-Pastef.jpg","type":"image\/jpeg"}],"twitter_card":"summary_large_image","twitter_misc":{"\u00c9crit par":"Fatou","Dur\u00e9e de lecture estim\u00e9e":"2 minutes"},"schema":{"@context":"https:\/\/schema.org","@graph":[{"@type":"WebSite","@id":"https:\/\/www.nettali.com\/#website","url":"https:\/\/www.nettali.com\/","name":"Nettali.com","description":"Le rendez-vous critique du Net","potentialAction":[{"@type":"SearchAction","target":{"@type":"EntryPoint","urlTemplate":"https:\/\/www.nettali.com\/?s={search_term_string}"},"query-input":"required name=search_term_string"}],"inLanguage":"fr-FR"},{"@type":"ImageObject","@id":"https:\/\/www.nettali.com\/2023\/08\/29\/el-malick-ndiaye-sur-rfi-le-pastef-na-pas-de-plan-b\/#primaryimage","inLanguage":"fr-FR","url":"https:\/\/www.nettali.com\/wp-content\/uploads\/2023\/04\/El-Malick-Ndiaye-Pastef.jpg","contentUrl":"https:\/\/www.nettali.com\/wp-content\/uploads\/2023\/04\/El-Malick-Ndiaye-Pastef.jpg","width":1024,"height":682},{"@type":"WebPage","@id":"https:\/\/www.nettali.com\/2023\/08\/29\/el-malick-ndiaye-sur-rfi-le-pastef-na-pas-de-plan-b\/#webpage","url":"https:\/\/www.nettali.com\/2023\/08\/29\/el-malick-ndiaye-sur-rfi-le-pastef-na-pas-de-plan-b\/","name":"EL MALICK NDIAYE SUR RFI : \"Le Pastef n'a pas de plan B\" | Nettali.com","isPartOf":{"@id":"https:\/\/www.nettali.com\/#website"},"primaryImageOfPage":{"@id":"https:\/\/www.nettali.com\/2023\/08\/29\/el-malick-ndiaye-sur-rfi-le-pastef-na-pas-de-plan-b\/#primaryimage"},"datePublished":"2023-08-29T12:36:55+00:00","dateModified":"2023-08-30T12:40:53+00:00","author":{"@id":"https:\/\/www.nettali.com\/#\/schema\/person\/418274a86bdf87caff7a3ef476bd0bbf"},"breadcrumb":{"@id":"https:\/\/www.nettali.com\/2023\/08\/29\/el-malick-ndiaye-sur-rfi-le-pastef-na-pas-de-plan-b\/#breadcrumb"},"inLanguage":"fr-FR","potentialAction":[{"@type":"ReadAction","target":["https:\/\/www.nettali.com\/2023\/08\/29\/el-malick-ndiaye-sur-rfi-le-pastef-na-pas-de-plan-b\/"]}]},{"@type":"BreadcrumbList","@id":"https:\/\/www.nettali.com\/2023\/08\/29\/el-malick-ndiaye-sur-rfi-le-pastef-na-pas-de-plan-b\/#breadcrumb","itemListElement":[{"@type":"ListItem","position":1,"name":"Accueil","item":"https:\/\/www.nettali.com\/"},{"@type":"ListItem","position":2,"name":"EL MALICK NDIAYE SUR RFI : \"Le Pastef n'a pas de plan B\""}]},{"@type":"Person","@id":"https:\/\/www.nettali.com\/#\/schema\/person\/418274a86bdf87caff7a3ef476bd0bbf","name":"Fatou","image":{"@type":"ImageObject","@id":"https:\/\/www.nettali.com\/#personlogo","inLanguage":"fr-FR","url":"https:\/\/secure.gravatar.com\/avatar\/5a9442a2bee7b4dcf167cab035858e9a?s=96&d=mm&r=g","contentUrl":"https:\/\/secure.gravatar.com\/avatar\/5a9442a2bee7b4dcf167cab035858e9a?s=96&d=mm&r=g","caption":"Fatou"},"sameAs":["https:\/\/www.nettali.com"]}]}},"_links":{"self":[{"href":"https:\/\/www.nettali.com\/rest\/wp\/v2\/posts\/117046"}],"collection":[{"href":"https:\/\/www.nettali.com\/rest\/wp\/v2\/posts"}],"about":[{"href":"https:\/\/www.nettali.com\/rest\/wp\/v2\/types\/post"}],"author":[{"embeddable":true,"href":"https:\/\/www.nettali.com\/rest\/wp\/v2\/users\/6"}],"replies":[{"embeddable":true,"href":"https:\/\/www.nettali.com\/rest\/wp\/v2\/comments?post=117046"}],"version-history":[{"count":5,"href":"https:\/\/www.nettali.com\/rest\/wp\/v2\/posts\/117046\/revisions"}],"predecessor-version":[{"id":117127,"href":"https:\/\/www.nettali.com\/rest\/wp\/v2\/posts\/117046\/revisions\/117127"}],"wp:featuredmedia":[{"embeddable":true,"href":"https:\/\/www.nettali.com\/rest\/wp\/v2\/media\/109011"}],"wp:attachment":[{"href":"https:\/\/www.nettali.com\/rest\/wp\/v2\/media?parent=117046"}],"wp:term":[{"taxonomy":"category","embeddable":true,"href":"https:\/\/www.nettali.com\/rest\/wp\/v2\/categories?post=117046"},{"taxonomy":"post_tag","embeddable":true,"href":"https:\/\/www.nettali.com\/rest\/wp\/v2\/tags?post=117046"}],"curies":[{"name":"wp","href":"https:\/\/api.w.org\/{rel}","templated":true}]}}